{"id":138931,"date":"2026-09-03T10:00:44","date_gmt":"2026-09-03T14:00:44","guid":{"rendered":"https:\/\/lasprimeras.com.do\/?p=138931"},"modified":"2026-09-03T10:00:46","modified_gmt":"2026-09-03T14:00:46","slug":"el-programa-ame-informativo-celebra-por-todo-lo-alto-su-tercer-aniversario","status":"publish","type":"post","link":"https:\/\/lasprimeras.com.do\/index.php\/2026\/09\/03\/el-programa-ame-informativo-celebra-por-todo-lo-alto-su-tercer-aniversario\/","title":{"rendered":"El programa \u201cAm\u00e9 Informativo\u201d celebra por todo lo alto su tercer aniversario"},"content":{"rendered":"\n<p class=\"wp-block-paragraph\">Santo Domingo.\u2014 A ritmo de buena energ\u00eda y con un ambiente lleno de color, el programa matutino \u201cAm\u00e9 Informativo\u201d festej\u00f3 sus tres a\u00f1os al aire a trav\u00e9s de la se\u00f1al de Am\u00e9 Canal 18. Para la ocasi\u00f3n, el espacio transform\u00f3 su plat\u00f3 con una fresca tem\u00e1tica playera de verano, marcando un especial de aniversario \u00fanico y din\u00e1mico que consolid\u00f3 su lugar en la preferencia de la audiencia matutina.<\/p>\n\n\n\n<p class=\"wp-block-paragraph\">Bajo la visi\u00f3n estrat\u00e9gica de Juan L\u00f3pez, CEO del Grupo L\u00f3pez, la producci\u00f3n reafirm\u00f3 su compromiso de llevar a los hogares una propuesta plural e integral que abarca noticias de actualidad, entrevistas de fondo, cobertura deportiva, entretenimiento y opini\u00f3n.<\/p>\n\n\n\n<p class=\"wp-block-paragraph\">El aire festivo y veraniego fue conducido por su elenco titular integrado por Lidia L\u00f3pez, Iv\u00e1n Cuevas, Sheila Brito y Ronny de la Rosa, quienes junto al impecable trabajo de la productora Paola Michell Abreu y el director de medios Melvin Alexis, entregaron una transmisi\u00f3n especial de alto nivel.<\/p>\n","protected":false},"excerpt":{"rendered":"<p>Santo Domingo.\u2014 A ritmo de buena energ\u00eda y con un ambiente lleno de color, el programa matutino \u201cAm\u00e9 Informativo\u201d festej\u00f3 sus tres a\u00f1os al aire a trav\u00e9s de la se\u00f1al&hellip;<\/p>\n","protected":false},"author":3,"featured_media":138932,"comment_status":"open","ping_status":"open","sticky":false,"template":"","format":"standard","meta":{"content-type":"","_jetpack_newsletter_access":"","_jetpack_dont_email_post_to_subs":false,"_jetpack_newsletter_tier_id":0,"_jetpack_memberships_contains_paywalled_content":false,"_jetpack_feature_clip_id":0,"_jetpack_memberships_contains_paid_content":false,"footnotes":"","jetpack_post_was_ever_published":false},"categories":[84],"tags":[],"class_list":["post-138931","post","type-post","status-publish","format-standard","has-post-thumbnail","hentry","category-entretenimiento"],"jetpack-related-posts":[{"id":113663,"url":"https:\/\/lasprimeras.com.do\/index.php\/2025\/11\/05\/eeuu-propone-que-onu-autorice-una-fuerza-de-estabilizacion-en-gaza-por-2-anos\/","url_meta":{"origin":138931,"position":0},"title":"EEUU propone que ONU autorice una fuerza de estabilizaci\u00f3n en Gaza por 2 a\u00f1os","author":"Nelson Feliz","date":"5 de noviembre de 2025","format":false,"excerpt":"POR SAM MEDNICK, MATTHEW LEE and FARNOUSH AMIRI NACIONES UNIDAS (AP) \u2014 Estados Unidos ha distribuido un borrador para una resoluci\u00f3n del Consejo de Seguridad de la ONU que proporcionar\u00eda un mandato para una fuerza internacional de estabilizaci\u00f3n en Gaza durante al menos dos a\u00f1os, marcando el siguiente paso en\u2026","rel":"","context":"En \u00abINTERNACIONALES\u00bb","block_context":{"text":"INTERNACIONALES","link":"https:\/\/lasprimeras.com.do\/index.php\/category\/sin-categoria\/internacionales\/"},"img":{"alt_text":"","src":"https:\/\/i0.wp.com\/lasprimeras.com.do\/wp-content\/uploads\/2025\/11\/Palestinos-inspeccionan-los-escombros.jpg?resize=350%2C200&ssl=1","width":350,"height":200,"srcset":"https:\/\/i0.wp.com\/lasprimeras.com.do\/wp-content\/uploads\/2025\/11\/Palestinos-inspeccionan-los-escombros.jpg?resize=350%2C200&ssl=1 1x, https:\/\/i0.wp.com\/lasprimeras.com.do\/wp-content\/uploads\/2025\/11\/Palestinos-inspeccionan-los-escombros.jpg?resize=525%2C300&ssl=1 1.5x, https:\/\/i0.wp.com\/lasprimeras.com.do\/wp-content\/uploads\/2025\/11\/Palestinos-inspeccionan-los-escombros.jpg?resize=700%2C400&ssl=1 2x"},"classes":[]},{"id":49208,"url":"https:\/\/lasprimeras.com.do\/index.php\/2023\/05\/09\/prm-se-refiere-a-controversia-del-borrador-presentado-por-la-jce\/","url_meta":{"origin":138931,"position":1},"title":"PRM se refiere a controversia del borrador presentado por la JCE","author":"prenxa100","date":"9 de mayo de 2023","format":false,"excerpt":"SANTO DOMINGO.-.El presidente de la C\u00e1mara de Diputados, Alfredo Pacheco, y la alcaldesa del Distrito Nacional, Carolina Mej\u00eda, se refirieron a la controversia que han impulsado partidos de la oposici\u00f3n en torno al borrador de resoluci\u00f3n de la Junta Central Electoral (JCE) que establece la manera en que se podr\u00e1n\u2026","rel":"","context":"En \u00abSin categor\u00eda\u00bb","block_context":{"text":"Sin categor\u00eda","link":"https:\/\/lasprimeras.com.do\/index.php\/category\/sin-categoria\/"},"img":{"alt_text":"","src":"","width":0,"height":0},"classes":[]},{"id":49023,"url":"https:\/\/lasprimeras.com.do\/index.php\/2023\/05\/07\/dirigente-de-la-fp-cuestiona-borrador-de-la-resolucion-de-la-jce-dice-favorece-oficialismo\/","url_meta":{"origin":138931,"position":2},"title":"Dirigente de la FP cuestiona \u201cBorrador de la Resoluci\u00f3n de la JCE\u201d, dice favorece oficialismo","author":"prenxa100","date":"7 de mayo de 2023","format":false,"excerpt":"Santo Domingo .- El miembro de la Direcci\u00f3n Central de la Fuerza del Pueblo (FP), Pedro Jim\u00e9nez cuestion\u00f3 hoy al pleno de la Junta Central Electoral de favorecer al gobierno, con el borrador de la resoluci\u00f3n sobre el porcentaje de las reservas de las candidaturas dispuesto por la Ley 33-18,\u2026","rel":"","context":"En \u00abPORTADA\u00bb","block_context":{"text":"PORTADA","link":"https:\/\/lasprimeras.com.do\/index.php\/category\/portada\/"},"img":{"alt_text":"","src":"","width":0,"height":0},"classes":[]},{"id":49201,"url":"https:\/\/lasprimeras.com.do\/index.php\/2023\/05\/09\/pld-reitera-rechazo-al-borrador-de-resolucion-de-la-jce-sobre-reservas-de-candidatura\/","url_meta":{"origin":138931,"position":3},"title":"PLD reitera rechazo al borrador de resoluci\u00f3n de la JCE sobre reservas de candidatura","author":"prenxa100","date":"9 de mayo de 2023","format":false,"excerpt":"CP del PLD ratifica comisi\u00f3n para abordar el tema relativo a las reservas de candidaturas. Danilo Medina, Charles Mariotti, Abel Mart\u00ednez y Francisco Javier Garc\u00eda, la integran. SANTO DOMINGO.-.El Comit\u00e9 Pol\u00edtico del Partido de la Liberaci\u00f3n Dominicana (PLD) en la reuni\u00f3n ordinaria de este d\u00eda ratific\u00f3 la conformaci\u00f3n de una\u2026","rel":"","context":"En \u00abPORTADA\u00bb","block_context":{"text":"PORTADA","link":"https:\/\/lasprimeras.com.do\/index.php\/category\/portada\/"},"img":{"alt_text":"","src":"","width":0,"height":0},"classes":[]},{"id":48723,"url":"https:\/\/lasprimeras.com.do\/index.php\/2023\/05\/03\/pleno-socializa-borrador-de-resolucion-de-reservas-de-candidaturas\/","url_meta":{"origin":138931,"position":4},"title":"Pleno socializa borrador de resoluci\u00f3n de reservas de candidaturas","author":"prenxa100","date":"3 de mayo de 2023","format":false,"excerpt":"Organizaciones pol\u00edticas tienen hasta el 8 de mayo para presentar observaciones. Santo Domingo.- El Pleno de la Junta Central Electoral (JCE) elabor\u00f3 el borrador de resoluci\u00f3n sobre la aplicaci\u00f3n del porcentaje de las reservas de las candidaturas que establece la Ley No. 33-18 de partidos, agrupaciones y movimientos pol\u00edticos para\u2026","rel":"","context":"En \u00abNACIONALES\u00bb","block_context":{"text":"NACIONALES","link":"https:\/\/lasprimeras.com.do\/index.php\/category\/nacionales\/"},"img":{"alt_text":"","src":"","width":0,"height":0},"classes":[]},{"id":115335,"url":"https:\/\/lasprimeras.com.do\/index.php\/2025\/11\/21\/plan-de-trump-para-terminar-la-guerra-en-ucrania-cederia-territorio-a-rusia\/","url_meta":{"origin":138931,"position":5},"title":"Plan de Trump para terminar la guerra en Ucrania ceder\u00eda territorio a Rusia","author":"Nelson Feliz","date":"21 de noviembre de 2025","format":false,"excerpt":"POR ILLIA NOVIKOV, AAMER MADHANIand CHRIS MEGERIAN WASHINGTON (AP) \u2014 El plan del presidente estadounidense Donald Trump para poner fin a la guerra en Ucrania ceder\u00eda territorio a Rusia y limitar\u00eda el tama\u00f1o del ej\u00e9rcito de Kiev, seg\u00fan un borrador de la propuesta obtenido el jueves por The Associated Press.\u2026","rel":"","context":"En \u00abINTERNACIONALES\u00bb","block_context":{"text":"INTERNACIONALES","link":"https:\/\/lasprimeras.com.do\/index.php\/category\/sin-categoria\/internacionales\/"},"img":{"alt_text":"","src":"https:\/\/i0.wp.com\/lasprimeras.com.do\/wp-content\/uploads\/2025\/11\/coche-bomba.jpg?resize=350%2C200&ssl=1","width":350,"height":200,"srcset":"https:\/\/i0.wp.com\/lasprimeras.com.do\/wp-content\/uploads\/2025\/11\/coche-bomba.jpg?resize=350%2C200&ssl=1 1x, https:\/\/i0.wp.com\/lasprimeras.com.do\/wp-content\/uploads\/2025\/11\/coche-bomba.jpg?resize=525%2C300&ssl=1 1.5x, https:\/\/i0.wp.com\/lasprimeras.com.do\/wp-content\/uploads\/2025\/11\/coche-bomba.jpg?resize=700%2C400&ssl=1 2x"},"classes":[]}],"jetpack_sharing_enabled":true,"jetpack_featured_media_url":"https:\/\/lasprimeras.com.do\/wp-content\/uploads\/2026\/09\/WhatsApp-Image-2026-09-02-at-4.53.25-PM-860x645-1.jpeg","_links":{"self":[{"href":"https:\/\/lasprimeras.com.do\/index.php\/wp-json\/wp\/v2\/posts\/138931","targetHints":{"allow":["GET"]}}],"collection":[{"href":"https:\/\/lasprimeras.com.do\/index.php\/wp-json\/wp\/v2\/posts"}],"about":[{"href":"https:\/\/lasprimeras.com.do\/index.php\/wp-json\/wp\/v2\/types\/post"}],"author":[{"embeddable":true,"href":"https:\/\/lasprimeras.com.do\/index.php\/wp-json\/wp\/v2\/users\/3"}],"replies":[{"embeddable":true,"href":"https:\/\/lasprimeras.com.do\/index.php\/wp-json\/wp\/v2\/comments?post=138931"}],"version-history":[{"count":1,"href":"https:\/\/lasprimeras.com.do\/index.php\/wp-json\/wp\/v2\/posts\/138931\/revisions"}],"predecessor-version":[{"id":138933,"href":"https:\/\/lasprimeras.com.do\/index.php\/wp-json\/wp\/v2\/posts\/138931\/revisions\/138933"}],"wp:featuredmedia":[{"embeddable":true,"href":"https:\/\/lasprimeras.com.do\/index.php\/wp-json\/wp\/v2\/media\/138932"}],"wp:attachment":[{"href":"https:\/\/lasprimeras.com.do\/index.php\/wp-json\/wp\/v2\/media?parent=138931"}],"wp:term":[{"taxonomy":"category","embeddable":true,"href":"https:\/\/lasprimeras.com.do\/index.php\/wp-json\/wp\/v2\/categories?post=138931"},{"taxonomy":"post_tag","embeddable":true,"href":"https:\/\/lasprimeras.com.do\/index.php\/wp-json\/wp\/v2\/tags?post=138931"}],"curies":[{"name":"wp","href":"https:\/\/api.w.org\/{rel}","templated":true}]}}