{"id":138934,"date":"2026-09-03T10:02:32","date_gmt":"2026-09-03T14:02:32","guid":{"rendered":"https:\/\/lasprimeras.com.do\/?p=138934"},"modified":"2026-09-03T10:02:34","modified_gmt":"2026-09-03T14:02:34","slug":"consorcio-azucarero-central-establece-record-zafra-2025-26","status":"publish","type":"post","link":"https:\/\/lasprimeras.com.do\/index.php\/2026\/09\/03\/consorcio-azucarero-central-establece-record-zafra-2025-26\/","title":{"rendered":"Consorcio Azucarero Central establece r\u00e9cord zafra 2025-26"},"content":{"rendered":"\n<p class=\"wp-block-paragraph\">BARAHONA.- El Consorcio Azucarero Central (CAC) estableci\u00f3 un nuevo r\u00e9cord en la zafra 2025-2026 al cosechar 748 mil toneladas de ca\u00f1a propia y producir 81 mil 124 toneladas de az\u00facar crema, cifras que jam\u00e1s se hab\u00edan alcanzado.<\/p>\n\n\n\n<p class=\"wp-block-paragraph\">El gerente administrativo del CAC, Jos\u00e9 Antonio Garc\u00eda, revel\u00f3 que, en la zafra reci\u00e9n pasada, la ca\u00f1a tuvo un rendimiento industrial de 10.85% y atribuy\u00f3 la excelente cosecha a las inversiones hechas en los \u00faltimos a\u00f1os, a la mecanizaci\u00f3n del corte, el uso del regu\u00edo por goteo y la siembra de pl\u00e1ntulas nuevas.<\/p>\n\n\n\n<p class=\"wp-block-paragraph\">\u201cLa cosecha de 748 mil toneladas de ca\u00f1a en nuestras fincas es algo que nosotros, como empresa, nos lo hab\u00edamos propuesto con inversiones modernas, como es el caso de la mecanizaci\u00f3n en el corte de la ca\u00f1a, el regu\u00edo de los campos ca\u00f1averales por goteo y la siembra nueva que hacemos en nuestros campos tan pronto se corta la ca\u00f1a, entre otras inversiones que hemos estado realizando para optimizar la producci\u00f3n\u201d, expres\u00f3 Garc\u00eda.<\/p>\n\n\n\n<p class=\"wp-block-paragraph\">Resalt\u00f3 que la zafra 2024-2025, el CAC produjo 776 mil 700 toneladas de ca\u00f1a y 84 mil 300 toneladas m\u00e9tricas de az\u00facar, siendo, inclusive, la zafra m\u00e1s eficiente, pero aclar\u00f3 que la temporada fue mucho m\u00e1s larga que la 2025-2026.<\/p>\n","protected":false},"excerpt":{"rendered":"<p>BARAHONA.- El Consorcio Azucarero Central (CAC) estableci\u00f3 un nuevo r\u00e9cord en la zafra 2025-2026 al cosechar 748 mil toneladas de ca\u00f1a propia y producir 81 mil 124 toneladas de az\u00facar&hellip;<\/p>\n","protected":false},"author":3,"featured_media":138935,"comment_status":"open","ping_status":"open","sticky":false,"template":"","format":"standard","meta":{"content-type":"","_jetpack_newsletter_access":"","_jetpack_dont_email_post_to_subs":false,"_jetpack_newsletter_tier_id":0,"_jetpack_memberships_contains_paywalled_content":false,"_jetpack_feature_clip_id":0,"_jetpack_memberships_contains_paid_content":false,"footnotes":"","jetpack_post_was_ever_published":false},"categories":[39],"tags":[4305,1978,28000],"class_list":["post-138934","post","type-post","status-publish","format-standard","has-post-thumbnail","hentry","category-economia","tag-azucarero","tag-cana-de-azucar","tag-zafra-2025-2026"],"jetpack-related-posts":[{"id":138876,"url":"https:\/\/lasprimeras.com.do\/index.php\/2026\/09\/02\/consorcio-azucarero-central-establece-record-al-cosechar-748-mil-toneladas-de-cana-en-la-zafra-2025-2026\/","url_meta":{"origin":138934,"position":0},"title":"Consorcio Azucarero Central establece r\u00e9cord al cosechar 748 mil toneladas de ca\u00f1a en la zafra 2025-2026","author":"Nelson Feliz","date":"2 de septiembre de 2026","format":false,"excerpt":"Empresa paga m\u00e1s de RD$1,040 millones al a\u00f1o a m\u00e1s de 3 mil 200 empleados BARAHONA- El Consorcio Azucarero Central (CAC) estableci\u00f3 un r\u00e9cord hist\u00f3rico en su zafra 2025-2026 al cosechar 748 mil toneladas de ca\u00f1a y producir 81 mil 124 toneladas de az\u00facar crema. Este hito se logr\u00f3 gracias\u2026","rel":"","context":"En \u00abECONOM\u00cdA\u00bb","block_context":{"text":"ECONOM\u00cdA","link":"https:\/\/lasprimeras.com.do\/index.php\/category\/economia\/"},"img":{"alt_text":"Jos\u00e9 Antonio Garc\u00eda","src":"https:\/\/i0.wp.com\/lasprimeras.com.do\/wp-content\/uploads\/2026\/09\/Jose-Antonio-Garcia.jpg?resize=350%2C200&ssl=1","width":350,"height":200,"srcset":"https:\/\/i0.wp.com\/lasprimeras.com.do\/wp-content\/uploads\/2026\/09\/Jose-Antonio-Garcia.jpg?resize=350%2C200&ssl=1 1x, https:\/\/i0.wp.com\/lasprimeras.com.do\/wp-content\/uploads\/2026\/09\/Jose-Antonio-Garcia.jpg?resize=525%2C300&ssl=1 1.5x, https:\/\/i0.wp.com\/lasprimeras.com.do\/wp-content\/uploads\/2026\/09\/Jose-Antonio-Garcia.jpg?resize=700%2C400&ssl=1 2x"},"classes":[]},{"id":72230,"url":"https:\/\/lasprimeras.com.do\/index.php\/2023\/12\/28\/central-romana-sigue-sin-cuota-de-exportacion-de-azucar-a-eeuu-en-la-nueva-zafra\/","url_meta":{"origin":138934,"position":1},"title":"Central Romana sigue sin cuota de exportaci\u00f3n de az\u00facar a EEUU en la nueva zafra","author":"Nelson Feliz","date":"28 de diciembre de 2023","format":false,"excerpt":"A un a\u00f1o y un mes de Aduanas y Protecci\u00f3n Fronteriza de los Estados Unidos tener la instrucci\u00f3n de detener en todos los puertos de entrada de ese pa\u00eds el az\u00facar sin refinar y los productos a base de az\u00facar producidos en la Rep\u00fablica Dominicana por Central Romana Corporation Limited,\u2026","rel":"","context":"En \u00abECONOM\u00cdA\u00bb","block_context":{"text":"ECONOM\u00cdA","link":"https:\/\/lasprimeras.com.do\/index.php\/category\/economia\/"},"img":{"alt_text":"Un almac\u00e9n de az\u00facar de Central Romana Corporation. La empresa asegura que EEUU no la ha evaluado tras vetar su producci\u00f3n.","src":"https:\/\/i0.wp.com\/lasprimeras.com.do\/wp-content\/uploads\/2023\/12\/azucar.jpg?resize=350%2C200&ssl=1","width":350,"height":200,"srcset":"https:\/\/i0.wp.com\/lasprimeras.com.do\/wp-content\/uploads\/2023\/12\/azucar.jpg?resize=350%2C200&ssl=1 1x, https:\/\/i0.wp.com\/lasprimeras.com.do\/wp-content\/uploads\/2023\/12\/azucar.jpg?resize=525%2C300&ssl=1 1.5x, https:\/\/i0.wp.com\/lasprimeras.com.do\/wp-content\/uploads\/2023\/12\/azucar.jpg?resize=700%2C400&ssl=1 2x"},"classes":[]},{"id":111771,"url":"https:\/\/lasprimeras.com.do\/index.php\/2025\/10\/13\/pescadores-de-cabral-denuncian-crimen-ecologico-y-culpan-al-consorcio-azucarero-por-la-desecacion-de-la-laguna-rincon\/","url_meta":{"origin":138934,"position":2},"title":"Pescadores de Cabral denuncian crimen ecol\u00f3gico y culpan al Consorcio Azucarero por la desecaci\u00f3n de la Laguna Rinc\u00f3n","author":"Nelson Feliz","date":"13 de octubre de 2025","format":false,"excerpt":"CABRAL, BARAHONA - La Laguna Rinc\u00f3n, tambi\u00e9n conocida como Lago de Cabral, se encuentra en un estado cr\u00edtico de desecaci\u00f3n, afectando gravemente a los pescadores de la zona, quienes culpan a la empresa Consorcio Azucarero Central (CAC) por lo que califican de \"crimen ecol\u00f3gico\". Un para\u00edso que agoniza Considerado el\u2026","rel":"","context":"En \u00abMEDIO AMBIENTE\u00bb","block_context":{"text":"MEDIO AMBIENTE","link":"https:\/\/lasprimeras.com.do\/index.php\/category\/medio-ambiente\/"},"img":{"alt_text":"","src":"https:\/\/i0.wp.com\/lasprimeras.com.do\/wp-content\/uploads\/2025\/10\/La-Laguna-Rincon-1.jpg?resize=350%2C200&ssl=1","width":350,"height":200,"srcset":"https:\/\/i0.wp.com\/lasprimeras.com.do\/wp-content\/uploads\/2025\/10\/La-Laguna-Rincon-1.jpg?resize=350%2C200&ssl=1 1x, https:\/\/i0.wp.com\/lasprimeras.com.do\/wp-content\/uploads\/2025\/10\/La-Laguna-Rincon-1.jpg?resize=525%2C300&ssl=1 1.5x, https:\/\/i0.wp.com\/lasprimeras.com.do\/wp-content\/uploads\/2025\/10\/La-Laguna-Rincon-1.jpg?resize=700%2C400&ssl=1 2x"},"classes":[]},{"id":110827,"url":"https:\/\/lasprimeras.com.do\/index.php\/2025\/10\/01\/medio-ambiente-responsabiliza-al-consorcio-azucarero-central-por-merma-de-agua-en-laguna-de-cabral\/","url_meta":{"origin":138934,"position":3},"title":"Medio Ambiente responsabiliza al Consorcio Azucarero Central por merma de agua en laguna de Cabral","author":"Nelson Feliz","date":"1 de octubre de 2025","format":false,"excerpt":"El Ministerio de Medio Ambiente y Recursos Naturales inform\u00f3 sobre los resultados de una evaluaci\u00f3n t\u00e9cnica y atribuy\u00f3 la degradaci\u00f3n la laguna de Cabral o Laguna Rinc\u00f3n, en Barahona a varios factores, principalmente al uso exclusivo del canal de Trujillo por parte del Consorcio Azucarero Central (CAC). Explic\u00f3 mediante un\u2026","rel":"","context":"En \u00abMEDIO AMBIENTE\u00bb","block_context":{"text":"MEDIO AMBIENTE","link":"https:\/\/lasprimeras.com.do\/index.php\/category\/medio-ambiente\/"},"img":{"alt_text":"","src":"https:\/\/i0.wp.com\/lasprimeras.com.do\/wp-content\/uploads\/2025\/10\/laguna.jpg?resize=350%2C200&ssl=1","width":350,"height":200,"srcset":"https:\/\/i0.wp.com\/lasprimeras.com.do\/wp-content\/uploads\/2025\/10\/laguna.jpg?resize=350%2C200&ssl=1 1x, https:\/\/i0.wp.com\/lasprimeras.com.do\/wp-content\/uploads\/2025\/10\/laguna.jpg?resize=525%2C300&ssl=1 1.5x, https:\/\/i0.wp.com\/lasprimeras.com.do\/wp-content\/uploads\/2025\/10\/laguna.jpg?resize=700%2C400&ssl=1 2x"},"classes":[]},{"id":116401,"url":"https:\/\/lasprimeras.com.do\/index.php\/2025\/12\/01\/intabaco-producira-15-millones-de-plantas-de-tabaco-para-zafra-2025-2026\/","url_meta":{"origin":138934,"position":4},"title":"INTABACO producir\u00e1 15 millones de plantas de tabaco para Zafra 2025-2026","author":"Nelson Feliz","date":"1 de diciembre de 2025","format":false,"excerpt":"Inici\u00f3 la distribuci\u00f3n de 160 mil pl\u00e1ntulas para peque\u00f1os productores de alta calidad. El Instituto del Tabaco de la Rep\u00fablica Dominicana (INTABACO) inform\u00f3 que trabaja en la producci\u00f3n de 15 millones de pl\u00e1ntulas o plantas j\u00f3venes de tabaco para la Zafra Tabacalera 2025-2026. Iv\u00e1n Hern\u00e1ndez Guzm\u00e1n, director de la instituci\u00f3n,\u2026","rel":"","context":"En \u00abECONOM\u00cdA\u00bb","block_context":{"text":"ECONOM\u00cdA","link":"https:\/\/lasprimeras.com.do\/index.php\/category\/economia\/"},"img":{"alt_text":"Iv\u00e1n Hern\u00e1ndez Guzm\u00e1n","src":"https:\/\/i0.wp.com\/lasprimeras.com.do\/wp-content\/uploads\/2025\/12\/Ivan-Hernandez-Guzman-1.jpg?resize=350%2C200&ssl=1","width":350,"height":200,"srcset":"https:\/\/i0.wp.com\/lasprimeras.com.do\/wp-content\/uploads\/2025\/12\/Ivan-Hernandez-Guzman-1.jpg?resize=350%2C200&ssl=1 1x, https:\/\/i0.wp.com\/lasprimeras.com.do\/wp-content\/uploads\/2025\/12\/Ivan-Hernandez-Guzman-1.jpg?resize=525%2C300&ssl=1 1.5x, https:\/\/i0.wp.com\/lasprimeras.com.do\/wp-content\/uploads\/2025\/12\/Ivan-Hernandez-Guzman-1.jpg?resize=700%2C400&ssl=1 2x"},"classes":[]},{"id":50409,"url":"https:\/\/lasprimeras.com.do\/index.php\/2023\/05\/19\/abinader-promueve-modernizacion-y-mecanizacion-de-la-cana-de-azucar\/","url_meta":{"origin":138934,"position":5},"title":"Abinader promueve modernizaci\u00f3n y mecanizaci\u00f3n de la ca\u00f1a de az\u00facar","author":"prenxa100","date":"19 de mayo de 2023","format":false,"excerpt":"En D\u00eda de los Colonos Azucareros,\u00a0 mandatario dispone la creaci\u00f3n de un Fondo Especial para la siembra de 50,000 tareas de ca\u00f1a. Por Wilson P\u00e9rez Consuelo, San Pedro de Macor\u00eds. - En ocasi\u00f3n de la conmoraci\u00f3n del D\u00eda de los Colonos Azucareros, el presidente Luis Abinader asegur\u00f3 que es un\u2026","rel":"","context":"En \u00abECONOM\u00cdA\u00bb","block_context":{"text":"ECONOM\u00cdA","link":"https:\/\/lasprimeras.com.do\/index.php\/category\/economia\/"},"img":{"alt_text":"","src":"","width":0,"height":0},"classes":[]}],"jetpack_sharing_enabled":true,"jetpack_featured_media_url":"https:\/\/lasprimeras.com.do\/wp-content\/uploads\/2026\/09\/garcia.png","_links":{"self":[{"href":"https:\/\/lasprimeras.com.do\/index.php\/wp-json\/wp\/v2\/posts\/138934","targetHints":{"allow":["GET"]}}],"collection":[{"href":"https:\/\/lasprimeras.com.do\/index.php\/wp-json\/wp\/v2\/posts"}],"about":[{"href":"https:\/\/lasprimeras.com.do\/index.php\/wp-json\/wp\/v2\/types\/post"}],"author":[{"embeddable":true,"href":"https:\/\/lasprimeras.com.do\/index.php\/wp-json\/wp\/v2\/users\/3"}],"replies":[{"embeddable":true,"href":"https:\/\/lasprimeras.com.do\/index.php\/wp-json\/wp\/v2\/comments?post=138934"}],"version-history":[{"count":1,"href":"https:\/\/lasprimeras.com.do\/index.php\/wp-json\/wp\/v2\/posts\/138934\/revisions"}],"predecessor-version":[{"id":138936,"href":"https:\/\/lasprimeras.com.do\/index.php\/wp-json\/wp\/v2\/posts\/138934\/revisions\/138936"}],"wp:featuredmedia":[{"embeddable":true,"href":"https:\/\/lasprimeras.com.do\/index.php\/wp-json\/wp\/v2\/media\/138935"}],"wp:attachment":[{"href":"https:\/\/lasprimeras.com.do\/index.php\/wp-json\/wp\/v2\/media?parent=138934"}],"wp:term":[{"taxonomy":"category","embeddable":true,"href":"https:\/\/lasprimeras.com.do\/index.php\/wp-json\/wp\/v2\/categories?post=138934"},{"taxonomy":"post_tag","embeddable":true,"href":"https:\/\/lasprimeras.com.do\/index.php\/wp-json\/wp\/v2\/tags?post=138934"}],"curies":[{"name":"wp","href":"https:\/\/api.w.org\/{rel}","templated":true}]}}