{"id":138937,"date":"2026-09-03T10:04:47","date_gmt":"2026-09-03T14:04:47","guid":{"rendered":"https:\/\/lasprimeras.com.do\/?p=138937"},"modified":"2026-09-03T10:04:49","modified_gmt":"2026-09-03T14:04:49","slug":"francisco-javier-garcia-intensifica-sus-trabajos-territoriales-rumbo-a-la-consulta-de-octubre","status":"publish","type":"post","link":"https:\/\/lasprimeras.com.do\/index.php\/2026\/09\/03\/francisco-javier-garcia-intensifica-sus-trabajos-territoriales-rumbo-a-la-consulta-de-octubre\/","title":{"rendered":"Francisco Javier Garc\u00eda intensifica sus trabajos territoriales rumbo a la consulta de octubre"},"content":{"rendered":"\n<p class=\"wp-block-paragraph\">SANTO DOMINGO.\u2013 El equipo pol\u00edtico de Francisco Javier Garc\u00eda inform\u00f3 este mi\u00e9rcoles que contin\u00faa intensificando su agenda de trabajo territorial con miras a la consulta interna del pr\u00f3ximo 18 de octubre, mediante una serie de reuniones de coordinaci\u00f3n que se desarrollar\u00e1n esta semana en distintos puntos del pa\u00eds.<\/p>\n\n\n\n<p class=\"wp-block-paragraph\">La agenda contempla encuentros con equipos pol\u00edticos en las principales circunscripciones del Distrito Nacional, Santo Domingo Este y las provincias de Santiago y Duarte, como parte del proceso de organizaci\u00f3n y fortalecimiento de los trabajos de cara a la consulta.<\/p>\n\n\n\n<p class=\"wp-block-paragraph\">De acuerdo a una nota de prensa, las actividades comenzar\u00e1n este mi\u00e9rcoles 2 de septiembre, a las 6:00 de la tarde, con una reuni\u00f3n de coordinaci\u00f3n en la Circunscripci\u00f3n 3 del Distrito Nacional. Al d\u00eda siguiente, jueves 3, el equipo se trasladar\u00e1 a la Circunscripci\u00f3n 1, donde tambi\u00e9n est\u00e1 previsto un encuentro a las 6:00 de la tarde.<\/p>\n\n\n\n<p class=\"wp-block-paragraph\"><a href=\"https:\/\/elnuevodiario.com.do\/author\/elnuevodiario\/\"><\/a><\/p>\n","protected":false},"excerpt":{"rendered":"<p>SANTO DOMINGO.\u2013 El equipo pol\u00edtico de Francisco Javier Garc\u00eda inform\u00f3 este mi\u00e9rcoles que contin\u00faa intensificando su agenda de trabajo territorial con miras a la consulta interna del pr\u00f3ximo 18 de&hellip;<\/p>\n","protected":false},"author":3,"featured_media":138938,"comment_status":"open","ping_status":"open","sticky":false,"template":"","format":"standard","meta":{"content-type":"","_jetpack_newsletter_access":"","_jetpack_dont_email_post_to_subs":false,"_jetpack_newsletter_tier_id":0,"_jetpack_memberships_contains_paywalled_content":false,"_jetpack_feature_clip_id":0,"_jetpack_memberships_contains_paid_content":false,"footnotes":"","jetpack_post_was_ever_published":false},"categories":[16559],"tags":[269],"class_list":["post-138937","post","type-post","status-publish","format-standard","has-post-thumbnail","hentry","category-politica","tag-pld"],"jetpack-related-posts":[{"id":128198,"url":"https:\/\/lasprimeras.com.do\/index.php\/2026\/04\/20\/victor-fadul-continua-ampliando-estructura-de-francisco-javier-garcia-en-el-pld\/","url_meta":{"origin":138937,"position":0},"title":"V\u00edctor Fadul contin\u00faa ampliando estructura de Francisco Javier Garc\u00eda en el PLD","author":"Nelson Feliz","date":"20 de abril de 2026","format":false,"excerpt":"El coordinador nacional del proyecto presidencial de Francisco Javier Garc\u00eda, jurament\u00f3 este domingo el equipo de trabajo de la circunscripci\u00f3n 4 de Santo Domingo Oeste. En un acto cargado de entusiasmo, V\u00edctor Fadul, tom\u00f3 juramento a la estructura pol\u00edtica, destacando que se trata de un proyecto de esperanza, unidad nacional\u2026","rel":"","context":"En \u00abPOLITICA\u00bb","block_context":{"text":"POLITICA","link":"https:\/\/lasprimeras.com.do\/index.php\/category\/politica\/"},"img":{"alt_text":"","src":"https:\/\/i0.wp.com\/lasprimeras.com.do\/wp-content\/uploads\/2026\/04\/Victor-Fadul.jpg?resize=350%2C200&ssl=1","width":350,"height":200,"srcset":"https:\/\/i0.wp.com\/lasprimeras.com.do\/wp-content\/uploads\/2026\/04\/Victor-Fadul.jpg?resize=350%2C200&ssl=1 1x, https:\/\/i0.wp.com\/lasprimeras.com.do\/wp-content\/uploads\/2026\/04\/Victor-Fadul.jpg?resize=525%2C300&ssl=1 1.5x, https:\/\/i0.wp.com\/lasprimeras.com.do\/wp-content\/uploads\/2026\/04\/Victor-Fadul.jpg?resize=700%2C400&ssl=1 2x"},"classes":[]},{"id":50943,"url":"https:\/\/lasprimeras.com.do\/index.php\/2023\/05\/25\/renuncia-francisco-javier-como-director-de-campana-de-abel-martinez\/","url_meta":{"origin":138937,"position":1},"title":"Renuncia Francisco Javier como director de campa\u00f1a de Abel Mart\u00ednez","author":"prenxa100","date":"25 de mayo de 2023","format":false,"excerpt":"Santo Domingo.-. El miembro del Comit\u00e9 Pol\u00edtico del Partido de la Liberaci\u00f3n Dominicana (PLD) Francisco Javier Garc\u00eda, renunci\u00f3 este jueves de la Coordinaci\u00f3n Nacional de Campa\u00f1a, de Abel Mart\u00ednez Duran. La informaci\u00f3n la dio a conocer el comunicador Pedro Jim\u00e9nez en el programa El Sol de la Ma\u00f1ana. Se rumora,\u2026","rel":"","context":"En \u00abPORTADA\u00bb","block_context":{"text":"PORTADA","link":"https:\/\/lasprimeras.com.do\/index.php\/category\/portada\/"},"img":{"alt_text":"","src":"","width":0,"height":0},"classes":[]},{"id":136613,"url":"https:\/\/lasprimeras.com.do\/index.php\/2026\/08\/05\/conap-2026-del-pld-se-reune-con-gonzalo-castillo-video\/","url_meta":{"origin":138937,"position":2},"title":"CONAP-2026 del PLD se re\u00fane con Gonzalo Castillo | Video","author":"Nelson Feliz","date":"5 de agosto de 2026","format":false,"excerpt":"La Comisi\u00f3n de la Consulta del PLD realiza un segundo encuentro con aspirantes presidenciales de esa organizaci\u00f3n. SANTO DOMINGO-La Comisi\u00f3n Organizadora de la Consulta sobre Aspirantes Presidenciales (CONAP 2026) del Partido de la Liberaci\u00f3n Dominicana (PLD) dio continuidad a su agenda de encuentros con los aspirantes presidenciales realizando una reuni\u00f3n\u2026","rel":"","context":"En \u00abPORTADA\u00bb","block_context":{"text":"PORTADA","link":"https:\/\/lasprimeras.com.do\/index.php\/category\/portada\/"},"img":{"alt_text":"","src":"https:\/\/i0.wp.com\/lasprimeras.com.do\/wp-content\/uploads\/2026\/08\/PENCO.jpg?resize=350%2C200&ssl=1","width":350,"height":200,"srcset":"https:\/\/i0.wp.com\/lasprimeras.com.do\/wp-content\/uploads\/2026\/08\/PENCO.jpg?resize=350%2C200&ssl=1 1x, https:\/\/i0.wp.com\/lasprimeras.com.do\/wp-content\/uploads\/2026\/08\/PENCO.jpg?resize=525%2C300&ssl=1 1.5x, https:\/\/i0.wp.com\/lasprimeras.com.do\/wp-content\/uploads\/2026\/08\/PENCO.jpg?resize=700%2C400&ssl=1 2x"},"classes":[]},{"id":134268,"url":"https:\/\/lasprimeras.com.do\/index.php\/2026\/07\/08\/francisco-javier-garcia-inicia-agenda-politica-en-espana-para-fortalecer-su-proyecto-presidencial\/","url_meta":{"origin":138937,"position":3},"title":"Francisco Javier Garc\u00eda inicia agenda pol\u00edtica en Espa\u00f1a para fortalecer su proyecto presidencial","author":"Nelson Feliz","date":"8 de julio de 2026","format":false,"excerpt":"Madrid, Espa\u00f1a.\u2013 El aspirante presidencial del Partido de la Liberaci\u00f3n Dominicana (PLD), Francisco Javier Garc\u00eda, llegar\u00e1 este jueves a Espa\u00f1a para desarrollar una intensa agenda de reuniones, asambleas y juramentaciones de equipos de trabajo, como parte del fortalecimiento de su estructura pol\u00edtica con miras a la elecci\u00f3n del candidato presidencial\u2026","rel":"","context":"En \u00abPOLITICA\u00bb","block_context":{"text":"POLITICA","link":"https:\/\/lasprimeras.com.do\/index.php\/category\/politica\/"},"img":{"alt_text":"Francisco Javier Garc\u00eda","src":"https:\/\/i0.wp.com\/lasprimeras.com.do\/wp-content\/uploads\/2026\/07\/Francisco-Javier-Garcia.jpg?resize=350%2C200&ssl=1","width":350,"height":200,"srcset":"https:\/\/i0.wp.com\/lasprimeras.com.do\/wp-content\/uploads\/2026\/07\/Francisco-Javier-Garcia.jpg?resize=350%2C200&ssl=1 1x, https:\/\/i0.wp.com\/lasprimeras.com.do\/wp-content\/uploads\/2026\/07\/Francisco-Javier-Garcia.jpg?resize=525%2C300&ssl=1 1.5x, https:\/\/i0.wp.com\/lasprimeras.com.do\/wp-content\/uploads\/2026\/07\/Francisco-Javier-Garcia.jpg?resize=700%2C400&ssl=1 2x"},"classes":[]},{"id":100198,"url":"https:\/\/lasprimeras.com.do\/index.php\/2025\/06\/03\/95-65-miembros-cc-circunscripcion-1-usa-apoyan-a-javier-garcia\/","url_meta":{"origin":138937,"position":4},"title":"95.65% miembros CC circunscripci\u00f3n 1-USA apoyan a Javier Garc\u00eda","author":"Nelson Feliz","date":"3 de junio de 2025","format":false,"excerpt":"Por Ram\u00f3n Mercedes NUEVA YORK.- De los 69 miembros del Comit\u00e9 Central (CC) del Partido de la Liberaci\u00f3n Dominicana (PLD) en la circunscripci\u00f3n 1-USA, 66 (95.65%) de ellos manifestaron p\u00fablicamente, a trav\u00e9s de un Zoom efectuado el pasado fin de semana, que apoyan las aspiraciones de Francisco Javier Garc\u00eda a\u2026","rel":"","context":"En \u00abPOLITICA\u00bb","block_context":{"text":"POLITICA","link":"https:\/\/lasprimeras.com.do\/index.php\/category\/politica\/"},"img":{"alt_text":"95.65% miembros CC circunscripci\u00f3n 1-USA apoyan a Javier Garc\u00eda","src":"https:\/\/i0.wp.com\/lasprimeras.com.do\/wp-content\/uploads\/2025\/06\/WhatsApp-Image-2025-06-03-at-6.09.04-AM.jpeg?resize=350%2C200&ssl=1","width":350,"height":200,"srcset":"https:\/\/i0.wp.com\/lasprimeras.com.do\/wp-content\/uploads\/2025\/06\/WhatsApp-Image-2025-06-03-at-6.09.04-AM.jpeg?resize=350%2C200&ssl=1 1x, https:\/\/i0.wp.com\/lasprimeras.com.do\/wp-content\/uploads\/2025\/06\/WhatsApp-Image-2025-06-03-at-6.09.04-AM.jpeg?resize=525%2C300&ssl=1 1.5x"},"classes":[]},{"id":129808,"url":"https:\/\/lasprimeras.com.do\/index.php\/2026\/05\/06\/pld-avanza-en-la-organizacion-de-su-consulta\/","url_meta":{"origin":138937,"position":5},"title":"PLD avanza en la organizaci\u00f3n de su Consulta","author":"Nelson Feliz","date":"6 de mayo de 2026","format":false,"excerpt":"Aspirantes a la candidatura presidencial del Partido de la Liberaci\u00f3n Dominicana (PLD) se re\u00fanen con La Comisi\u00f3n Organizadora de la Consulta (CONAP 2026) La Comisi\u00f3n Organizadora de la Consulta sobre Aspirantes Presidenciales (CONAP 2026) del Partido de la Liberaci\u00f3n Dominicana (PLD) sostuvo este mi\u00e9rcoles un encuentro con los dirigentes de\u2026","rel":"","context":"En \u00abPOLITICA\u00bb","block_context":{"text":"POLITICA","link":"https:\/\/lasprimeras.com.do\/index.php\/category\/politica\/"},"img":{"alt_text":"CONAP 2026","src":"https:\/\/i0.wp.com\/lasprimeras.com.do\/wp-content\/uploads\/2026\/05\/CONAP-2026-1.jpg?resize=350%2C200&ssl=1","width":350,"height":200,"srcset":"https:\/\/i0.wp.com\/lasprimeras.com.do\/wp-content\/uploads\/2026\/05\/CONAP-2026-1.jpg?resize=350%2C200&ssl=1 1x, https:\/\/i0.wp.com\/lasprimeras.com.do\/wp-content\/uploads\/2026\/05\/CONAP-2026-1.jpg?resize=525%2C300&ssl=1 1.5x, https:\/\/i0.wp.com\/lasprimeras.com.do\/wp-content\/uploads\/2026\/05\/CONAP-2026-1.jpg?resize=700%2C400&ssl=1 2x"},"classes":[]}],"jetpack_sharing_enabled":true,"jetpack_featured_media_url":"https:\/\/lasprimeras.com.do\/wp-content\/uploads\/2026\/09\/Francisco-Javier-Garcia-intensifica-sus-trabajos-territoriales-rumbo-a-la-consulta-de-octubre.jpg","_links":{"self":[{"href":"https:\/\/lasprimeras.com.do\/index.php\/wp-json\/wp\/v2\/posts\/138937","targetHints":{"allow":["GET"]}}],"collection":[{"href":"https:\/\/lasprimeras.com.do\/index.php\/wp-json\/wp\/v2\/posts"}],"about":[{"href":"https:\/\/lasprimeras.com.do\/index.php\/wp-json\/wp\/v2\/types\/post"}],"author":[{"embeddable":true,"href":"https:\/\/lasprimeras.com.do\/index.php\/wp-json\/wp\/v2\/users\/3"}],"replies":[{"embeddable":true,"href":"https:\/\/lasprimeras.com.do\/index.php\/wp-json\/wp\/v2\/comments?post=138937"}],"version-history":[{"count":1,"href":"https:\/\/lasprimeras.com.do\/index.php\/wp-json\/wp\/v2\/posts\/138937\/revisions"}],"predecessor-version":[{"id":138939,"href":"https:\/\/lasprimeras.com.do\/index.php\/wp-json\/wp\/v2\/posts\/138937\/revisions\/138939"}],"wp:featuredmedia":[{"embeddable":true,"href":"https:\/\/lasprimeras.com.do\/index.php\/wp-json\/wp\/v2\/media\/138938"}],"wp:attachment":[{"href":"https:\/\/lasprimeras.com.do\/index.php\/wp-json\/wp\/v2\/media?parent=138937"}],"wp:term":[{"taxonomy":"category","embeddable":true,"href":"https:\/\/lasprimeras.com.do\/index.php\/wp-json\/wp\/v2\/categories?post=138937"},{"taxonomy":"post_tag","embeddable":true,"href":"https:\/\/lasprimeras.com.do\/index.php\/wp-json\/wp\/v2\/tags?post=138937"}],"curies":[{"name":"wp","href":"https:\/\/api.w.org\/{rel}","templated":true}]}}