{"id":138943,"date":"2026-09-03T11:09:56","date_gmt":"2026-09-03T15:09:56","guid":{"rendered":"https:\/\/lasprimeras.com.do\/?p=138943"},"modified":"2026-09-03T11:09:59","modified_gmt":"2026-09-03T15:09:59","slug":"peledeistas-llevaran-este-sabado-un-mensaje-de-esperanza-casa-por-casa","status":"publish","type":"post","link":"https:\/\/lasprimeras.com.do\/index.php\/2026\/09\/03\/peledeistas-llevaran-este-sabado-un-mensaje-de-esperanza-casa-por-casa\/","title":{"rendered":"Pelede\u00edstas llevar\u00e1n este s\u00e1bado un mensaje de esperanza casa por casa"},"content":{"rendered":"\n<p class=\"wp-block-paragraph\">El PLD preparado para la visita a los hogares dominicanos en la Jornada Nacional de Esfuerzos Concentrados<\/p>\n\n\n\n<p class=\"wp-block-paragraph\">Santo Domingo = El Partido de la Liberaci\u00f3n Dominicana (PLD) motiv\u00f3 a sus miembros, militantes y dirigentes a participar de manera activa y entusiasta en la jornada nacional de Esfuerzos Concentrados convocada para el pr\u00f3ximo s\u00e1bado (5 de septiembre) y as\u00ed superar los resultados de las dos jornadas anteriores.<\/p>\n\n\n\n<p class=\"wp-block-paragraph\">\u201cEste s\u00e1bado 5 de septiembre de 2026, a partir de las 3.00 p.m., tenemos el gran reto de superar el entusiasmo, compromisos y resultados de la Segunda Jornada Nacional de Esfuerzos Concentrados, realizaremos esta Tercera Jornada Nacional con el prop\u00f3sito de mantener el PLD en las Calles\u201d, se explica en una circular de la Secretar\u00eda de Enlaces y Comunicaci\u00f3n Interna.<\/p>\n\n\n\n<p class=\"wp-block-paragraph\">Los organismos y \u00f3rganos pelede\u00edstas se preparan para participar este s\u00e1bado 5 de septiembre, a partir de las tres de la tarde (3.00 p.m.), en la jornada nacional de \u201cEsfuerzos Concentrados\u201d programada para realizarse en todos los municipios, distritos municipales, circunscripciones electorales y provincias del pa\u00eds.<\/p>\n\n\n\n<p class=\"wp-block-paragraph\">En el esfuerzo concentrado, un m\u00e9todo de trabajo tradicional del PLD, se constituyen brigadas y comisiones de miembros y dirigentes que visitan los hogares promoviendo sus propuestas pol\u00edticas y, en el caso de este s\u00e1bado, identificar y captar nuevos simpatizantes para afiliarlos al Partido.<\/p>\n\n\n\n<p class=\"wp-block-paragraph\">En la circular dirigida a miembros del Comit\u00e9 Pol\u00edtico, Enlaces y Supervisores de Provincias y Circunscripciones, Enlaces y Presidentes de Provincias y Circunscripciones Electorales, Enlaces y Presidentes de Comit\u00e9s Municipales y de Distritos Municipales, as\u00ed como de Bloques de Comit\u00e9s Intermedios se recuerda los aspectos a tomar en consideraci\u00f3n para el \u00e9xito de la actividad, entre ellos, socializar con toda la estructura las informaciones y decisiones del Partido.<\/p>\n\n\n\n<p class=\"wp-block-paragraph\">Con la circular se anexan una serie de formularios para ser llenados por las comisiones designadas que permitan evaluar los resultados de la actividad.<\/p>\n","protected":false},"excerpt":{"rendered":"<p>El PLD preparado para la visita a los hogares dominicanos en la Jornada Nacional de Esfuerzos Concentrados Santo Domingo = El Partido de la Liberaci\u00f3n Dominicana (PLD) motiv\u00f3 a sus&hellip;<\/p>\n","protected":false},"author":10,"featured_media":138944,"comment_status":"open","ping_status":"open","sticky":false,"template":"","format":"standard","meta":{"content-type":"","_jetpack_newsletter_access":"","_jetpack_dont_email_post_to_subs":false,"_jetpack_newsletter_tier_id":0,"_jetpack_memberships_contains_paywalled_content":false,"_jetpack_feature_clip_id":0,"_jetpack_memberships_contains_paid_content":false,"footnotes":"","jetpack_post_was_ever_published":false},"categories":[25],"tags":[36258,6007],"class_list":["post-138943","post","type-post","status-publish","format-standard","has-post-thumbnail","hentry","category-portada","tag-mensajes-de-esperanza","tag-peledeistas"],"jetpack-related-posts":[{"id":136678,"url":"https:\/\/lasprimeras.com.do\/index.php\/2026\/08\/06\/conap-llama-a-preservar-la-institucionalidad-en-jornada-nacional-del-pld\/","url_meta":{"origin":138943,"position":0},"title":"CONAP llama a preservar la institucionalidad en jornada nacional del PLD","author":"Nelson Feliz","date":"6 de agosto de 2026","format":false,"excerpt":"Dirigentes y militantes deben desarrollar los Esfuerzos Concentrados con disciplina, respeto y apego a los s\u00edmbolos institucionales del partido. SANTO DOMINGO - La Comisi\u00f3n Organizadora de la Consulta Interna del Partido de la Liberaci\u00f3n Dominicana (CONAP-2026) llam\u00f3 a la dirigencia y militancia pelede\u00edsta a desarrollar con estricto apego a la\u2026","rel":"","context":"En \u00abPOLITICA\u00bb","block_context":{"text":"POLITICA","link":"https:\/\/lasprimeras.com.do\/index.php\/category\/politica\/"},"img":{"alt_text":"","src":"https:\/\/i0.wp.com\/lasprimeras.com.do\/wp-content\/uploads\/2026\/08\/CONAP.jpg?resize=350%2C200&ssl=1","width":350,"height":200,"srcset":"https:\/\/i0.wp.com\/lasprimeras.com.do\/wp-content\/uploads\/2026\/08\/CONAP.jpg?resize=350%2C200&ssl=1 1x, https:\/\/i0.wp.com\/lasprimeras.com.do\/wp-content\/uploads\/2026\/08\/CONAP.jpg?resize=525%2C300&ssl=1 1.5x, https:\/\/i0.wp.com\/lasprimeras.com.do\/wp-content\/uploads\/2026\/08\/CONAP.jpg?resize=700%2C400&ssl=1 2x"},"classes":[]},{"id":136807,"url":"https:\/\/lasprimeras.com.do\/index.php\/2026\/08\/08\/johnny-pujols-resalta-alto-nivel-de-simpatia-hacia-el-pld-video\/","url_meta":{"origin":138943,"position":1},"title":"Johnny Pujols resalta alto nivel de simpat\u00eda hacia el PLD | Video","author":"Nelson Feliz","date":"8 de agosto de 2026","format":false,"excerpt":"Santo Domingo = Notoria movilizaci\u00f3n del PLD en todo el territorio nacional llevando el mensaje esperanzador al pueblo dominicano que sufre las calamidades del gobierno del PRMJohnny Pujols, Secretario General del Partido de la Liberaci\u00f3n Dominicana (PLD), dio el banderazo de inicio a la jornada de Esfuerzos Concentrados organizada por\u2026","rel":"","context":"En \u00abPORTADA\u00bb","block_context":{"text":"PORTADA","link":"https:\/\/lasprimeras.com.do\/index.php\/category\/portada\/"},"img":{"alt_text":"","src":"https:\/\/i0.wp.com\/lasprimeras.com.do\/wp-content\/uploads\/2026\/08\/35766651-4165-4bee-8d06-e1fe1f657321-768x475-1.jpeg?resize=350%2C200&ssl=1","width":350,"height":200,"srcset":"https:\/\/i0.wp.com\/lasprimeras.com.do\/wp-content\/uploads\/2026\/08\/35766651-4165-4bee-8d06-e1fe1f657321-768x475-1.jpeg?resize=350%2C200&ssl=1 1x, https:\/\/i0.wp.com\/lasprimeras.com.do\/wp-content\/uploads\/2026\/08\/35766651-4165-4bee-8d06-e1fe1f657321-768x475-1.jpeg?resize=525%2C300&ssl=1 1.5x, https:\/\/i0.wp.com\/lasprimeras.com.do\/wp-content\/uploads\/2026\/08\/35766651-4165-4bee-8d06-e1fe1f657321-768x475-1.jpeg?resize=700%2C400&ssl=1 2x"},"classes":[]},{"id":136215,"url":"https:\/\/lasprimeras.com.do\/index.php\/2026\/08\/01\/pld-prepara-su-segunda-jornada-nacional-de-esfuerzos-concentrados\/","url_meta":{"origin":138943,"position":2},"title":"PLD prepara su segunda jornada nacional de Esfuerzos Concentrados","author":"Nelson Feliz","date":"1 de agosto de 2026","format":false,"excerpt":"SANTO DOMINGO - El Partido de la Liberaci\u00f3n Dominicana (PLD) convoc\u00f3 para el s\u00e1bado 8 de agosto a la segunda jornada nacional de Esfuerzos Concentrados, iniciativa con la que la organizaci\u00f3n se mantiene movilizada y en contacto con la poblaci\u00f3n llevando un mensaje institucional partidario y esperanzador. La ratificaci\u00f3n de\u2026","rel":"","context":"En \u00abPOLITICA\u00bb","block_context":{"text":"POLITICA","link":"https:\/\/lasprimeras.com.do\/index.php\/category\/politica\/"},"img":{"alt_text":"","src":"https:\/\/i0.wp.com\/lasprimeras.com.do\/wp-content\/uploads\/2026\/08\/Ruben-Bichara.jpg?resize=350%2C200&ssl=1","width":350,"height":200,"srcset":"https:\/\/i0.wp.com\/lasprimeras.com.do\/wp-content\/uploads\/2026\/08\/Ruben-Bichara.jpg?resize=350%2C200&ssl=1 1x, https:\/\/i0.wp.com\/lasprimeras.com.do\/wp-content\/uploads\/2026\/08\/Ruben-Bichara.jpg?resize=525%2C300&ssl=1 1.5x, https:\/\/i0.wp.com\/lasprimeras.com.do\/wp-content\/uploads\/2026\/08\/Ruben-Bichara.jpg?resize=700%2C400&ssl=1 2x"},"classes":[]},{"id":134577,"url":"https:\/\/lasprimeras.com.do\/index.php\/2026\/07\/12\/jornada-confirma-alto-nivel-de-simpatia-del-pld\/","url_meta":{"origin":138943,"position":3},"title":"Jornada confirma alto nivel de simpat\u00eda del PLD","author":"Nelson Feliz","date":"12 de julio de 2026","format":false,"excerpt":"PLD resalta el \u00e9xito alcanzado en los Esfuerzos Concentrados del pasado s\u00e1bado. El pueblo dominicano dej\u00f3 demostrado el pasado s\u00e1bado su identificaci\u00f3n con el Partido de la Liberaci\u00f3n Dominicana (PLD) al manifestar altos niveles de simpat\u00edas a las propuestas de esa organizaci\u00f3n pol\u00edtica en la jornada nacional de Esfuerzos Concentrados\u2026","rel":"","context":"En \u00abPOLITICA\u00bb","block_context":{"text":"POLITICA","link":"https:\/\/lasprimeras.com.do\/index.php\/category\/politica\/"},"img":{"alt_text":"","src":"https:\/\/i0.wp.com\/lasprimeras.com.do\/wp-content\/uploads\/2026\/07\/ec-3.jpg?resize=350%2C200&ssl=1","width":350,"height":200,"srcset":"https:\/\/i0.wp.com\/lasprimeras.com.do\/wp-content\/uploads\/2026\/07\/ec-3.jpg?resize=350%2C200&ssl=1 1x, https:\/\/i0.wp.com\/lasprimeras.com.do\/wp-content\/uploads\/2026\/07\/ec-3.jpg?resize=525%2C300&ssl=1 1.5x, https:\/\/i0.wp.com\/lasprimeras.com.do\/wp-content\/uploads\/2026\/07\/ec-3.jpg?resize=700%2C400&ssl=1 2x"},"classes":[]},{"id":136959,"url":"https:\/\/lasprimeras.com.do\/index.php\/2026\/08\/10\/el-prm-perdera-las-elecciones-sin-importar-quien-encabece-su-boleta-dice-montas\/","url_meta":{"origin":138943,"position":4},"title":"El PRM perder\u00e1 las elecciones sin importar quien encabece su boleta, dice Mont\u00e1s","author":"Nelson Feliz","date":"10 de agosto de 2026","format":false,"excerpt":"Tem\u00edstocles Mont\u00e1s\u00a0resalta el resentimiento de la poblaci\u00f3n ante el Gobierno del PRM, que llevar\u00e1 al PLD al triunfo en las pr\u00f3ximas elecciones.Santo Domingo = Los ciudadanos y ciudadanas est\u00e1n resentidos del Gobierno del PRM, sus quejas se generalizan, lo que lo llevan a un contundente rechazo a la presente gesti\u00f3n\u2026","rel":"","context":"En \u00abPOLITICA\u00bb","block_context":{"text":"POLITICA","link":"https:\/\/lasprimeras.com.do\/index.php\/category\/politica\/"},"img":{"alt_text":"","src":"https:\/\/i0.wp.com\/lasprimeras.com.do\/wp-content\/uploads\/2026\/08\/Temistocles-Montas.jpeg?resize=350%2C200&ssl=1","width":350,"height":200,"srcset":"https:\/\/i0.wp.com\/lasprimeras.com.do\/wp-content\/uploads\/2026\/08\/Temistocles-Montas.jpeg?resize=350%2C200&ssl=1 1x, https:\/\/i0.wp.com\/lasprimeras.com.do\/wp-content\/uploads\/2026\/08\/Temistocles-Montas.jpeg?resize=525%2C300&ssl=1 1.5x, https:\/\/i0.wp.com\/lasprimeras.com.do\/wp-content\/uploads\/2026\/08\/Temistocles-Montas.jpeg?resize=700%2C400&ssl=1 2x"},"classes":[]},{"id":134254,"url":"https:\/\/lasprimeras.com.do\/index.php\/2026\/07\/08\/pld-prepara-jornada-nacional-para-el-proximo-sabado-en-todo-el-pais\/","url_meta":{"origin":138943,"position":5},"title":"PLD prepara jornada nacional para el pr\u00f3ximo s\u00e1bado en todo el pa\u00eds","author":"Nelson Feliz","date":"8 de julio de 2026","format":false,"excerpt":"SANTO DOMINGO - La Comisi\u00f3n de Implementaci\u00f3n de la L\u00ednea Organizativa y Electoral (LOE) del Partido de la Liberaci\u00f3n Dominicana (PLD) hizo un examen de los aprestos para el desarrollo de los Esfuerzos Concentrados el pr\u00f3ximo s\u00e1bado en todo el territorio nacional. La iniciativa adoptada por la direcci\u00f3n partidaria se\u2026","rel":"","context":"En \u00abPOLITICA\u00bb","block_context":{"text":"POLITICA","link":"https:\/\/lasprimeras.com.do\/index.php\/category\/politica\/"},"img":{"alt_text":"","src":"https:\/\/i0.wp.com\/lasprimeras.com.do\/wp-content\/uploads\/2026\/07\/Actividad-Nacional-del-PLD-el-proximo-sabado.jpg?resize=350%2C200&ssl=1","width":350,"height":200,"srcset":"https:\/\/i0.wp.com\/lasprimeras.com.do\/wp-content\/uploads\/2026\/07\/Actividad-Nacional-del-PLD-el-proximo-sabado.jpg?resize=350%2C200&ssl=1 1x, https:\/\/i0.wp.com\/lasprimeras.com.do\/wp-content\/uploads\/2026\/07\/Actividad-Nacional-del-PLD-el-proximo-sabado.jpg?resize=525%2C300&ssl=1 1.5x, https:\/\/i0.wp.com\/lasprimeras.com.do\/wp-content\/uploads\/2026\/07\/Actividad-Nacional-del-PLD-el-proximo-sabado.jpg?resize=700%2C400&ssl=1 2x"},"classes":[]}],"jetpack_sharing_enabled":true,"jetpack_featured_media_url":"https:\/\/lasprimeras.com.do\/wp-content\/uploads\/2026\/09\/4d0fd289-4580-465e-9f44-dd32aa4e9197.jpg","_links":{"self":[{"href":"https:\/\/lasprimeras.com.do\/index.php\/wp-json\/wp\/v2\/posts\/138943","targetHints":{"allow":["GET"]}}],"collection":[{"href":"https:\/\/lasprimeras.com.do\/index.php\/wp-json\/wp\/v2\/posts"}],"about":[{"href":"https:\/\/lasprimeras.com.do\/index.php\/wp-json\/wp\/v2\/types\/post"}],"author":[{"embeddable":true,"href":"https:\/\/lasprimeras.com.do\/index.php\/wp-json\/wp\/v2\/users\/10"}],"replies":[{"embeddable":true,"href":"https:\/\/lasprimeras.com.do\/index.php\/wp-json\/wp\/v2\/comments?post=138943"}],"version-history":[{"count":1,"href":"https:\/\/lasprimeras.com.do\/index.php\/wp-json\/wp\/v2\/posts\/138943\/revisions"}],"predecessor-version":[{"id":138945,"href":"https:\/\/lasprimeras.com.do\/index.php\/wp-json\/wp\/v2\/posts\/138943\/revisions\/138945"}],"wp:featuredmedia":[{"embeddable":true,"href":"https:\/\/lasprimeras.com.do\/index.php\/wp-json\/wp\/v2\/media\/138944"}],"wp:attachment":[{"href":"https:\/\/lasprimeras.com.do\/index.php\/wp-json\/wp\/v2\/media?parent=138943"}],"wp:term":[{"taxonomy":"category","embeddable":true,"href":"https:\/\/lasprimeras.com.do\/index.php\/wp-json\/wp\/v2\/categories?post=138943"},{"taxonomy":"post_tag","embeddable":true,"href":"https:\/\/lasprimeras.com.do\/index.php\/wp-json\/wp\/v2\/tags?post=138943"}],"curies":[{"name":"wp","href":"https:\/\/api.w.org\/{rel}","templated":true}]}}