{"id":138946,"date":"2026-09-03T11:21:40","date_gmt":"2026-09-03T15:21:40","guid":{"rendered":"https:\/\/lasprimeras.com.do\/?p=138946"},"modified":"2026-09-03T11:21:42","modified_gmt":"2026-09-03T15:21:42","slug":"copa-macarrulla-2026-inicia-este-viernes-en-ciudad-juan-bosch","status":"publish","type":"post","link":"https:\/\/lasprimeras.com.do\/index.php\/2026\/09\/03\/copa-macarrulla-2026-inicia-este-viernes-en-ciudad-juan-bosch\/","title":{"rendered":"Copa Macarrulla 2026 inicia este viernes en Ciudad Juan Bosch"},"content":{"rendered":"\n<p class=\"wp-block-paragraph\">SANTO DOMINGO.=. La Copa Macarrulla 2026 arrancar\u00e1 este viernes en Ciudad Juan Bosch.<\/p>\n\n\n\n<p class=\"wp-block-paragraph\">El torneo infantil rendir\u00e1 homenaje a figuras del b\u00e9isbol y a medallistas de los Juegos Centroamericanos. Se jugar\u00e1 bajo el lema \u201cSembrando valores en el terreno\u201d.<\/p>\n\n\n\n<p class=\"wp-block-paragraph\">Ocho equipos sub-12 participar\u00e1n durante tres fines de semana consecutivos.<\/p>\n\n\n\n<p class=\"wp-block-paragraph\">Est\u00e1n Academia DJ Ozuna, Amaurys Nina, Manny Ledesma, La Javilla, IBP, Pimentel, Liga Quezada y Los Vecinitos.<br>Esta edici\u00f3n incluye por primera vez un torneo femenino juvenil.<\/p>\n\n\n\n<p class=\"wp-block-paragraph\">Lisandro Macarrulla, de la Fundaci\u00f3n Macarrulla, destac\u00f3 la importancia del evento.<\/p>\n\n\n\n<p class=\"wp-block-paragraph\">\u201cQueremos que los ni\u00f1os compartan con estrellas y entiendan que tambi\u00e9n pueden lograrlo\u201d.<\/p>\n\n\n\n<p class=\"wp-block-paragraph\">Resalt\u00f3 la disciplina y los valores que promueve el deporte.<\/p>\n\n\n\n<p class=\"wp-block-paragraph\">La fase regular ser\u00e1 del 4 al 6 de septiembre.<\/p>\n\n\n\n<p class=\"wp-block-paragraph\">La s\u00faper ronda y el torneo femenino van del 11 al 13.<\/p>\n\n\n\n<p class=\"wp-block-paragraph\">La final y premiaci\u00f3n se celebrar\u00e1n del 18 al 20 de septiembre.<\/p>\n\n\n\n<p class=\"wp-block-paragraph\">Como en a\u00f1os anteriores, la participaci\u00f3n es gratuita gracias a la Fundaci\u00f3n Macarrulla.<\/p>\n\n\n\n<p class=\"wp-block-paragraph\">El torneo reafirma el compromiso con el deporte infantil y la formaci\u00f3n de nuevas generaciones.<\/p>\n\n\n\n<p class=\"wp-block-paragraph\">La entrada ser\u00e1 abierta para familias y la comunidad.<\/p>\n","protected":false},"excerpt":{"rendered":"<p>SANTO DOMINGO.=. La Copa Macarrulla 2026 arrancar\u00e1 este viernes en Ciudad Juan Bosch. El torneo infantil rendir\u00e1 homenaje a figuras del b\u00e9isbol y a medallistas de los Juegos Centroamericanos. Se&hellip;<\/p>\n","protected":false},"author":10,"featured_media":138947,"comment_status":"open","ping_status":"open","sticky":false,"template":"","format":"standard","meta":{"content-type":"","_jetpack_newsletter_access":"","_jetpack_dont_email_post_to_subs":false,"_jetpack_newsletter_tier_id":0,"_jetpack_memberships_contains_paywalled_content":false,"_jetpack_feature_clip_id":0,"_jetpack_memberships_contains_paid_content":false,"footnotes":"","jetpack_post_was_ever_published":false},"categories":[630],"tags":[36259],"class_list":["post-138946","post","type-post","status-publish","format-standard","has-post-thumbnail","hentry","category-deportes","tag-copa-macarrulla-2026"],"jetpack-related-posts":[{"id":137773,"url":"https:\/\/lasprimeras.com.do\/index.php\/2026\/08\/20\/fundacion-macarrulla-comprometida-con-el-desarrollo-del-deporte-infantil\/","url_meta":{"origin":138946,"position":0},"title":"Fundaci\u00f3n Macarrulla comprometida con el desarrollo del deporte infantil","author":"Nelson Feliz","date":"20 de agosto de 2026","format":false,"excerpt":"Anuncia nueva edici\u00f3n de la Copa Macarrulla Santo Domingo.- La Fundaci\u00f3n Macarrulla reafirma su apuesta por el desarrollo del deporte infantil como motor de formaci\u00f3n y oportunidades con la realizaci\u00f3n de una nueva edici\u00f3n de la Copa Macarrulla, un torneo que reunir\u00e1 a ocho equipos del Gran Santo Domingo en\u2026","rel":"","context":"En \u00abDEPORTES\u00bb","block_context":{"text":"DEPORTES","link":"https:\/\/lasprimeras.com.do\/index.php\/category\/deportes\/"},"img":{"alt_text":"","src":"https:\/\/i0.wp.com\/lasprimeras.com.do\/wp-content\/uploads\/2026\/08\/IMG-20260820-WA0560.jpg?resize=350%2C200&ssl=1","width":350,"height":200,"srcset":"https:\/\/i0.wp.com\/lasprimeras.com.do\/wp-content\/uploads\/2026\/08\/IMG-20260820-WA0560.jpg?resize=350%2C200&ssl=1 1x, https:\/\/i0.wp.com\/lasprimeras.com.do\/wp-content\/uploads\/2026\/08\/IMG-20260820-WA0560.jpg?resize=525%2C300&ssl=1 1.5x, https:\/\/i0.wp.com\/lasprimeras.com.do\/wp-content\/uploads\/2026\/08\/IMG-20260820-WA0560.jpg?resize=700%2C400&ssl=1 2x, https:\/\/i0.wp.com\/lasprimeras.com.do\/wp-content\/uploads\/2026\/08\/IMG-20260820-WA0560.jpg?resize=1050%2C600&ssl=1 3x"},"classes":[]},{"id":105641,"url":"https:\/\/lasprimeras.com.do\/index.php\/2025\/08\/05\/fundacion-macarrulla-convoca-al-torneo-de-beisbol-infantil-copa-macarrulla\/","url_meta":{"origin":138946,"position":1},"title":"Fundaci\u00f3n Macarrulla convoca al torneo de b\u00e9isbol infantil \u201cCopa Macarrulla\u201d","author":"Nelson Feliz","date":"5 de agosto de 2025","format":false,"excerpt":"\u00a0La Fundaci\u00f3n Macarrulla anunci\u00f3 la celebraci\u00f3n del torneo provincial de b\u00e9isbol infantil \u201cCopa Macarrulla\u201d, un evento deportivo que reunir\u00e1 a ocho ligas infantiles del Gran Santo Domingo y el Distrito Nacional.\u00a0El torneo dirigido a ni\u00f1os de 11 y 12 a\u00f1os, se jugar\u00e1 durante dos fines de semana consecutivos, del viernes\u2026","rel":"","context":"En \u00abDEPORTES\u00bb","block_context":{"text":"DEPORTES","link":"https:\/\/lasprimeras.com.do\/index.php\/category\/deportes\/"},"img":{"alt_text":"","src":"https:\/\/i0.wp.com\/lasprimeras.com.do\/wp-content\/uploads\/2025\/08\/WhatsApp-Image-2025-08-05-at-12.32.23-PM.jpeg?resize=350%2C200&ssl=1","width":350,"height":200,"srcset":"https:\/\/i0.wp.com\/lasprimeras.com.do\/wp-content\/uploads\/2025\/08\/WhatsApp-Image-2025-08-05-at-12.32.23-PM.jpeg?resize=350%2C200&ssl=1 1x, https:\/\/i0.wp.com\/lasprimeras.com.do\/wp-content\/uploads\/2025\/08\/WhatsApp-Image-2025-08-05-at-12.32.23-PM.jpeg?resize=525%2C300&ssl=1 1.5x, https:\/\/i0.wp.com\/lasprimeras.com.do\/wp-content\/uploads\/2025\/08\/WhatsApp-Image-2025-08-05-at-12.32.23-PM.jpeg?resize=700%2C400&ssl=1 2x, https:\/\/i0.wp.com\/lasprimeras.com.do\/wp-content\/uploads\/2025\/08\/WhatsApp-Image-2025-08-05-at-12.32.23-PM.jpeg?resize=1050%2C600&ssl=1 3x"},"classes":[]},{"id":108669,"url":"https:\/\/lasprimeras.com.do\/index.php\/2025\/09\/09\/fundacion-macarrulla-inaugura-la-copa-macarrulla-2025-con-ocho-equipos-infantiles-del-gran-santo-domingo\/","url_meta":{"origin":138946,"position":2},"title":"Fundaci\u00f3n Macarrulla inaugura la \u201cCopa Macarrulla 2025\u201d con ocho equipos infantiles del Gran Santo Domingo","author":"Nelson Feliz","date":"9 de septiembre de 2025","format":false,"excerpt":"En un ambiente cargado de entusiasmo y valores comunitarios, la Fundaci\u00f3n Macarrulla dej\u00f3 inaugurada la Copa Macarrulla 2025, un torneo provincial de b\u00e9isbol infantil que re\u00fane a ocho equipos del Gran Santo Domingo y el Distrito Nacional, con el prop\u00f3sito de abrir m\u00e1s oportunidades a los ni\u00f1os a trav\u00e9s del\u2026","rel":"","context":"En \u00abDEPORTES\u00bb","block_context":{"text":"DEPORTES","link":"https:\/\/lasprimeras.com.do\/index.php\/category\/deportes\/"},"img":{"alt_text":"","src":"https:\/\/i0.wp.com\/lasprimeras.com.do\/wp-content\/uploads\/2025\/09\/macca-1.jpg?resize=350%2C200&ssl=1","width":350,"height":200,"srcset":"https:\/\/i0.wp.com\/lasprimeras.com.do\/wp-content\/uploads\/2025\/09\/macca-1.jpg?resize=350%2C200&ssl=1 1x, https:\/\/i0.wp.com\/lasprimeras.com.do\/wp-content\/uploads\/2025\/09\/macca-1.jpg?resize=525%2C300&ssl=1 1.5x, https:\/\/i0.wp.com\/lasprimeras.com.do\/wp-content\/uploads\/2025\/09\/macca-1.jpg?resize=700%2C400&ssl=1 2x"},"classes":[]},{"id":130399,"url":"https:\/\/lasprimeras.com.do\/index.php\/2026\/05\/13\/fundacion-macarrulla-y-museo-de-la-resistencia-convocan-septima-edicion-del-concurso-de-ensayos-por-la-libertad\/","url_meta":{"origin":138946,"position":3},"title":"Fundaci\u00f3n Macarrulla y Museo de la Resistencia convocan s\u00e9ptima edici\u00f3n del Concurso de Ensayos por la Libertad","author":"Nelson Feliz","date":"13 de mayo de 2026","format":false,"excerpt":"La Fundaci\u00f3n Macarrulla y el Museo Memorial de la Resistencia Dominicana anunciaron la s\u00e9ptima edici\u00f3n del \"Concurso de Ensayos por la Libertad\" , una iniciativa dirigida a estudiantes de nivel secundario con el prop\u00f3sito de motivarlos a reflexionar sobre el valor de la libertad y la importancia de preservarla. Lidia\u2026","rel":"","context":"En \u00abENTRETENIMIENTO\u00bb","block_context":{"text":"ENTRETENIMIENTO","link":"https:\/\/lasprimeras.com.do\/index.php\/category\/entretenimiento\/"},"img":{"alt_text":"","src":"https:\/\/i0.wp.com\/lasprimeras.com.do\/wp-content\/uploads\/2026\/05\/IMG-20260513-WA0391.jpg?resize=350%2C200&ssl=1","width":350,"height":200,"srcset":"https:\/\/i0.wp.com\/lasprimeras.com.do\/wp-content\/uploads\/2026\/05\/IMG-20260513-WA0391.jpg?resize=350%2C200&ssl=1 1x, https:\/\/i0.wp.com\/lasprimeras.com.do\/wp-content\/uploads\/2026\/05\/IMG-20260513-WA0391.jpg?resize=525%2C300&ssl=1 1.5x, https:\/\/i0.wp.com\/lasprimeras.com.do\/wp-content\/uploads\/2026\/05\/IMG-20260513-WA0391.jpg?resize=700%2C400&ssl=1 2x, https:\/\/i0.wp.com\/lasprimeras.com.do\/wp-content\/uploads\/2026\/05\/IMG-20260513-WA0391.jpg?resize=1050%2C600&ssl=1 3x"},"classes":[]},{"id":67577,"url":"https:\/\/lasprimeras.com.do\/index.php\/2023\/11\/16\/lisandro-macarrulla-rd-se-encamina-a-lograr-el-mayor-crecimiento-economico-regional-en-2024\/","url_meta":{"origin":138946,"position":4},"title":"Lisandro Macarrulla: RD se encamina a lograr el mayor crecimiento econ\u00f3mico regional en 2024","author":"Nelson Feliz","date":"16 de noviembre de 2023","format":false,"excerpt":"El expresidente del Consejo Nacional de la Empresa Privada (CONEP) y de la Asociaci\u00f3n de Industrias de la Rep\u00fablica Dominicana (AIRD), Lisandro Macarrulla, valor\u00f3 positivamente que el pa\u00eds se encamina a ser el de mayor crecimiento econ\u00f3mico en Centroam\u00e9rica en el a\u00f1o 2024. Macarrulla subray\u00f3 con satisfacci\u00f3n que, seg\u00fan el\u2026","rel":"","context":"En \u00abECONOM\u00cdA\u00bb","block_context":{"text":"ECONOM\u00cdA","link":"https:\/\/lasprimeras.com.do\/index.php\/category\/economia\/"},"img":{"alt_text":"Lisandro Macarrulla","src":"https:\/\/i0.wp.com\/lasprimeras.com.do\/wp-content\/uploads\/2023\/11\/Lisandro-Macarrulla.jpg?resize=350%2C200&ssl=1","width":350,"height":200,"srcset":"https:\/\/i0.wp.com\/lasprimeras.com.do\/wp-content\/uploads\/2023\/11\/Lisandro-Macarrulla.jpg?resize=350%2C200&ssl=1 1x, https:\/\/i0.wp.com\/lasprimeras.com.do\/wp-content\/uploads\/2023\/11\/Lisandro-Macarrulla.jpg?resize=525%2C300&ssl=1 1.5x, https:\/\/i0.wp.com\/lasprimeras.com.do\/wp-content\/uploads\/2023\/11\/Lisandro-Macarrulla.jpg?resize=700%2C400&ssl=1 2x"},"classes":[]},{"id":131866,"url":"https:\/\/lasprimeras.com.do\/index.php\/2026\/05\/26\/fundacion-macarrulla-anuncia-concurso-ilustremos-un-cuento\/","url_meta":{"origin":138946,"position":5},"title":"Fundaci\u00f3n Macarrulla anuncia concurso \u201cIlustremos un cuento\u201d","author":"Nelson Feliz","date":"26 de mayo de 2026","format":false,"excerpt":"Santo Domingo.-\u00a0 La Fundaci\u00f3n Macarrulla celebr\u00f3 la tercera edici\u00f3n del concurso infantil \u201cIlustremos un cuento\u201d, una iniciativa que busca incentivar en ni\u00f1os y adolescentes la lectura comprensiva, la imaginaci\u00f3n y la expresi\u00f3n art\u00edstica a trav\u00e9s de la ilustraci\u00f3n.En esta edici\u00f3n participaron 101 ni\u00f1os con edades entre 8 y 14 a\u00f1os,\u2026","rel":"","context":"En \u00abNACIONALES\u00bb","block_context":{"text":"NACIONALES","link":"https:\/\/lasprimeras.com.do\/index.php\/category\/nacionales\/"},"img":{"alt_text":"","src":"https:\/\/i0.wp.com\/lasprimeras.com.do\/wp-content\/uploads\/2026\/05\/IMG-20260521-WA0775.jpg?resize=350%2C200&ssl=1","width":350,"height":200,"srcset":"https:\/\/i0.wp.com\/lasprimeras.com.do\/wp-content\/uploads\/2026\/05\/IMG-20260521-WA0775.jpg?resize=350%2C200&ssl=1 1x, https:\/\/i0.wp.com\/lasprimeras.com.do\/wp-content\/uploads\/2026\/05\/IMG-20260521-WA0775.jpg?resize=525%2C300&ssl=1 1.5x, https:\/\/i0.wp.com\/lasprimeras.com.do\/wp-content\/uploads\/2026\/05\/IMG-20260521-WA0775.jpg?resize=700%2C400&ssl=1 2x, https:\/\/i0.wp.com\/lasprimeras.com.do\/wp-content\/uploads\/2026\/05\/IMG-20260521-WA0775.jpg?resize=1050%2C600&ssl=1 3x, https:\/\/i0.wp.com\/lasprimeras.com.do\/wp-content\/uploads\/2026\/05\/IMG-20260521-WA0775.jpg?resize=1400%2C800&ssl=1 4x"},"classes":[]}],"jetpack_sharing_enabled":true,"jetpack_featured_media_url":"https:\/\/lasprimeras.com.do\/wp-content\/uploads\/2026\/09\/IMG-20260903-WA0217.jpg","_links":{"self":[{"href":"https:\/\/lasprimeras.com.do\/index.php\/wp-json\/wp\/v2\/posts\/138946","targetHints":{"allow":["GET"]}}],"collection":[{"href":"https:\/\/lasprimeras.com.do\/index.php\/wp-json\/wp\/v2\/posts"}],"about":[{"href":"https:\/\/lasprimeras.com.do\/index.php\/wp-json\/wp\/v2\/types\/post"}],"author":[{"embeddable":true,"href":"https:\/\/lasprimeras.com.do\/index.php\/wp-json\/wp\/v2\/users\/10"}],"replies":[{"embeddable":true,"href":"https:\/\/lasprimeras.com.do\/index.php\/wp-json\/wp\/v2\/comments?post=138946"}],"version-history":[{"count":1,"href":"https:\/\/lasprimeras.com.do\/index.php\/wp-json\/wp\/v2\/posts\/138946\/revisions"}],"predecessor-version":[{"id":138948,"href":"https:\/\/lasprimeras.com.do\/index.php\/wp-json\/wp\/v2\/posts\/138946\/revisions\/138948"}],"wp:featuredmedia":[{"embeddable":true,"href":"https:\/\/lasprimeras.com.do\/index.php\/wp-json\/wp\/v2\/media\/138947"}],"wp:attachment":[{"href":"https:\/\/lasprimeras.com.do\/index.php\/wp-json\/wp\/v2\/media?parent=138946"}],"wp:term":[{"taxonomy":"category","embeddable":true,"href":"https:\/\/lasprimeras.com.do\/index.php\/wp-json\/wp\/v2\/categories?post=138946"},{"taxonomy":"post_tag","embeddable":true,"href":"https:\/\/lasprimeras.com.do\/index.php\/wp-json\/wp\/v2\/tags?post=138946"}],"curies":[{"name":"wp","href":"https:\/\/api.w.org\/{rel}","templated":true}]}}