{"id":138949,"date":"2026-09-03T11:33:52","date_gmt":"2026-09-03T15:33:52","guid":{"rendered":"https:\/\/lasprimeras.com.do\/?p=138949"},"modified":"2026-09-03T11:33:55","modified_gmt":"2026-09-03T15:33:55","slug":"dgjp-capacita-a-personal-de-la-presidencia-sobre-pensiones","status":"publish","type":"post","link":"https:\/\/lasprimeras.com.do\/index.php\/2026\/09\/03\/dgjp-capacita-a-personal-de-la-presidencia-sobre-pensiones\/","title":{"rendered":"DGJP capacita a personal de la Presidencia sobre pensiones"},"content":{"rendered":"\n<p class=\"wp-block-paragraph\">SANTO DOMINGO.=. La DGJP imparti\u00f3 la charla \u201cSistema de Reparto Estatal: procedimientos y beneficios\u201d. La jornada se realiz\u00f3 en la Presidencia de la Rep\u00fablica.<\/p>\n\n\n\n<p class=\"wp-block-paragraph\">Busca fortalecer el conocimiento de los colaboradores en materia de Seguridad Social.<\/p>\n\n\n\n<p class=\"wp-block-paragraph\">La capacitaci\u00f3n estuvo a cargo de Mar\u00eda Nina y Sebasti\u00e1n Figuereo. Abordaron el marco legal, los reg\u00edmenes de pensiones y los principales beneficios.<\/p>\n\n\n\n<p class=\"wp-block-paragraph\">Tambi\u00e9n explicaron tr\u00e1mites de pensi\u00f3n por antig\u00fcedad, sobrevivencia y discapacidad.<\/p>\n\n\n\n<p class=\"wp-block-paragraph\">Los facilitadores detallaron los requisitos y pasos para solicitar pensi\u00f3n y retorno al sistema.<\/p>\n\n\n\n<p class=\"wp-block-paragraph\">La actividad forma parte del programa de orientaci\u00f3n previsional de la DGJP.<\/p>\n\n\n\n<p class=\"wp-block-paragraph\">Responde a lineamientos del director general Juan Rosa y del Gobierno de Luis Abinader.<\/p>\n\n\n\n<p class=\"wp-block-paragraph\">El encuentro se realiz\u00f3 en el sal\u00f3n Hermanas Mirabal. Hubo un espacio de preguntas donde los colaboradores aclararon dudas.<\/p>\n\n\n\n<p class=\"wp-block-paragraph\">La DGJP reafirm\u00f3 su compromiso con la educaci\u00f3n, transparencia y modernizaci\u00f3n del sistema.<\/p>\n","protected":false},"excerpt":{"rendered":"<p>SANTO DOMINGO.=. La DGJP imparti\u00f3 la charla \u201cSistema de Reparto Estatal: procedimientos y beneficios\u201d. La jornada se realiz\u00f3 en la Presidencia de la Rep\u00fablica. Busca fortalecer el conocimiento de los&hellip;<\/p>\n","protected":false},"author":10,"featured_media":0,"comment_status":"open","ping_status":"open","sticky":false,"template":"","format":"standard","meta":{"content-type":"","_jetpack_newsletter_access":"","_jetpack_dont_email_post_to_subs":false,"_jetpack_newsletter_tier_id":0,"_jetpack_memberships_contains_paywalled_content":false,"_jetpack_feature_clip_id":0,"_jetpack_memberships_contains_paid_content":false,"footnotes":"","jetpack_post_was_ever_published":false},"categories":[35],"tags":[36262,18334,36261,36260],"class_list":["post-138949","post","type-post","status-publish","format-standard","hentry","category-nacionales","tag-capacitacion-presidencia","tag-dgjp","tag-pensiones-rd","tag-sistema-reparto-estatal"],"jetpack-related-posts":[{"id":137550,"url":"https:\/\/lasprimeras.com.do\/index.php\/2026\/08\/18\/dgjp-orienta-a-personal-de-prodominicana-y-contraloria-sobre-pensiones-del-estado\/","url_meta":{"origin":138949,"position":0},"title":"DGJP orienta a personal de PRODOMINICANA y Contralor\u00eda sobre pensiones del Estado","author":"Nelson Feliz","date":"18 de agosto de 2026","format":false,"excerpt":"Santo Domingo, D.N. La Direcci\u00f3n General de Jubilaciones y Pensiones a Cargo del Estado, DGJP, imparti\u00f3 la charla \u201cSistema de Reparto Estatal: procedimientos y beneficios para los afiliados\u201d. La actividad se realiz\u00f3 en PRODOMINICANA y en la Contralor\u00eda General de la Rep\u00fablica. La DGJP contin\u00faa llevando orientaci\u00f3n directa a las\u2026","rel":"","context":"En \u00abECONOM\u00cdA\u00bb","block_context":{"text":"ECONOM\u00cdA","link":"https:\/\/lasprimeras.com.do\/index.php\/category\/economia\/"},"img":{"alt_text":"","src":"https:\/\/i0.wp.com\/lasprimeras.com.do\/wp-content\/uploads\/2026\/08\/IMG-20260817-WA0714.jpg?resize=350%2C200&ssl=1","width":350,"height":200,"srcset":"https:\/\/i0.wp.com\/lasprimeras.com.do\/wp-content\/uploads\/2026\/08\/IMG-20260817-WA0714.jpg?resize=350%2C200&ssl=1 1x, https:\/\/i0.wp.com\/lasprimeras.com.do\/wp-content\/uploads\/2026\/08\/IMG-20260817-WA0714.jpg?resize=525%2C300&ssl=1 1.5x, https:\/\/i0.wp.com\/lasprimeras.com.do\/wp-content\/uploads\/2026\/08\/IMG-20260817-WA0714.jpg?resize=700%2C400&ssl=1 2x, https:\/\/i0.wp.com\/lasprimeras.com.do\/wp-content\/uploads\/2026\/08\/IMG-20260817-WA0714.jpg?resize=1050%2C600&ssl=1 3x, https:\/\/i0.wp.com\/lasprimeras.com.do\/wp-content\/uploads\/2026\/08\/IMG-20260817-WA0714.jpg?resize=1400%2C800&ssl=1 4x"},"classes":[]},{"id":116611,"url":"https:\/\/lasprimeras.com.do\/index.php\/2025\/12\/02\/dgjp-paga-mas-rd-3884-millones-de-regalia-pascual-a-pensionados-a-nivel-nacional\/","url_meta":{"origin":138949,"position":1},"title":"DGJP paga m\u00e1s RD$ 3,884 millones de regal\u00eda pascual a pensionados a nivel nacional","author":"Nelson Feliz","date":"2 de diciembre de 2025","format":false,"excerpt":"La Direcci\u00f3n General de Jubilaciones y Pensiones a Cargo del Estado (DGJP) inform\u00f3 que fue realizado el desembolso de m\u00e1s RD$ 3,884, 802,646.57 correspondiente al pago de la regal\u00eda pascual del a\u00f1o 2025, a todos los pensionados y jubilados a cargo del Estado. La entidad indic\u00f3 que el monto remunerado\u2026","rel":"","context":"En \u00abECONOM\u00cdA\u00bb","block_context":{"text":"ECONOM\u00cdA","link":"https:\/\/lasprimeras.com.do\/index.php\/category\/economia\/"},"img":{"alt_text":"DGJP","src":"https:\/\/i0.wp.com\/lasprimeras.com.do\/wp-content\/uploads\/2025\/12\/DGJP.jpg?resize=350%2C200&ssl=1","width":350,"height":200,"srcset":"https:\/\/i0.wp.com\/lasprimeras.com.do\/wp-content\/uploads\/2025\/12\/DGJP.jpg?resize=350%2C200&ssl=1 1x, https:\/\/i0.wp.com\/lasprimeras.com.do\/wp-content\/uploads\/2025\/12\/DGJP.jpg?resize=525%2C300&ssl=1 1.5x, https:\/\/i0.wp.com\/lasprimeras.com.do\/wp-content\/uploads\/2025\/12\/DGJP.jpg?resize=700%2C400&ssl=1 2x"},"classes":[]},{"id":105799,"url":"https:\/\/lasprimeras.com.do\/index.php\/2025\/08\/07\/dgjp-capacita-a-colaboradores-de-inazucar-sobre-sistema-de-reparto\/","url_meta":{"origin":138949,"position":2},"title":"DGJP capacita a colaboradores de INAZUCAR sobre Sistema de Reparto","author":"Nelson Feliz","date":"7 de agosto de 2025","format":false,"excerpt":"La Direcci\u00f3n General de Jubilaciones y Pensiones a Cargo del Estado (DGJP), imparti\u00f3 una charla sobre el Sistema de Reparto Estatal, esta vez dirigida a colaboradores de Instituto Azucarero Dominicano (INAZUCAR). La capacitaci\u00f3n estuvo a cargo de los docentes de la DGJP, Francia de los Santos y Jos\u00e9 Santos, quienes\u2026","rel":"","context":"En \u00abECONOM\u00cdA\u00bb","block_context":{"text":"ECONOM\u00cdA","link":"https:\/\/lasprimeras.com.do\/index.php\/category\/economia\/"},"img":{"alt_text":"","src":"https:\/\/i0.wp.com\/lasprimeras.com.do\/wp-content\/uploads\/2025\/08\/Sistema-de-Reparto.jpg?resize=350%2C200&ssl=1","width":350,"height":200,"srcset":"https:\/\/i0.wp.com\/lasprimeras.com.do\/wp-content\/uploads\/2025\/08\/Sistema-de-Reparto.jpg?resize=350%2C200&ssl=1 1x, https:\/\/i0.wp.com\/lasprimeras.com.do\/wp-content\/uploads\/2025\/08\/Sistema-de-Reparto.jpg?resize=525%2C300&ssl=1 1.5x, https:\/\/i0.wp.com\/lasprimeras.com.do\/wp-content\/uploads\/2025\/08\/Sistema-de-Reparto.jpg?resize=700%2C400&ssl=1 2x"},"classes":[]},{"id":138175,"url":"https:\/\/lasprimeras.com.do\/index.php\/2026\/08\/26\/dgjp-y-hermandad-de-veteranos-firman-convenio-de-cooperacion\/","url_meta":{"origin":138949,"position":3},"title":"DGJP y Hermandad de Veteranos firman convenio de cooperaci\u00f3n","author":"Nelson Feliz","date":"26 de agosto de 2026","format":false,"excerpt":"Santo Domingo, R.D.,=La DGJP y la Hermandad de Veteranos Pensionados de http:\/\/FF.AA. y la Polic\u00eda Nacional firmaron un convenio. Busca elevar la calidad de vida de los veteranos pensionados, garantizar\u00e1 una gesti\u00f3n previsional oportuna, eficiente y humana. El acto fue encabezado por Juan Rosa, director de la DGJP, y el\u2026","rel":"","context":"En \u00abECONOM\u00cdA\u00bb","block_context":{"text":"ECONOM\u00cdA","link":"https:\/\/lasprimeras.com.do\/index.php\/category\/economia\/"},"img":{"alt_text":"DGJP","src":"https:\/\/i0.wp.com\/lasprimeras.com.do\/wp-content\/uploads\/2025\/12\/DGJP.jpg?resize=350%2C200&ssl=1","width":350,"height":200,"srcset":"https:\/\/i0.wp.com\/lasprimeras.com.do\/wp-content\/uploads\/2025\/12\/DGJP.jpg?resize=350%2C200&ssl=1 1x, https:\/\/i0.wp.com\/lasprimeras.com.do\/wp-content\/uploads\/2025\/12\/DGJP.jpg?resize=525%2C300&ssl=1 1.5x, https:\/\/i0.wp.com\/lasprimeras.com.do\/wp-content\/uploads\/2025\/12\/DGJP.jpg?resize=700%2C400&ssl=1 2x"},"classes":[]},{"id":75467,"url":"https:\/\/lasprimeras.com.do\/index.php\/2024\/02\/01\/dgjp-y-asodoprom-estudian-propuesta-de-inclusion-de-productores-a-programa-de-pensiones\/","url_meta":{"origin":138949,"position":4},"title":"DGJP y ASODOPROM estudian propuesta de inclusi\u00f3n de productores a programa de pensiones","author":"Nelson Feliz","date":"1 de febrero de 2024","format":false,"excerpt":"El Director de la Direcci\u00f3n Generalde Pensiones y Jubilaci\u00f3n del Estado, Juan Rosa recibi\u00f3 este jueves una visita de cortes\u00eda del presidente de la Asociaci\u00f3nDominicana de Productores de Opini\u00f3n P\u00fablica (ASODOPROM), Luis Tejada y del coordinador\u00a0 del Municipio Santo DomingoEste, Carlos Mart\u00ednez.\u00a0\u00a0\u00a0\u00a0 En una nota de prensa enviada a los\u2026","rel":"","context":"En \u00abECONOM\u00cdA\u00bb","block_context":{"text":"ECONOM\u00cdA","link":"https:\/\/lasprimeras.com.do\/index.php\/category\/economia\/"},"img":{"alt_text":"Director de Pensiones y ASODOPROM","src":"https:\/\/i0.wp.com\/lasprimeras.com.do\/wp-content\/uploads\/2024\/02\/Director-de-Pensiones-y-ASODOPROM.jpg?resize=350%2C200&ssl=1","width":350,"height":200,"srcset":"https:\/\/i0.wp.com\/lasprimeras.com.do\/wp-content\/uploads\/2024\/02\/Director-de-Pensiones-y-ASODOPROM.jpg?resize=350%2C200&ssl=1 1x, https:\/\/i0.wp.com\/lasprimeras.com.do\/wp-content\/uploads\/2024\/02\/Director-de-Pensiones-y-ASODOPROM.jpg?resize=525%2C300&ssl=1 1.5x, https:\/\/i0.wp.com\/lasprimeras.com.do\/wp-content\/uploads\/2024\/02\/Director-de-Pensiones-y-ASODOPROM.jpg?resize=700%2C400&ssl=1 2x"},"classes":[]},{"id":115024,"url":"https:\/\/lasprimeras.com.do\/index.php\/2025\/11\/18\/mas-de-26000-personas-con-pensiones-aprobadas-no-la-han-reclamado\/","url_meta":{"origin":138949,"position":5},"title":"M\u00e1s de 26,000 personas con pensiones aprobadas no la han reclamado","author":"Nelson Feliz","date":"18 de noviembre de 2025","format":false,"excerpt":"La lista de beneficiarios est\u00e1 disponible en la p\u00e1gina web de la DIDA www.dida.gob.do. La Direcci\u00f3n General de Informaci\u00f3n y Defensa de los Afiliados a la Seguridad Social (DIDA) inform\u00f3 que 26,167 personas con distintos tipos de pensiones aprobadas por el Poder Ejecutivo a\u00fan no disfrutan de las mismas por\u2026","rel":"","context":"En \u00abECONOM\u00cdA\u00bb","block_context":{"text":"ECONOM\u00cdA","link":"https:\/\/lasprimeras.com.do\/index.php\/category\/economia\/"},"img":{"alt_text":"El\u00edas B\u00e1ez","src":"https:\/\/i0.wp.com\/lasprimeras.com.do\/wp-content\/uploads\/2025\/11\/Elias-Baez-1.jpg?resize=350%2C200&ssl=1","width":350,"height":200,"srcset":"https:\/\/i0.wp.com\/lasprimeras.com.do\/wp-content\/uploads\/2025\/11\/Elias-Baez-1.jpg?resize=350%2C200&ssl=1 1x, https:\/\/i0.wp.com\/lasprimeras.com.do\/wp-content\/uploads\/2025\/11\/Elias-Baez-1.jpg?resize=525%2C300&ssl=1 1.5x, https:\/\/i0.wp.com\/lasprimeras.com.do\/wp-content\/uploads\/2025\/11\/Elias-Baez-1.jpg?resize=700%2C400&ssl=1 2x"},"classes":[]}],"jetpack_sharing_enabled":true,"jetpack_featured_media_url":"","_links":{"self":[{"href":"https:\/\/lasprimeras.com.do\/index.php\/wp-json\/wp\/v2\/posts\/138949","targetHints":{"allow":["GET"]}}],"collection":[{"href":"https:\/\/lasprimeras.com.do\/index.php\/wp-json\/wp\/v2\/posts"}],"about":[{"href":"https:\/\/lasprimeras.com.do\/index.php\/wp-json\/wp\/v2\/types\/post"}],"author":[{"embeddable":true,"href":"https:\/\/lasprimeras.com.do\/index.php\/wp-json\/wp\/v2\/users\/10"}],"replies":[{"embeddable":true,"href":"https:\/\/lasprimeras.com.do\/index.php\/wp-json\/wp\/v2\/comments?post=138949"}],"version-history":[{"count":1,"href":"https:\/\/lasprimeras.com.do\/index.php\/wp-json\/wp\/v2\/posts\/138949\/revisions"}],"predecessor-version":[{"id":138950,"href":"https:\/\/lasprimeras.com.do\/index.php\/wp-json\/wp\/v2\/posts\/138949\/revisions\/138950"}],"wp:attachment":[{"href":"https:\/\/lasprimeras.com.do\/index.php\/wp-json\/wp\/v2\/media?parent=138949"}],"wp:term":[{"taxonomy":"category","embeddable":true,"href":"https:\/\/lasprimeras.com.do\/index.php\/wp-json\/wp\/v2\/categories?post=138949"},{"taxonomy":"post_tag","embeddable":true,"href":"https:\/\/lasprimeras.com.do\/index.php\/wp-json\/wp\/v2\/tags?post=138949"}],"curies":[{"name":"wp","href":"https:\/\/api.w.org\/{rel}","templated":true}]}}