{"id":138952,"date":"2026-09-03T11:54:30","date_gmt":"2026-09-03T15:54:30","guid":{"rendered":"https:\/\/lasprimeras.com.do\/?p=138952"},"modified":"2026-09-03T11:54:32","modified_gmt":"2026-09-03T15:54:32","slug":"cntd-respalda-invertir-fondos-de-pensiones-en-areas-productivas","status":"publish","type":"post","link":"https:\/\/lasprimeras.com.do\/index.php\/2026\/09\/03\/cntd-respalda-invertir-fondos-de-pensiones-en-areas-productivas\/","title":{"rendered":"CNTD respalda invertir fondos de pensiones en \u00e1reas productivas"},"content":{"rendered":"\n<p class=\"wp-block-paragraph\"><em>SANTO DOMINGO.<\/em> La CNTD expres\u00f3 preocupaci\u00f3n por informaciones que, a su juicio, buscan confundir sobre los fondos de pensiones.<\/p>\n\n\n\n<p class=\"wp-block-paragraph\">La confederaci\u00f3n respalda que esos recursos se inviertan en \u00e1reas productivas que generen empleos.<\/p>\n\n\n\n<p class=\"wp-block-paragraph\">Afirm\u00f3 que deben contribuir al desarrollo econ\u00f3mico y social del pa\u00eds.<\/p>\n\n\n\n<p class=\"wp-block-paragraph\">Los fondos son capitales acumulados para garantizar pensiones a los trabajadores.<\/p>\n\n\n\n<p class=\"wp-block-paragraph\">La Ley 87-01 establece que las AFP deben invertirlos para obtener rentabilidad real.<\/p>\n\n\n\n<p class=\"wp-block-paragraph\">Todo dentro de los l\u00edmites y normas que fija la ley. El art\u00edculo 99 crea la Comisi\u00f3n Clasificadora de Riesgos.<\/p>\n\n\n\n<p class=\"wp-block-paragraph\">La integran Superintendente de Pensiones, Gobernador del Banco Central y otros.<\/p>\n\n\n\n<p class=\"wp-block-paragraph\">Eval\u00faa el grado de riesgo de cada instrumento financiero antes de invertir.<\/p>\n\n\n\n<p class=\"wp-block-paragraph\">Los fondos se colocan en deuda p\u00fablica, renta fija privada y renta variable. Tambi\u00e9n en valores de fideicomiso.<\/p>\n\n\n\n<p class=\"wp-block-paragraph\">El art\u00edculo 101 establece que la custodia est\u00e1 a cargo del Banco Central.<\/p>\n\n\n\n<p class=\"wp-block-paragraph\">La CNTD destac\u00f3 que esos fondos fomentan el ahorro y el crecimiento econ\u00f3mico. Son la garant\u00eda de que el trabajador reciba su pensi\u00f3n al retirarse.<\/p>\n\n\n\n<p class=\"wp-block-paragraph\">Pidi\u00f3 informar con responsabilidad para no generar alarma.<\/p>\n","protected":false},"excerpt":{"rendered":"<p>SANTO DOMINGO. La CNTD expres\u00f3 preocupaci\u00f3n por informaciones que, a su juicio, buscan confundir sobre los fondos de pensiones. La confederaci\u00f3n respalda que esos recursos se inviertan en \u00e1reas productivas&hellip;<\/p>\n","protected":false},"author":10,"featured_media":138953,"comment_status":"open","ping_status":"open","sticky":false,"template":"","format":"standard","meta":{"content-type":"","_jetpack_newsletter_access":"","_jetpack_dont_email_post_to_subs":false,"_jetpack_newsletter_tier_id":0,"_jetpack_memberships_contains_paywalled_content":false,"_jetpack_feature_clip_id":0,"_jetpack_memberships_contains_paid_content":false,"footnotes":"","jetpack_post_was_ever_published":false},"categories":[39],"tags":[25780,36263,36265,36264],"class_list":["post-138952","post","type-post","status-publish","format-standard","has-post-thumbnail","hentry","category-economia","tag-cntd","tag-fondos-pensiones-rd","tag-inversion-productiva-afp","tag-ley-87-01"],"jetpack-related-posts":[{"id":60483,"url":"https:\/\/lasprimeras.com.do\/index.php\/2023\/09\/14\/superintendencia-de-pensiones-se-reune-con-la-comision-de-diputados\/","url_meta":{"origin":138952,"position":0},"title":"Superintendencia de Pensiones se re\u00fane con la Comisi\u00f3n de Diputados","author":"Nelson Feliz","date":"14 de septiembre de 2023","format":false,"excerpt":"El superintendente de Pensiones, Francisco A. Torres, se reuni\u00f3 con los miembros de la Comisi\u00f3n Permanente de la Seguridad Social de la C\u00e1mara de Diputados, ante el inter\u00e9s de estos en conocer con mayores detalles, el proceso de la reciente adquisici\u00f3n de acciones de oferta p\u00fablica, por parte de las\u2026","rel":"","context":"En \u00abECONOM\u00cdA\u00bb","block_context":{"text":"ECONOM\u00cdA","link":"https:\/\/lasprimeras.com.do\/index.php\/category\/economia\/"},"img":{"alt_text":"SIPEN","src":"https:\/\/i0.wp.com\/lasprimeras.com.do\/wp-content\/uploads\/2023\/08\/SIPEN.jpg?resize=350%2C200&ssl=1","width":350,"height":200,"srcset":"https:\/\/i0.wp.com\/lasprimeras.com.do\/wp-content\/uploads\/2023\/08\/SIPEN.jpg?resize=350%2C200&ssl=1 1x, https:\/\/i0.wp.com\/lasprimeras.com.do\/wp-content\/uploads\/2023\/08\/SIPEN.jpg?resize=525%2C300&ssl=1 1.5x, https:\/\/i0.wp.com\/lasprimeras.com.do\/wp-content\/uploads\/2023\/08\/SIPEN.jpg?resize=700%2C400&ssl=1 2x"},"classes":[]},{"id":54128,"url":"https:\/\/lasprimeras.com.do\/index.php\/2023\/07\/07\/adafp-respalda-resolucion-cnss-que-facilita-acceso-a-pensiones-a-trabajadores-del-estado\/","url_meta":{"origin":138952,"position":1},"title":"ADAFP respalda resoluci\u00f3n CNSS que facilita acceso a pensiones a trabajadores del Estado","author":"Nelson Feliz","date":"7 de julio de 2023","format":false,"excerpt":"El gremio de las AFP valor\u00f3 la Resoluci\u00f3n 572-07 del Consejo Nacional de la Seguridad Social (CNSS), que facilitar\u00e1 que miles de trabajadores en edad de retiro, que cotizaron en el sistema anterior, obtengan pensiones estatales y que, adem\u00e1s, si han aportado al sistema con empleadores privados podr\u00e1n recibir el\u2026","rel":"","context":"En \u00abECONOM\u00cdA\u00bb","block_context":{"text":"ECONOM\u00cdA","link":"https:\/\/lasprimeras.com.do\/index.php\/category\/economia\/"},"img":{"alt_text":"Kirsis J\u00e1quez, presidenta ejecutiva ADAFP.jpg","src":"https:\/\/i0.wp.com\/lasprimeras.com.do\/wp-content\/uploads\/2023\/07\/Kirsis-Jaquez-presidenta-ejecutiva-ADAFP.jpg-.jpg?resize=350%2C200&ssl=1","width":350,"height":200,"srcset":"https:\/\/i0.wp.com\/lasprimeras.com.do\/wp-content\/uploads\/2023\/07\/Kirsis-Jaquez-presidenta-ejecutiva-ADAFP.jpg-.jpg?resize=350%2C200&ssl=1 1x, https:\/\/i0.wp.com\/lasprimeras.com.do\/wp-content\/uploads\/2023\/07\/Kirsis-Jaquez-presidenta-ejecutiva-ADAFP.jpg-.jpg?resize=525%2C300&ssl=1 1.5x, https:\/\/i0.wp.com\/lasprimeras.com.do\/wp-content\/uploads\/2023\/07\/Kirsis-Jaquez-presidenta-ejecutiva-ADAFP.jpg-.jpg?resize=700%2C400&ssl=1 2x"},"classes":[]},{"id":50853,"url":"https:\/\/lasprimeras.com.do\/index.php\/2023\/05\/24\/jacobo-ramos-cree-pertinente-decision-tc-que-revoca-sentencia-sobre-fondos-afp\/","url_meta":{"origin":138952,"position":2},"title":"Jacobo Ramos cree pertinente decisi\u00f3n TC que revoca sentencia sobre fondos AFP","author":"prenxa100","date":"24 de mayo de 2023","format":false,"excerpt":"-Advierte sectores atentan contra la seguridad social Santo Domingo .-. El presidente de la Confederaci\u00f3n Nacional de Trabajadores Dominicanos (CNTD), Jacobo Ramos, consider\u00f3 como sensata, la sentencia\u00a00211\/23, el Tribunal Constitucional (TC), que declar\u00f3 improcedente la acci\u00f3n de amparo acogida por el Tribunal Superior Administrativo, sobre supuesta sustracci\u00f3n de fondos de\u2026","rel":"","context":"En \u00abECONOM\u00cdA\u00bb","block_context":{"text":"ECONOM\u00cdA","link":"https:\/\/lasprimeras.com.do\/index.php\/category\/economia\/"},"img":{"alt_text":"","src":"","width":0,"height":0},"classes":[]},{"id":54322,"url":"https:\/\/lasprimeras.com.do\/index.php\/2023\/07\/09\/video-contralor-de-ny-anuncia-invertiran-fondos-de-pensiones-en-rd\/","url_meta":{"origin":138952,"position":3},"title":"VIDEO: Contralor de NY anuncia invertir\u00e1n fondos de pensiones en RD","author":"Nelson Feliz","date":"9 de julio de 2023","format":false,"excerpt":"Contralor del estado de New York anuncia invertir\u00e1n fondos de pensiones en Rep\u00fablica Dominicana. El Contralor del estado de New York Thomas Dinapoli revel\u00f3 que avanzan en la ruta y esfuerzos para lograr invertir parte de los 350 mil millones de d\u00f3lares disponibles en los fondos de pensiones de New\u2026","rel":"","context":"En \u00abECONOM\u00cdA\u00bb","block_context":{"text":"ECONOM\u00cdA","link":"https:\/\/lasprimeras.com.do\/index.php\/category\/economia\/"},"img":{"alt_text":"Thomas Dinapoli","src":"https:\/\/i0.wp.com\/lasprimeras.com.do\/wp-content\/uploads\/2023\/07\/Thomas-Dinapoli.jpg?resize=350%2C200&ssl=1","width":350,"height":200,"srcset":"https:\/\/i0.wp.com\/lasprimeras.com.do\/wp-content\/uploads\/2023\/07\/Thomas-Dinapoli.jpg?resize=350%2C200&ssl=1 1x, https:\/\/i0.wp.com\/lasprimeras.com.do\/wp-content\/uploads\/2023\/07\/Thomas-Dinapoli.jpg?resize=525%2C300&ssl=1 1.5x, https:\/\/i0.wp.com\/lasprimeras.com.do\/wp-content\/uploads\/2023\/07\/Thomas-Dinapoli.jpg?resize=700%2C400&ssl=1 2x"},"classes":[]},{"id":54618,"url":"https:\/\/lasprimeras.com.do\/index.php\/2023\/07\/12\/fuerza-del-pueblo-exige-mayores-retornos-para-fondos-de-pensiones\/","url_meta":{"origin":138952,"position":4},"title":"Fuerza del Pueblo exige mayores retornos para fondos de pensiones","author":"Nelson Feliz","date":"12 de julio de 2023","format":false,"excerpt":"Fuerza del Pueblo sale en defensa de los cotizantes de la Seguridad Social. El secretario de Seguridad Social del partido Fuerza del Pueblo, Fernando Caama\u00f1o, exigi\u00f3 de las autoridades una atenci\u00f3n especial sobre la tasa de retorno nominal, que les otorgan a los fondos invertidos de los ahorrantes al Sistema\u2026","rel":"","context":"En \u00abECONOM\u00cdA\u00bb","block_context":{"text":"ECONOM\u00cdA","link":"https:\/\/lasprimeras.com.do\/index.php\/category\/economia\/"},"img":{"alt_text":"Fernando Caama\u00f1o","src":"https:\/\/i0.wp.com\/lasprimeras.com.do\/wp-content\/uploads\/2023\/07\/Fernando-Caamano.jpg?resize=350%2C200&ssl=1","width":350,"height":200,"srcset":"https:\/\/i0.wp.com\/lasprimeras.com.do\/wp-content\/uploads\/2023\/07\/Fernando-Caamano.jpg?resize=350%2C200&ssl=1 1x, https:\/\/i0.wp.com\/lasprimeras.com.do\/wp-content\/uploads\/2023\/07\/Fernando-Caamano.jpg?resize=525%2C300&ssl=1 1.5x"},"classes":[]},{"id":98223,"url":"https:\/\/lasprimeras.com.do\/index.php\/2025\/05\/02\/fopetcons-entrega-nuevas-pensiones-a-trabajadores-de-la-construccion\/","url_meta":{"origin":138952,"position":5},"title":"Fopetcons entrega nuevas pensiones a trabajadores de la construcci\u00f3n","author":"Nelson Feliz","date":"2 de mayo de 2025","format":false,"excerpt":"La instituci\u00f3n reafirma su compromiso con el bienestar del sector. El Fondo de Pensiones de los Trabajadores de la Construcci\u00f3n (Fopetcons) entreg\u00f3 nuevas pensiones a trabajadores jubilados de la construcci\u00f3n de las regiones: Este, Sur y del Distrito Nacional, como parte de su responsabilidad permanente con el bienestar y la\u2026","rel":"","context":"En \u00abECONOM\u00cdA\u00bb","block_context":{"text":"ECONOM\u00cdA","link":"https:\/\/lasprimeras.com.do\/index.php\/category\/economia\/"},"img":{"alt_text":"","src":"https:\/\/i0.wp.com\/lasprimeras.com.do\/wp-content\/uploads\/2025\/05\/Fopetcons-1.jpg?resize=350%2C200&ssl=1","width":350,"height":200,"srcset":"https:\/\/i0.wp.com\/lasprimeras.com.do\/wp-content\/uploads\/2025\/05\/Fopetcons-1.jpg?resize=350%2C200&ssl=1 1x, https:\/\/i0.wp.com\/lasprimeras.com.do\/wp-content\/uploads\/2025\/05\/Fopetcons-1.jpg?resize=525%2C300&ssl=1 1.5x"},"classes":[]}],"jetpack_sharing_enabled":true,"jetpack_featured_media_url":"https:\/\/lasprimeras.com.do\/wp-content\/uploads\/2026\/09\/IMG-20260903-WA0173.jpg","_links":{"self":[{"href":"https:\/\/lasprimeras.com.do\/index.php\/wp-json\/wp\/v2\/posts\/138952","targetHints":{"allow":["GET"]}}],"collection":[{"href":"https:\/\/lasprimeras.com.do\/index.php\/wp-json\/wp\/v2\/posts"}],"about":[{"href":"https:\/\/lasprimeras.com.do\/index.php\/wp-json\/wp\/v2\/types\/post"}],"author":[{"embeddable":true,"href":"https:\/\/lasprimeras.com.do\/index.php\/wp-json\/wp\/v2\/users\/10"}],"replies":[{"embeddable":true,"href":"https:\/\/lasprimeras.com.do\/index.php\/wp-json\/wp\/v2\/comments?post=138952"}],"version-history":[{"count":1,"href":"https:\/\/lasprimeras.com.do\/index.php\/wp-json\/wp\/v2\/posts\/138952\/revisions"}],"predecessor-version":[{"id":138954,"href":"https:\/\/lasprimeras.com.do\/index.php\/wp-json\/wp\/v2\/posts\/138952\/revisions\/138954"}],"wp:featuredmedia":[{"embeddable":true,"href":"https:\/\/lasprimeras.com.do\/index.php\/wp-json\/wp\/v2\/media\/138953"}],"wp:attachment":[{"href":"https:\/\/lasprimeras.com.do\/index.php\/wp-json\/wp\/v2\/media?parent=138952"}],"wp:term":[{"taxonomy":"category","embeddable":true,"href":"https:\/\/lasprimeras.com.do\/index.php\/wp-json\/wp\/v2\/categories?post=138952"},{"taxonomy":"post_tag","embeddable":true,"href":"https:\/\/lasprimeras.com.do\/index.php\/wp-json\/wp\/v2\/tags?post=138952"}],"curies":[{"name":"wp","href":"https:\/\/api.w.org\/{rel}","templated":true}]}}