{"id":138955,"date":"2026-09-03T12:08:43","date_gmt":"2026-09-03T16:08:43","guid":{"rendered":"https:\/\/lasprimeras.com.do\/?p=138955"},"modified":"2026-09-03T12:08:45","modified_gmt":"2026-09-03T16:08:45","slug":"diputados-sdo-destacan-avance-en-saneamiento-canadas-ejecuta-la-caasd","status":"publish","type":"post","link":"https:\/\/lasprimeras.com.do\/index.php\/2026\/09\/03\/diputados-sdo-destacan-avance-en-saneamiento-canadas-ejecuta-la-caasd\/","title":{"rendered":"Diputados SDO destacan avance en saneamiento ca\u00f1adas ejecuta la CAASD"},"content":{"rendered":"\n<p class=\"wp-block-paragraph\">Santo Domingo.- El director general de la Corporaci\u00f3n del Acueducto y Alcantarillado de Santo Domingo (CAASD), Fellito Suberv\u00ed, afirm\u00f3 que avanzan a ritmo acelerados los trabajos de saneamiento que ejecuta la instituci\u00f3n en los sectores El Abanico de Herrera, Ciudad Agraria, Flor de Liz y Los Indios, entre otras comunidades de Santo Domingo Oeste.<\/p>\n\n\n\n<p class=\"wp-block-paragraph\">Durante el recorrido semanal de supervisi\u00f3n, Suberv\u00ed inform\u00f3 que estos trabajos de intervenci\u00f3n, vinculados a la ca\u00f1ada Guajim\u00eda, presentan un avance de un 80 % de ejecuci\u00f3n.<\/p>\n\n\n\n<p class=\"wp-block-paragraph\">El director de la CAASD resalt\u00f3 que dichos trabajos forman parte del amplio programa de obras que desarrolla la instituci\u00f3n.<\/p>\n\n\n\n<p class=\"wp-block-paragraph\">Suberv\u00ed reiter\u00f3 que durante los pr\u00f3ximos ocho meses ser\u00e1n entregados proyectos sin precedentes en la historia de esa instituci\u00f3n, con el prop\u00f3sito de mejorar la calidad de vida de las comunidades.<\/p>\n\n\n\n<p class=\"wp-block-paragraph\">\u201cYo estoy fascinado, estamos bien avanzados, esto va superbi\u00e9n. Estamos marcando un hito, y mejorando siempre la calidad de vida de la gente, que ese es nuestro norte y el del presidente Luis Abinader\u201d, manifest\u00f3 el funcionario.<\/p>\n\n\n\n<p class=\"wp-block-paragraph\">Durante el recorrido, Suberv\u00ed estuvo acompa\u00f1ado por los diputados Indhira De Jes\u00fas y F\u00e9lix Manuel Encarnaci\u00f3n, as\u00ed como por dirigentes comunitarios, quienes destacaron el impacto de estas obras en la vida de los mun\u00edcipes de Santo Domingo Oeste.<\/p>\n\n\n\n<p class=\"wp-block-paragraph\">\u201cCada vez que vengo a estos recorridos me sorprendo m\u00e1s por los grandes avances que tenemos en nuestro municipio\u201d, destac\u00f3 la diputada perreme\u00edsta por la Circunscripci\u00f3n 4 de Santo Domingo Oeste, Indhira De Jes\u00fas.<\/p>\n\n\n\n<p class=\"wp-block-paragraph\">Asimismo, el diputado F\u00e9lix Manuel Encarnaci\u00f3n Montero resalt\u00f3 el cambio que ha experimentado el entorno a partir de la intervenci\u00f3n de la CAASD.<\/p>\n\n\n\n<p class=\"wp-block-paragraph\">\u201cYo, que en campa\u00f1a siempre visitaba todos estos lugares, debo decir que esto era un peque\u00f1o vertedero y hoy hay una verdadera transformaci\u00f3n\u201d, afirm\u00f3 el legislador oficialista de Santo Domingo Oeste.<\/p>\n","protected":false},"excerpt":{"rendered":"<p>Santo Domingo.- El director general de la Corporaci\u00f3n del Acueducto y Alcantarillado de Santo Domingo (CAASD), Fellito Suberv\u00ed, afirm\u00f3 que avanzan a ritmo acelerados los trabajos de saneamiento que ejecuta&hellip;<\/p>\n","protected":false},"author":10,"featured_media":138956,"comment_status":"open","ping_status":"open","sticky":false,"template":"","format":"standard","meta":{"content-type":"","_jetpack_newsletter_access":"","_jetpack_dont_email_post_to_subs":false,"_jetpack_newsletter_tier_id":0,"_jetpack_memberships_contains_paywalled_content":false,"_jetpack_feature_clip_id":0,"_jetpack_memberships_contains_paid_content":false,"footnotes":"","jetpack_post_was_ever_published":false},"categories":[16559],"tags":[697,2943,36266],"class_list":["post-138955","post","type-post","status-publish","format-standard","has-post-thumbnail","hentry","category-politica","tag-caasd","tag-canadas","tag-diputados-sd-oeste"],"jetpack-related-posts":[{"id":137776,"url":"https:\/\/lasprimeras.com.do\/index.php\/2026\/08\/20\/director-de-la-caasd-supervisa-avances-de-cinco-tramos-saneamiento-canadas-en-sdo\/","url_meta":{"origin":138955,"position":0},"title":"Director de la CAASD supervisa avances de cinco tramos saneamiento ca\u00f1adas en SDO","author":"Nelson Feliz","date":"20 de agosto de 2026","format":false,"excerpt":"SANTO DOMINGO.- El director general de la Corporaci\u00f3n del Acueducto y Alcantarillado de Santo Domingo (CAASD), ingeniero Fellito Suberv\u00ed, afirm\u00f3 que en los pr\u00f3ximos ocho meses la instituci\u00f3n tendr\u00e1 rehabilitado el 100 % de sus acueductos, como parte de las acciones que desarrolla para fortalecer el suministro de agua potable\u2026","rel":"","context":"En \u00abPORTADA\u00bb","block_context":{"text":"PORTADA","link":"https:\/\/lasprimeras.com.do\/index.php\/category\/portada\/"},"img":{"alt_text":"","src":"https:\/\/i0.wp.com\/lasprimeras.com.do\/wp-content\/uploads\/2026\/08\/IMG-20260820-WA0383.jpg?resize=350%2C200&ssl=1","width":350,"height":200,"srcset":"https:\/\/i0.wp.com\/lasprimeras.com.do\/wp-content\/uploads\/2026\/08\/IMG-20260820-WA0383.jpg?resize=350%2C200&ssl=1 1x, https:\/\/i0.wp.com\/lasprimeras.com.do\/wp-content\/uploads\/2026\/08\/IMG-20260820-WA0383.jpg?resize=525%2C300&ssl=1 1.5x, https:\/\/i0.wp.com\/lasprimeras.com.do\/wp-content\/uploads\/2026\/08\/IMG-20260820-WA0383.jpg?resize=700%2C400&ssl=1 2x, https:\/\/i0.wp.com\/lasprimeras.com.do\/wp-content\/uploads\/2026\/08\/IMG-20260820-WA0383.jpg?resize=1050%2C600&ssl=1 3x, https:\/\/i0.wp.com\/lasprimeras.com.do\/wp-content\/uploads\/2026\/08\/IMG-20260820-WA0383.jpg?resize=1400%2C800&ssl=1 4x"},"classes":[]},{"id":134296,"url":"https:\/\/lasprimeras.com.do\/index.php\/2026\/07\/09\/caasd-optimiza-servicio-agua-potable-y-saneamiento-canadas\/","url_meta":{"origin":138955,"position":1},"title":"CAASD optimiza servicio agua potable y saneamiento ca\u00f1adas","author":"Nelson Feliz","date":"9 de julio de 2026","format":false,"excerpt":"SANTO DOMINGO.- El director general de la Corporaci\u00f3n del Acueducto y Alcantarillado de Santo Domingo (CAASD), ingeniero Fellito Suberv\u00ed, inform\u00f3 que la instituci\u00f3n ejecuta amplio programa de obras para fortalecer el abastecimiento de agua potable, extender la cobertura del saneamiento y modernizar la infraestructura hidr\u00e1ulica en el Gran Santo Domingo.\u2026","rel":"","context":"En \u00abNACIONALES\u00bb","block_context":{"text":"NACIONALES","link":"https:\/\/lasprimeras.com.do\/index.php\/category\/nacionales\/"},"img":{"alt_text":"","src":"https:\/\/i0.wp.com\/lasprimeras.com.do\/wp-content\/uploads\/2026\/07\/FELLITO-SUBERVI.jpg?resize=350%2C200&ssl=1","width":350,"height":200,"srcset":"https:\/\/i0.wp.com\/lasprimeras.com.do\/wp-content\/uploads\/2026\/07\/FELLITO-SUBERVI.jpg?resize=350%2C200&ssl=1 1x, https:\/\/i0.wp.com\/lasprimeras.com.do\/wp-content\/uploads\/2026\/07\/FELLITO-SUBERVI.jpg?resize=525%2C300&ssl=1 1.5x, https:\/\/i0.wp.com\/lasprimeras.com.do\/wp-content\/uploads\/2026\/07\/FELLITO-SUBERVI.jpg?resize=700%2C400&ssl=1 2x"},"classes":[]},{"id":136675,"url":"https:\/\/lasprimeras.com.do\/index.php\/2026\/08\/06\/fellito-subervi-supervisa-avance-de-trabajos-en-canada-juan-valdez-y-los-girasoles-en-el-dn\/","url_meta":{"origin":138955,"position":2},"title":"Fellito Suberv\u00ed supervisa avance de trabajos en ca\u00f1ada Juan Valdez y Los Girasoles en el DN","author":"Nelson Feliz","date":"6 de agosto de 2026","format":false,"excerpt":"El director de la CAASD dijo que en el sector Los R\u00edos parte de la ca\u00f1ada Juan Valdez se convertir\u00e1 en una amplia v\u00eda que comunicar\u00e1 esa comunidad con la autopista Duarte; mientras que la primera etapa de la intervenci\u00f3n de la ca\u00f1ada Los Girasoles abarca m\u00e1s de 1.3 kil\u00f3metros\u2026","rel":"","context":"En \u00abPORTADA\u00bb","block_context":{"text":"PORTADA","link":"https:\/\/lasprimeras.com.do\/index.php\/category\/portada\/"},"img":{"alt_text":"","src":"https:\/\/i0.wp.com\/lasprimeras.com.do\/wp-content\/uploads\/2026\/08\/111d448f-7c6b-4408-b37b-3094062e2e88.jpeg?resize=350%2C200&ssl=1","width":350,"height":200,"srcset":"https:\/\/i0.wp.com\/lasprimeras.com.do\/wp-content\/uploads\/2026\/08\/111d448f-7c6b-4408-b37b-3094062e2e88.jpeg?resize=350%2C200&ssl=1 1x, https:\/\/i0.wp.com\/lasprimeras.com.do\/wp-content\/uploads\/2026\/08\/111d448f-7c6b-4408-b37b-3094062e2e88.jpeg?resize=525%2C300&ssl=1 1.5x, https:\/\/i0.wp.com\/lasprimeras.com.do\/wp-content\/uploads\/2026\/08\/111d448f-7c6b-4408-b37b-3094062e2e88.jpeg?resize=700%2C400&ssl=1 2x, https:\/\/i0.wp.com\/lasprimeras.com.do\/wp-content\/uploads\/2026\/08\/111d448f-7c6b-4408-b37b-3094062e2e88.jpeg?resize=1050%2C600&ssl=1 3x, https:\/\/i0.wp.com\/lasprimeras.com.do\/wp-content\/uploads\/2026\/08\/111d448f-7c6b-4408-b37b-3094062e2e88.jpeg?resize=1400%2C800&ssl=1 4x"},"classes":[]},{"id":113375,"url":"https:\/\/lasprimeras.com.do\/index.php\/2025\/11\/02\/fellito-subervi-supervisa-avances-en-trabajos-de-saneamiento-de-canadas-en-sdo\/","url_meta":{"origin":138955,"position":3},"title":"Fellito Suberv\u00ed supervisa avances en trabajos de saneamiento de ca\u00f1adas en SDO","author":"Nelson Feliz","date":"2 de noviembre de 2025","format":false,"excerpt":"El director general de la Corporaci\u00f3n del Acueducto y Alcantarillado de Santo Domingo (CAASD), Felipe \u201cFellito\u201d Suberv\u00ed, realiz\u00f3 un recorrido de supervisi\u00f3n por las ca\u00f1adas Los Girasoles y Pantoja, en el municipio Santo Domingo Oeste, donde constat\u00f3 el avance de los trabajos de saneamiento que beneficiar\u00e1n a m\u00e1s de 80,000\u2026","rel":"","context":"En \u00abECONOM\u00cdA\u00bb","block_context":{"text":"ECONOM\u00cdA","link":"https:\/\/lasprimeras.com.do\/index.php\/category\/economia\/"},"img":{"alt_text":"","src":"https:\/\/i0.wp.com\/lasprimeras.com.do\/wp-content\/uploads\/2025\/11\/Fellito-Subervi.jpg?resize=350%2C200&ssl=1","width":350,"height":200,"srcset":"https:\/\/i0.wp.com\/lasprimeras.com.do\/wp-content\/uploads\/2025\/11\/Fellito-Subervi.jpg?resize=350%2C200&ssl=1 1x, https:\/\/i0.wp.com\/lasprimeras.com.do\/wp-content\/uploads\/2025\/11\/Fellito-Subervi.jpg?resize=525%2C300&ssl=1 1.5x, https:\/\/i0.wp.com\/lasprimeras.com.do\/wp-content\/uploads\/2025\/11\/Fellito-Subervi.jpg?resize=700%2C400&ssl=1 2x"},"classes":[]},{"id":127905,"url":"https:\/\/lasprimeras.com.do\/index.php\/2026\/04\/17\/subervi-destaca-que-las-zonas-intervenidas-por-la-caasd-no-se-inundaron-con-las-ultimas-lluvias\/","url_meta":{"origin":138955,"position":4},"title":"Suberv\u00ed destaca que las zonas intervenidas por la CAASD no se inundaron con las \u00faltimas lluvias","author":"Nelson Feliz","date":"17 de abril de 2026","format":false,"excerpt":"En el marco de la celebraci\u00f3n del 53 aniversario de la Corporaci\u00f3n del Acueducto y Alcantarillado de Santo Domingo (CAASD), el ingeniero Felipe - =Fellito Suberv\u00ed= destac\u00f3 los avances logrados durante cinco a\u00f1os de gesti\u00f3n que han transformado ca\u00f1adas, mejorado drenajes y reforzado el sistema de agua potable en el\u2026","rel":"","context":"En \u00abNACIONALES\u00bb","block_context":{"text":"NACIONALES","link":"https:\/\/lasprimeras.com.do\/index.php\/category\/nacionales\/"},"img":{"alt_text":"","src":"https:\/\/i0.wp.com\/lasprimeras.com.do\/wp-content\/uploads\/2026\/04\/IMG-20260416-WA1146.jpg?resize=350%2C200&ssl=1","width":350,"height":200,"srcset":"https:\/\/i0.wp.com\/lasprimeras.com.do\/wp-content\/uploads\/2026\/04\/IMG-20260416-WA1146.jpg?resize=350%2C200&ssl=1 1x, https:\/\/i0.wp.com\/lasprimeras.com.do\/wp-content\/uploads\/2026\/04\/IMG-20260416-WA1146.jpg?resize=525%2C300&ssl=1 1.5x, https:\/\/i0.wp.com\/lasprimeras.com.do\/wp-content\/uploads\/2026\/04\/IMG-20260416-WA1146.jpg?resize=700%2C400&ssl=1 2x, https:\/\/i0.wp.com\/lasprimeras.com.do\/wp-content\/uploads\/2026\/04\/IMG-20260416-WA1146.jpg?resize=1050%2C600&ssl=1 3x, https:\/\/i0.wp.com\/lasprimeras.com.do\/wp-content\/uploads\/2026\/04\/IMG-20260416-WA1146.jpg?resize=1400%2C800&ssl=1 4x"},"classes":[]},{"id":114677,"url":"https:\/\/lasprimeras.com.do\/index.php\/2025\/11\/16\/fellito-subervi-supervisa-avances-en-trabajos-canada-guajimia\/","url_meta":{"origin":138955,"position":5},"title":"Fellito Suberv\u00ed supervisa avances en trabajos ca\u00f1ada Guajim\u00eda","author":"Nelson Feliz","date":"16 de noviembre de 2025","format":false,"excerpt":"Asegura que, para mediados de 2026, la importante ca\u00f1ada ser\u00e1 entregada, beneficiando a m\u00e1s de 350 mil personas El director general de la Corporaci\u00f3n del Acueducto y Alcantarillado de Santo Domingo (CAASD), ingeniero Fellito Suberv\u00ed, realiz\u00f3 un recorrido de supervisi\u00f3n de los trabajos de saneamiento de la ca\u00f1ada Guajim\u00eda, que\u2026","rel":"","context":"En \u00abNACIONALES\u00bb","block_context":{"text":"NACIONALES","link":"https:\/\/lasprimeras.com.do\/index.php\/category\/nacionales\/"},"img":{"alt_text":"","src":"https:\/\/i0.wp.com\/lasprimeras.com.do\/wp-content\/uploads\/2025\/11\/El-director-de-la-CAASD-en-Guajimia-2.jpg?resize=350%2C200&ssl=1","width":350,"height":200,"srcset":"https:\/\/i0.wp.com\/lasprimeras.com.do\/wp-content\/uploads\/2025\/11\/El-director-de-la-CAASD-en-Guajimia-2.jpg?resize=350%2C200&ssl=1 1x, https:\/\/i0.wp.com\/lasprimeras.com.do\/wp-content\/uploads\/2025\/11\/El-director-de-la-CAASD-en-Guajimia-2.jpg?resize=525%2C300&ssl=1 1.5x, https:\/\/i0.wp.com\/lasprimeras.com.do\/wp-content\/uploads\/2025\/11\/El-director-de-la-CAASD-en-Guajimia-2.jpg?resize=700%2C400&ssl=1 2x"},"classes":[]}],"jetpack_sharing_enabled":true,"jetpack_featured_media_url":"https:\/\/lasprimeras.com.do\/wp-content\/uploads\/2026\/09\/IMG-20260903-WA0255.jpg","_links":{"self":[{"href":"https:\/\/lasprimeras.com.do\/index.php\/wp-json\/wp\/v2\/posts\/138955","targetHints":{"allow":["GET"]}}],"collection":[{"href":"https:\/\/lasprimeras.com.do\/index.php\/wp-json\/wp\/v2\/posts"}],"about":[{"href":"https:\/\/lasprimeras.com.do\/index.php\/wp-json\/wp\/v2\/types\/post"}],"author":[{"embeddable":true,"href":"https:\/\/lasprimeras.com.do\/index.php\/wp-json\/wp\/v2\/users\/10"}],"replies":[{"embeddable":true,"href":"https:\/\/lasprimeras.com.do\/index.php\/wp-json\/wp\/v2\/comments?post=138955"}],"version-history":[{"count":1,"href":"https:\/\/lasprimeras.com.do\/index.php\/wp-json\/wp\/v2\/posts\/138955\/revisions"}],"predecessor-version":[{"id":138957,"href":"https:\/\/lasprimeras.com.do\/index.php\/wp-json\/wp\/v2\/posts\/138955\/revisions\/138957"}],"wp:featuredmedia":[{"embeddable":true,"href":"https:\/\/lasprimeras.com.do\/index.php\/wp-json\/wp\/v2\/media\/138956"}],"wp:attachment":[{"href":"https:\/\/lasprimeras.com.do\/index.php\/wp-json\/wp\/v2\/media?parent=138955"}],"wp:term":[{"taxonomy":"category","embeddable":true,"href":"https:\/\/lasprimeras.com.do\/index.php\/wp-json\/wp\/v2\/categories?post=138955"},{"taxonomy":"post_tag","embeddable":true,"href":"https:\/\/lasprimeras.com.do\/index.php\/wp-json\/wp\/v2\/tags?post=138955"}],"curies":[{"name":"wp","href":"https:\/\/api.w.org\/{rel}","templated":true}]}}