{"id":138958,"date":"2026-09-03T13:50:24","date_gmt":"2026-09-03T17:50:24","guid":{"rendered":"https:\/\/lasprimeras.com.do\/?p=138958"},"modified":"2026-09-03T13:50:26","modified_gmt":"2026-09-03T17:50:26","slug":"fp-ejecuta-plan-para-conquistar-electores-y-construir-mayoria-asegura-nathanael-concepcion","status":"publish","type":"post","link":"https:\/\/lasprimeras.com.do\/index.php\/2026\/09\/03\/fp-ejecuta-plan-para-conquistar-electores-y-construir-mayoria-asegura-nathanael-concepcion\/","title":{"rendered":"FP ejecuta plan para conquistar electores y construir mayor\u00eda, asegura Nathanael Concepci\u00f3n"},"content":{"rendered":"\n<p class=\"wp-block-paragraph\"><em>El dirigente pol\u00edtico afirma que la organizaci\u00f3n mide el desempe\u00f1o de sus estructuras en todo el pa\u00eds y sostiene que ganar las pr\u00f3ximas elecciones est\u00e1 por encima de cualquier inter\u00e9s particular.<\/em><\/p>\n\n\n\n<p class=\"wp-block-paragraph\">Santo Domingo.\u2013 El partido Fuerza del Pueblo (FP) desarrolla un plan de trabajo orientado a ampliar su respaldo electoral, conquistar nuevos electores y construir la mayor\u00eda necesaria para ganar las pr\u00f3ximas elecciones, mediante el fortalecimiento de sus estructuras y la evaluaci\u00f3n permanente de los resultados alcanzados en cada territorio.<\/p>\n\n\n\n<p class=\"wp-block-paragraph\">As\u00ed lo afirm\u00f3 Nathanael Concepci\u00f3n, miembro de la Direcci\u00f3n Pol\u00edtica y secretario de Formaci\u00f3n Pol\u00edtica de la Fuerza del Pueblo, quien explic\u00f3 que la organizaci\u00f3n ha establecido indicadores para medir el desempe\u00f1o de sus dirigentes y estructuras en todo el territorio nacional.<\/p>\n\n\n\n<p class=\"wp-block-paragraph\">Concepci\u00f3n se\u00f1al\u00f3 que ese proceso incluye la supervisi\u00f3n directa del trabajo desarrollado en las provincias y municipios, como ocurri\u00f3 durante las recientes asambleas de dirigentes encabezadas por el presidente de la Fuerza del Pueblo, Leonel Fern\u00e1ndez, en las provincias Duarte, La Vega y Monse\u00f1or Nouel.<\/p>\n\n\n\n<p class=\"wp-block-paragraph\">\u00abEl partido est\u00e1 muy energizado, est\u00e1 enfocado en unas metas de trabajo que tiene cada territorio y el presidente Fern\u00e1ndez y la direcci\u00f3n estamos supervisando el cumplimiento\u00bb, expres\u00f3 Concepci\u00f3n.<\/p>\n\n\n\n<p class=\"wp-block-paragraph\">Explic\u00f3 que el plan para la victoria de la organizaci\u00f3n se concentra en cinco \u00e1reas fundamentales: Organizaci\u00f3n, dirigida al fortalecimiento de las estructuras partidarias; Electoral, enfocada en la preparaci\u00f3n de la organizaci\u00f3n para los pr\u00f3ximos comicios; Formaci\u00f3n Pol\u00edtica, destinada a la capacitaci\u00f3n de dirigentes y miembros; Finanzas, vinculada al sostenimiento de las actividades partidarias, y Comunicaci\u00f3n, orientada a fortalecer la difusi\u00f3n de las posiciones y propuestas de la Fuerza del Pueblo ante la sociedad.<\/p>\n\n\n\n<p class=\"wp-block-paragraph\">El dirigente pol\u00edtico sostuvo que el cumplimiento de esas metas constituye uno de los criterios utilizados para evaluar el desempe\u00f1o dentro de la organizaci\u00f3n.<\/p>\n\n\n\n<p class=\"wp-block-paragraph\">Afirm\u00f3 que el objetivo de alcanzar el poder est\u00e1 por encima de aspiraciones o intereses individuales.<\/p>\n\n\n\n<p class=\"wp-block-paragraph\">\u00abMira, en la Fuerza del Pueblo hay un lema: que el que no da resultado tiene problema, porque ahora hay unos indicadores de meta que miden el desempe\u00f1o de cada quien. Y si t\u00fa no est\u00e1s acorde con la meta, vas a tener dificultad.<\/p>\n\n\n\n<p class=\"wp-block-paragraph\">Nosotros queremos ganar la elecci\u00f3n, y ganar la elecci\u00f3n est\u00e1 por encima de cualquier tema particular\u00bb, manifest\u00f3.<\/p>\n\n\n\n<p class=\"wp-block-paragraph\">Concepci\u00f3n explic\u00f3 que una parte fundamental de la estrategia consiste en conquistar a ciudadanos que actualmente no se identifican plenamente con las principales opciones pol\u00edticas y convertir ese segmento del electorado en parte de la mayor\u00eda que la Fuerza del Pueblo procura construir de cara a las pr\u00f3ximas elecciones.<\/p>\n\n\n\n<p class=\"wp-block-paragraph\">En ese contexto, se\u00f1al\u00f3 el costo de la vida como uno de los problemas que mayor presi\u00f3n ejerce sobre los hogares dominicanos.<\/p>\n\n\n\n<p class=\"wp-block-paragraph\">Afirm\u00f3 que la inflaci\u00f3n acumulada de los alimentos entre agosto de 2020 y julio de 2026 alcanza el 49.9 %.<\/p>\n\n\n\n<p class=\"wp-block-paragraph\">\u00abLo que antes costaba 100 pesos a la gente, hoy le cuesta casi 150 pesos\u00bb, expres\u00f3.<\/p>\n\n\n\n<p class=\"wp-block-paragraph\">Concepci\u00f3n sostuvo que el incremento de los precios de los alimentos y otros problemas que afectan a la poblaci\u00f3n han generado descontento en amplios sectores de la sociedad.<\/p>\n\n\n\n<p class=\"wp-block-paragraph\">Consider\u00f3 que el desaf\u00edo de la Fuerza del Pueblo consiste en conectar con esos ciudadanos mediante propuestas que respondan a sus principales preocupaciones.<\/p>\n","protected":false},"excerpt":{"rendered":"<p>El dirigente pol\u00edtico afirma que la organizaci\u00f3n mide el desempe\u00f1o de sus estructuras en todo el pa\u00eds y sostiene que ganar las pr\u00f3ximas elecciones est\u00e1 por encima de cualquier inter\u00e9s&hellip;<\/p>\n","protected":false},"author":10,"featured_media":138959,"comment_status":"open","ping_status":"open","sticky":false,"template":"","format":"standard","meta":{"content-type":"","_jetpack_newsletter_access":"","_jetpack_dont_email_post_to_subs":false,"_jetpack_newsletter_tier_id":0,"_jetpack_memberships_contains_paywalled_content":false,"_jetpack_feature_clip_id":0,"_jetpack_memberships_contains_paid_content":false,"footnotes":"","jetpack_post_was_ever_published":false},"categories":[16559],"tags":[4498,36267],"class_list":["post-138958","post","type-post","status-publish","format-standard","has-post-thumbnail","hentry","category-politica","tag-fuerza-de-pueblo","tag-natanael-concepcion"],"jetpack-related-posts":[{"id":113663,"url":"https:\/\/lasprimeras.com.do\/index.php\/2025\/11\/05\/eeuu-propone-que-onu-autorice-una-fuerza-de-estabilizacion-en-gaza-por-2-anos\/","url_meta":{"origin":138958,"position":0},"title":"EEUU propone que ONU autorice una fuerza de estabilizaci\u00f3n en Gaza por 2 a\u00f1os","author":"Nelson Feliz","date":"5 de noviembre de 2025","format":false,"excerpt":"POR SAM MEDNICK, MATTHEW LEE and FARNOUSH AMIRI NACIONES UNIDAS (AP) \u2014 Estados Unidos ha distribuido un borrador para una resoluci\u00f3n del Consejo de Seguridad de la ONU que proporcionar\u00eda un mandato para una fuerza internacional de estabilizaci\u00f3n en Gaza durante al menos dos a\u00f1os, marcando el siguiente paso en\u2026","rel":"","context":"En \u00abINTERNACIONALES\u00bb","block_context":{"text":"INTERNACIONALES","link":"https:\/\/lasprimeras.com.do\/index.php\/category\/sin-categoria\/internacionales\/"},"img":{"alt_text":"","src":"https:\/\/i0.wp.com\/lasprimeras.com.do\/wp-content\/uploads\/2025\/11\/Palestinos-inspeccionan-los-escombros.jpg?resize=350%2C200&ssl=1","width":350,"height":200,"srcset":"https:\/\/i0.wp.com\/lasprimeras.com.do\/wp-content\/uploads\/2025\/11\/Palestinos-inspeccionan-los-escombros.jpg?resize=350%2C200&ssl=1 1x, https:\/\/i0.wp.com\/lasprimeras.com.do\/wp-content\/uploads\/2025\/11\/Palestinos-inspeccionan-los-escombros.jpg?resize=525%2C300&ssl=1 1.5x, https:\/\/i0.wp.com\/lasprimeras.com.do\/wp-content\/uploads\/2025\/11\/Palestinos-inspeccionan-los-escombros.jpg?resize=700%2C400&ssl=1 2x"},"classes":[]},{"id":49208,"url":"https:\/\/lasprimeras.com.do\/index.php\/2023\/05\/09\/prm-se-refiere-a-controversia-del-borrador-presentado-por-la-jce\/","url_meta":{"origin":138958,"position":1},"title":"PRM se refiere a controversia del borrador presentado por la JCE","author":"prenxa100","date":"9 de mayo de 2023","format":false,"excerpt":"SANTO DOMINGO.-.El presidente de la C\u00e1mara de Diputados, Alfredo Pacheco, y la alcaldesa del Distrito Nacional, Carolina Mej\u00eda, se refirieron a la controversia que han impulsado partidos de la oposici\u00f3n en torno al borrador de resoluci\u00f3n de la Junta Central Electoral (JCE) que establece la manera en que se podr\u00e1n\u2026","rel":"","context":"En \u00abSin categor\u00eda\u00bb","block_context":{"text":"Sin categor\u00eda","link":"https:\/\/lasprimeras.com.do\/index.php\/category\/sin-categoria\/"},"img":{"alt_text":"","src":"","width":0,"height":0},"classes":[]},{"id":49023,"url":"https:\/\/lasprimeras.com.do\/index.php\/2023\/05\/07\/dirigente-de-la-fp-cuestiona-borrador-de-la-resolucion-de-la-jce-dice-favorece-oficialismo\/","url_meta":{"origin":138958,"position":2},"title":"Dirigente de la FP cuestiona \u201cBorrador de la Resoluci\u00f3n de la JCE\u201d, dice favorece oficialismo","author":"prenxa100","date":"7 de mayo de 2023","format":false,"excerpt":"Santo Domingo .- El miembro de la Direcci\u00f3n Central de la Fuerza del Pueblo (FP), Pedro Jim\u00e9nez cuestion\u00f3 hoy al pleno de la Junta Central Electoral de favorecer al gobierno, con el borrador de la resoluci\u00f3n sobre el porcentaje de las reservas de las candidaturas dispuesto por la Ley 33-18,\u2026","rel":"","context":"En \u00abPORTADA\u00bb","block_context":{"text":"PORTADA","link":"https:\/\/lasprimeras.com.do\/index.php\/category\/portada\/"},"img":{"alt_text":"","src":"","width":0,"height":0},"classes":[]},{"id":49201,"url":"https:\/\/lasprimeras.com.do\/index.php\/2023\/05\/09\/pld-reitera-rechazo-al-borrador-de-resolucion-de-la-jce-sobre-reservas-de-candidatura\/","url_meta":{"origin":138958,"position":3},"title":"PLD reitera rechazo al borrador de resoluci\u00f3n de la JCE sobre reservas de candidatura","author":"prenxa100","date":"9 de mayo de 2023","format":false,"excerpt":"CP del PLD ratifica comisi\u00f3n para abordar el tema relativo a las reservas de candidaturas. Danilo Medina, Charles Mariotti, Abel Mart\u00ednez y Francisco Javier Garc\u00eda, la integran. SANTO DOMINGO.-.El Comit\u00e9 Pol\u00edtico del Partido de la Liberaci\u00f3n Dominicana (PLD) en la reuni\u00f3n ordinaria de este d\u00eda ratific\u00f3 la conformaci\u00f3n de una\u2026","rel":"","context":"En \u00abPORTADA\u00bb","block_context":{"text":"PORTADA","link":"https:\/\/lasprimeras.com.do\/index.php\/category\/portada\/"},"img":{"alt_text":"","src":"","width":0,"height":0},"classes":[]},{"id":48723,"url":"https:\/\/lasprimeras.com.do\/index.php\/2023\/05\/03\/pleno-socializa-borrador-de-resolucion-de-reservas-de-candidaturas\/","url_meta":{"origin":138958,"position":4},"title":"Pleno socializa borrador de resoluci\u00f3n de reservas de candidaturas","author":"prenxa100","date":"3 de mayo de 2023","format":false,"excerpt":"Organizaciones pol\u00edticas tienen hasta el 8 de mayo para presentar observaciones. Santo Domingo.- El Pleno de la Junta Central Electoral (JCE) elabor\u00f3 el borrador de resoluci\u00f3n sobre la aplicaci\u00f3n del porcentaje de las reservas de las candidaturas que establece la Ley No. 33-18 de partidos, agrupaciones y movimientos pol\u00edticos para\u2026","rel":"","context":"En \u00abNACIONALES\u00bb","block_context":{"text":"NACIONALES","link":"https:\/\/lasprimeras.com.do\/index.php\/category\/nacionales\/"},"img":{"alt_text":"","src":"","width":0,"height":0},"classes":[]},{"id":115335,"url":"https:\/\/lasprimeras.com.do\/index.php\/2025\/11\/21\/plan-de-trump-para-terminar-la-guerra-en-ucrania-cederia-territorio-a-rusia\/","url_meta":{"origin":138958,"position":5},"title":"Plan de Trump para terminar la guerra en Ucrania ceder\u00eda territorio a Rusia","author":"Nelson Feliz","date":"21 de noviembre de 2025","format":false,"excerpt":"POR ILLIA NOVIKOV, AAMER MADHANIand CHRIS MEGERIAN WASHINGTON (AP) \u2014 El plan del presidente estadounidense Donald Trump para poner fin a la guerra en Ucrania ceder\u00eda territorio a Rusia y limitar\u00eda el tama\u00f1o del ej\u00e9rcito de Kiev, seg\u00fan un borrador de la propuesta obtenido el jueves por The Associated Press.\u2026","rel":"","context":"En \u00abINTERNACIONALES\u00bb","block_context":{"text":"INTERNACIONALES","link":"https:\/\/lasprimeras.com.do\/index.php\/category\/sin-categoria\/internacionales\/"},"img":{"alt_text":"","src":"https:\/\/i0.wp.com\/lasprimeras.com.do\/wp-content\/uploads\/2025\/11\/coche-bomba.jpg?resize=350%2C200&ssl=1","width":350,"height":200,"srcset":"https:\/\/i0.wp.com\/lasprimeras.com.do\/wp-content\/uploads\/2025\/11\/coche-bomba.jpg?resize=350%2C200&ssl=1 1x, https:\/\/i0.wp.com\/lasprimeras.com.do\/wp-content\/uploads\/2025\/11\/coche-bomba.jpg?resize=525%2C300&ssl=1 1.5x, https:\/\/i0.wp.com\/lasprimeras.com.do\/wp-content\/uploads\/2025\/11\/coche-bomba.jpg?resize=700%2C400&ssl=1 2x"},"classes":[]}],"jetpack_sharing_enabled":true,"jetpack_featured_media_url":"https:\/\/lasprimeras.com.do\/wp-content\/uploads\/2026\/09\/IMG-20260903-WA0295.jpg","_links":{"self":[{"href":"https:\/\/lasprimeras.com.do\/index.php\/wp-json\/wp\/v2\/posts\/138958","targetHints":{"allow":["GET"]}}],"collection":[{"href":"https:\/\/lasprimeras.com.do\/index.php\/wp-json\/wp\/v2\/posts"}],"about":[{"href":"https:\/\/lasprimeras.com.do\/index.php\/wp-json\/wp\/v2\/types\/post"}],"author":[{"embeddable":true,"href":"https:\/\/lasprimeras.com.do\/index.php\/wp-json\/wp\/v2\/users\/10"}],"replies":[{"embeddable":true,"href":"https:\/\/lasprimeras.com.do\/index.php\/wp-json\/wp\/v2\/comments?post=138958"}],"version-history":[{"count":1,"href":"https:\/\/lasprimeras.com.do\/index.php\/wp-json\/wp\/v2\/posts\/138958\/revisions"}],"predecessor-version":[{"id":138960,"href":"https:\/\/lasprimeras.com.do\/index.php\/wp-json\/wp\/v2\/posts\/138958\/revisions\/138960"}],"wp:featuredmedia":[{"embeddable":true,"href":"https:\/\/lasprimeras.com.do\/index.php\/wp-json\/wp\/v2\/media\/138959"}],"wp:attachment":[{"href":"https:\/\/lasprimeras.com.do\/index.php\/wp-json\/wp\/v2\/media?parent=138958"}],"wp:term":[{"taxonomy":"category","embeddable":true,"href":"https:\/\/lasprimeras.com.do\/index.php\/wp-json\/wp\/v2\/categories?post=138958"},{"taxonomy":"post_tag","embeddable":true,"href":"https:\/\/lasprimeras.com.do\/index.php\/wp-json\/wp\/v2\/tags?post=138958"}],"curies":[{"name":"wp","href":"https:\/\/api.w.org\/{rel}","templated":true}]}}