{"id":138961,"date":"2026-09-03T14:02:43","date_gmt":"2026-09-03T18:02:43","guid":{"rendered":"https:\/\/lasprimeras.com.do\/?p=138961"},"modified":"2026-09-03T14:02:45","modified_gmt":"2026-09-03T18:02:45","slug":"ligia-bonetti-y-mercedes-ramos-destacan-la-formacion-tecnico-profesional-como-puente-entre-el-talento-y-las-necesidades-de-las-empresas","status":"publish","type":"post","link":"https:\/\/lasprimeras.com.do\/index.php\/2026\/09\/03\/ligia-bonetti-y-mercedes-ramos-destacan-la-formacion-tecnico-profesional-como-puente-entre-el-talento-y-las-necesidades-de-las-empresas\/","title":{"rendered":"Ligia Bonetti y Mercedes Ramos destacan la formaci\u00f3n t\u00e9cnico profesional como puente entre el talento y las necesidades de las empresas"},"content":{"rendered":"\n<p class=\"wp-block-paragraph\">_\u2022 Empresarias resaltaron el papel de la capacitaci\u00f3n t\u00e9cnica, las alianzas con el INFOTEP y las experiencias pr\u00e1cticas para facilitar la inserci\u00f3n y el crecimiento profesional_<\/p>\n\n\n\n<p class=\"wp-block-paragraph\">B\u00e1varo, La Altagracia. -La formaci\u00f3n t\u00e9cnico profesional representa una oportunidad estrat\u00e9gica para responder a las necesidades de talento del sector productivo y ampliar las posibilidades de inserci\u00f3n y crecimiento laboral de las personas, as\u00ed coincidieron las empresarias Ligia Bonetti y Mercedes Ramos durante un panel celebrado en el marco del 23.\u00ba Congreso de la Junta Agroempresarial Dominicana (JAD).<\/p>\n\n\n\n<p class=\"wp-block-paragraph\">Bonetti, presidenta ejecutiva del Grupo SID, destac\u00f3 la importancia de que la capacitaci\u00f3n mantenga una estrecha conexi\u00f3n con los procesos y requerimientos de las empresas, al considerar que una formaci\u00f3n efectiva debe preparar a las personas para comprender c\u00f3mo funciona la organizaci\u00f3n y cu\u00e1l es el impacto de sus funciones dentro de ella.<\/p>\n\n\n\n<p class=\"wp-block-paragraph\">En ese sentido, resalt\u00f3 la alianza que durante m\u00e1s de 17 a\u00f1os ha mantenido Grupo SID con el Instituto Nacional de Formaci\u00f3n T\u00e9cnico Profesional (INFOTEP), mediante la cual m\u00e1s de 300 colaboradores de la empresa han participado en programas de formaci\u00f3n.<\/p>\n\n\n\n<p class=\"wp-block-paragraph\">\u201cCuando una persona se prepara en cualquiera de las \u00e1reas, no puede ser ajena al resto de los procesos que tiene la empresa. Tiene que conocer esos procesos, saber en qu\u00e9 parte incide, para que verdaderamente pueda hacer un trabajo excelente\u201d, afirm\u00f3 Bonetti.<\/p>\n\n\n\n<p class=\"wp-block-paragraph\">La ejecutiva tambi\u00e9n subray\u00f3 la importancia de la capacitaci\u00f3n permanente, al se\u00f1alar que la rutina de desempe\u00f1ar durante a\u00f1os las mismas funciones puede generar una zona de comodidad que limite el desarrollo.<\/p>\n\n\n\n<p class=\"wp-block-paragraph\">Por ello, explic\u00f3 que Grupo SID promueve programas de entrenamiento de manera transversal entre sus m\u00e1s de 5,000 colaboradores.<\/p>\n\n\n\n<p class=\"wp-block-paragraph\">Bonetti sostuvo que el crecimiento de los trabajadores no debe medirse \u00fanicamente por los resultados de la organizaci\u00f3n, sino tambi\u00e9n por su desarrollo como seres humanos y por las posibilidades que tengan de descubrir nuevos intereses, adquirir competencias y avanzar hacia otros perfiles profesionales.<\/p>\n\n\n\n<p class=\"wp-block-paragraph\">*M\u00e1s oportunidades para la formaci\u00f3n t\u00e9cnica*<\/p>\n\n\n\n<p class=\"wp-block-paragraph\">Mercedes Ramos, presidenta del Consejo de Grupo Ramos, tambi\u00e9n valor\u00f3 el aporte de la formaci\u00f3n t\u00e9cnico-profesional y consider\u00f3 que el pa\u00eds tiene una oportunidad para continuar fortaleciendo este tipo de capacitaci\u00f3n.<\/p>\n\n\n\n<p class=\"wp-block-paragraph\">\u201cQuiz\u00e1s vivimos en un pa\u00eds donde todos queremos ser profesionales y tener una maestr\u00eda, y de repente pareciera que en la parte de la capacitaci\u00f3n t\u00e9cnica puede existir oportunidad de todav\u00eda seguir fortaleciendo esa formaci\u00f3n\u201d, expres\u00f3.<\/p>\n\n\n\n<p class=\"wp-block-paragraph\">Ramos destac\u00f3 que la capacitaci\u00f3n t\u00e9cnica puede abrir oportunidades no solo para incorporarse al mercado laboral, sino tambi\u00e9n para continuar desarroll\u00e1ndose profesionalmente o emprender.<\/p>\n\n\n\n<p class=\"wp-block-paragraph\">Ramos hizo \u00e9nfasis, adem\u00e1s, en la necesidad de que las personas tengan la posibilidad de conectar los conocimientos adquiridos durante su formaci\u00f3n con la realidad pr\u00e1ctica del trabajo.<\/p>\n\n\n\n<p class=\"wp-block-paragraph\">Como ejemplo, cit\u00f3 \u201cPr\u00f3ximo Nivel\u201d, programa de pasant\u00edas que Grupo Ramos desarrolla cada a\u00f1o dirigido a j\u00f3venes reci\u00e9n graduados, con el prop\u00f3sito de proporcionarles una experiencia pr\u00e1ctica que facilite su acercamiento al mundo laboral.<\/p>\n\n\n\n<p class=\"wp-block-paragraph\">Tambi\u00e9n resalt\u00f3 la segunda edici\u00f3n del hackathon tecnol\u00f3gico de la empresa, en la que participaron m\u00e1s de 60 estudiantes de cinco universidades, experiencia que calific\u00f3 como innovadora y generadora de valor.<\/p>\n\n\n\n<p class=\"wp-block-paragraph\">Las consideraciones de Bonetti y Ramos ponen de relieve la importancia de fortalecer la articulaci\u00f3n entre formaci\u00f3n t\u00e9cnico profesional, empresas y j\u00f3venes, de manera que las competencias desarrolladas respondan a las transformaciones y demandas del mercado laboral.<\/p>\n\n\n\n<p class=\"wp-block-paragraph\">El panel form\u00f3 parte del XXVIII Congreso de la Junta Agroempresarial Dominicana (JAD), llevado a cabo desde el 2 al 4 de septiembre, escenario en el que representantes del sector productivo analizaron desaf\u00edos y oportunidades para el desarrollo econ\u00f3mico y social del pa\u00eds.<\/p>\n","protected":false},"excerpt":{"rendered":"<p>_\u2022 Empresarias resaltaron el papel de la capacitaci\u00f3n t\u00e9cnica, las alianzas con el INFOTEP y las experiencias pr\u00e1cticas para facilitar la inserci\u00f3n y el crecimiento profesional_ B\u00e1varo, La Altagracia. -La&hellip;<\/p>\n","protected":false},"author":10,"featured_media":138962,"comment_status":"open","ping_status":"open","sticky":false,"template":"","format":"standard","meta":{"content-type":"","_jetpack_newsletter_access":"","_jetpack_dont_email_post_to_subs":false,"_jetpack_newsletter_tier_id":0,"_jetpack_memberships_contains_paywalled_content":false,"_jetpack_feature_clip_id":0,"_jetpack_memberships_contains_paid_content":false,"footnotes":"","jetpack_post_was_ever_published":false},"categories":[25],"tags":[36268,36269],"class_list":["post-138961","post","type-post","status-publish","format-standard","has-post-thumbnail","hentry","category-portada","tag-liga-bonetti","tag-mercedes-ramos"],"jetpack-related-posts":[{"id":113663,"url":"https:\/\/lasprimeras.com.do\/index.php\/2025\/11\/05\/eeuu-propone-que-onu-autorice-una-fuerza-de-estabilizacion-en-gaza-por-2-anos\/","url_meta":{"origin":138961,"position":0},"title":"EEUU propone que ONU autorice una fuerza de estabilizaci\u00f3n en Gaza por 2 a\u00f1os","author":"Nelson Feliz","date":"5 de noviembre de 2025","format":false,"excerpt":"POR SAM MEDNICK, MATTHEW LEE and FARNOUSH AMIRI NACIONES UNIDAS (AP) \u2014 Estados Unidos ha distribuido un borrador para una resoluci\u00f3n del Consejo de Seguridad de la ONU que proporcionar\u00eda un mandato para una fuerza internacional de estabilizaci\u00f3n en Gaza durante al menos dos a\u00f1os, marcando el siguiente paso en\u2026","rel":"","context":"En \u00abINTERNACIONALES\u00bb","block_context":{"text":"INTERNACIONALES","link":"https:\/\/lasprimeras.com.do\/index.php\/category\/sin-categoria\/internacionales\/"},"img":{"alt_text":"","src":"https:\/\/i0.wp.com\/lasprimeras.com.do\/wp-content\/uploads\/2025\/11\/Palestinos-inspeccionan-los-escombros.jpg?resize=350%2C200&ssl=1","width":350,"height":200,"srcset":"https:\/\/i0.wp.com\/lasprimeras.com.do\/wp-content\/uploads\/2025\/11\/Palestinos-inspeccionan-los-escombros.jpg?resize=350%2C200&ssl=1 1x, https:\/\/i0.wp.com\/lasprimeras.com.do\/wp-content\/uploads\/2025\/11\/Palestinos-inspeccionan-los-escombros.jpg?resize=525%2C300&ssl=1 1.5x, https:\/\/i0.wp.com\/lasprimeras.com.do\/wp-content\/uploads\/2025\/11\/Palestinos-inspeccionan-los-escombros.jpg?resize=700%2C400&ssl=1 2x"},"classes":[]},{"id":49208,"url":"https:\/\/lasprimeras.com.do\/index.php\/2023\/05\/09\/prm-se-refiere-a-controversia-del-borrador-presentado-por-la-jce\/","url_meta":{"origin":138961,"position":1},"title":"PRM se refiere a controversia del borrador presentado por la JCE","author":"prenxa100","date":"9 de mayo de 2023","format":false,"excerpt":"SANTO DOMINGO.-.El presidente de la C\u00e1mara de Diputados, Alfredo Pacheco, y la alcaldesa del Distrito Nacional, Carolina Mej\u00eda, se refirieron a la controversia que han impulsado partidos de la oposici\u00f3n en torno al borrador de resoluci\u00f3n de la Junta Central Electoral (JCE) que establece la manera en que se podr\u00e1n\u2026","rel":"","context":"En \u00abSin categor\u00eda\u00bb","block_context":{"text":"Sin categor\u00eda","link":"https:\/\/lasprimeras.com.do\/index.php\/category\/sin-categoria\/"},"img":{"alt_text":"","src":"","width":0,"height":0},"classes":[]},{"id":49023,"url":"https:\/\/lasprimeras.com.do\/index.php\/2023\/05\/07\/dirigente-de-la-fp-cuestiona-borrador-de-la-resolucion-de-la-jce-dice-favorece-oficialismo\/","url_meta":{"origin":138961,"position":2},"title":"Dirigente de la FP cuestiona \u201cBorrador de la Resoluci\u00f3n de la JCE\u201d, dice favorece oficialismo","author":"prenxa100","date":"7 de mayo de 2023","format":false,"excerpt":"Santo Domingo .- El miembro de la Direcci\u00f3n Central de la Fuerza del Pueblo (FP), Pedro Jim\u00e9nez cuestion\u00f3 hoy al pleno de la Junta Central Electoral de favorecer al gobierno, con el borrador de la resoluci\u00f3n sobre el porcentaje de las reservas de las candidaturas dispuesto por la Ley 33-18,\u2026","rel":"","context":"En \u00abPORTADA\u00bb","block_context":{"text":"PORTADA","link":"https:\/\/lasprimeras.com.do\/index.php\/category\/portada\/"},"img":{"alt_text":"","src":"","width":0,"height":0},"classes":[]},{"id":49201,"url":"https:\/\/lasprimeras.com.do\/index.php\/2023\/05\/09\/pld-reitera-rechazo-al-borrador-de-resolucion-de-la-jce-sobre-reservas-de-candidatura\/","url_meta":{"origin":138961,"position":3},"title":"PLD reitera rechazo al borrador de resoluci\u00f3n de la JCE sobre reservas de candidatura","author":"prenxa100","date":"9 de mayo de 2023","format":false,"excerpt":"CP del PLD ratifica comisi\u00f3n para abordar el tema relativo a las reservas de candidaturas. Danilo Medina, Charles Mariotti, Abel Mart\u00ednez y Francisco Javier Garc\u00eda, la integran. SANTO DOMINGO.-.El Comit\u00e9 Pol\u00edtico del Partido de la Liberaci\u00f3n Dominicana (PLD) en la reuni\u00f3n ordinaria de este d\u00eda ratific\u00f3 la conformaci\u00f3n de una\u2026","rel":"","context":"En \u00abPORTADA\u00bb","block_context":{"text":"PORTADA","link":"https:\/\/lasprimeras.com.do\/index.php\/category\/portada\/"},"img":{"alt_text":"","src":"","width":0,"height":0},"classes":[]},{"id":48723,"url":"https:\/\/lasprimeras.com.do\/index.php\/2023\/05\/03\/pleno-socializa-borrador-de-resolucion-de-reservas-de-candidaturas\/","url_meta":{"origin":138961,"position":4},"title":"Pleno socializa borrador de resoluci\u00f3n de reservas de candidaturas","author":"prenxa100","date":"3 de mayo de 2023","format":false,"excerpt":"Organizaciones pol\u00edticas tienen hasta el 8 de mayo para presentar observaciones. Santo Domingo.- El Pleno de la Junta Central Electoral (JCE) elabor\u00f3 el borrador de resoluci\u00f3n sobre la aplicaci\u00f3n del porcentaje de las reservas de las candidaturas que establece la Ley No. 33-18 de partidos, agrupaciones y movimientos pol\u00edticos para\u2026","rel":"","context":"En \u00abNACIONALES\u00bb","block_context":{"text":"NACIONALES","link":"https:\/\/lasprimeras.com.do\/index.php\/category\/nacionales\/"},"img":{"alt_text":"","src":"","width":0,"height":0},"classes":[]},{"id":115335,"url":"https:\/\/lasprimeras.com.do\/index.php\/2025\/11\/21\/plan-de-trump-para-terminar-la-guerra-en-ucrania-cederia-territorio-a-rusia\/","url_meta":{"origin":138961,"position":5},"title":"Plan de Trump para terminar la guerra en Ucrania ceder\u00eda territorio a Rusia","author":"Nelson Feliz","date":"21 de noviembre de 2025","format":false,"excerpt":"POR ILLIA NOVIKOV, AAMER MADHANIand CHRIS MEGERIAN WASHINGTON (AP) \u2014 El plan del presidente estadounidense Donald Trump para poner fin a la guerra en Ucrania ceder\u00eda territorio a Rusia y limitar\u00eda el tama\u00f1o del ej\u00e9rcito de Kiev, seg\u00fan un borrador de la propuesta obtenido el jueves por The Associated Press.\u2026","rel":"","context":"En \u00abINTERNACIONALES\u00bb","block_context":{"text":"INTERNACIONALES","link":"https:\/\/lasprimeras.com.do\/index.php\/category\/sin-categoria\/internacionales\/"},"img":{"alt_text":"","src":"https:\/\/i0.wp.com\/lasprimeras.com.do\/wp-content\/uploads\/2025\/11\/coche-bomba.jpg?resize=350%2C200&ssl=1","width":350,"height":200,"srcset":"https:\/\/i0.wp.com\/lasprimeras.com.do\/wp-content\/uploads\/2025\/11\/coche-bomba.jpg?resize=350%2C200&ssl=1 1x, https:\/\/i0.wp.com\/lasprimeras.com.do\/wp-content\/uploads\/2025\/11\/coche-bomba.jpg?resize=525%2C300&ssl=1 1.5x, https:\/\/i0.wp.com\/lasprimeras.com.do\/wp-content\/uploads\/2025\/11\/coche-bomba.jpg?resize=700%2C400&ssl=1 2x"},"classes":[]}],"jetpack_sharing_enabled":true,"jetpack_featured_media_url":"https:\/\/lasprimeras.com.do\/wp-content\/uploads\/2026\/09\/IMG-20260903-WA0301.jpg","_links":{"self":[{"href":"https:\/\/lasprimeras.com.do\/index.php\/wp-json\/wp\/v2\/posts\/138961","targetHints":{"allow":["GET"]}}],"collection":[{"href":"https:\/\/lasprimeras.com.do\/index.php\/wp-json\/wp\/v2\/posts"}],"about":[{"href":"https:\/\/lasprimeras.com.do\/index.php\/wp-json\/wp\/v2\/types\/post"}],"author":[{"embeddable":true,"href":"https:\/\/lasprimeras.com.do\/index.php\/wp-json\/wp\/v2\/users\/10"}],"replies":[{"embeddable":true,"href":"https:\/\/lasprimeras.com.do\/index.php\/wp-json\/wp\/v2\/comments?post=138961"}],"version-history":[{"count":1,"href":"https:\/\/lasprimeras.com.do\/index.php\/wp-json\/wp\/v2\/posts\/138961\/revisions"}],"predecessor-version":[{"id":138963,"href":"https:\/\/lasprimeras.com.do\/index.php\/wp-json\/wp\/v2\/posts\/138961\/revisions\/138963"}],"wp:featuredmedia":[{"embeddable":true,"href":"https:\/\/lasprimeras.com.do\/index.php\/wp-json\/wp\/v2\/media\/138962"}],"wp:attachment":[{"href":"https:\/\/lasprimeras.com.do\/index.php\/wp-json\/wp\/v2\/media?parent=138961"}],"wp:term":[{"taxonomy":"category","embeddable":true,"href":"https:\/\/lasprimeras.com.do\/index.php\/wp-json\/wp\/v2\/categories?post=138961"},{"taxonomy":"post_tag","embeddable":true,"href":"https:\/\/lasprimeras.com.do\/index.php\/wp-json\/wp\/v2\/tags?post=138961"}],"curies":[{"name":"wp","href":"https:\/\/api.w.org\/{rel}","templated":true}]}}