{"id":138968,"date":"2026-09-03T18:17:27","date_gmt":"2026-09-03T22:17:27","guid":{"rendered":"https:\/\/lasprimeras.com.do\/?p=138968"},"modified":"2026-09-03T18:19:47","modified_gmt":"2026-09-03T22:19:47","slug":"juan-garrigo-renuncia-a-sus-funciones-gubernamentalesse-concentra-en-fortalecer-el-prm","status":"publish","type":"post","link":"https:\/\/lasprimeras.com.do\/index.php\/2026\/09\/03\/juan-garrigo-renuncia-a-sus-funciones-gubernamentalesse-concentra-en-fortalecer-el-prm\/","title":{"rendered":"Juan Garrig\u00f3 renuncia a sus funciones gubernamentales;se concentra en fortalecer el PRM"},"content":{"rendered":"\n<p class=\"wp-block-paragraph\"><strong>El electo secretario general renuncia a sus funciones en el Gobierno para dedicarse plenamente al fortalecimiento, la unidad y la modernizaci\u00f3n del partido<\/strong><\/p>\n\n\n\n<p class=\"wp-block-paragraph\"><strong>SANTO DOMINGO.\u2013 <\/strong>Juan Garrig\u00f3 Mej\u00eda present\u00f3 formalmente su renuncia al cargo de viceministro de Gesti\u00f3n Social y Comunitaria, con el prop\u00f3sito de dedicarse plenamente a las responsabilidades que asumir\u00e1 como secretario general del Partido Revolucionario Moderno (PRM).<\/p>\n\n\n\n<p class=\"wp-block-paragraph\">Garrig\u00f3 Mej\u00eda explic\u00f3 que tom\u00f3 la decisi\u00f3n con sentido de responsabilidad y coherencia institucional, consciente de que la Secretar\u00eda General demanda entrega, presencia territorial y una agenda permanente de trabajo junto a la dirigencia y la militancia del partido.<\/p>\n\n\n\n<p class=\"wp-block-paragraph\">\u201cHay responsabilidades que se dejan, pero hay compromisos que no terminan: servir al pa\u00eds es uno de ellos\u201d, expres\u00f3 Garrig\u00f3 Mej\u00eda.<\/p>\n\n\n\n<p class=\"wp-block-paragraph\">El dirigente agradeci\u00f3 al presidente Luis Abinader la confianza depositada en \u00e9l y la oportunidad de servir al pa\u00eds desde el Gobierno, experiencia que, afirm\u00f3, fortaleci\u00f3 su vocaci\u00f3n de servicio y su compromiso con una pol\u00edtica cercana a la gente.<\/p>\n\n\n\n<p class=\"wp-block-paragraph\">Asimismo, se\u00f1al\u00f3 que concentrar\u00e1 sus esfuerzos en escuchar a la militancia, organizar y fortalecer las estructuras partidarias, abrir oportunidades de participaci\u00f3n y modernizar el funcionamiento pol\u00edtico del PRM mediante nuevas herramientas y mecanismos de comunicaci\u00f3n.<\/p>\n\n\n\n<p class=\"wp-block-paragraph\">Garrig\u00f3 Mej\u00eda afirm\u00f3 que trabajar\u00e1 en coordinaci\u00f3n con el presidente del PRM, Luis Abinader; el presidente ejecutivo, Deligne Ascenci\u00f3n; la secretaria de Organizaci\u00f3n, Gloria Reyes, y los dem\u00e1s integrantes de la direcci\u00f3n nacional.<\/p>\n\n\n\n<p class=\"wp-block-paragraph\">Tambi\u00e9n reiter\u00f3 que la Secretar\u00eda General ser\u00e1 un espacio de puertas abiertas, orientado al di\u00e1logo, la organizaci\u00f3n, el reconocimiento de quienes trabajan por el partido y la b\u00fasqueda de soluciones a las inquietudes de la militancia.<\/p>\n\n\n\n<p class=\"wp-block-paragraph\">\u201cM\u00e1s que un cargo, asumo un compromiso. Porque quien no es cercano, no es pol\u00edtico, y la mejor manera de agradecer la confianza recibida es trabajando\u201d, concluy\u00f3.<\/p>\n\n\n\n<figure class=\"wp-block-image size-large\"><img decoding=\"async\" width=\"773\" height=\"1024\" src=\"https:\/\/lasprimeras.com.do\/wp-content\/uploads\/2026\/09\/renuncia-773x1024.jpg\" alt=\"\" class=\"wp-image-138970\" srcset=\"https:\/\/lasprimeras.com.do\/wp-content\/uploads\/2026\/09\/renuncia-773x1024.jpg 773w, https:\/\/lasprimeras.com.do\/wp-content\/uploads\/2026\/09\/renuncia-227x300.jpg 227w, https:\/\/lasprimeras.com.do\/wp-content\/uploads\/2026\/09\/renuncia-768x1017.jpg 768w, https:\/\/lasprimeras.com.do\/wp-content\/uploads\/2026\/09\/renuncia-1160x1536.jpg 1160w, https:\/\/lasprimeras.com.do\/wp-content\/uploads\/2026\/09\/renuncia.jpg 1208w\" sizes=\"(max-width: 773px) 100vw, 773px\" \/><\/figure>\n","protected":false},"excerpt":{"rendered":"<p>El electo secretario general renuncia a sus funciones en el Gobierno para dedicarse plenamente al fortalecimiento, la unidad y la modernizaci\u00f3n del partido SANTO DOMINGO.\u2013 Juan Garrig\u00f3 Mej\u00eda present\u00f3 formalmente&hellip;<\/p>\n","protected":false},"author":10,"featured_media":138969,"comment_status":"open","ping_status":"open","sticky":false,"template":"","format":"standard","meta":{"content-type":"","_jetpack_newsletter_access":"","_jetpack_dont_email_post_to_subs":false,"_jetpack_newsletter_tier_id":0,"_jetpack_memberships_contains_paywalled_content":false,"_jetpack_feature_clip_id":0,"_jetpack_memberships_contains_paid_content":false,"footnotes":"","jetpack_post_was_ever_published":false},"categories":[25],"tags":[1036,1369,9808,35640,31],"class_list":["post-138968","post","type-post","status-publish","format-standard","has-post-thumbnail","hentry","category-portada","tag-fortalecer","tag-funciones","tag-gubernamentales","tag-juan-garrigo","tag-prm"],"jetpack-related-posts":[{"id":136899,"url":"https:\/\/lasprimeras.com.do\/index.php\/2026\/08\/09\/juan-garrigo-asume-secretaria-general-del-prm\/","url_meta":{"origin":138968,"position":0},"title":"Juan Garrig\u00f3 asume Secretar\u00eda General del PRM","author":"Nelson Feliz","date":"9 de agosto de 2026","format":false,"excerpt":"Garrig\u00f3 reafirma compromiso con la unidad y la militancia SANTO DOMINGO.- Juan Garrig\u00f3 asumi\u00f3 la Secretar\u00eda General del Partido Revolucionario Moderno (PRM), responsabilidad que dijo ejercer\u00e1 con humildad, vocaci\u00f3n de servicio y el compromiso de continuar fortaleciendo la unidad y la institucionalidad de la organizaci\u00f3n pol\u00edtica. A trav\u00e9s de un\u2026","rel":"","context":"En \u00abPOLITICA\u00bb","block_context":{"text":"POLITICA","link":"https:\/\/lasprimeras.com.do\/index.php\/category\/politica\/"},"img":{"alt_text":"","src":"https:\/\/i0.wp.com\/lasprimeras.com.do\/wp-content\/uploads\/2026\/08\/garrigo-1.jpg?resize=350%2C200&ssl=1","width":350,"height":200,"srcset":"https:\/\/i0.wp.com\/lasprimeras.com.do\/wp-content\/uploads\/2026\/08\/garrigo-1.jpg?resize=350%2C200&ssl=1 1x, https:\/\/i0.wp.com\/lasprimeras.com.do\/wp-content\/uploads\/2026\/08\/garrigo-1.jpg?resize=525%2C300&ssl=1 1.5x, https:\/\/i0.wp.com\/lasprimeras.com.do\/wp-content\/uploads\/2026\/08\/garrigo-1.jpg?resize=700%2C400&ssl=1 2x"},"classes":[]},{"id":135391,"url":"https:\/\/lasprimeras.com.do\/index.php\/2026\/07\/23\/hipolito-mejia-senala-fallas-en-vigilancia-fitosanitaria-tras-suspension-de-exportaciones-de-mango-a-ee-uu\/","url_meta":{"origin":138968,"position":1},"title":"Hip\u00f3lito Mej\u00eda se\u00f1ala fallas en vigilancia fitosanitaria tras suspensi\u00f3n de exportaciones de mango a EE. UU.","author":"Nelson Feliz","date":"23 de julio de 2026","format":false,"excerpt":"SANTO DOMINGO.\u2013 El expresidente de la Rep\u00fablica Dominicana, Ing. Hip\u00f3lito Mej\u00eda afirm\u00f3 este mi\u00e9rcoles que la suspensi\u00f3n de las exportaciones de mango hacia Estados Unidos, tras detectarse la presencia de la mosca del Mediterr\u00e1neo, podr\u00eda estar relacionada con deficiencias en los mecanismos de vigilancia fitosanitaria. El exmandatario sostuvo que la\u2026","rel":"","context":"En \u00abPOLITICA\u00bb","block_context":{"text":"POLITICA","link":"https:\/\/lasprimeras.com.do\/index.php\/category\/politica\/"},"img":{"alt_text":"","src":"https:\/\/i0.wp.com\/lasprimeras.com.do\/wp-content\/uploads\/2026\/07\/WhatsApp-Image-2025-08-24-at-11.50.30-AM.jpeg?resize=350%2C200&ssl=1","width":350,"height":200,"srcset":"https:\/\/i0.wp.com\/lasprimeras.com.do\/wp-content\/uploads\/2026\/07\/WhatsApp-Image-2025-08-24-at-11.50.30-AM.jpeg?resize=350%2C200&ssl=1 1x, https:\/\/i0.wp.com\/lasprimeras.com.do\/wp-content\/uploads\/2026\/07\/WhatsApp-Image-2025-08-24-at-11.50.30-AM.jpeg?resize=525%2C300&ssl=1 1.5x, https:\/\/i0.wp.com\/lasprimeras.com.do\/wp-content\/uploads\/2026\/07\/WhatsApp-Image-2025-08-24-at-11.50.30-AM.jpeg?resize=700%2C400&ssl=1 2x, https:\/\/i0.wp.com\/lasprimeras.com.do\/wp-content\/uploads\/2026\/07\/WhatsApp-Image-2025-08-24-at-11.50.30-AM.jpeg?resize=1050%2C600&ssl=1 3x, https:\/\/i0.wp.com\/lasprimeras.com.do\/wp-content\/uploads\/2026\/07\/WhatsApp-Image-2025-08-24-at-11.50.30-AM.jpeg?resize=1400%2C800&ssl=1 4x"},"classes":[]},{"id":136986,"url":"https:\/\/lasprimeras.com.do\/index.php\/2026\/08\/11\/edgar-feliz-afirma-prm-sale-fortalecido-con-liderazgo-que-combina-experiencia-juventud-y-capacidad\/","url_meta":{"origin":138968,"position":2},"title":"Edgar F\u00e9liz afirma PRM sale fortalecido con liderazgo que combina experiencia, juventud y capacidad","author":"Nelson Feliz","date":"11 de agosto de 2026","format":false,"excerpt":"BARAHONA.\u2013 El presidente provincial del Partido Revolucionario Moderno (PRM), Edgar Augusto F\u00e9liz Arbona, afirm\u00f3 que esa organizaci\u00f3n pol\u00edtica sale fortalecida tras la escogencia de sus nuevas autoridades nacionales, destacando el ambiente de armon\u00eda y unidad que caracteriz\u00f3 el proceso. F\u00e9liz Arbona resalt\u00f3 la elecci\u00f3n del presidente Luis Abinader como presidente\u2026","rel":"","context":"En \u00abPORTADA\u00bb","block_context":{"text":"PORTADA","link":"https:\/\/lasprimeras.com.do\/index.php\/category\/portada\/"},"img":{"alt_text":"","src":"https:\/\/i0.wp.com\/lasprimeras.com.do\/wp-content\/uploads\/2026\/08\/IMG-20260810-WA0604.jpg?resize=350%2C200&ssl=1","width":350,"height":200,"srcset":"https:\/\/i0.wp.com\/lasprimeras.com.do\/wp-content\/uploads\/2026\/08\/IMG-20260810-WA0604.jpg?resize=350%2C200&ssl=1 1x, https:\/\/i0.wp.com\/lasprimeras.com.do\/wp-content\/uploads\/2026\/08\/IMG-20260810-WA0604.jpg?resize=525%2C300&ssl=1 1.5x, https:\/\/i0.wp.com\/lasprimeras.com.do\/wp-content\/uploads\/2026\/08\/IMG-20260810-WA0604.jpg?resize=700%2C400&ssl=1 2x, https:\/\/i0.wp.com\/lasprimeras.com.do\/wp-content\/uploads\/2026\/08\/IMG-20260810-WA0604.jpg?resize=1050%2C600&ssl=1 3x"},"classes":[]},{"id":130652,"url":"https:\/\/lasprimeras.com.do\/index.php\/2026\/05\/15\/diputados-frank-ramirez-de-san-juan-y-miledys-cuevas-de-san-cristobal-cierran-fila-con-carolina\/","url_meta":{"origin":138968,"position":3},"title":"Diputados Frank Ram\u00edrez de San Juan y Miledys Cuevas de San Crist\u00f3bal cierran fila con Carolina","author":"Nelson Feliz","date":"15 de mayo de 2026","format":false,"excerpt":"El diputado del Partido Revolucionario Moderno (PRM) por la provincia San Juan, Frank Ram\u00edrez y la diputada por la provincia de San Crist\u00f3bal, Miledys Cuevas, manifestaron su apoyo al proyecto presidencial de Carolina Mej\u00eda, enfatizando su compromiso con la dirigente pol\u00edtica y la estructura que la respalda en todo el\u2026","rel":"","context":"En \u00abPOLITICA\u00bb","block_context":{"text":"POLITICA","link":"https:\/\/lasprimeras.com.do\/index.php\/category\/politica\/"},"img":{"alt_text":"","src":"https:\/\/i0.wp.com\/lasprimeras.com.do\/wp-content\/uploads\/2026\/05\/IMG-20260515-WA0651.jpg?resize=350%2C200&ssl=1","width":350,"height":200,"srcset":"https:\/\/i0.wp.com\/lasprimeras.com.do\/wp-content\/uploads\/2026\/05\/IMG-20260515-WA0651.jpg?resize=350%2C200&ssl=1 1x, https:\/\/i0.wp.com\/lasprimeras.com.do\/wp-content\/uploads\/2026\/05\/IMG-20260515-WA0651.jpg?resize=525%2C300&ssl=1 1.5x, https:\/\/i0.wp.com\/lasprimeras.com.do\/wp-content\/uploads\/2026\/05\/IMG-20260515-WA0651.jpg?resize=700%2C400&ssl=1 2x, https:\/\/i0.wp.com\/lasprimeras.com.do\/wp-content\/uploads\/2026\/05\/IMG-20260515-WA0651.jpg?resize=1050%2C600&ssl=1 3x"},"classes":[]},{"id":136909,"url":"https:\/\/lasprimeras.com.do\/index.php\/2026\/08\/09\/abinader-retoma-control-directo-del-prm-y-delega-en-deligne-ascencion-operatividad-del-partido\/","url_meta":{"origin":138968,"position":4},"title":"Abinader retoma control directo del PRM y delega en Deligne Ascenci\u00f3n operatividad del partido","author":"Nelson Feliz","date":"9 de agosto de 2026","format":false,"excerpt":"SANTO DOMINGO. \u2013 El presidente Luis Abinader asumi\u00f3 nuevamente la presidencia del Partido Revolucionario Moderno (PRM) para los pr\u00f3ximos cuatro a\u00f1os, tras ser elegido por aclamaci\u00f3n este domingo en una Asamblea Nacional de Delegados celebrada a puertas cerradas en el hotel Sheraton. El movimiento estrat\u00e9gico devuelve al mandatario el control\u2026","rel":"","context":"En \u00abPORTADA\u00bb","block_context":{"text":"PORTADA","link":"https:\/\/lasprimeras.com.do\/index.php\/category\/portada\/"},"img":{"alt_text":"","src":"https:\/\/i0.wp.com\/lasprimeras.com.do\/wp-content\/uploads\/2026\/08\/PRM-1.jpg?resize=350%2C200&ssl=1","width":350,"height":200,"srcset":"https:\/\/i0.wp.com\/lasprimeras.com.do\/wp-content\/uploads\/2026\/08\/PRM-1.jpg?resize=350%2C200&ssl=1 1x, https:\/\/i0.wp.com\/lasprimeras.com.do\/wp-content\/uploads\/2026\/08\/PRM-1.jpg?resize=525%2C300&ssl=1 1.5x, https:\/\/i0.wp.com\/lasprimeras.com.do\/wp-content\/uploads\/2026\/08\/PRM-1.jpg?resize=700%2C400&ssl=1 2x"},"classes":[]},{"id":137353,"url":"https:\/\/lasprimeras.com.do\/index.php\/2026\/08\/16\/el-dilema-de-abinader-blindar-el-gobierno-y-arbitrar-al-prm\/","url_meta":{"origin":138968,"position":5},"title":"El dilema de Abinader: blindar el gobierno y arbitrar al PRM","author":"Nelson Feliz","date":"16 de agosto de 2026","format":false,"excerpt":"Santo Domingo. - El presidente de la Rep\u00fablica Dominicana, Luis Abinader inicia el tramo m\u00e1s complejo de su administraci\u00f3n al cumplir seis a\u00f1os en el Poder Ejecutivo. El mandatario asume formalmente la presidencia del Partido Revolucionario Moderno (PRM) con la doble misi\u00f3n de blindar la gobernabilidad, consolidar sus reformas institucionales\u2026","rel":"","context":"En \u00abPORTADA\u00bb","block_context":{"text":"PORTADA","link":"https:\/\/lasprimeras.com.do\/index.php\/category\/portada\/"},"img":{"alt_text":"","src":"https:\/\/i0.wp.com\/lasprimeras.com.do\/wp-content\/uploads\/2026\/07\/Luis-Abinader-3-1.jpg?resize=350%2C200&ssl=1","width":350,"height":200,"srcset":"https:\/\/i0.wp.com\/lasprimeras.com.do\/wp-content\/uploads\/2026\/07\/Luis-Abinader-3-1.jpg?resize=350%2C200&ssl=1 1x, https:\/\/i0.wp.com\/lasprimeras.com.do\/wp-content\/uploads\/2026\/07\/Luis-Abinader-3-1.jpg?resize=525%2C300&ssl=1 1.5x, https:\/\/i0.wp.com\/lasprimeras.com.do\/wp-content\/uploads\/2026\/07\/Luis-Abinader-3-1.jpg?resize=700%2C400&ssl=1 2x"},"classes":[]}],"jetpack_sharing_enabled":true,"jetpack_featured_media_url":"https:\/\/lasprimeras.com.do\/wp-content\/uploads\/2026\/09\/Juan-Garrigo.jpg","_links":{"self":[{"href":"https:\/\/lasprimeras.com.do\/index.php\/wp-json\/wp\/v2\/posts\/138968","targetHints":{"allow":["GET"]}}],"collection":[{"href":"https:\/\/lasprimeras.com.do\/index.php\/wp-json\/wp\/v2\/posts"}],"about":[{"href":"https:\/\/lasprimeras.com.do\/index.php\/wp-json\/wp\/v2\/types\/post"}],"author":[{"embeddable":true,"href":"https:\/\/lasprimeras.com.do\/index.php\/wp-json\/wp\/v2\/users\/10"}],"replies":[{"embeddable":true,"href":"https:\/\/lasprimeras.com.do\/index.php\/wp-json\/wp\/v2\/comments?post=138968"}],"version-history":[{"count":1,"href":"https:\/\/lasprimeras.com.do\/index.php\/wp-json\/wp\/v2\/posts\/138968\/revisions"}],"predecessor-version":[{"id":138971,"href":"https:\/\/lasprimeras.com.do\/index.php\/wp-json\/wp\/v2\/posts\/138968\/revisions\/138971"}],"wp:featuredmedia":[{"embeddable":true,"href":"https:\/\/lasprimeras.com.do\/index.php\/wp-json\/wp\/v2\/media\/138969"}],"wp:attachment":[{"href":"https:\/\/lasprimeras.com.do\/index.php\/wp-json\/wp\/v2\/media?parent=138968"}],"wp:term":[{"taxonomy":"category","embeddable":true,"href":"https:\/\/lasprimeras.com.do\/index.php\/wp-json\/wp\/v2\/categories?post=138968"},{"taxonomy":"post_tag","embeddable":true,"href":"https:\/\/lasprimeras.com.do\/index.php\/wp-json\/wp\/v2\/tags?post=138968"}],"curies":[{"name":"wp","href":"https:\/\/api.w.org\/{rel}","templated":true}]}}