{"id":138973,"date":"2026-09-03T20:52:49","date_gmt":"2026-09-04T00:52:49","guid":{"rendered":"https:\/\/lasprimeras.com.do\/?p=138973"},"modified":"2026-09-03T20:52:52","modified_gmt":"2026-09-04T00:52:52","slug":"fuerza-gremial-agropecuaria-denuncia-irregularidades-y-exclusion-en-elecciones-de-la-anpa","status":"publish","type":"post","link":"https:\/\/lasprimeras.com.do\/index.php\/2026\/09\/03\/fuerza-gremial-agropecuaria-denuncia-irregularidades-y-exclusion-en-elecciones-de-la-anpa\/","title":{"rendered":"Fuerza Gremial Agropecuaria denuncia irregularidades y exclusi\u00f3n en elecciones de la ANPA"},"content":{"rendered":"\n<p class=\"wp-block-paragraph\"><strong>Jos\u00e9 V\u00e1squez, candidato a presidir la Asociaci\u00f3n Nacional de Profesionales Agropecuarios, cuestion\u00f3 decisiones de la Comisi\u00f3n Nacional Electoral y reclam\u00f3 elecciones transparentes, participativas y con igualdad de condiciones.<\/strong><\/p>\n\n\n\n<p class=\"wp-block-paragraph\"><strong>SANTO DOMINGO.\u2013<\/strong> Dirigentes y miembros de la Fuerza Gremial Agropecuaria denunciaron violaciones e irregularidades en el proceso electoral de la Asociaci\u00f3n Nacional de Profesionales Agropecuarios (ANPA), al se\u00f1alar que decisiones adoptadas por la Comisi\u00f3n Nacional Electoral (CNE) restringen su participaci\u00f3n en las elecciones pautadas para el 9 de septiembre de 2026.<\/p>\n\n\n\n<p class=\"wp-block-paragraph\">La denuncia fue presentada durante una rueda de prensa realizada en el local de la ANPA, con la participaci\u00f3n de numerosos profesionales agropecuarios y dirigentes gremiales.<\/p>\n\n\n\n<p class=\"wp-block-paragraph\">El documento fue le\u00eddo por Jos\u00e9 V\u00e1squez, candidato de la Fuerza Gremial Agropecuaria a la presidencia de la organizaci\u00f3n, quien afirm\u00f3 que las actuaciones de la CNE vulneran el derecho de participaci\u00f3n de la membres\u00eda y ponen en riesgo los principios de transparencia, igualdad y democracia gremial.<\/p>\n\n\n\n<p class=\"wp-block-paragraph\">V\u00e1squez cuestion\u00f3 particularmente las resoluciones CNE-003-2026 y CNE-014-2026. Explic\u00f3 que la primera establece requisitos y condiciones que restringen injustificadamente la participaci\u00f3n de las diferentes corrientes gremiales, mientras que la segunda rechaz\u00f3 la participaci\u00f3n de Fuerza Gremial Agropecuaria en las elecciones, alegando incumplimientos de car\u00e1cter documental.<\/p>\n\n\n\n<p class=\"wp-block-paragraph\">El candidato calific\u00f3 de contradictorio que la CNE reconozca a los integrantes de Fuerza Gremial Agropecuaria su derecho individual a votar y, al mismo tiempo, les impida participar organizadamente como corriente gremial.<\/p>\n\n\n\n<p class=\"wp-block-paragraph\">\u201cNo estamos reclamando privilegios, sino igualdad de condiciones, respeto a las normas y derecho a participar\u201d, expres\u00f3 V\u00e1squez.<\/p>\n\n\n\n<p class=\"wp-block-paragraph\">Los dirigentes tambi\u00e9n cuestionaron la candidatura del actual presidente de la ANPA para el per\u00edodo 2026-2029, debido a que fue electo para el per\u00edodo 2024-2026 bajo disposiciones estatutarias que prohib\u00edan expresamente la reelecci\u00f3n.<\/p>\n\n\n\n<p class=\"wp-block-paragraph\">V\u00e1squez explic\u00f3 que durante 2025 fueron modificados los estatutos para permitir la reelecci\u00f3n, pero sostuvo que esa reforma no puede aplicarse retroactivamente para modificar las condiciones bajo las cuales se produjo la elecci\u00f3n de 2024, invocando el principio constitucional de irretroactividad.<\/p>\n\n\n\n<p class=\"wp-block-paragraph\">La Fuerza Gremial Agropecuaria anunci\u00f3 que defender\u00e1, por las v\u00edas institucionales, administrativas y jurisdiccionales correspondientes, los derechos de sus integrantes y la institucionalidad de la ANPA.<\/p>\n\n\n\n<p class=\"wp-block-paragraph\">V\u00e1squez hizo un llamado a los profesionales agropecuarios, las organizaciones gremiales y profesionales y a la sociedad dominicana a mantenerse atentos al desarrollo del proceso electoral.<\/p>\n\n\n\n<p class=\"wp-block-paragraph\">\u201cLa ANPA pertenece a todos sus miembros y no puede ser convertida en patrimonio particular de ninguna persona, grupo o direcci\u00f3n\u201d, afirm\u00f3.<\/p>\n\n\n\n<p class=\"wp-block-paragraph\">La organizaci\u00f3n reclam\u00f3 reglas claras, igualdad de oportunidades, respeto a los estatutos, transparencia y elecciones aut\u00e9nticamente libres, y advirti\u00f3 que no permitir\u00e1 que el proceso de 2026 siente un precedente de exclusi\u00f3n y concentraci\u00f3n del poder gremial.<\/p>\n\n\n\n<p class=\"wp-block-paragraph\">\u201cLa ANPA necesita elecciones libres. La ANPA necesita reglas iguales para todos. La ANPA necesita respeto a sus estatutos. La ANPA necesita recuperar plenamente su tradici\u00f3n democr\u00e1tica\u201d, concluy\u00f3 el documento le\u00eddo por V\u00e1squez.<\/p>\n","protected":false},"excerpt":{"rendered":"<p>Jos\u00e9 V\u00e1squez, candidato a presidir la Asociaci\u00f3n Nacional de Profesionales Agropecuarios, cuestion\u00f3 decisiones de la Comisi\u00f3n Nacional Electoral y reclam\u00f3 elecciones transparentes, participativas y con igualdad de condiciones. SANTO DOMINGO.\u2013&hellip;<\/p>\n","protected":false},"author":10,"featured_media":138974,"comment_status":"open","ping_status":"open","sticky":false,"template":"","format":"standard","meta":{"content-type":"","_jetpack_newsletter_access":"","_jetpack_dont_email_post_to_subs":false,"_jetpack_newsletter_tier_id":0,"_jetpack_memberships_contains_paywalled_content":false,"_jetpack_feature_clip_id":0,"_jetpack_memberships_contains_paid_content":false,"footnotes":"","jetpack_post_was_ever_published":false},"categories":[16559],"tags":[6561,182,13539,36274,509],"class_list":["post-138973","post","type-post","status-publish","format-standard","has-post-thumbnail","hentry","category-politica","tag-anpa","tag-elecciones","tag-exclusion","tag-fuerza-gremial-agropecuaria","tag-irregularidades"],"jetpack-related-posts":[{"id":123124,"url":"https:\/\/lasprimeras.com.do\/index.php\/2026\/02\/25\/gobierno-del-prm-ignora-la-importancia-de-los-profesionales-agropecuarios\/","url_meta":{"origin":138973,"position":0},"title":"Gobierno del PRM ignora la importancia de los profesionales agropecuarios","author":"Nelson Feliz","date":"25 de febrero de 2026","format":false,"excerpt":"Danilo Medina brinda el respaldo del Partido de la Liberaci\u00f3n Dominicana (PLD) a los reclamos de la Asociaci\u00f3n Nacional de Profesionales Agr\u00edcolas (ANPA). El Presidente del Partido de la Liberaci\u00f3n Dominicana (PLD), Danilo Medina, declar\u00f3 que esa organizaci\u00f3n pol\u00edtica brinda su inquebrantable respaldo a la Asociaci\u00f3n Nacional de Profesionales Agr\u00edcolas\u2026","rel":"","context":"En \u00abSin categor\u00eda\u00bb","block_context":{"text":"Sin categor\u00eda","link":"https:\/\/lasprimeras.com.do\/index.php\/category\/sin-categoria\/"},"img":{"alt_text":"","src":"https:\/\/i0.wp.com\/lasprimeras.com.do\/wp-content\/uploads\/2026\/02\/profesionales-agropecuarios.jpg?resize=350%2C200&ssl=1","width":350,"height":200,"srcset":"https:\/\/i0.wp.com\/lasprimeras.com.do\/wp-content\/uploads\/2026\/02\/profesionales-agropecuarios.jpg?resize=350%2C200&ssl=1 1x, https:\/\/i0.wp.com\/lasprimeras.com.do\/wp-content\/uploads\/2026\/02\/profesionales-agropecuarios.jpg?resize=525%2C300&ssl=1 1.5x, https:\/\/i0.wp.com\/lasprimeras.com.do\/wp-content\/uploads\/2026\/02\/profesionales-agropecuarios.jpg?resize=700%2C400&ssl=1 2x"},"classes":[]},{"id":123759,"url":"https:\/\/lasprimeras.com.do\/index.php\/2026\/03\/04\/cmd-se-solidariza-con-la-lucha-de-los-profesionales-agropecuarios\/","url_meta":{"origin":138973,"position":1},"title":"CMD se solidariza con la lucha de los profesionales agropecuarios","author":"Nelson Feliz","date":"4 de marzo de 2026","format":false,"excerpt":"El presidente del Colegio M\u00e9dico Dominicano (CMD), Dr. Luis Pe\u00f1a, recibi\u00f3 este mi\u00e9rcoles a una comisi\u00f3n del Comit\u00e9 Ejecutivo Nacional de la Asociaci\u00f3n Nacional de Profesionales Agropecuarios (ANPA), encabezada por su presidente Tito Hern\u00e1ndez, en un encuentro en el que fueron presentadas las principales demandas y reivindicaciones del gremio agropecuario.\u2026","rel":"","context":"En \u00abSALUD\u00bb","block_context":{"text":"SALUD","link":"https:\/\/lasprimeras.com.do\/index.php\/category\/salud\/"},"img":{"alt_text":"","src":"https:\/\/i0.wp.com\/lasprimeras.com.do\/wp-content\/uploads\/2026\/03\/WhatsApp-Image-2026-03-04-at-3.49.49-PM.jpeg?resize=350%2C200&ssl=1","width":350,"height":200,"srcset":"https:\/\/i0.wp.com\/lasprimeras.com.do\/wp-content\/uploads\/2026\/03\/WhatsApp-Image-2026-03-04-at-3.49.49-PM.jpeg?resize=350%2C200&ssl=1 1x, https:\/\/i0.wp.com\/lasprimeras.com.do\/wp-content\/uploads\/2026\/03\/WhatsApp-Image-2026-03-04-at-3.49.49-PM.jpeg?resize=525%2C300&ssl=1 1.5x, https:\/\/i0.wp.com\/lasprimeras.com.do\/wp-content\/uploads\/2026\/03\/WhatsApp-Image-2026-03-04-at-3.49.49-PM.jpeg?resize=700%2C400&ssl=1 2x, https:\/\/i0.wp.com\/lasprimeras.com.do\/wp-content\/uploads\/2026\/03\/WhatsApp-Image-2026-03-04-at-3.49.49-PM.jpeg?resize=1050%2C600&ssl=1 3x"},"classes":[]},{"id":118546,"url":"https:\/\/lasprimeras.com.do\/index.php\/2025\/12\/30\/anpa-califica-el-2025-como-un-ano-frustratorio-para-los-profesionales-agropecuarios\/","url_meta":{"origin":138973,"position":2},"title":"ANPA califica el 2025 como un a\u00f1o frustratorio para los profesionales agropecuarios","author":"Nelson Feliz","date":"30 de diciembre de 2025","format":false,"excerpt":"Tito Hern\u00e1ndez acusa al Gobierno de incumplir compromisos. La Asociaci\u00f3n Nacional de Profesionales Agropecuarios (ANPA) calific\u00f3 el a\u00f1o 2025 como un a\u00f1o frustratorio, decepcionante y de profundas frustraciones para los profesionales agropecuarios del pa\u00eds, al tiempo que acus\u00f3 al Gobierno de no cumplir los compromisos asumidos con este sector estrat\u00e9gico\u2026","rel":"","context":"En \u00abNACIONALES\u00bb","block_context":{"text":"NACIONALES","link":"https:\/\/lasprimeras.com.do\/index.php\/category\/nacionales\/"},"img":{"alt_text":"Tito Hern\u00e1ndez","src":"https:\/\/i0.wp.com\/lasprimeras.com.do\/wp-content\/uploads\/2025\/12\/Tito-Hernandez.jpg?resize=350%2C200&ssl=1","width":350,"height":200,"srcset":"https:\/\/i0.wp.com\/lasprimeras.com.do\/wp-content\/uploads\/2025\/12\/Tito-Hernandez.jpg?resize=350%2C200&ssl=1 1x, https:\/\/i0.wp.com\/lasprimeras.com.do\/wp-content\/uploads\/2025\/12\/Tito-Hernandez.jpg?resize=525%2C300&ssl=1 1.5x, https:\/\/i0.wp.com\/lasprimeras.com.do\/wp-content\/uploads\/2025\/12\/Tito-Hernandez.jpg?resize=700%2C400&ssl=1 2x"},"classes":[]},{"id":100532,"url":"https:\/\/lasprimeras.com.do\/index.php\/2025\/06\/08\/anpa-realiza-visita-tecnica-a-laboratorios-in-vitro-de-biovega\/","url_meta":{"origin":138973,"position":3},"title":"ANPA realiza visita t\u00e9cnica a laboratorios in vitro de BioVega","author":"Nelson Feliz","date":"8 de junio de 2025","format":false,"excerpt":"La Asociaci\u00f3n Nacional de Profesionales Agropecuarios (ANPA) sigue impulsando acciones que fortalecen el conocimiento t\u00e9cnico y la integraci\u00f3n de sus miembros. Este viernes, una delegaci\u00f3n de t\u00e9cnicos del Distrito Nacional realiz\u00f3 una visita institucional a los laboratorios in vitro de BioVega, en La Vega, dependencia del Ministerio de Agricultura dirigida\u2026","rel":"","context":"En \u00abNACIONALES\u00bb","block_context":{"text":"NACIONALES","link":"https:\/\/lasprimeras.com.do\/index.php\/category\/nacionales\/"},"img":{"alt_text":"","src":"https:\/\/i0.wp.com\/lasprimeras.com.do\/wp-content\/uploads\/2025\/06\/ANPA.jpg?resize=350%2C200&ssl=1","width":350,"height":200,"srcset":"https:\/\/i0.wp.com\/lasprimeras.com.do\/wp-content\/uploads\/2025\/06\/ANPA.jpg?resize=350%2C200&ssl=1 1x, https:\/\/i0.wp.com\/lasprimeras.com.do\/wp-content\/uploads\/2025\/06\/ANPA.jpg?resize=525%2C300&ssl=1 1.5x, https:\/\/i0.wp.com\/lasprimeras.com.do\/wp-content\/uploads\/2025\/06\/ANPA.jpg?resize=700%2C400&ssl=1 2x"},"classes":[]},{"id":102366,"url":"https:\/\/lasprimeras.com.do\/index.php\/2025\/07\/03\/anpa-y-medio-ambiente-mejoraran-condiciones-laborales-de-los-profesionales-agropecuarios\/","url_meta":{"origin":138973,"position":4},"title":"ANPA y Medio Ambiente mejorar\u00e1n condiciones laborales de los profesionales agropecuarios","author":"Nelson Feliz","date":"3 de julio de 2025","format":false,"excerpt":"Una comisi\u00f3n del Comit\u00e9 Ejecutivo Nacional de la ANPA, encabezada por su presidente V\u00edctor Hugo Hern\u00e1ndez (Tito), sostuvo una reuni\u00f3n con el ministro de Medio Ambiente, Paino Henr\u00edquez, para tratar temas claves que afectan a m\u00e1s de 300 profesionales agropecuarios de dicho organismo. Durante el encuentro el dirigente gremial solicito\u2026","rel":"","context":"En \u00abECONOM\u00cdA\u00bb","block_context":{"text":"ECONOM\u00cdA","link":"https:\/\/lasprimeras.com.do\/index.php\/category\/economia\/"},"img":{"alt_text":"","src":"https:\/\/i0.wp.com\/lasprimeras.com.do\/wp-content\/uploads\/2025\/07\/anpa.jpg?resize=350%2C200&ssl=1","width":350,"height":200,"srcset":"https:\/\/i0.wp.com\/lasprimeras.com.do\/wp-content\/uploads\/2025\/07\/anpa.jpg?resize=350%2C200&ssl=1 1x, https:\/\/i0.wp.com\/lasprimeras.com.do\/wp-content\/uploads\/2025\/07\/anpa.jpg?resize=525%2C300&ssl=1 1.5x, https:\/\/i0.wp.com\/lasprimeras.com.do\/wp-content\/uploads\/2025\/07\/anpa.jpg?resize=700%2C400&ssl=1 2x"},"classes":[]},{"id":113720,"url":"https:\/\/lasprimeras.com.do\/index.php\/2025\/11\/05\/anpa-convoca-a-un-paro-nacional-de-24-horas-este-viernes-7-de-noviembre\/","url_meta":{"origin":138973,"position":5},"title":"ANPA convoca a un paro nacional de 24 horas este viernes 7 de noviembre","author":"Nelson Feliz","date":"5 de noviembre de 2025","format":false,"excerpt":"La Asociaci\u00f3n Nacional de Profesionales Agropecuarios (ANPA) informa al pa\u00eds y a todos los trabajadores del sector agropecuario que, luego de agotar m\u00faltiples gestiones de di\u00e1logo y ante el incumplimiento de los acuerdos asumidos por las autoridades, ha decidido convocar a un paro nacional de 24 horas para este viernes\u2026","rel":"","context":"En \u00abNACIONALES\u00bb","block_context":{"text":"NACIONALES","link":"https:\/\/lasprimeras.com.do\/index.php\/category\/nacionales\/"},"img":{"alt_text":"","src":"https:\/\/i0.wp.com\/lasprimeras.com.do\/wp-content\/uploads\/2025\/11\/ANPA.jpg?resize=350%2C200&ssl=1","width":350,"height":200,"srcset":"https:\/\/i0.wp.com\/lasprimeras.com.do\/wp-content\/uploads\/2025\/11\/ANPA.jpg?resize=350%2C200&ssl=1 1x, https:\/\/i0.wp.com\/lasprimeras.com.do\/wp-content\/uploads\/2025\/11\/ANPA.jpg?resize=525%2C300&ssl=1 1.5x, https:\/\/i0.wp.com\/lasprimeras.com.do\/wp-content\/uploads\/2025\/11\/ANPA.jpg?resize=700%2C400&ssl=1 2x"},"classes":[]}],"jetpack_sharing_enabled":true,"jetpack_featured_media_url":"https:\/\/lasprimeras.com.do\/wp-content\/uploads\/2026\/09\/Jose-Vasquez-1.jpg","_links":{"self":[{"href":"https:\/\/lasprimeras.com.do\/index.php\/wp-json\/wp\/v2\/posts\/138973","targetHints":{"allow":["GET"]}}],"collection":[{"href":"https:\/\/lasprimeras.com.do\/index.php\/wp-json\/wp\/v2\/posts"}],"about":[{"href":"https:\/\/lasprimeras.com.do\/index.php\/wp-json\/wp\/v2\/types\/post"}],"author":[{"embeddable":true,"href":"https:\/\/lasprimeras.com.do\/index.php\/wp-json\/wp\/v2\/users\/10"}],"replies":[{"embeddable":true,"href":"https:\/\/lasprimeras.com.do\/index.php\/wp-json\/wp\/v2\/comments?post=138973"}],"version-history":[{"count":1,"href":"https:\/\/lasprimeras.com.do\/index.php\/wp-json\/wp\/v2\/posts\/138973\/revisions"}],"predecessor-version":[{"id":138975,"href":"https:\/\/lasprimeras.com.do\/index.php\/wp-json\/wp\/v2\/posts\/138973\/revisions\/138975"}],"wp:featuredmedia":[{"embeddable":true,"href":"https:\/\/lasprimeras.com.do\/index.php\/wp-json\/wp\/v2\/media\/138974"}],"wp:attachment":[{"href":"https:\/\/lasprimeras.com.do\/index.php\/wp-json\/wp\/v2\/media?parent=138973"}],"wp:term":[{"taxonomy":"category","embeddable":true,"href":"https:\/\/lasprimeras.com.do\/index.php\/wp-json\/wp\/v2\/categories?post=138973"},{"taxonomy":"post_tag","embeddable":true,"href":"https:\/\/lasprimeras.com.do\/index.php\/wp-json\/wp\/v2\/tags?post=138973"}],"curies":[{"name":"wp","href":"https:\/\/api.w.org\/{rel}","templated":true}]}}