{"id":138976,"date":"2026-09-03T21:20:40","date_gmt":"2026-09-04T01:20:40","guid":{"rendered":"https:\/\/lasprimeras.com.do\/?p=138976"},"modified":"2026-09-03T21:22:20","modified_gmt":"2026-09-04T01:22:20","slug":"exministra-de-salud-guzman-marcelino-cuestiona-la-vigilancia-epidemiologica-actual","status":"publish","type":"post","link":"https:\/\/lasprimeras.com.do\/index.php\/2026\/09\/03\/exministra-de-salud-guzman-marcelino-cuestiona-la-vigilancia-epidemiologica-actual\/","title":{"rendered":"Exministra de Salud Guzm\u00e1n Marcelino cuestiona la vigilancia epidemiol\u00f3gica actual"},"content":{"rendered":"\n<p class=\"wp-block-paragraph\"><strong>Preocupaci\u00f3n y escepticismo ante el incremento de muertes materna y de reci\u00e9n nacidos en Rep\u00fablica Dominicana exministra de Salud cuestiona la vigilancia epidemiol\u00f3gica actual<\/strong><\/p>\n\n\n\n<p class=\"wp-block-paragraph\"><strong>SANTO DOMINGO &#8211;<\/strong>La exministra de Salud P\u00fablica y miembro del Comit\u00e9 Central del Partido de la Liberaci\u00f3n Dominicana (PLD), Altagracia Guzm\u00e1n Marcelino, mostr\u00f3 su preocupaci\u00f3n y escepticismo ante el incremento de muertes materna e infantil en el pa\u00eds generando las alarmas de diversos sectores de la sociedad.<\/p>\n\n\n\n<p class=\"wp-block-paragraph\">Entrevistada en el programa Despierta con CDN, Guzm\u00e1n Marcelino reiter\u00f3 sus cuestionamientos a la vigilancia epidemiol\u00f3gica actual respecto a la efectividad y rigor de los procedimientos.<\/p>\n\n\n\n<p class=\"wp-block-paragraph\">Calific\u00f3 la situaci\u00f3n de \u201cgrave\u201d, se\u00f1alando que la p\u00e9rdida de vidas de reci\u00e9n nacidos y gestantes por causas evitables representa una falla inaceptable en los par\u00e1metros que miden la calidad de vida y la atenci\u00f3n m\u00e9dica de la poblaci\u00f3n.<\/p>\n\n\n\n<p class=\"wp-block-paragraph\">La doctora Guzm\u00e1n Marcelino aclar\u00f3 que, pesar de que las muertes maternas e infantiles son de notificaci\u00f3n obligatoria en el sistema epidemiol\u00f3gico nacional desde 1997, especialistas expresan una creciente desconfianza en los reportes y boletines oficiales actuales, citando irregularidades en la periodicidad de la informaci\u00f3n y falta de transparencia en el reporte de casos desde los centros de salud.<\/p>\n\n\n\n<p class=\"wp-block-paragraph\">Entre los factores clave que inciden en el deterioro de los indicadores de salud neonatal destac\u00f3: el incumplimiento severo de las normas elementales de higiene y desinfecci\u00f3n en \u00e1reas cr\u00edticas \u2014como la manipulaci\u00f3n inadecuada de instrumental, aspiradores y equipos de cuidado neonatal\u2014 que incrementa el riesgo de proliferaci\u00f3n de bacterias como la Klebsiella, derivando en brotes infecciosos letales.<\/p>\n\n\n\n<p class=\"wp-block-paragraph\">Asimismo, Altagracia Guzm\u00e1n Marcelino refiri\u00f3 el uso excesivo e inducci\u00f3n de ces\u00e1reas, cuyo porcentaje alcanza niveles alarmantes en el pa\u00eds (cercano al 90 % en el sector privado y superando el 50 % en el sector p\u00fablico).<\/p>\n\n\n\n<p class=\"wp-block-paragraph\">\u201cEsta pr\u00e1ctica incrementa las complicaciones respiratorias en los reci\u00e9n nacidos en comparaci\u00f3n con el parto vaginal, adem\u00e1s de responder en muchos casos a la falta de insumos para la inducci\u00f3n del parto o a la carencia de equipos de diagn\u00f3stico como son\u00f3grafos fetales en los hospitales p\u00fablicos\u201d, agreg\u00f3.<\/p>\n\n\n\n<p class=\"wp-block-paragraph\">Igualmente, debilidad en el primer nivel de atenci\u00f3n donde se evidencian fallas en el seguimiento a las gestantes en la consulta prenatal peri\u00f3dica, el control de la hipertensi\u00f3n arterial y la prevenci\u00f3n de partos prematuros o neonatos con bajo peso al nacer.<\/p>\n\n\n\n<p class=\"wp-block-paragraph\">Guzm\u00e1n Marcelino, dijo que el temor a ser deportadas o la falta de apoyo familiar ha alejado a parturientas de nacionalidad extranjera de la atenci\u00f3n hospitalaria oportuna, derivando en partos sin asistencia m\u00e9dica y en condiciones desfavorables que agravan la estad\u00edstica de mortalidad.<\/p>\n\n\n\n<p class=\"wp-block-paragraph\">Frente a esta crisis, la ex ministra de Salud P\u00fablica enfatiz\u00f3 que la fiscalizaci\u00f3n e investigaci\u00f3n de estos decesos debe recaer estrictamente en el Ministerio de Salud P\u00fablica como ente rector, regulador y fiscalizador del sistema, y no en las entidades operadoras de la red p\u00fablica, a fin de evitar situaciones donde el evaluador sea juez y parte.<\/p>\n","protected":false},"excerpt":{"rendered":"<p>Preocupaci\u00f3n y escepticismo ante el incremento de muertes materna y de reci\u00e9n nacidos en Rep\u00fablica Dominicana exministra de Salud cuestiona la vigilancia epidemiol\u00f3gica actual SANTO DOMINGO &#8211;La exministra de Salud&hellip;<\/p>\n","protected":false},"author":10,"featured_media":138977,"comment_status":"open","ping_status":"open","sticky":false,"template":"","format":"standard","meta":{"content-type":"","_jetpack_newsletter_access":"","_jetpack_dont_email_post_to_subs":false,"_jetpack_newsletter_tier_id":0,"_jetpack_memberships_contains_paywalled_content":false,"_jetpack_feature_clip_id":0,"_jetpack_memberships_contains_paid_content":false,"footnotes":"","jetpack_post_was_ever_published":false},"categories":[16558],"tags":[15256,6573,36275,725],"class_list":["post-138976","post","type-post","status-publish","format-standard","has-post-thumbnail","hentry","category-salud","tag-altagracia-guzman-marcelino","tag-epidemiologica","tag-exministra-de-salud","tag-vigilancia"],"jetpack-related-posts":[{"id":81407,"url":"https:\/\/lasprimeras.com.do\/index.php\/2024\/04\/21\/terrero-atribuye-aumento-de-las-muertes-maternas-al-deterioro-del-sistema-de-salud\/","url_meta":{"origin":138976,"position":0},"title":"Terrero atribuye aumento de las muertes maternas al deterioro del sistema de salud","author":"Nelson Feliz","date":"21 de abril de 2024","format":false,"excerpt":"El ex diputado por la provincia Barahona y miembro del Comit\u00e9 Central del Partido de la Liberaci\u00f3n Dominicana (PLD), doctor V\u00edctor Manuel Terrero, denunci\u00f3 que el deterioro de los servicios de salud han superado ampliamente la capacidad de respuesta del gobierno. El doctor Terrero, critic\u00f3 la falta de acciones concretas\u2026","rel":"","context":"En \u00abPORTADA\u00bb","block_context":{"text":"PORTADA","link":"https:\/\/lasprimeras.com.do\/index.php\/category\/portada\/"},"img":{"alt_text":"V\u00edctor Manuel Terrero","src":"https:\/\/i0.wp.com\/lasprimeras.com.do\/wp-content\/uploads\/2024\/04\/Victor-Manuel-Terrero.jpg?resize=350%2C200&ssl=1","width":350,"height":200,"srcset":"https:\/\/i0.wp.com\/lasprimeras.com.do\/wp-content\/uploads\/2024\/04\/Victor-Manuel-Terrero.jpg?resize=350%2C200&ssl=1 1x, https:\/\/i0.wp.com\/lasprimeras.com.do\/wp-content\/uploads\/2024\/04\/Victor-Manuel-Terrero.jpg?resize=525%2C300&ssl=1 1.5x"},"classes":[]},{"id":68645,"url":"https:\/\/lasprimeras.com.do\/index.php\/2023\/11\/26\/cipesa-culmina-con-exito-tercer-diplomado-comunicacion-estrategica-en-salud\/","url_meta":{"origin":138976,"position":1},"title":"Cipesa culmina con \u00e9xito tercer diplomado comunicaci\u00f3n estrat\u00e9gica en salud","author":"Nelson Feliz","date":"26 de noviembre de 2023","format":false,"excerpt":"Reconoce a la exministra de Salud, Altagracia Guzm\u00e1n Marcelino, y juramenta nuevos miembros El C\u00edrculo de Periodistas de la Salud (Cipesa) concluy\u00f3 su tercer programa acad\u00e9mico de diplomado en \"Comunicaci\u00f3n Estrat\u00e9gica en Salud\", con el respaldo del Instituto Nacional de Formaci\u00f3n T\u00e9cnico Profesional (Infotep) y el apoyo del Servicio Regional\u2026","rel":"","context":"En \u00abSin categor\u00eda\u00bb","block_context":{"text":"Sin categor\u00eda","link":"https:\/\/lasprimeras.com.do\/index.php\/category\/sin-categoria\/"},"img":{"alt_text":"C\u00edrculo de Periodistas de la Salud","src":"https:\/\/i0.wp.com\/lasprimeras.com.do\/wp-content\/uploads\/2023\/11\/cipesa.jpg?resize=350%2C200&ssl=1","width":350,"height":200,"srcset":"https:\/\/i0.wp.com\/lasprimeras.com.do\/wp-content\/uploads\/2023\/11\/cipesa.jpg?resize=350%2C200&ssl=1 1x, https:\/\/i0.wp.com\/lasprimeras.com.do\/wp-content\/uploads\/2023\/11\/cipesa.jpg?resize=525%2C300&ssl=1 1.5x, https:\/\/i0.wp.com\/lasprimeras.com.do\/wp-content\/uploads\/2023\/11\/cipesa.jpg?resize=700%2C400&ssl=1 2x"},"classes":[]},{"id":81401,"url":"https:\/\/lasprimeras.com.do\/index.php\/2024\/04\/20\/aumenta-mortalidad-materna-en-2023-sepsis-encabeza-las-causas\/","url_meta":{"origin":138976,"position":2},"title":"Aumenta mortalidad materna en 2023: Sepsis encabeza las causas","author":"Nelson Feliz","date":"20 de abril de 2024","format":false,"excerpt":"Por Viannelys Alcantara En Rep\u00fablica Dominicana, hasta la Semana Epidemiol\u00f3gica 52 del 2023, se reportaron 208 casos de muerte materna, con una Raz\u00f3n de Muerte Materna de 127 por cada 100,000 nacidos vivos, lo que representa un aumento del 16% en comparaci\u00f3n con el a\u00f1o anterior. De los casos notificados,\u2026","rel":"","context":"En \u00abSin categor\u00eda\u00bb","block_context":{"text":"Sin categor\u00eda","link":"https:\/\/lasprimeras.com.do\/index.php\/category\/sin-categoria\/"},"img":{"alt_text":"","src":"https:\/\/i0.wp.com\/lasprimeras.com.do\/wp-content\/uploads\/2024\/04\/Muerte_Materna-.jpg?resize=350%2C200&ssl=1","width":350,"height":200,"srcset":"https:\/\/i0.wp.com\/lasprimeras.com.do\/wp-content\/uploads\/2024\/04\/Muerte_Materna-.jpg?resize=350%2C200&ssl=1 1x, https:\/\/i0.wp.com\/lasprimeras.com.do\/wp-content\/uploads\/2024\/04\/Muerte_Materna-.jpg?resize=525%2C300&ssl=1 1.5x, https:\/\/i0.wp.com\/lasprimeras.com.do\/wp-content\/uploads\/2024\/04\/Muerte_Materna-.jpg?resize=700%2C400&ssl=1 2x"},"classes":[]},{"id":131784,"url":"https:\/\/lasprimeras.com.do\/index.php\/2026\/05\/25\/ministerio-de-salud-informa-circulacion-de-virus-respiratorios-esta-dentro-de-niveles-esperados\/","url_meta":{"origin":138976,"position":3},"title":"Ministerio de Salud informa circulaci\u00f3n de virus respiratorios est\u00e1 dentro de niveles esperados","author":"Nelson Feliz","date":"25 de mayo de 2026","format":false,"excerpt":"Santo Domingo. DN. \u2013 El Ministerio de Salud inform\u00f3 que la circulaci\u00f3n de COVID-19 y otros virus respiratorios en el pa\u00eds se mantiene dentro de los niveles esperados para la temporada, sin evidenciar aumento significativo de casos ni comportamiento de alarma epidemiol\u00f3gica, de acuerdo con los datos contenidos en el\u2026","rel":"","context":"En \u00abSALUD\u00bb","block_context":{"text":"SALUD","link":"https:\/\/lasprimeras.com.do\/index.php\/category\/salud\/"},"img":{"alt_text":"salud publica","src":"https:\/\/i0.wp.com\/lasprimeras.com.do\/wp-content\/uploads\/2026\/05\/salud-publica.jpeg?resize=350%2C200&ssl=1","width":350,"height":200,"srcset":"https:\/\/i0.wp.com\/lasprimeras.com.do\/wp-content\/uploads\/2026\/05\/salud-publica.jpeg?resize=350%2C200&ssl=1 1x, https:\/\/i0.wp.com\/lasprimeras.com.do\/wp-content\/uploads\/2026\/05\/salud-publica.jpeg?resize=525%2C300&ssl=1 1.5x, https:\/\/i0.wp.com\/lasprimeras.com.do\/wp-content\/uploads\/2026\/05\/salud-publica.jpeg?resize=700%2C400&ssl=1 2x"},"classes":[]},{"id":109252,"url":"https:\/\/lasprimeras.com.do\/index.php\/2025\/09\/15\/guzman-marcelino-con-la-cancelacion-de-los-tecnicos-y-financieros-de-senasa-desaparecieron-los-controles\/","url_meta":{"origin":138976,"position":4},"title":"Guzm\u00e1n Marcelino: Con la cancelaci\u00f3n de los t\u00e9cnicos y financieros de SENASA, desaparecieron los controles","author":"Nelson Feliz","date":"15 de septiembre de 2025","format":false,"excerpt":"La ex Ministra de Salud, Altagracia Guzm\u00e1n Marcelino, indic\u00f3 que el declive del Seguro Nacional de Salud (SeNaSa) empez\u00f3 cuando el Gobierno del presidente Luis Abinader cancel\u00f3 a todos los t\u00e9cnicos de tecnolog\u00eda, financieros, salud, afiliaci\u00f3n y se introdujo el clientelismo partidario en esa instituci\u00f3n. En rese\u00f1a del List\u00edn Diario\u2026","rel":"","context":"En \u00abSALUD\u00bb","block_context":{"text":"SALUD","link":"https:\/\/lasprimeras.com.do\/index.php\/category\/salud\/"},"img":{"alt_text":"","src":"https:\/\/i0.wp.com\/lasprimeras.com.do\/wp-content\/uploads\/2025\/09\/Altagracia-Guzman-Marcelino.jpg?resize=350%2C200&ssl=1","width":350,"height":200,"srcset":"https:\/\/i0.wp.com\/lasprimeras.com.do\/wp-content\/uploads\/2025\/09\/Altagracia-Guzman-Marcelino.jpg?resize=350%2C200&ssl=1 1x, https:\/\/i0.wp.com\/lasprimeras.com.do\/wp-content\/uploads\/2025\/09\/Altagracia-Guzman-Marcelino.jpg?resize=525%2C300&ssl=1 1.5x"},"classes":[]},{"id":118732,"url":"https:\/\/lasprimeras.com.do\/index.php\/2026\/01\/02\/gobierno-logra-reduccion-de-un-16-en-la-mortalidad-neonatal-en-2025\/","url_meta":{"origin":138976,"position":5},"title":"Gobierno logra reducci\u00f3n de un 16 % en la mortalidad neonatal en 2025","author":"Nelson Feliz","date":"2 de enero de 2026","format":false,"excerpt":"El Gobierno dominicano logr\u00f3 una reducci\u00f3n de un 16 % en la mortalidad neonatal 2025, como resultado de las acciones y estrategias implementadas a trav\u00e9s del Servicio Nacional de Salud (SNS), dirigidas al fortalecimiento de la atenci\u00f3n de las madres y sus reci\u00e9n nacidos. Se produjeron 294 muertes neonatales menos\u2026","rel":"","context":"En \u00abSALUD\u00bb","block_context":{"text":"SALUD","link":"https:\/\/lasprimeras.com.do\/index.php\/category\/salud\/"},"img":{"alt_text":"","src":"https:\/\/i0.wp.com\/lasprimeras.com.do\/wp-content\/uploads\/2026\/01\/SNS-1.jpg?resize=350%2C200&ssl=1","width":350,"height":200,"srcset":"https:\/\/i0.wp.com\/lasprimeras.com.do\/wp-content\/uploads\/2026\/01\/SNS-1.jpg?resize=350%2C200&ssl=1 1x, https:\/\/i0.wp.com\/lasprimeras.com.do\/wp-content\/uploads\/2026\/01\/SNS-1.jpg?resize=525%2C300&ssl=1 1.5x, https:\/\/i0.wp.com\/lasprimeras.com.do\/wp-content\/uploads\/2026\/01\/SNS-1.jpg?resize=700%2C400&ssl=1 2x"},"classes":[]}],"jetpack_sharing_enabled":true,"jetpack_featured_media_url":"https:\/\/lasprimeras.com.do\/wp-content\/uploads\/2026\/09\/Altagracia-Guzman-Marcelino.jpg","_links":{"self":[{"href":"https:\/\/lasprimeras.com.do\/index.php\/wp-json\/wp\/v2\/posts\/138976","targetHints":{"allow":["GET"]}}],"collection":[{"href":"https:\/\/lasprimeras.com.do\/index.php\/wp-json\/wp\/v2\/posts"}],"about":[{"href":"https:\/\/lasprimeras.com.do\/index.php\/wp-json\/wp\/v2\/types\/post"}],"author":[{"embeddable":true,"href":"https:\/\/lasprimeras.com.do\/index.php\/wp-json\/wp\/v2\/users\/10"}],"replies":[{"embeddable":true,"href":"https:\/\/lasprimeras.com.do\/index.php\/wp-json\/wp\/v2\/comments?post=138976"}],"version-history":[{"count":1,"href":"https:\/\/lasprimeras.com.do\/index.php\/wp-json\/wp\/v2\/posts\/138976\/revisions"}],"predecessor-version":[{"id":138978,"href":"https:\/\/lasprimeras.com.do\/index.php\/wp-json\/wp\/v2\/posts\/138976\/revisions\/138978"}],"wp:featuredmedia":[{"embeddable":true,"href":"https:\/\/lasprimeras.com.do\/index.php\/wp-json\/wp\/v2\/media\/138977"}],"wp:attachment":[{"href":"https:\/\/lasprimeras.com.do\/index.php\/wp-json\/wp\/v2\/media?parent=138976"}],"wp:term":[{"taxonomy":"category","embeddable":true,"href":"https:\/\/lasprimeras.com.do\/index.php\/wp-json\/wp\/v2\/categories?post=138976"},{"taxonomy":"post_tag","embeddable":true,"href":"https:\/\/lasprimeras.com.do\/index.php\/wp-json\/wp\/v2\/tags?post=138976"}],"curies":[{"name":"wp","href":"https:\/\/api.w.org\/{rel}","templated":true}]}}