{"id":138979,"date":"2026-09-03T21:38:46","date_gmt":"2026-09-04T01:38:46","guid":{"rendered":"https:\/\/lasprimeras.com.do\/?p=138979"},"modified":"2026-09-03T21:38:48","modified_gmt":"2026-09-04T01:38:48","slug":"conaorci-y-fubimud-piden-a-abinader-revisar-exclusion-de-organizaciones-sociales-del-presupuesto-2026","status":"publish","type":"post","link":"https:\/\/lasprimeras.com.do\/index.php\/2026\/09\/03\/conaorci-y-fubimud-piden-a-abinader-revisar-exclusion-de-organizaciones-sociales-del-presupuesto-2026\/","title":{"rendered":"CONAORCI y FUBIMUD piden a Abinader revisar exclusi\u00f3n de organizaciones sociales del Presupuesto 2026"},"content":{"rendered":"\n<p class=\"wp-block-paragraph\">Santo Domingo, RD. \u2013 La Coordinadora Nacional de Organizaciones de la Sociedad Civil (CONAORCI) y la Fundaci\u00f3n para el Bienestar de la Mujer Dominicana (FUBIMUD) solicitaron al presidente Luis Abinader intervenir ante la exclusi\u00f3n de numerosas organizaciones sociales de las asignaciones contempladas en el Presupuesto General del Estado de 2026, as\u00ed como de los recursos correspondientes al denominado pago excepcional.<\/p>\n\n\n\n<p class=\"wp-block-paragraph\">La presidenta de FUBIMUD, Yaneris Ledesma Su\u00e1rez, pidi\u00f3 al mandatario instruir al ministro Administrativo de la Presidencia, Andr\u00e9s Bautista, para que revise la situaci\u00f3n y, conforme a las disposiciones legales y presupuestarias vigentes, se determinen las asignaciones que correspondan a las organizaciones que cumplan con los requisitos establecidos.<\/p>\n\n\n\n<p class=\"wp-block-paragraph\">Ledesma Su\u00e1rez destac\u00f3 que las organizaciones de la sociedad civil desempe\u00f1an una funci\u00f3n fundamental en comunidades de todo el pa\u00eds, mediante programas de asistencia social, capacitaci\u00f3n, fortalecimiento familiar, prevenci\u00f3n de la violencia y protecci\u00f3n de mujeres y ni\u00f1as.<\/p>\n\n\n\n<p class=\"wp-block-paragraph\">\u201cNo estamos solicitando privilegios.<\/p>\n\n\n\n<p class=\"wp-block-paragraph\">Estamos reclamando que se valore el trabajo que realizan las organizaciones de la sociedad civil y que exista un mecanismo transparente y equitativo que nos permita continuar ejecutando nuestros programas en favor de las familias dominicanas\u201d, expres\u00f3.<\/p>\n\n\n\n<p class=\"wp-block-paragraph\">Asimismo, FUBIMUD manifest\u00f3 su preocupaci\u00f3n por los hechos de violencia que afectan a mujeres y ni\u00f1as y conden\u00f3 toda forma de agresi\u00f3n sexual, violaci\u00f3n y asesinato, independientemente de la nacionalidad de las personas se\u00f1aladas como responsables.<\/p>\n\n\n\n<p class=\"wp-block-paragraph\">La organizaci\u00f3n reclam\u00f3 a las autoridades una investigaci\u00f3n exhaustiva, transparente y conforme a la ley de los casos de violencia contra mujeres, a fin de establecer responsabilidades y garantizar justicia para las v\u00edctimas y sus familiares.<\/p>\n\n\n\n<p class=\"wp-block-paragraph\">En relaci\u00f3n con un caso recientemente difundido p\u00fablicamente, en el que una joven habr\u00eda sido v\u00edctima de una agresi\u00f3n sexual colectiva y posteriormente asesinada, FUBIMUD pidi\u00f3 a las autoridades actuar con rigor y aplicar la legislaci\u00f3n dominicana a toda persona que resulte responsable, respetando el debido proceso.<\/p>\n","protected":false},"excerpt":{"rendered":"<p>Santo Domingo, RD. \u2013 La Coordinadora Nacional de Organizaciones de la Sociedad Civil (CONAORCI) y la Fundaci\u00f3n para el Bienestar de la Mujer Dominicana (FUBIMUD) solicitaron al presidente Luis Abinader&hellip;<\/p>\n","protected":false},"author":10,"featured_media":138980,"comment_status":"open","ping_status":"open","sticky":false,"template":"","format":"standard","meta":{"content-type":"","_jetpack_newsletter_access":"","_jetpack_dont_email_post_to_subs":false,"_jetpack_newsletter_tier_id":0,"_jetpack_memberships_contains_paywalled_content":false,"_jetpack_feature_clip_id":0,"_jetpack_memberships_contains_paid_content":false,"footnotes":"","jetpack_post_was_ever_published":false},"categories":[39],"tags":[17625,17628,67,986,25327,36276,2802],"class_list":["post-138979","post","type-post","status-publish","format-standard","has-post-thumbnail","hentry","category-economia","tag-conaorci","tag-fubimud","tag-luis-abinader","tag-organizaciones","tag-presupuesto-2026","tag-revisar-exclusion","tag-sociales"],"jetpack-related-posts":[{"id":104854,"url":"https:\/\/lasprimeras.com.do\/index.php\/2025\/07\/28\/organizaciones-sociales-exigen-inclusion-en-el-presupuesto-nacional\/","url_meta":{"origin":138979,"position":0},"title":"Organizaciones sociales exigen inclusi\u00f3n en el Presupuesto Nacional","author":"Nelson Feliz","date":"28 de julio de 2025","format":false,"excerpt":"La coordinadora nacional de Organizaciones de la Sociedad Civil (CONAORCI) y presidenta de la Fundaci\u00f3n para el Bienestar de la Mujer Dominicana (FUBIMU), Yaneris Ledesma, manifest\u00f3 preocupaci\u00f3n por su exclusi\u00f3n sistem\u00e1tica del Presupuesto General de la Naci\u00f3n, lo que ha provocado un debilitamiento cr\u00edtico en su capacidad de acci\u00f3n social.\u2026","rel":"","context":"En \u00abNACIONALES\u00bb","block_context":{"text":"NACIONALES","link":"https:\/\/lasprimeras.com.do\/index.php\/category\/nacionales\/"},"img":{"alt_text":"","src":"https:\/\/i0.wp.com\/lasprimeras.com.do\/wp-content\/uploads\/2025\/07\/fumibud.jpg?resize=350%2C200&ssl=1","width":350,"height":200,"srcset":"https:\/\/i0.wp.com\/lasprimeras.com.do\/wp-content\/uploads\/2025\/07\/fumibud.jpg?resize=350%2C200&ssl=1 1x, https:\/\/i0.wp.com\/lasprimeras.com.do\/wp-content\/uploads\/2025\/07\/fumibud.jpg?resize=525%2C300&ssl=1 1.5x, https:\/\/i0.wp.com\/lasprimeras.com.do\/wp-content\/uploads\/2025\/07\/fumibud.jpg?resize=700%2C400&ssl=1 2x"},"classes":[]},{"id":133556,"url":"https:\/\/lasprimeras.com.do\/index.php\/2026\/06\/28\/fubimud-y-conaorci-exigen-al-gobierno-el-pago-pendiente\/","url_meta":{"origin":138979,"position":1},"title":"FUBIMUD y CONAORCI exigen al Gobierno el pago pendiente","author":"Nelson Feliz","date":"28 de junio de 2026","format":false,"excerpt":"Demandan mayor respaldo para prevenir la violencia de g\u00e9nero Santo Domingo, RD. - La Fundaci\u00f3n para el Bienestar de la Mujer Dominicana (FUBIMUD) y la Coordinadora Nacional de Organizaciones de la Sociedad Civil (CONAORCI), presididas por Yaneris Ledesma Su\u00e1rez, hicieron un llamado al presidente Luis Abinader, para que disponga el\u2026","rel":"","context":"En \u00abECONOM\u00cdA\u00bb","block_context":{"text":"ECONOM\u00cdA","link":"https:\/\/lasprimeras.com.do\/index.php\/category\/economia\/"},"img":{"alt_text":"Yaneris Ledesma Su\u00e1rez","src":"https:\/\/i0.wp.com\/lasprimeras.com.do\/wp-content\/uploads\/2026\/06\/Yaneris-Ledesma-Suarez.jpg?resize=350%2C200&ssl=1","width":350,"height":200,"srcset":"https:\/\/i0.wp.com\/lasprimeras.com.do\/wp-content\/uploads\/2026\/06\/Yaneris-Ledesma-Suarez.jpg?resize=350%2C200&ssl=1 1x, https:\/\/i0.wp.com\/lasprimeras.com.do\/wp-content\/uploads\/2026\/06\/Yaneris-Ledesma-Suarez.jpg?resize=525%2C300&ssl=1 1.5x, https:\/\/i0.wp.com\/lasprimeras.com.do\/wp-content\/uploads\/2026\/06\/Yaneris-Ledesma-Suarez.jpg?resize=700%2C400&ssl=1 2x"},"classes":[]},{"id":119561,"url":"https:\/\/lasprimeras.com.do\/index.php\/2026\/01\/14\/fundacion-felicita-al-presidente-abinader-por-cambios-en-el-gobierno\/","url_meta":{"origin":138979,"position":2},"title":"Fundaci\u00f3n felicita al presidente Abinader por cambios en el Gobierno","author":"Nelson Feliz","date":"14 de enero de 2026","format":false,"excerpt":"Respalda nueva etapa en el Ministerio de la Mujer. La Fundaci\u00f3n para el Bienestar de la Mujer Dominicana (FUBIMUD) felicit\u00f3 al presidente Luis Abinader, por los recientes cambios realizados en el tren gubernamental. Est\u00e1s decisiones que evidencian su compromiso con el fortalecimiento institucional y la mejora de las pol\u00edticas p\u00fablicas.\u2026","rel":"","context":"En \u00abNACIONALES\u00bb","block_context":{"text":"NACIONALES","link":"https:\/\/lasprimeras.com.do\/index.php\/category\/nacionales\/"},"img":{"alt_text":"","src":"https:\/\/i0.wp.com\/lasprimeras.com.do\/wp-content\/uploads\/2026\/01\/IMG-20260113-WA0734.jpg?resize=350%2C200&ssl=1","width":350,"height":200,"srcset":"https:\/\/i0.wp.com\/lasprimeras.com.do\/wp-content\/uploads\/2026\/01\/IMG-20260113-WA0734.jpg?resize=350%2C200&ssl=1 1x, https:\/\/i0.wp.com\/lasprimeras.com.do\/wp-content\/uploads\/2026\/01\/IMG-20260113-WA0734.jpg?resize=525%2C300&ssl=1 1.5x, https:\/\/i0.wp.com\/lasprimeras.com.do\/wp-content\/uploads\/2026\/01\/IMG-20260113-WA0734.jpg?resize=700%2C400&ssl=1 2x, https:\/\/i0.wp.com\/lasprimeras.com.do\/wp-content\/uploads\/2026\/01\/IMG-20260113-WA0734.jpg?resize=1050%2C600&ssl=1 3x, https:\/\/i0.wp.com\/lasprimeras.com.do\/wp-content\/uploads\/2026\/01\/IMG-20260113-WA0734.jpg?resize=1400%2C800&ssl=1 4x"},"classes":[]},{"id":94177,"url":"https:\/\/lasprimeras.com.do\/index.php\/2025\/02\/26\/organizaciones-reconocen-gestion-marcelo-peguero-en-ministerio-presidencia\/","url_meta":{"origin":138979,"position":3},"title":"Organizaciones reconocen gesti\u00f3n Marcelo Peguero en Ministerio Presidencia","author":"Nelson Feliz","date":"26 de febrero de 2025","format":false,"excerpt":"Las entidades destacan su incansable labor en la mejora de la calidad institucional y su compromiso con el desarrollo social del pa\u00eds. La Fundaci\u00f3n para el Bienestar de la Mujer Dominicana (FUBIMUD) y la Coordinadora Nacional de Organizaciones de la Sociedad Civil (CONAORCI) reconocieron a Evaristo Marcelo Peguero Peralta, director\u2026","rel":"","context":"En \u00abNACIONALES\u00bb","block_context":{"text":"NACIONALES","link":"https:\/\/lasprimeras.com.do\/index.php\/category\/nacionales\/"},"img":{"alt_text":"","src":"https:\/\/i0.wp.com\/lasprimeras.com.do\/wp-content\/uploads\/2025\/02\/Marcelo-Peguero.jpg?resize=350%2C200&ssl=1","width":350,"height":200,"srcset":"https:\/\/i0.wp.com\/lasprimeras.com.do\/wp-content\/uploads\/2025\/02\/Marcelo-Peguero.jpg?resize=350%2C200&ssl=1 1x, https:\/\/i0.wp.com\/lasprimeras.com.do\/wp-content\/uploads\/2025\/02\/Marcelo-Peguero.jpg?resize=525%2C300&ssl=1 1.5x"},"classes":[]},{"id":49000,"url":"https:\/\/lasprimeras.com.do\/index.php\/2023\/05\/06\/radhames-jimenez-juramenta-ex-dirigentes-de-diversas-organizaciones-en-la-fp\/","url_meta":{"origin":138979,"position":4},"title":"Radham\u00e9s Jim\u00e9nez juramenta ex dirigentes de diversas organizaciones en la FP","author":"prenxa100","date":"6 de mayo de 2023","format":false,"excerpt":"\u201cAfirma que el\u00a0\u00a0 gobierno obliga a dominicanos a lanzarse al mar en busca de un incierto mejor porvenir\u201d San Francisco de Macor\u00eds. \u2013 El vicepresidente y coordinador pol\u00edtico de la Fuerza del Pueblo Radham\u00e9s Jim\u00e9nez Pe\u00f1a, jurament\u00f3 en Pimentel-San Francisco de Macor\u00eds, decenas de ex dirigentes de diversos partidos que\u2026","rel":"","context":"En \u00abPORTADA\u00bb","block_context":{"text":"PORTADA","link":"https:\/\/lasprimeras.com.do\/index.php\/category\/portada\/"},"img":{"alt_text":"","src":"","width":0,"height":0},"classes":[]},{"id":98119,"url":"https:\/\/lasprimeras.com.do\/index.php\/2025\/05\/01\/alcalde-ny-asignara-us5-mil-millones-a-ongs-brindan-servicio-personas-escasos-recursos\/","url_meta":{"origin":138979,"position":5},"title":"Alcalde NY asignar\u00e1 US$5 mil millones a ONG&#8217;s brindan servicio personas escasos recursos","author":"Nelson Feliz","date":"1 de mayo de 2025","format":false,"excerpt":"Por Ram\u00f3n Mercedes NUEVA YORK.- M\u00e1s de 5 mil millones de d\u00f3lares ser\u00e1n asignados a diferentes Organizaciones sin Fines de Lucro (ONG) que brindan m\u00faltiples servicios a residentes de escasos recursos econ\u00f3micos en esta ciudad Se inform\u00f3 que figuran organizaciones dominicanas, mexicanas, salvadore\u00f1as, hondure\u00f1as, adem\u00e1s, anglosajonas y afroamericanas, entre otras\u2026","rel":"","context":"En \u00abECONOM\u00cdA\u00bb","block_context":{"text":"ECONOM\u00cdA","link":"https:\/\/lasprimeras.com.do\/index.php\/category\/economia\/"},"img":{"alt_text":"","src":"https:\/\/i0.wp.com\/lasprimeras.com.do\/wp-content\/uploads\/2025\/05\/Alcalde-NY.jpg?resize=350%2C200&ssl=1","width":350,"height":200},"classes":[]}],"jetpack_sharing_enabled":true,"jetpack_featured_media_url":"https:\/\/lasprimeras.com.do\/wp-content\/uploads\/2026\/09\/CONAORCI-y-FUBIMUD-1.jpg","_links":{"self":[{"href":"https:\/\/lasprimeras.com.do\/index.php\/wp-json\/wp\/v2\/posts\/138979","targetHints":{"allow":["GET"]}}],"collection":[{"href":"https:\/\/lasprimeras.com.do\/index.php\/wp-json\/wp\/v2\/posts"}],"about":[{"href":"https:\/\/lasprimeras.com.do\/index.php\/wp-json\/wp\/v2\/types\/post"}],"author":[{"embeddable":true,"href":"https:\/\/lasprimeras.com.do\/index.php\/wp-json\/wp\/v2\/users\/10"}],"replies":[{"embeddable":true,"href":"https:\/\/lasprimeras.com.do\/index.php\/wp-json\/wp\/v2\/comments?post=138979"}],"version-history":[{"count":1,"href":"https:\/\/lasprimeras.com.do\/index.php\/wp-json\/wp\/v2\/posts\/138979\/revisions"}],"predecessor-version":[{"id":138981,"href":"https:\/\/lasprimeras.com.do\/index.php\/wp-json\/wp\/v2\/posts\/138979\/revisions\/138981"}],"wp:featuredmedia":[{"embeddable":true,"href":"https:\/\/lasprimeras.com.do\/index.php\/wp-json\/wp\/v2\/media\/138980"}],"wp:attachment":[{"href":"https:\/\/lasprimeras.com.do\/index.php\/wp-json\/wp\/v2\/media?parent=138979"}],"wp:term":[{"taxonomy":"category","embeddable":true,"href":"https:\/\/lasprimeras.com.do\/index.php\/wp-json\/wp\/v2\/categories?post=138979"},{"taxonomy":"post_tag","embeddable":true,"href":"https:\/\/lasprimeras.com.do\/index.php\/wp-json\/wp\/v2\/tags?post=138979"}],"curies":[{"name":"wp","href":"https:\/\/api.w.org\/{rel}","templated":true}]}}