{"id":138982,"date":"2026-09-03T21:45:35","date_gmt":"2026-09-04T01:45:35","guid":{"rendered":"https:\/\/lasprimeras.com.do\/?p=138982"},"modified":"2026-09-03T21:45:37","modified_gmt":"2026-09-04T01:45:37","slug":"fp-denuncia-deuda-del-hospital-jaime-mota-aumento-9999900-en-seis-anos","status":"publish","type":"post","link":"https:\/\/lasprimeras.com.do\/index.php\/2026\/09\/03\/fp-denuncia-deuda-del-hospital-jaime-mota-aumento-9999900-en-seis-anos\/","title":{"rendered":"FP denuncia deuda del hospital Jaime Mota aument\u00f3 9,999,900 % en seis a\u00f1os"},"content":{"rendered":"\n<p class=\"wp-block-paragraph\"><strong>Barahona. \u2013 <\/strong>La deuda del Hospital Regional Docente Universitario Jaime Mota habr\u00eda pasado de aproximadamente RD$500,000 en 2020 a RD$50,000 millones seis a\u00f1os despu\u00e9s, seg\u00fan denunci\u00f3 el ortopeda Rafael S\u00e1nchez Shanlatte, vicesecretario nacional y provincial de la Secretar\u00eda de Salud de la Fuerza del Pueblo (FP).<\/p>\n\n\n\n<p class=\"wp-block-paragraph\">S\u00e1nchez Shanlatte hizo la denuncia durante una entrevista en el programa \u201cA Media Ma\u00f1ana\u201d, donde cuestion\u00f3 el comportamiento de las finanzas del principal centro hospitalario de la provincia y la calidad de los servicios que reciben los pacientes.<\/p>\n\n\n\n<p class=\"wp-block-paragraph\">De acuerdo con el c\u00e1lculo presentado por el dirigente pol\u00edtico, el monto actual ser\u00eda 100,000 veces superior al registrado en 2020, lo que representar\u00eda un incremento de 9,999,900 %.<\/p>\n\n\n\n<p class=\"wp-block-paragraph\">Cuestiona aumento de la deuda<\/p>\n\n\n\n<p class=\"wp-block-paragraph\">El profesional de la salud cuestion\u00f3 que el incremento de la deuda se haya producido durante los seis a\u00f1os de gesti\u00f3n del Partido Revolucionario Moderno (PRM), sin que, a su juicio, exista una mejor\u00eda proporcional en las condiciones en que opera el hospital.<\/p>\n\n\n\n<p class=\"wp-block-paragraph\">S\u00e1nchez Shanlatte sostuvo que el aumento del pasivo no se refleja necesariamente en una mayor disponibilidad de medicamentos, insumos y servicios m\u00e9dicos para los pacientes que acuden al establecimiento sanitario.<\/p>\n\n\n\n<p class=\"wp-block-paragraph\">\u201cEsas cifras, en comparaci\u00f3n con el monto actual ser\u00eda 100,000 veces superior al registrado en 2020, equivalente a un incremento de 9,999,900 %\u201d, afirm\u00f3 el dirigente de la Fuerza del Pueblo.<\/p>\n\n\n\n<p class=\"wp-block-paragraph\">S\u00e1nchez Shanlatte consider\u00f3 que la magnitud de la cifra que atribuye a la deuda del hospital constituye una situaci\u00f3n que debe ser explicada por las autoridades responsables de la administraci\u00f3n del sistema sanitario.<\/p>\n\n\n\n<p class=\"wp-block-paragraph\">El dirigente reiter\u00f3 su cuestionamiento sobre el comportamiento financiero del Jaime Mota y plante\u00f3 la necesidad de transparentar c\u00f3mo ha evolucionado la deuda del centro asistencial durante los \u00faltimos a\u00f1os.<\/p>\n\n\n\n<p class=\"wp-block-paragraph\">Corresponde a las autoridades competentes confirmar el monto real del pasivo del hospital, su composici\u00f3n y evoluci\u00f3n durante el per\u00edodo se\u00f1alado, un se\u00f1alamiento similar denunci\u00f3 el doctor Rufino Sen\u00e9n Caba, el expresidente del Colegio M\u00e9dico Dominicano (CMD).<\/p>\n","protected":false},"excerpt":{"rendered":"<p>Barahona. \u2013 La deuda del Hospital Regional Docente Universitario Jaime Mota habr\u00eda pasado de aproximadamente RD$500,000 en 2020 a RD$50,000 millones seis a\u00f1os despu\u00e9s, seg\u00fan denunci\u00f3 el ortopeda Rafael S\u00e1nchez&hellip;<\/p>\n","protected":false},"author":10,"featured_media":138983,"comment_status":"open","ping_status":"open","sticky":false,"template":"","format":"standard","meta":{"content-type":"","_jetpack_newsletter_access":"","_jetpack_dont_email_post_to_subs":false,"_jetpack_newsletter_tier_id":0,"_jetpack_memberships_contains_paywalled_content":false,"_jetpack_feature_clip_id":0,"_jetpack_memberships_contains_paid_content":false,"footnotes":"","jetpack_post_was_ever_published":false},"categories":[39],"tags":[36278,36279,36277,701,2064,79,4150,35765],"class_list":["post-138982","post","type-post","status-publish","format-standard","has-post-thumbnail","hentry","category-economia","tag-36278","tag-36279","tag-36277","tag-aumento-2","tag-deuda","tag-fp","tag-hospital-jaime-mota","tag-seis-anos"],"jetpack-related-posts":[{"id":137033,"url":"https:\/\/lasprimeras.com.do\/index.php\/2026\/08\/12\/fp-asegura-servicios-de-salud-estan-al-borde-del-colapso\/","url_meta":{"origin":138982,"position":0},"title":"FP asegura servicios de salud est\u00e1n al borde del colapso","author":"Nelson Feliz","date":"12 de agosto de 2026","format":false,"excerpt":"Ram\u00f3n Alvarado exige al Gobierno ir en auxilio de los servicios de salud ante las graves deficiencias que afectan a hospitales del pa\u00eds. Santo Domingo.\u2013 El partido Fuerza del Pueblo (FP) asegur\u00f3 este martes que los servicios de salud en la Rep\u00fablica Dominicana se encuentran al borde del colapso y\u2026","rel":"","context":"En \u00abPORTADA\u00bb","block_context":{"text":"PORTADA","link":"https:\/\/lasprimeras.com.do\/index.php\/category\/portada\/"},"img":{"alt_text":"Ram\u00f3n Alvarado","src":"https:\/\/i0.wp.com\/lasprimeras.com.do\/wp-content\/uploads\/2026\/08\/Ramon-Alvarado.jpg?resize=350%2C200&ssl=1","width":350,"height":200,"srcset":"https:\/\/i0.wp.com\/lasprimeras.com.do\/wp-content\/uploads\/2026\/08\/Ramon-Alvarado.jpg?resize=350%2C200&ssl=1 1x, https:\/\/i0.wp.com\/lasprimeras.com.do\/wp-content\/uploads\/2026\/08\/Ramon-Alvarado.jpg?resize=525%2C300&ssl=1 1.5x, https:\/\/i0.wp.com\/lasprimeras.com.do\/wp-content\/uploads\/2026\/08\/Ramon-Alvarado.jpg?resize=700%2C400&ssl=1 2x"},"classes":[]},{"id":121021,"url":"https:\/\/lasprimeras.com.do\/index.php\/2026\/01\/30\/fp-senasa-acumula-deuda-de-rd10-mil-millones-morosidad-se-disparo-de-1-a-44\/","url_meta":{"origin":138982,"position":1},"title":"FP: SENASA acumula deuda de RD$10 mil millones; morosidad se dispar\u00f3 de 1% a 44%*","author":"Nelson Feliz","date":"30 de enero de 2026","format":false,"excerpt":"_Ram\u00f3n Alvarado presenta balance 2025 y advierte colapso del sistema de salud por crisis financiera, precariedad hospitalaria y abandono de la atenci\u00f3n primaria._ El partido Fuerza del Pueblo (FP) denunci\u00f3 este jueves que el Seguro Nacional de Salud (SENASA) atraviesa una profunda crisis financiera y gerencial, evidenciada en una deuda\u2026","rel":"","context":"En \u00abPOLITICA\u00bb","block_context":{"text":"POLITICA","link":"https:\/\/lasprimeras.com.do\/index.php\/category\/politica\/"},"img":{"alt_text":"","src":"https:\/\/i0.wp.com\/lasprimeras.com.do\/wp-content\/uploads\/2026\/01\/IMG-20260129-WA0679-scaled.jpg?resize=350%2C200&ssl=1","width":350,"height":200,"srcset":"https:\/\/i0.wp.com\/lasprimeras.com.do\/wp-content\/uploads\/2026\/01\/IMG-20260129-WA0679-scaled.jpg?resize=350%2C200&ssl=1 1x, https:\/\/i0.wp.com\/lasprimeras.com.do\/wp-content\/uploads\/2026\/01\/IMG-20260129-WA0679-scaled.jpg?resize=525%2C300&ssl=1 1.5x, https:\/\/i0.wp.com\/lasprimeras.com.do\/wp-content\/uploads\/2026\/01\/IMG-20260129-WA0679-scaled.jpg?resize=700%2C400&ssl=1 2x, https:\/\/i0.wp.com\/lasprimeras.com.do\/wp-content\/uploads\/2026\/01\/IMG-20260129-WA0679-scaled.jpg?resize=1050%2C600&ssl=1 3x, https:\/\/i0.wp.com\/lasprimeras.com.do\/wp-content\/uploads\/2026\/01\/IMG-20260129-WA0679-scaled.jpg?resize=1400%2C800&ssl=1 4x"},"classes":[]},{"id":118562,"url":"https:\/\/lasprimeras.com.do\/index.php\/2025\/12\/31\/hospital-regional-universitario-jaime-mota-refuerza-emergencias-para-la-navidad-y-ano-nuevo-2026\/","url_meta":{"origin":138982,"position":2},"title":"Hospital Regional Universitario Jaime Mota refuerza emergencias para la Navidad y A\u00f1o Nuevo 2026","author":"Nelson Feliz","date":"31 de diciembre de 2025","format":false,"excerpt":"Dra. Graciela Lafontaine","rel":"","context":"En \u00abPORTADA\u00bb","block_context":{"text":"PORTADA","link":"https:\/\/lasprimeras.com.do\/index.php\/category\/portada\/"},"img":{"alt_text":"","src":"https:\/\/i0.wp.com\/lasprimeras.com.do\/wp-content\/uploads\/2025\/12\/IMG-20251224-WA0159.jpg?resize=350%2C200&ssl=1","width":350,"height":200},"classes":[]},{"id":138870,"url":"https:\/\/lasprimeras.com.do\/index.php\/2026\/09\/02\/hospital-jaime-mota-promueve-concienciacion-sobre-la-lepra\/","url_meta":{"origin":138982,"position":3},"title":"Hospital Jaime Mota promueve concienciaci\u00f3n sobre la lepra","author":"Nelson Feliz","date":"2 de septiembre de 2026","format":false,"excerpt":"BARAHONA.\u2013 En el marco del Mes de Concientizaci\u00f3n sobre la Lepra, el Hospital Universitario Regional Jaime Mota reafirma su compromiso con la promoci\u00f3n de la salud, la educaci\u00f3n de la poblaci\u00f3n y la prevenci\u00f3n de esta enfermedad, haciendo \u00e9nfasis en la importancia de la detecci\u00f3n temprana y el acceso oportuno\u2026","rel":"","context":"En \u00abSALUD\u00bb","block_context":{"text":"SALUD","link":"https:\/\/lasprimeras.com.do\/index.php\/category\/salud\/"},"img":{"alt_text":"","src":"https:\/\/i0.wp.com\/lasprimeras.com.do\/wp-content\/uploads\/2026\/09\/lepra.jpg?resize=350%2C200&ssl=1","width":350,"height":200,"srcset":"https:\/\/i0.wp.com\/lasprimeras.com.do\/wp-content\/uploads\/2026\/09\/lepra.jpg?resize=350%2C200&ssl=1 1x, https:\/\/i0.wp.com\/lasprimeras.com.do\/wp-content\/uploads\/2026\/09\/lepra.jpg?resize=525%2C300&ssl=1 1.5x, https:\/\/i0.wp.com\/lasprimeras.com.do\/wp-content\/uploads\/2026\/09\/lepra.jpg?resize=700%2C400&ssl=1 2x, https:\/\/i0.wp.com\/lasprimeras.com.do\/wp-content\/uploads\/2026\/09\/lepra.jpg?resize=1050%2C600&ssl=1 3x"},"classes":[]},{"id":120086,"url":"https:\/\/lasprimeras.com.do\/index.php\/2026\/01\/20\/la-deuda-publica-crecio-us110-millones-al-dia-en-2025-senala-la-fp\/","url_meta":{"origin":138982,"position":4},"title":"La deuda p\u00fablica creci\u00f3 US$110 millones al d\u00eda en 2025, se\u00f1ala la FP","author":"Nelson Feliz","date":"20 de enero de 2026","format":false,"excerpt":"Daniel Toribio","rel":"","context":"En \u00abPOLITICA\u00bb","block_context":{"text":"POLITICA","link":"https:\/\/lasprimeras.com.do\/index.php\/category\/politica\/"},"img":{"alt_text":"Daniel Toribio","src":"https:\/\/i0.wp.com\/lasprimeras.com.do\/wp-content\/uploads\/2025\/06\/Daniel-Toribio.jpg?resize=350%2C200&ssl=1","width":350,"height":200,"srcset":"https:\/\/i0.wp.com\/lasprimeras.com.do\/wp-content\/uploads\/2025\/06\/Daniel-Toribio.jpg?resize=350%2C200&ssl=1 1x, https:\/\/i0.wp.com\/lasprimeras.com.do\/wp-content\/uploads\/2025\/06\/Daniel-Toribio.jpg?resize=525%2C300&ssl=1 1.5x, https:\/\/i0.wp.com\/lasprimeras.com.do\/wp-content\/uploads\/2025\/06\/Daniel-Toribio.jpg?resize=700%2C400&ssl=1 2x"},"classes":[]}],"jetpack_sharing_enabled":true,"jetpack_featured_media_url":"https:\/\/lasprimeras.com.do\/wp-content\/uploads\/2026\/09\/Rafael-Sanchez-Shanlatte.jpg","_links":{"self":[{"href":"https:\/\/lasprimeras.com.do\/index.php\/wp-json\/wp\/v2\/posts\/138982","targetHints":{"allow":["GET"]}}],"collection":[{"href":"https:\/\/lasprimeras.com.do\/index.php\/wp-json\/wp\/v2\/posts"}],"about":[{"href":"https:\/\/lasprimeras.com.do\/index.php\/wp-json\/wp\/v2\/types\/post"}],"author":[{"embeddable":true,"href":"https:\/\/lasprimeras.com.do\/index.php\/wp-json\/wp\/v2\/users\/10"}],"replies":[{"embeddable":true,"href":"https:\/\/lasprimeras.com.do\/index.php\/wp-json\/wp\/v2\/comments?post=138982"}],"version-history":[{"count":1,"href":"https:\/\/lasprimeras.com.do\/index.php\/wp-json\/wp\/v2\/posts\/138982\/revisions"}],"predecessor-version":[{"id":138984,"href":"https:\/\/lasprimeras.com.do\/index.php\/wp-json\/wp\/v2\/posts\/138982\/revisions\/138984"}],"wp:featuredmedia":[{"embeddable":true,"href":"https:\/\/lasprimeras.com.do\/index.php\/wp-json\/wp\/v2\/media\/138983"}],"wp:attachment":[{"href":"https:\/\/lasprimeras.com.do\/index.php\/wp-json\/wp\/v2\/media?parent=138982"}],"wp:term":[{"taxonomy":"category","embeddable":true,"href":"https:\/\/lasprimeras.com.do\/index.php\/wp-json\/wp\/v2\/categories?post=138982"},{"taxonomy":"post_tag","embeddable":true,"href":"https:\/\/lasprimeras.com.do\/index.php\/wp-json\/wp\/v2\/tags?post=138982"}],"curies":[{"name":"wp","href":"https:\/\/api.w.org\/{rel}","templated":true}]}}