{"id":138985,"date":"2026-09-03T21:59:03","date_gmt":"2026-09-04T01:59:03","guid":{"rendered":"https:\/\/lasprimeras.com.do\/?p=138985"},"modified":"2026-09-03T21:59:07","modified_gmt":"2026-09-04T01:59:07","slug":"jose-horacio-cuestiona-proyecto-que-exonera-de-impuestos-a-embarcaciones-de-lujo","status":"publish","type":"post","link":"https:\/\/lasprimeras.com.do\/index.php\/2026\/09\/03\/jose-horacio-cuestiona-proyecto-que-exonera-de-impuestos-a-embarcaciones-de-lujo\/","title":{"rendered":"Jos\u00e9 Horacio cuestiona proyecto que exonera de impuestos a embarcaciones de lujo"},"content":{"rendered":"\n<p class=\"wp-block-paragraph\">Santo Domingo, RD.- El presidente del partido Opci\u00f3n Democr\u00e1tica (OD), Jos\u00e9 Horacio Rodr\u00edguez, cuestion\u00f3 el proyecto de ley aprobado por el Senado que exonera de impuestos la importaci\u00f3n de embarcaciones de lujo.<\/p>\n\n\n\n<p class=\"wp-block-paragraph\">Rodr\u00edguez advirti\u00f3 que la iniciativa, que ahora pasa a la C\u00e1mara de Diputados para su conocimiento, profundizar\u00eda las desigualdades del sistema tributario dominicano, pues otorga beneficios fiscales a quienes tienen la capacidad econ\u00f3mica para adquirir este tipo de embarcaciones.<\/p>\n\n\n\n<p class=\"wp-block-paragraph\">El exlegislador record\u00f3 que, cuando fue diputado, ya hab\u00eda denunciado este mismo proyecto, y calific\u00f3 de lamentable que una iniciativa de este tipo vuelva a conocerse en el Congreso.<\/p>\n\n\n\n<p class=\"wp-block-paragraph\">\u201cEl sistema de impuestos dominicano de por s\u00ed es uno de los m\u00e1s regresivos del mundo. Qui\u00e9n m\u00e1s tiene no paga, y esa decisi\u00f3n de los senadores de aprobar ese proyecto va precisamente en el sentido, no de corregir esa situaci\u00f3n, sino de agravarla; de mantener un sistema desigual\u201d, dijo.<\/p>\n\n\n\n<p class=\"wp-block-paragraph\">Rodr\u00edguez reconoci\u00f3 que regular el turismo n\u00e1utico puede ser positivo, pero advirti\u00f3 que aplicar la nueva normativa tambi\u00e9n le representar\u00eda al Estado mayores responsabilidades y gastos.<\/p>\n\n\n\n<p class=\"wp-block-paragraph\">El dirigente pol\u00edtico cuestion\u00f3 adem\u00e1s el art\u00edculo 48 del proyecto, que exonera por 15 a\u00f1os el pago del Impuesto al Patrimonio Inmobiliario (IPI) sobre los terrenos y las mejoras que se utilicen en las actividades de desarrollo previstas en la ley. Ese mismo art\u00edculo va m\u00e1s all\u00e1: exime, sin l\u00edmite de tiempo, la importaci\u00f3n de materiales y mobiliario destinados a la construcci\u00f3n, remodelaci\u00f3n o equipamiento de esos proyectos.<\/p>\n\n\n\n<p class=\"wp-block-paragraph\">\u201cNo se trata de una exoneraci\u00f3n temporal y razonable para incentivar una actividad econ\u00f3mica. Se trata de un r\u00e9gimen de privilegio permanente, sin fecha de vencimiento, para la importaci\u00f3n de materiales y mobiliario. Eso no es fomento a la inversi\u00f3n, es una renuncia indefinida del Estado a recaudar lo que le corresponde\u201d, sostuvo Rodr\u00edguez.<\/p>\n\n\n\n<p class=\"wp-block-paragraph\">Explic\u00f3 que la combinaci\u00f3n de ambos beneficios \u2014 15 a\u00f1os sin pagar el IPI y una exenci\u00f3n de importaci\u00f3n sin ning\u00fan l\u00edmite de tiempo \u2014 convierte al art\u00edculo 48 en una puerta abierta para que, bajo la excusa del desarrollo tur\u00edstico y n\u00e1utico, se erosione de forma permanente la recaudaci\u00f3n del Estado, sin que exista una fecha de revisi\u00f3n, un tope temporal ni mecanismos que obliguen a rendir cuentas sobre lo que esto le cuesta al pa\u00eds.<\/p>\n","protected":false},"excerpt":{"rendered":"<p>Santo Domingo, RD.- El presidente del partido Opci\u00f3n Democr\u00e1tica (OD), Jos\u00e9 Horacio Rodr\u00edguez, cuestion\u00f3 el proyecto de ley aprobado por el Senado que exonera de impuestos la importaci\u00f3n de embarcaciones&hellip;<\/p>\n","protected":false},"author":10,"featured_media":138986,"comment_status":"open","ping_status":"open","sticky":false,"template":"","format":"standard","meta":{"content-type":"","_jetpack_newsletter_access":"","_jetpack_dont_email_post_to_subs":false,"_jetpack_newsletter_tier_id":0,"_jetpack_memberships_contains_paywalled_content":false,"_jetpack_feature_clip_id":0,"_jetpack_memberships_contains_paid_content":false,"footnotes":"","jetpack_post_was_ever_published":false},"categories":[16559],"tags":[36280,7152,2502,7129,276],"class_list":["post-138985","post","type-post","status-publish","format-standard","has-post-thumbnail","hentry","category-politica","tag-embarcaciones-de-lujo","tag-exonera","tag-impuestos","tag-jose-horacio","tag-proyecto"],"jetpack-related-posts":[{"id":131362,"url":"https:\/\/lasprimeras.com.do\/index.php\/2026\/05\/20\/jose-horacio-califica-como-un-avance-muy-pirrico-licencia-de-paternidad-de-4-dias\/","url_meta":{"origin":138985,"position":0},"title":"Jos\u00e9 Horacio califica como \u201cun avance muy p\u00edrrico\u201d licencia de paternidad de 4 d\u00edas","author":"Nelson Feliz","date":"20 de mayo de 2026","format":false,"excerpt":"El exdiputado y presidente del partido Opci\u00f3n Democr\u00e1tica (OD), Jos\u00e9 Horacio Rodr\u00edguez, calific\u00f3 como un avance muy p\u00edrrico la aprobaci\u00f3n de licencia de paternidad de 4 d\u00edas. \u201cEsto es un avance muy p\u00edrrico y de cuestionable constitucionalidad\u201d, expres\u00f3 el exlegislador a trav\u00e9s de sus redes sociales. Jos\u00e9 Horacio lament\u00f3 que\u2026","rel":"","context":"En \u00abPOLITICA\u00bb","block_context":{"text":"POLITICA","link":"https:\/\/lasprimeras.com.do\/index.php\/category\/politica\/"},"img":{"alt_text":"Jos\u00e9 Horacio Rodr\u00edguez","src":"https:\/\/i0.wp.com\/lasprimeras.com.do\/wp-content\/uploads\/2026\/05\/Jose-Horacio-Rodriguez.jpg?resize=350%2C200&ssl=1","width":350,"height":200,"srcset":"https:\/\/i0.wp.com\/lasprimeras.com.do\/wp-content\/uploads\/2026\/05\/Jose-Horacio-Rodriguez.jpg?resize=350%2C200&ssl=1 1x, https:\/\/i0.wp.com\/lasprimeras.com.do\/wp-content\/uploads\/2026\/05\/Jose-Horacio-Rodriguez.jpg?resize=525%2C300&ssl=1 1.5x, https:\/\/i0.wp.com\/lasprimeras.com.do\/wp-content\/uploads\/2026\/05\/Jose-Horacio-Rodriguez.jpg?resize=700%2C400&ssl=1 2x"},"classes":[]},{"id":61543,"url":"https:\/\/lasprimeras.com.do\/index.php\/2023\/09\/28\/senador-victoria-yeb-sin-exenciones-el-turismo-nautico-no-es-atractivo-para-rd\/","url_meta":{"origin":138985,"position":1},"title":"Senador Victoria Yeb: sin exenciones, el turismo n\u00e1utico &#8220;no es atractivo&#8221; para RD","author":"Nelson Feliz","date":"28 de septiembre de 2023","format":false,"excerpt":"A pesar de las fuertes cr\u00edticas al proyecto de ley que se conoce en el Congreso Nacional para regular el turismo n\u00e1utico, por las exenciones fiscales que contempla para embarcaciones de lujo, uno de sus proponentes, Alexis Victoria Yeb, sostiene que, sin estos incentivos, \"no es atractivo\" fomentar un sector\u2026","rel":"","context":"En \u00abTURISMO\u00bb","block_context":{"text":"TURISMO","link":"https:\/\/lasprimeras.com.do\/index.php\/category\/turismo\/"},"img":{"alt_text":"El senador Alexis Victoria Yeb durante una visita a Diario Libre. (DIARIO LIBRE\/ DANIA ACEVEDO)","src":"https:\/\/i0.wp.com\/lasprimeras.com.do\/wp-content\/uploads\/2023\/09\/Alexis-Victoria-Yeb.jpg?resize=350%2C200&ssl=1","width":350,"height":200,"srcset":"https:\/\/i0.wp.com\/lasprimeras.com.do\/wp-content\/uploads\/2023\/09\/Alexis-Victoria-Yeb.jpg?resize=350%2C200&ssl=1 1x, https:\/\/i0.wp.com\/lasprimeras.com.do\/wp-content\/uploads\/2023\/09\/Alexis-Victoria-Yeb.jpg?resize=525%2C300&ssl=1 1.5x, https:\/\/i0.wp.com\/lasprimeras.com.do\/wp-content\/uploads\/2023\/09\/Alexis-Victoria-Yeb.jpg?resize=700%2C400&ssl=1 2x"},"classes":[]},{"id":123324,"url":"https:\/\/lasprimeras.com.do\/index.php\/2026\/02\/27\/jose-horacio-rodriguez-prm-prometio-un-cambio-pero-hoy-reproduce-los-mismos-discursos\/","url_meta":{"origin":138985,"position":2},"title":"Jos\u00e9 Horacio Rodr\u00edguez: PRM prometi\u00f3 un cambio, pero hoy reproduce los mismos discursos","author":"Nelson Feliz","date":"27 de febrero de 2026","format":false,"excerpt":"El presidente del partido Opci\u00f3n Democr\u00e1tica (OD), Jos\u00e9 Horacio Rodr\u00edguez sostuvo que el gobierno del PRM prometi\u00f3 un cambio, pero hoy reproduce los mismos discursos e intereses de siempre. El presidente del partido Opci\u00f3n Democr\u00e1tica (OD), Jos\u00e9 Horacio Rodr\u00edguez, calific\u00f3 como \u201cun d\u00e9j\u00e0 vu\u201d el discurso de rendici\u00f3n de cuentas\u2026","rel":"","context":"En \u00abPOLITICA\u00bb","block_context":{"text":"POLITICA","link":"https:\/\/lasprimeras.com.do\/index.php\/category\/politica\/"},"img":{"alt_text":"Jose Horacio Rodriguez","src":"https:\/\/i0.wp.com\/lasprimeras.com.do\/wp-content\/uploads\/2026\/02\/Jose-Horacio-Rodriguez.jpeg?resize=350%2C200&ssl=1","width":350,"height":200,"srcset":"https:\/\/i0.wp.com\/lasprimeras.com.do\/wp-content\/uploads\/2026\/02\/Jose-Horacio-Rodriguez.jpeg?resize=350%2C200&ssl=1 1x, https:\/\/i0.wp.com\/lasprimeras.com.do\/wp-content\/uploads\/2026\/02\/Jose-Horacio-Rodriguez.jpeg?resize=525%2C300&ssl=1 1.5x, https:\/\/i0.wp.com\/lasprimeras.com.do\/wp-content\/uploads\/2026\/02\/Jose-Horacio-Rodriguez.jpeg?resize=700%2C400&ssl=1 2x"},"classes":[]},{"id":91603,"url":"https:\/\/lasprimeras.com.do\/index.php\/2024\/11\/28\/rechazan-exoneraciones-de-vehiculos-para-legisladores-no-ha-impedido-ese-privilegio\/","url_meta":{"origin":138985,"position":3},"title":"Rechazan exoneraciones de veh\u00edculos para legisladores no ha impedido ese privilegio","author":"Nelson Feliz","date":"28 de noviembre de 2024","format":false,"excerpt":"Guillermo Moreno la califica de \"corrupci\u00f3n legalizada\" y llama al Ministerio P\u00fablico a investigar a quienes las venden a terceros. La reprobaci\u00f3n casi general a las exoneraciones de impuestos a dos veh\u00edculos cada cuatro a\u00f1os que poseen los legisladores, ha llevado a que se inicien, sin \u00e9xito, m\u00faltiples intentos de\u2026","rel":"","context":"En \u00abNACIONALES\u00bb","block_context":{"text":"NACIONALES","link":"https:\/\/lasprimeras.com.do\/index.php\/category\/nacionales\/"},"img":{"alt_text":"","src":"https:\/\/i0.wp.com\/lasprimeras.com.do\/wp-content\/uploads\/2024\/11\/diputados-1.jpg?resize=350%2C200&ssl=1","width":350,"height":200,"srcset":"https:\/\/i0.wp.com\/lasprimeras.com.do\/wp-content\/uploads\/2024\/11\/diputados-1.jpg?resize=350%2C200&ssl=1 1x, https:\/\/i0.wp.com\/lasprimeras.com.do\/wp-content\/uploads\/2024\/11\/diputados-1.jpg?resize=525%2C300&ssl=1 1.5x, https:\/\/i0.wp.com\/lasprimeras.com.do\/wp-content\/uploads\/2024\/11\/diputados-1.jpg?resize=700%2C400&ssl=1 2x"},"classes":[]},{"id":91612,"url":"https:\/\/lasprimeras.com.do\/index.php\/2024\/11\/28\/proponen-otro-proyecto-de-ley-que-eliminaria-las-dos-exoneraciones-de-vehiculos-a-congresistas\/","url_meta":{"origin":138985,"position":4},"title":"Proponen otro proyecto de ley que eliminar\u00eda las dos exoneraciones de veh\u00edculos a congresistas","author":"Nelson Feliz","date":"28 de noviembre de 2024","format":false,"excerpt":"Propone que sean las c\u00e1maras legislativas las que entreguen a cada legislador, al inicio del mandato constitucional, un veh\u00edculo para el ejercicio de su funci\u00f3n. El senador por la provincia San Juan, F\u00e9lix Bautista, inform\u00f3 hoy que tambi\u00e9n deposit\u00f3 ayer una iniciativa para eliminar las dos exoneraciones que reciben los\u2026","rel":"","context":"En \u00abNACIONALES\u00bb","block_context":{"text":"NACIONALES","link":"https:\/\/lasprimeras.com.do\/index.php\/category\/nacionales\/"},"img":{"alt_text":"","src":"https:\/\/i0.wp.com\/lasprimeras.com.do\/wp-content\/uploads\/2024\/11\/Felix-Bautista.jpg?resize=350%2C200&ssl=1","width":350,"height":200,"srcset":"https:\/\/i0.wp.com\/lasprimeras.com.do\/wp-content\/uploads\/2024\/11\/Felix-Bautista.jpg?resize=350%2C200&ssl=1 1x, https:\/\/i0.wp.com\/lasprimeras.com.do\/wp-content\/uploads\/2024\/11\/Felix-Bautista.jpg?resize=525%2C300&ssl=1 1.5x, https:\/\/i0.wp.com\/lasprimeras.com.do\/wp-content\/uploads\/2024\/11\/Felix-Bautista.jpg?resize=700%2C400&ssl=1 2x"},"classes":[]},{"id":59567,"url":"https:\/\/lasprimeras.com.do\/index.php\/2023\/09\/05\/jose-horacio-aspira-a-reelegirse-como-diputado-por-el-distrito-nacional\/","url_meta":{"origin":138985,"position":5},"title":"Jos\u00e9 Horacio aspira a reelegirse como diputado por el Distrito Nacional","author":"Nelson Feliz","date":"5 de septiembre de 2023","format":false,"excerpt":"El diputado Jos\u00e9 Horacio Rodr\u00edguez, de Opci\u00f3n Democr\u00e1tica, anunci\u00f3 que iniciar\u00e1 una campa\u00f1a para ser reelegido como diputado por la ciudadan\u00eda, como representante de la Circunscripci\u00f3n No. 1 del Distrito Nacional. Rodr\u00edguez ofreci\u00f3 esta informaci\u00f3n al concluir un acto de rendici\u00f3n de cuentas junto a simpatizantes y militantes. El evento\u2026","rel":"","context":"En \u00abSin categor\u00eda\u00bb","block_context":{"text":"Sin categor\u00eda","link":"https:\/\/lasprimeras.com.do\/index.php\/category\/sin-categoria\/"},"img":{"alt_text":"Jos\u00e9 Horacio Rodr\u00edguez","src":"https:\/\/i0.wp.com\/lasprimeras.com.do\/wp-content\/uploads\/2023\/09\/Jose-Horacio-Rodriguez.jpg?resize=350%2C200&ssl=1","width":350,"height":200},"classes":[]}],"jetpack_sharing_enabled":true,"jetpack_featured_media_url":"https:\/\/lasprimeras.com.do\/wp-content\/uploads\/2026\/09\/Jose-Horacio-Rodriguez.jpg","_links":{"self":[{"href":"https:\/\/lasprimeras.com.do\/index.php\/wp-json\/wp\/v2\/posts\/138985","targetHints":{"allow":["GET"]}}],"collection":[{"href":"https:\/\/lasprimeras.com.do\/index.php\/wp-json\/wp\/v2\/posts"}],"about":[{"href":"https:\/\/lasprimeras.com.do\/index.php\/wp-json\/wp\/v2\/types\/post"}],"author":[{"embeddable":true,"href":"https:\/\/lasprimeras.com.do\/index.php\/wp-json\/wp\/v2\/users\/10"}],"replies":[{"embeddable":true,"href":"https:\/\/lasprimeras.com.do\/index.php\/wp-json\/wp\/v2\/comments?post=138985"}],"version-history":[{"count":1,"href":"https:\/\/lasprimeras.com.do\/index.php\/wp-json\/wp\/v2\/posts\/138985\/revisions"}],"predecessor-version":[{"id":138987,"href":"https:\/\/lasprimeras.com.do\/index.php\/wp-json\/wp\/v2\/posts\/138985\/revisions\/138987"}],"wp:featuredmedia":[{"embeddable":true,"href":"https:\/\/lasprimeras.com.do\/index.php\/wp-json\/wp\/v2\/media\/138986"}],"wp:attachment":[{"href":"https:\/\/lasprimeras.com.do\/index.php\/wp-json\/wp\/v2\/media?parent=138985"}],"wp:term":[{"taxonomy":"category","embeddable":true,"href":"https:\/\/lasprimeras.com.do\/index.php\/wp-json\/wp\/v2\/categories?post=138985"},{"taxonomy":"post_tag","embeddable":true,"href":"https:\/\/lasprimeras.com.do\/index.php\/wp-json\/wp\/v2\/tags?post=138985"}],"curies":[{"name":"wp","href":"https:\/\/api.w.org\/{rel}","templated":true}]}}