{"id":138988,"date":"2026-09-03T22:06:37","date_gmt":"2026-09-04T02:06:37","guid":{"rendered":"https:\/\/lasprimeras.com.do\/?p=138988"},"modified":"2026-09-03T22:06:39","modified_gmt":"2026-09-04T02:06:39","slug":"fuerza-del-pueblo-denuncia-que-deuda-del-hospital-jaime-mota-aumento-9999900-en-seis-anos","status":"publish","type":"post","link":"https:\/\/lasprimeras.com.do\/index.php\/2026\/09\/03\/fuerza-del-pueblo-denuncia-que-deuda-del-hospital-jaime-mota-aumento-9999900-en-seis-anos\/","title":{"rendered":"Fuerza del Pueblo denuncia que deuda del hospital Jaime Mota aument\u00f3 9,999,900 % en seis a\u00f1os"},"content":{"rendered":"\n<p class=\"wp-block-paragraph\">Barahona. \u2013 La deuda del Hospital Regional Docente Universitario Jaime Mota habr\u00eda pasado de aproximadamente RD$500,000 en 2020 a RD$50,000 millones seis a\u00f1os despu\u00e9s, seg\u00fan denunci\u00f3 el ortopeda Rafael S\u00e1nchez Shanlatte, vicesecretario nacional y provincial de la Secretar\u00eda de Salud de la Fuerza del Pueblo (FP).<\/p>\n\n\n\n<p class=\"wp-block-paragraph\">S\u00e1nchez Shanlatte hizo la denuncia durante una entrevista en el programa \u201cA Media Ma\u00f1ana\u201d, donde cuestion\u00f3 el comportamiento de las finanzas del principal centro hospitalario de la provincia y la calidad de los servicios que reciben los pacientes.<\/p>\n\n\n\n<p class=\"wp-block-paragraph\">De acuerdo con el c\u00e1lculo presentado por el dirigente pol\u00edtico, el monto actual ser\u00eda 100,000 veces superior al registrado en 2020, lo que representar\u00eda un incremento de 9,999,900 %.Cuestiona aumento de la deuda<br>El profesional de la salud cuestion\u00f3 que el incremento de la deuda se haya producido durante los seis a\u00f1os de gesti\u00f3n del Partido Revolucionario Moderno (PRM), sin que, a su juicio, exista una mejor\u00eda proporcional en las condiciones en que opera el hospital.<br>S\u00e1nchez Shanlatte sostuvo que el aumento del pasivo no se refleja necesariamente en una mayor disponibilidad de medicamentos, insumos y servicios m\u00e9dicos para los pacientes que acuden al establecimiento sanitario.<\/p>\n\n\n\n<p class=\"wp-block-paragraph\">\u201cEsas cifras, en comparaci\u00f3n con el monto actual ser\u00eda 100,000 veces superior al registrado en 2020, equivalente a un incremento de 9,999,900 %\u201d, afirm\u00f3 el dirigente de la Fuerza del Pueblo.<\/p>\n\n\n\n<p class=\"wp-block-paragraph\"><br>S\u00e1nchez Shanlatte consider\u00f3 que la magnitud de la cifra que atribuye a la deuda del hospital constituye una situaci\u00f3n que debe ser explicada por las autoridades responsables de la administraci\u00f3n del sistema sanitario.<\/p>\n\n\n\n<p class=\"wp-block-paragraph\"><br>El dirigente reiter\u00f3 su cuestionamiento sobre el comportamiento financiero del Jaime Mota y plante\u00f3 la necesidad de transparentar c\u00f3mo ha evolucionado la deuda del centro asistencial durante los \u00faltimos a\u00f1os.<\/p>\n\n\n\n<p class=\"wp-block-paragraph\"><br>Corresponde a las autoridades competentes confirmar el monto real del pasivo del hospital, su composici\u00f3n y evoluci\u00f3n durante el per\u00edodo se\u00f1alado, un se\u00f1alamiento similar denunci\u00f3 el doctor Rufino Sen\u00e9n Caba, el expresidente del Colegio M\u00e9dico Dominicano (CMD).<\/p>\n","protected":false},"excerpt":{"rendered":"<p>Barahona. \u2013 La deuda del Hospital Regional Docente Universitario Jaime Mota habr\u00eda pasado de aproximadamente RD$500,000 en 2020 a RD$50,000 millones seis a\u00f1os despu\u00e9s, seg\u00fan denunci\u00f3 el ortopeda Rafael S\u00e1nchez&hellip;<\/p>\n","protected":false},"author":3,"featured_media":138989,"comment_status":"open","ping_status":"open","sticky":false,"template":"","format":"standard","meta":{"content-type":"","_jetpack_newsletter_access":"","_jetpack_dont_email_post_to_subs":false,"_jetpack_newsletter_tier_id":0,"_jetpack_memberships_contains_paywalled_content":false,"_jetpack_feature_clip_id":0,"_jetpack_memberships_contains_paid_content":false,"footnotes":"","jetpack_post_was_ever_published":false},"categories":[16559],"tags":[1057,36281,31],"class_list":["post-138988","post","type-post","status-publish","format-standard","has-post-thumbnail","hentry","category-politica","tag-cmd","tag-fuerzadelpueblo","tag-prm"],"jetpack-related-posts":[{"id":138982,"url":"https:\/\/lasprimeras.com.do\/index.php\/2026\/09\/03\/fp-denuncia-deuda-del-hospital-jaime-mota-aumento-9999900-en-seis-anos\/","url_meta":{"origin":138988,"position":0},"title":"FP denuncia deuda del hospital Jaime Mota aument\u00f3 9,999,900 % en seis a\u00f1os","author":"Nelson Feliz","date":"3 de septiembre de 2026","format":false,"excerpt":"Barahona. \u2013 La deuda del Hospital Regional Docente Universitario Jaime Mota habr\u00eda pasado de aproximadamente RD$500,000 en 2020 a RD$50,000 millones seis a\u00f1os despu\u00e9s, seg\u00fan denunci\u00f3 el ortopeda Rafael S\u00e1nchez Shanlatte, vicesecretario nacional y provincial de la Secretar\u00eda de Salud de la Fuerza del Pueblo (FP). S\u00e1nchez Shanlatte hizo la\u2026","rel":"","context":"En \u00abECONOM\u00cdA\u00bb","block_context":{"text":"ECONOM\u00cdA","link":"https:\/\/lasprimeras.com.do\/index.php\/category\/economia\/"},"img":{"alt_text":"Rafael S\u00e1nchez Shanlatte","src":"https:\/\/i0.wp.com\/lasprimeras.com.do\/wp-content\/uploads\/2026\/09\/Rafael-Sanchez-Shanlatte.jpg?resize=350%2C200&ssl=1","width":350,"height":200,"srcset":"https:\/\/i0.wp.com\/lasprimeras.com.do\/wp-content\/uploads\/2026\/09\/Rafael-Sanchez-Shanlatte.jpg?resize=350%2C200&ssl=1 1x, https:\/\/i0.wp.com\/lasprimeras.com.do\/wp-content\/uploads\/2026\/09\/Rafael-Sanchez-Shanlatte.jpg?resize=525%2C300&ssl=1 1.5x, https:\/\/i0.wp.com\/lasprimeras.com.do\/wp-content\/uploads\/2026\/09\/Rafael-Sanchez-Shanlatte.jpg?resize=700%2C400&ssl=1 2x"},"classes":[]},{"id":55354,"url":"https:\/\/lasprimeras.com.do\/index.php\/2023\/07\/20\/barahona-ingresan-al-hospital-jaime-mota-un-hombre-que-intento-quitarse-la-vida\/","url_meta":{"origin":138988,"position":1},"title":"BARAHONA: Ingresan al hospital Jaime Mota un hombre que intent\u00f3 quitarse la vida","author":"Nelson Feliz","date":"20 de julio de 2023","format":false,"excerpt":"Fue ingresado a la emergencia del Hospital Regional Mota un hombre identificado como Miguel Feliz de 38 a\u00f1os de edad residente en el sector Alto Velo en la parte alta de esa provincia; tras presentar dificultad respiratoria. Supuestamente, Miguel Feliz intento quitarse la vida mec\u00e1nicamente, ahorcarse, \u00a0seg\u00fan las versiones ofrecidas\u2026","rel":"","context":"En \u00abSin categor\u00eda\u00bb","block_context":{"text":"Sin categor\u00eda","link":"https:\/\/lasprimeras.com.do\/index.php\/category\/sin-categoria\/"},"img":{"alt_text":"Hospital Regional Universitario Dr.Jaime Mota de Barahona","src":"https:\/\/i0.wp.com\/lasprimeras.com.do\/wp-content\/uploads\/2023\/07\/Hospital-Regional-Universitario-Dr.Jaime-Mota-de-Barahona.jpg?resize=350%2C200&ssl=1","width":350,"height":200,"srcset":"https:\/\/i0.wp.com\/lasprimeras.com.do\/wp-content\/uploads\/2023\/07\/Hospital-Regional-Universitario-Dr.Jaime-Mota-de-Barahona.jpg?resize=350%2C200&ssl=1 1x, https:\/\/i0.wp.com\/lasprimeras.com.do\/wp-content\/uploads\/2023\/07\/Hospital-Regional-Universitario-Dr.Jaime-Mota-de-Barahona.jpg?resize=525%2C300&ssl=1 1.5x, https:\/\/i0.wp.com\/lasprimeras.com.do\/wp-content\/uploads\/2023\/07\/Hospital-Regional-Universitario-Dr.Jaime-Mota-de-Barahona.jpg?resize=700%2C400&ssl=1 2x"},"classes":[]},{"id":55226,"url":"https:\/\/lasprimeras.com.do\/index.php\/2023\/07\/19\/ingresan-en-la-emergencia-del-hospital-jaime-mota-varias-personas-heridas\/","url_meta":{"origin":138988,"position":2},"title":"Ingresan en la emergencia del Hospital Jaime Mota varias personas heridas","author":"Nelson Feliz","date":"19 de julio de 2023","format":false,"excerpt":"El Hospital Regional Universitario Dr. Jaime Mota de Barahona, inform\u00f3 que este martes fueron ingresadas tres personas, tras presentar heridas en diferentes partes del cuerpo, al originarse un pleito en el sector Los Barracones de Javi de esta ciudad. El hecho ocurri\u00f3 pasadas las 8 de la noche de este\u2026","rel":"","context":"En \u00abNACIONALES\u00bb","block_context":{"text":"NACIONALES","link":"https:\/\/lasprimeras.com.do\/index.php\/category\/nacionales\/"},"img":{"alt_text":"Hospital Regional Universitario Dr.Jaime Mota de Barahona","src":"https:\/\/i0.wp.com\/lasprimeras.com.do\/wp-content\/uploads\/2023\/07\/Hospital-Regional-Universitario-Dr.Jaime-Mota-de-Barahona.jpg?resize=350%2C200&ssl=1","width":350,"height":200,"srcset":"https:\/\/i0.wp.com\/lasprimeras.com.do\/wp-content\/uploads\/2023\/07\/Hospital-Regional-Universitario-Dr.Jaime-Mota-de-Barahona.jpg?resize=350%2C200&ssl=1 1x, https:\/\/i0.wp.com\/lasprimeras.com.do\/wp-content\/uploads\/2023\/07\/Hospital-Regional-Universitario-Dr.Jaime-Mota-de-Barahona.jpg?resize=525%2C300&ssl=1 1.5x, https:\/\/i0.wp.com\/lasprimeras.com.do\/wp-content\/uploads\/2023\/07\/Hospital-Regional-Universitario-Dr.Jaime-Mota-de-Barahona.jpg?resize=700%2C400&ssl=1 2x"},"classes":[]},{"id":53762,"url":"https:\/\/lasprimeras.com.do\/index.php\/2023\/06\/30\/el-hospital-jaime-mota-inaugura-moderna-sala-alojamiento-canguro\/","url_meta":{"origin":138988,"position":3},"title":"El Hospital Jaime Mota inaugura moderna sala &#8220;Alojamiento Canguro&#8221;","author":"Nelson Feliz","date":"30 de junio de 2023","format":false,"excerpt":"La direcci\u00f3n del Hospital Regional Universitario Jaime Mota de Barahona inaugur\u00f3 una moderna sala de \"Alojamiento Canguro\" la cual viene a mejorar la calidad vida de los neonatos y sus madres al momento de nacer. El Alojamiento Canguro permite a los ni\u00f1os reci\u00e9n nacidos con bajo peso y \/o prematuro\u2026","rel":"","context":"En \u00abSin categor\u00eda\u00bb","block_context":{"text":"Sin categor\u00eda","link":"https:\/\/lasprimeras.com.do\/index.php\/category\/sin-categoria\/"},"img":{"alt_text":"","src":"https:\/\/i0.wp.com\/lasprimeras.com.do\/wp-content\/uploads\/2023\/06\/Sala-Canguro.jpg?resize=350%2C200&ssl=1","width":350,"height":200,"srcset":"https:\/\/i0.wp.com\/lasprimeras.com.do\/wp-content\/uploads\/2023\/06\/Sala-Canguro.jpg?resize=350%2C200&ssl=1 1x, https:\/\/i0.wp.com\/lasprimeras.com.do\/wp-content\/uploads\/2023\/06\/Sala-Canguro.jpg?resize=525%2C300&ssl=1 1.5x, https:\/\/i0.wp.com\/lasprimeras.com.do\/wp-content\/uploads\/2023\/06\/Sala-Canguro.jpg?resize=700%2C400&ssl=1 2x"},"classes":[]},{"id":137033,"url":"https:\/\/lasprimeras.com.do\/index.php\/2026\/08\/12\/fp-asegura-servicios-de-salud-estan-al-borde-del-colapso\/","url_meta":{"origin":138988,"position":4},"title":"FP asegura servicios de salud est\u00e1n al borde del colapso","author":"Nelson Feliz","date":"12 de agosto de 2026","format":false,"excerpt":"Ram\u00f3n Alvarado exige al Gobierno ir en auxilio de los servicios de salud ante las graves deficiencias que afectan a hospitales del pa\u00eds. Santo Domingo.\u2013 El partido Fuerza del Pueblo (FP) asegur\u00f3 este martes que los servicios de salud en la Rep\u00fablica Dominicana se encuentran al borde del colapso y\u2026","rel":"","context":"En \u00abPORTADA\u00bb","block_context":{"text":"PORTADA","link":"https:\/\/lasprimeras.com.do\/index.php\/category\/portada\/"},"img":{"alt_text":"Ram\u00f3n Alvarado","src":"https:\/\/i0.wp.com\/lasprimeras.com.do\/wp-content\/uploads\/2026\/08\/Ramon-Alvarado.jpg?resize=350%2C200&ssl=1","width":350,"height":200,"srcset":"https:\/\/i0.wp.com\/lasprimeras.com.do\/wp-content\/uploads\/2026\/08\/Ramon-Alvarado.jpg?resize=350%2C200&ssl=1 1x, https:\/\/i0.wp.com\/lasprimeras.com.do\/wp-content\/uploads\/2026\/08\/Ramon-Alvarado.jpg?resize=525%2C300&ssl=1 1.5x, https:\/\/i0.wp.com\/lasprimeras.com.do\/wp-content\/uploads\/2026\/08\/Ramon-Alvarado.jpg?resize=700%2C400&ssl=1 2x"},"classes":[]},{"id":86671,"url":"https:\/\/lasprimeras.com.do\/index.php\/2024\/07\/29\/hospital-jaime-mota-entrega-salon-de-ensenanza-doctor-juan-emilio-lopez-feliz\/","url_meta":{"origin":138988,"position":5},"title":"Hospital Jaime Mota entrega sal\u00f3n de ense\u00f1anza Doctor Juan Emilio L\u00f3pez Feliz","author":"Nelson Feliz","date":"29 de julio de 2024","format":false,"excerpt":"El pasado fin de semana fue de gran \u201cemoci\u00f3n\u201d para el sector salud en Barahona, porque las autoridades del Hospital Regional Universitario Jaime Mota que encabeza la doctora Mar\u00eda Batista Rivas, inauguraron la remoci\u00f3n de un moderno, estrat\u00e9gico y amplio sal\u00f3n de residencias m\u00e9dicas, cuyo espacio lleva por nombre \u201cSal\u00f3n\u2026","rel":"","context":"En \u00abSin categor\u00eda\u00bb","block_context":{"text":"Sin categor\u00eda","link":"https:\/\/lasprimeras.com.do\/index.php\/category\/sin-categoria\/"},"img":{"alt_text":"","src":"https:\/\/i0.wp.com\/lasprimeras.com.do\/wp-content\/uploads\/2024\/07\/medicos.webp?resize=350%2C200&ssl=1","width":350,"height":200,"srcset":"https:\/\/i0.wp.com\/lasprimeras.com.do\/wp-content\/uploads\/2024\/07\/medicos.webp?resize=350%2C200&ssl=1 1x, https:\/\/i0.wp.com\/lasprimeras.com.do\/wp-content\/uploads\/2024\/07\/medicos.webp?resize=525%2C300&ssl=1 1.5x"},"classes":[]}],"jetpack_sharing_enabled":true,"jetpack_featured_media_url":"https:\/\/lasprimeras.com.do\/wp-content\/uploads\/2026\/09\/WhatsApp-Image-2026-09-03-at-9.47.48-PM.jpeg","_links":{"self":[{"href":"https:\/\/lasprimeras.com.do\/index.php\/wp-json\/wp\/v2\/posts\/138988","targetHints":{"allow":["GET"]}}],"collection":[{"href":"https:\/\/lasprimeras.com.do\/index.php\/wp-json\/wp\/v2\/posts"}],"about":[{"href":"https:\/\/lasprimeras.com.do\/index.php\/wp-json\/wp\/v2\/types\/post"}],"author":[{"embeddable":true,"href":"https:\/\/lasprimeras.com.do\/index.php\/wp-json\/wp\/v2\/users\/3"}],"replies":[{"embeddable":true,"href":"https:\/\/lasprimeras.com.do\/index.php\/wp-json\/wp\/v2\/comments?post=138988"}],"version-history":[{"count":1,"href":"https:\/\/lasprimeras.com.do\/index.php\/wp-json\/wp\/v2\/posts\/138988\/revisions"}],"predecessor-version":[{"id":138990,"href":"https:\/\/lasprimeras.com.do\/index.php\/wp-json\/wp\/v2\/posts\/138988\/revisions\/138990"}],"wp:featuredmedia":[{"embeddable":true,"href":"https:\/\/lasprimeras.com.do\/index.php\/wp-json\/wp\/v2\/media\/138989"}],"wp:attachment":[{"href":"https:\/\/lasprimeras.com.do\/index.php\/wp-json\/wp\/v2\/media?parent=138988"}],"wp:term":[{"taxonomy":"category","embeddable":true,"href":"https:\/\/lasprimeras.com.do\/index.php\/wp-json\/wp\/v2\/categories?post=138988"},{"taxonomy":"post_tag","embeddable":true,"href":"https:\/\/lasprimeras.com.do\/index.php\/wp-json\/wp\/v2\/tags?post=138988"}],"curies":[{"name":"wp","href":"https:\/\/api.w.org\/{rel}","templated":true}]}}