{"id":138991,"date":"2026-09-03T23:28:51","date_gmt":"2026-09-04T03:28:51","guid":{"rendered":"https:\/\/lasprimeras.com.do\/?p=138991"},"modified":"2026-09-03T23:28:53","modified_gmt":"2026-09-04T03:28:53","slug":"ivan-ruiz-y-laura-guzman-conectan-rd-con-lideres-de-la-industria-televisiva-internacional-en-ny","status":"publish","type":"post","link":"https:\/\/lasprimeras.com.do\/index.php\/2026\/09\/03\/ivan-ruiz-y-laura-guzman-conectan-rd-con-lideres-de-la-industria-televisiva-internacional-en-ny\/","title":{"rendered":"Iv\u00e1n Ruiz y Laura Guzm\u00e1n conectan RD con l\u00edderes de la industria televisiva internacional en NY"},"content":{"rendered":"\n<ul class=\"wp-block-list\">\n<li>Los productores participaron en LA Cumbre TV 2026 en representaci\u00f3n de Neuronas Creativas, casa matriz de El Show del Mediod\u00eda, \u00c9nfasis y Peque\u00f1os Grandes Talentos<\/li>\n<\/ul>\n\n\n\n<p class=\"wp-block-paragraph\">NUEVA YORK. \u2014 Los productores dominicanos Iv\u00e1n Ruiz y Laura Guzm\u00e1n, en representaci\u00f3n de Neuronas Creativas, participaron en La Cumbre TV 2026, celebrada los d\u00edas 1 y 2 de septiembre en Nueva York, conectando a la industria audiovisual dominicana con algunos de los principales l\u00edderes y ejecutivos de la televisi\u00f3n, publicidad, tecnolog\u00eda, medici\u00f3n y entretenimiento a nivel internacional.<\/p>\n\n\n\n<p class=\"wp-block-paragraph\">Neuronas Creativas es la casa matriz de reconocidas producciones dominicanas como El Show del Mediod\u00eda, \u00c9nfasis y Peque\u00f1os Grandes Talentos, y su participaci\u00f3n en este encuentro representa una oportunidad para llevar la visi\u00f3n y experiencia de la producci\u00f3n local a un espacio donde se analizan las grandes transformaciones que est\u00e1n definiendo el futuro de la televisi\u00f3n.<\/p>\n\n\n\n<p class=\"wp-block-paragraph\">Durante dos jornadas, Ruiz y Guzm\u00e1n compartieron en un entorno de alto nivel con ejecutivos y referentes de compa\u00f1\u00edas como NBCUniversal, Disney, TV Globo, TelevisaUnivision, Artear, TVision, VAB y The Global TV Group, entre otras organizaciones vinculadas al ecosistema audiovisual internacional.<\/p>\n\n\n\n<p class=\"wp-block-paragraph\">La agenda abord\u00f3 temas de gran relevancia para el presente y futuro de la industria, incluyendo inteligencia artificial, transformaci\u00f3n de la televisi\u00f3n, medici\u00f3n de audiencias, calidad de los medios, publicidad, data, streaming, nuevas oportunidades de negocio y los desaf\u00edos y oportunidades de la televisi\u00f3n en Am\u00e9rica Latina.<\/p>\n\n\n\n<p class=\"wp-block-paragraph\">Entre los ejecutivos participantes estuvieron Cristina McCall, Senior Vice President, Streaming Monetization de NBCUniversal; John Alleva, EVP, Platform Monetization de NBCUniversal; George W. Ivie, CEO de Media Rating Council; Dave Morgan, CEO de Simulmedia &amp; FOX; Paul Donato, Chief Research Officer de The Advertising Research Foundation; Mariana de Almeida Santos, Senior Manager of Strategy and Governance de TV Globo; Adam Monaco, Executive Vice President of Sales de Disney Advertising; Jason Wiese, EVP, Strategic Insights &amp; Measurement de VAB; y Hassan Babajane, Chief Revenue Officer de TVision.<\/p>\n\n\n\n<p class=\"wp-block-paragraph\">Uno de los espacios destacados fue el panel \u201cTV \u2013 Latinoam\u00e9rica: Desaf\u00edos y Oportunidades\u201d, que reuni\u00f3 a representantes de importantes mercados de la regi\u00f3n, entre ellos Adri\u00e1n Ortiz, Vicepresidente de Growth y Operaciones Comerciales de TelevisaUnivision; Ignacio Prez, Gerente Comercial de Artear; y Luis Sep\u00falveda, Director Comercial de Megamedia**.**<\/p>\n\n\n\n<p class=\"wp-block-paragraph\">La participaci\u00f3n de los productores dominicanos permiti\u00f3 adem\u00e1s profundizar en las conversaciones sobre la evoluci\u00f3n del consumo audiovisual y la convivencia entre televisi\u00f3n lineal, streaming y plataformas digitales, as\u00ed como en los nuevos retos que enfrenta la industria para comprender y medir a sus audiencias.<\/p>\n\n\n\n<p class=\"wp-block-paragraph\">Una mirada global desde Rep\u00fablica Dominicana<\/p>\n\n\n\n<p class=\"wp-block-paragraph\">Para Iv\u00e1n Ruiz y Laura Guzm\u00e1n, participar en LA Cumbre TV representa una oportunidad para intercambiar conocimientos, generar nuevas relaciones profesionales y conocer de primera mano las tendencias que est\u00e1n transformando la industria audiovisual mundial, con una mirada que pueda aportar al desarrollo y evoluci\u00f3n de la producci\u00f3n televisiva dominicana.<\/p>\n\n\n\n<p class=\"wp-block-paragraph\">La presencia de Neuronas Creativas en este escenario internacional reafirma el inter\u00e9s de la productora por mantenerse conectada con las nuevas din\u00e1micas de la industria y por continuar explorando oportunidades de innovaci\u00f3n, colaboraci\u00f3n y crecimiento para el mercado dominicano.<\/p>\n\n\n\n<p class=\"wp-block-paragraph\">La experiencia culmin\u00f3 con la participaci\u00f3n en la Gala de los TV Awards 2026, otro de los encuentros que forman parte de esta plataforma internacional de la industria televisiva.<\/p>\n","protected":false},"excerpt":{"rendered":"<p>NUEVA YORK. \u2014 Los productores dominicanos Iv\u00e1n Ruiz y Laura Guzm\u00e1n, en representaci\u00f3n de Neuronas Creativas, participaron en La Cumbre TV 2026, celebrada los d\u00edas 1 y 2 de septiembre&hellip;<\/p>\n","protected":false},"author":10,"featured_media":138992,"comment_status":"open","ping_status":"open","sticky":false,"template":"","format":"standard","meta":{"content-type":"","_jetpack_newsletter_access":"","_jetpack_dont_email_post_to_subs":false,"_jetpack_newsletter_tier_id":0,"_jetpack_memberships_contains_paywalled_content":false,"_jetpack_feature_clip_id":0,"_jetpack_memberships_contains_paid_content":false,"footnotes":"","jetpack_post_was_ever_published":false},"categories":[84],"tags":[36282,926,1638,36283,36285,4855,1595,36284],"class_list":["post-138991","post","type-post","status-publish","format-standard","has-post-thumbnail","hentry","category-entretenimiento","tag-conectan-rd","tag-industria","tag-internacional","tag-ivan-ruiz","tag-laura-guzman","tag-lideres","tag-ny","tag-televisiva"],"jetpack-related-posts":[{"id":62341,"url":"https:\/\/lasprimeras.com.do\/index.php\/2023\/10\/04\/familia-montaner-anuncia-la-integracion-de-ivan-ruiz-a-la-junta-directiva-de-su-fundacion\/","url_meta":{"origin":138991,"position":0},"title":"Familia Montaner anuncia la integraci\u00f3n de Iv\u00e1n Ruiz a la junta directiva de su fundaci\u00f3n","author":"BIMARY DE JES\u00daS Matos","date":"4 de octubre de 2023","format":false,"excerpt":"Santo Domingo.-La Familia Montaner anunci\u00f3 el nombramiento del productor de televisi\u00f3n Iv\u00e1n Ru\u00edz en la junta directiva de la Fundaci\u00f3n The House Project, que este 5 de octubre celebra el D\u00eda de los Docentes, reafirmando su compromiso con la educaci\u00f3n en Saman\u00e1 y otras comunidades a trav\u00e9s del modelo educativo\u2026","rel":"","context":"En \u00abENTRETENIMIENTO\u00bb","block_context":{"text":"ENTRETENIMIENTO","link":"https:\/\/lasprimeras.com.do\/index.php\/category\/entretenimiento\/"},"img":{"alt_text":"","src":"https:\/\/i0.wp.com\/lasprimeras.com.do\/wp-content\/uploads\/2023\/10\/WhatsApp-Image-2023-10-04-at-7.55.08-AM.jpeg?resize=350%2C200&ssl=1","width":350,"height":200,"srcset":"https:\/\/i0.wp.com\/lasprimeras.com.do\/wp-content\/uploads\/2023\/10\/WhatsApp-Image-2023-10-04-at-7.55.08-AM.jpeg?resize=350%2C200&ssl=1 1x, https:\/\/i0.wp.com\/lasprimeras.com.do\/wp-content\/uploads\/2023\/10\/WhatsApp-Image-2023-10-04-at-7.55.08-AM.jpeg?resize=525%2C300&ssl=1 1.5x, https:\/\/i0.wp.com\/lasprimeras.com.do\/wp-content\/uploads\/2023\/10\/WhatsApp-Image-2023-10-04-at-7.55.08-AM.jpeg?resize=700%2C400&ssl=1 2x"},"classes":[]},{"id":72793,"url":"https:\/\/lasprimeras.com.do\/index.php\/2024\/01\/03\/programa-frontal-integra-en-su-produccion-a-dos-jovenes-de-la-plataforma-imaginativa-tv\/","url_meta":{"origin":138991,"position":1},"title":"Programa &#8220;Frontal&#8221; integra en su producci\u00f3n a dos j\u00f3venes de la plataforma &#8220;Imaginativa TV&#8221;","author":"BIMARY DE JES\u00daS Matos","date":"3 de enero de 2024","format":false,"excerpt":"Santo Domingo.-En v\u00edspera del cuarto a\u00f1o de transmisi\u00f3n continua de \"Frontal\", programa especializado en an\u00e1lisis noticioso e investigaci\u00f3n social, su productora Laura Guzm\u00e1n de Ruiz anunci\u00f3 la entrada de dos nuevos talentos provenientes de la plataforma \"TV Imaginativa\u201d. Los j\u00f3venes Jay Jim\u00e9nez y Wen Caminero fueron seleccionados por Laura Guzm\u00e1n\u2026","rel":"","context":"En \u00abENTRETENIMIENTO\u00bb","block_context":{"text":"ENTRETENIMIENTO","link":"https:\/\/lasprimeras.com.do\/index.php\/category\/entretenimiento\/"},"img":{"alt_text":"","src":"https:\/\/i0.wp.com\/lasprimeras.com.do\/wp-content\/uploads\/2024\/01\/WhatsApp-Image-2023-12-30-at-3.02.08-PM-1.jpeg?resize=350%2C200&ssl=1","width":350,"height":200,"srcset":"https:\/\/i0.wp.com\/lasprimeras.com.do\/wp-content\/uploads\/2024\/01\/WhatsApp-Image-2023-12-30-at-3.02.08-PM-1.jpeg?resize=350%2C200&ssl=1 1x, https:\/\/i0.wp.com\/lasprimeras.com.do\/wp-content\/uploads\/2024\/01\/WhatsApp-Image-2023-12-30-at-3.02.08-PM-1.jpeg?resize=525%2C300&ssl=1 1.5x, https:\/\/i0.wp.com\/lasprimeras.com.do\/wp-content\/uploads\/2024\/01\/WhatsApp-Image-2023-12-30-at-3.02.08-PM-1.jpeg?resize=700%2C400&ssl=1 2x"},"classes":[]},{"id":68831,"url":"https:\/\/lasprimeras.com.do\/index.php\/2023\/11\/28\/edilenia-tactuk-impulsa-el-talento-para-la-comunicacion-de-mas-de-200-jovenes-en-imaginativa-tv\/","url_meta":{"origin":138991,"position":2},"title":"Edilenia Tactuk impulsa el talento para la comunicaci\u00f3n de m\u00e1s de 200 j\u00f3venes en Imaginativa TV","author":"BIMARY DE JES\u00daS Matos","date":"28 de noviembre de 2023","format":false,"excerpt":"En una edici\u00f3n dedicada a\u00a0Anita Ontiveros,\u00a0la primera mujer en ser directora de c\u00e1mara en Rep\u00fablica Dominicana,\u00a0\u201cImaginativa TV,\u00a0la semana de la televisi\u00f3n dominicana\u201d\u00a0impuls\u00f3 el talento en los medios de comunicaci\u00f3n de m\u00e1s de 200 j\u00f3venes. Durante cuatro d\u00edas en el Teatro La Fiesta del hotel Jaragua, la plataforma creada y encabezada\u2026","rel":"","context":"En \u00abENTRETENIMIENTO\u00bb","block_context":{"text":"ENTRETENIMIENTO","link":"https:\/\/lasprimeras.com.do\/index.php\/category\/entretenimiento\/"},"img":{"alt_text":"","src":"https:\/\/i0.wp.com\/lasprimeras.com.do\/wp-content\/uploads\/2023\/11\/Noticias-de-economia-2-7.jpg?resize=350%2C200&ssl=1","width":350,"height":200,"srcset":"https:\/\/i0.wp.com\/lasprimeras.com.do\/wp-content\/uploads\/2023\/11\/Noticias-de-economia-2-7.jpg?resize=350%2C200&ssl=1 1x, https:\/\/i0.wp.com\/lasprimeras.com.do\/wp-content\/uploads\/2023\/11\/Noticias-de-economia-2-7.jpg?resize=525%2C300&ssl=1 1.5x, https:\/\/i0.wp.com\/lasprimeras.com.do\/wp-content\/uploads\/2023\/11\/Noticias-de-economia-2-7.jpg?resize=700%2C400&ssl=1 2x"},"classes":[]},{"id":82399,"url":"https:\/\/lasprimeras.com.do\/index.php\/2024\/05\/02\/fallece-panelista-del-show-del-mediodia-carlos-vargas\/","url_meta":{"origin":138991,"position":3},"title":"Fallece panelista del Show del Mediod\u00eda Carlos Vargas","author":"BIMARY DE JES\u00daS Matos","date":"2 de mayo de 2024","format":false,"excerpt":"Santo Domingo.- La noche del mi\u00e9rcoles, el mundo de la comunicaci\u00f3n dominicana se visti\u00f3 de luto con el fallecimiento del periodista y panelista del programa El Show del Mediod\u00eda, Carlos Vargas. La noticia fue confirmada por el dirigente pol\u00edtico Rafael Paz a trav\u00e9s de sus redes sociales. Paz expres\u00f3 su\u2026","rel":"","context":"En \u00abENTRETENIMIENTO\u00bb","block_context":{"text":"ENTRETENIMIENTO","link":"https:\/\/lasprimeras.com.do\/index.php\/category\/entretenimiento\/"},"img":{"alt_text":"","src":"https:\/\/i0.wp.com\/lasprimeras.com.do\/wp-content\/uploads\/2024\/05\/65f3a7703e1eb_jce2-1.jpg?resize=350%2C200&ssl=1","width":350,"height":200,"srcset":"https:\/\/i0.wp.com\/lasprimeras.com.do\/wp-content\/uploads\/2024\/05\/65f3a7703e1eb_jce2-1.jpg?resize=350%2C200&ssl=1 1x, https:\/\/i0.wp.com\/lasprimeras.com.do\/wp-content\/uploads\/2024\/05\/65f3a7703e1eb_jce2-1.jpg?resize=525%2C300&ssl=1 1.5x, https:\/\/i0.wp.com\/lasprimeras.com.do\/wp-content\/uploads\/2024\/05\/65f3a7703e1eb_jce2-1.jpg?resize=700%2C400&ssl=1 2x, https:\/\/i0.wp.com\/lasprimeras.com.do\/wp-content\/uploads\/2024\/05\/65f3a7703e1eb_jce2-1.jpg?resize=1050%2C600&ssl=1 3x"},"classes":[]},{"id":131264,"url":"https:\/\/lasprimeras.com.do\/index.php\/2026\/05\/20\/ugc-lab-llega-a-la-industria-creativa-dominicana-con-un-modelo-innovador-para-profesionalizar-creadores-de-contenido\/","url_meta":{"origin":138991,"position":4},"title":"UGC Lab llega a la industria creativa dominicana con un modelo innovador para profesionalizar creadores de contenido","author":"Nelson Feliz","date":"20 de mayo de 2026","format":false,"excerpt":"El innovador proyecto fue presentado como un laboratorio creativo que forma talentos, busca democratizar la publicidad comercial y abrir oportunidades a creadores emergentes En medio del auge de la Econom\u00eda Naranja y la transformaci\u00f3n digital del mercado publicitario, nace UGC Lab, un proyecto innovador que busca revolucionar la manera en\u2026","rel":"","context":"En \u00abNACIONALES\u00bb","block_context":{"text":"NACIONALES","link":"https:\/\/lasprimeras.com.do\/index.php\/category\/nacionales\/"},"img":{"alt_text":"","src":"https:\/\/i0.wp.com\/lasprimeras.com.do\/wp-content\/uploads\/2026\/05\/IMG-20260520-WA01381.jpg?resize=350%2C200&ssl=1","width":350,"height":200,"srcset":"https:\/\/i0.wp.com\/lasprimeras.com.do\/wp-content\/uploads\/2026\/05\/IMG-20260520-WA01381.jpg?resize=350%2C200&ssl=1 1x, https:\/\/i0.wp.com\/lasprimeras.com.do\/wp-content\/uploads\/2026\/05\/IMG-20260520-WA01381.jpg?resize=525%2C300&ssl=1 1.5x, https:\/\/i0.wp.com\/lasprimeras.com.do\/wp-content\/uploads\/2026\/05\/IMG-20260520-WA01381.jpg?resize=700%2C400&ssl=1 2x, https:\/\/i0.wp.com\/lasprimeras.com.do\/wp-content\/uploads\/2026\/05\/IMG-20260520-WA01381.jpg?resize=1050%2C600&ssl=1 3x"},"classes":[]},{"id":124557,"url":"https:\/\/lasprimeras.com.do\/index.php\/2026\/03\/13\/moda-dominicana-brillara-en-a-la-carta-fashion-show-2026\/","url_meta":{"origin":138991,"position":5},"title":"Moda dominicana brillar\u00e1 en a la Carta Fashion Show 2026","author":"Nelson Feliz","date":"13 de marzo de 2026","format":false,"excerpt":"Empresaria dominicana Pen\u00e9lope Ventura impulsa la moda dominicana en Florida; Merky D\u00edaz presentar\u00e1 colecci\u00f3n y anuncian expansi\u00f3n de A La Carta Fashion Show a Punta Cana Orlando, Florida. \u2013\u00a0La moda dominicana contin\u00faa ganando protagonismo en escenarios internacionales gracias a iniciativas lideradas por talento del pa\u00eds. La empresaria y fashionista dominicana\u2026","rel":"","context":"En \u00abENTRETENIMIENTO\u00bb","block_context":{"text":"ENTRETENIMIENTO","link":"https:\/\/lasprimeras.com.do\/index.php\/category\/entretenimiento\/"},"img":{"alt_text":"","src":"https:\/\/i0.wp.com\/lasprimeras.com.do\/wp-content\/uploads\/2026\/03\/Foto-2.jpg?resize=350%2C200&ssl=1","width":350,"height":200,"srcset":"https:\/\/i0.wp.com\/lasprimeras.com.do\/wp-content\/uploads\/2026\/03\/Foto-2.jpg?resize=350%2C200&ssl=1 1x, https:\/\/i0.wp.com\/lasprimeras.com.do\/wp-content\/uploads\/2026\/03\/Foto-2.jpg?resize=525%2C300&ssl=1 1.5x, https:\/\/i0.wp.com\/lasprimeras.com.do\/wp-content\/uploads\/2026\/03\/Foto-2.jpg?resize=700%2C400&ssl=1 2x"},"classes":[]}],"jetpack_sharing_enabled":true,"jetpack_featured_media_url":"https:\/\/lasprimeras.com.do\/wp-content\/uploads\/2026\/09\/IVAN-RUIZ-Y-LAURA-GUZMAN-muestran-sus-certificados-de-participacion.jpg","_links":{"self":[{"href":"https:\/\/lasprimeras.com.do\/index.php\/wp-json\/wp\/v2\/posts\/138991","targetHints":{"allow":["GET"]}}],"collection":[{"href":"https:\/\/lasprimeras.com.do\/index.php\/wp-json\/wp\/v2\/posts"}],"about":[{"href":"https:\/\/lasprimeras.com.do\/index.php\/wp-json\/wp\/v2\/types\/post"}],"author":[{"embeddable":true,"href":"https:\/\/lasprimeras.com.do\/index.php\/wp-json\/wp\/v2\/users\/10"}],"replies":[{"embeddable":true,"href":"https:\/\/lasprimeras.com.do\/index.php\/wp-json\/wp\/v2\/comments?post=138991"}],"version-history":[{"count":1,"href":"https:\/\/lasprimeras.com.do\/index.php\/wp-json\/wp\/v2\/posts\/138991\/revisions"}],"predecessor-version":[{"id":138993,"href":"https:\/\/lasprimeras.com.do\/index.php\/wp-json\/wp\/v2\/posts\/138991\/revisions\/138993"}],"wp:featuredmedia":[{"embeddable":true,"href":"https:\/\/lasprimeras.com.do\/index.php\/wp-json\/wp\/v2\/media\/138992"}],"wp:attachment":[{"href":"https:\/\/lasprimeras.com.do\/index.php\/wp-json\/wp\/v2\/media?parent=138991"}],"wp:term":[{"taxonomy":"category","embeddable":true,"href":"https:\/\/lasprimeras.com.do\/index.php\/wp-json\/wp\/v2\/categories?post=138991"},{"taxonomy":"post_tag","embeddable":true,"href":"https:\/\/lasprimeras.com.do\/index.php\/wp-json\/wp\/v2\/tags?post=138991"}],"curies":[{"name":"wp","href":"https:\/\/api.w.org\/{rel}","templated":true}]}}