{"id":138994,"date":"2026-09-03T23:35:24","date_gmt":"2026-09-04T03:35:24","guid":{"rendered":"https:\/\/lasprimeras.com.do\/?p=138994"},"modified":"2026-09-03T23:35:26","modified_gmt":"2026-09-04T03:35:26","slug":"afirman-juegos-juan-pablo-duarte-usa-2027-seran-incluyentes-no-excluyentes","status":"publish","type":"post","link":"https:\/\/lasprimeras.com.do\/index.php\/2026\/09\/03\/afirman-juegos-juan-pablo-duarte-usa-2027-seran-incluyentes-no-excluyentes\/","title":{"rendered":"Afirman Juegos Juan Pablo Duarte USA-2027 ser\u00e1n incluyentes, no excluyentes"},"content":{"rendered":"\n<figure class=\"wp-block-embed is-type-video is-provider-youtube wp-block-embed-youtube wp-embed-aspect-4-3 wp-has-aspect-ratio\"><div class=\"wp-block-embed__wrapper\">\n<iframe title=\"Juegos Juan Pablo Duarte USA-2027 ser\u00e1n incluyentes, no excluyentes\" width=\"500\" height=\"375\" src=\"https:\/\/www.youtube.com\/embed\/ZY0uW-MTtB0?feature=oembed\" frameborder=\"0\" allow=\"accelerometer; autoplay; clipboard-write; encrypted-media; gyroscope; picture-in-picture; web-share\" referrerpolicy=\"strict-origin-when-cross-origin\" allowfullscreen><\/iframe>\n<\/div><\/figure>\n\n\n\n<p class=\"wp-block-paragraph\">Por Ram\u00f3n Mercedes<\/p>\n\n\n\n<p class=\"wp-block-paragraph\">NUEVA YORK.- El presidente del Comit\u00e9 Organizador de los Juegos Deportivos Juan Pablo Duarte en el Exterior, el empresario y deportista Roberto Rojas, afirm\u00f3 durante la recien clausura de la edici\u00f3n 2026, celebrada ante m\u00e1s de mil dominicanos en el condado de El Bronx, que los Juegos del 2027 ser\u00e1n incluyentes y no excluyentes.<\/p>\n\n\n\n<p class=\"wp-block-paragraph\">En ese mismo sentido se expres\u00f3 la gloria del deporte dominicano y director de Deportes del Consulado Dominicano en NY, Jos\u00e9 \u201cEl Grillo\u201d Vargas, quien habl\u00f3 en representaci\u00f3n del c\u00f3nsul Jes\u00fas V\u00e1squez Mart\u00ednez.<\/p>\n\n\n\n<p class=\"wp-block-paragraph\">Rojas manifest\u00f3: \u201cLos Juegos Juan Pablo Duarte fueron un \u00e9xito\u201d. \u201cQuiero dar las gracias a la comunidad, a la prensa, los dirigentes y al equipo t\u00e9cnico que se involucraron para hacer posible este gran evento\u201d.<\/p>\n\n\n\n<p class=\"wp-block-paragraph\">\u201cY como dijo Gabriel Balc\u00e1cer \u201ca quienes permanecieron en las gradas observando las competencias, la invitaci\u00f3n es oficial y masiva\u201d. \u201cEl pr\u00f3ximo a\u00f1o estos Juegos se montar\u00e1n junto a la Uni\u00f3n Deportiva y con todos los que hasta ahora han estado fuera\u201d.<\/p>\n\n\n\n<p class=\"wp-block-paragraph\">\u201cLa invitaci\u00f3n es para que entren todos, porque aqu\u00ed cabemos todos\u201d, asever\u00f3 Rojas.<\/p>\n\n\n\n<p class=\"wp-block-paragraph\">Por su parte, \u201cEl Grillo\u201d Vargas, en nombre del c\u00f3nsul y del personal de la sede consular, expres\u00f3 su reconocimiento al comit\u00e9 organizador. \u201cHay que agradecerle a Rojas por la realizaci\u00f3n de estos segundos Juegos Juan Pablo Duarte en Estados Unidos\u201d.<\/p>\n\n\n\n<p class=\"wp-block-paragraph\">\u201cLos Juegos representaron un desaf\u00edo sin igual\u201d. Como todos saben, El Bronx fue escenario de numerosos acontecimientos mundiales mientras se desarrollaban estos Juegos; sin embargo, Roberto pudo haber desistido y no lo hizo\u201d, afirm\u00f3.<\/p>\n\n\n\n<p class=\"wp-block-paragraph\">Agreg\u00f3 que, para muchos j\u00f3venes, fue un reto participar por primera vez en la organizaci\u00f3n de un evento de esta magnitud y convertirlo en unos juegos hist\u00f3ricos.<\/p>\n\n\n\n<p class=\"wp-block-paragraph\">\u201cCuando uno analiza todo lo que hubo que enfrentar, comprende que el mayor compromiso fue preservar la esencia de cada uno de nosotrs como dominicanos\u201d, indic\u00f3.<\/p>\n\n\n\n<p class=\"wp-block-paragraph\">Vargas continu\u00f3 diciendo: \u201cQuiero hacer una exhortaci\u00f3n, no una cr\u00edtica\u201d. \u201cLos Juegos Juan Pablo Duarte son el resultado del esfuerzo de muchos dominicanos, dirigentes, atletas y personas que trabajan por la juventud de nuestro pa\u00eds, por nuestra cultura y por preservar la esencia del dominicano\u201d.<\/p>\n\n\n\n<p class=\"wp-block-paragraph\">\u201cNo pueden ser unos juegos exclusivos\u201d. \u201cSe\u00f1or presidente de la Uni\u00f3n Deportiva de NY, tenemos que construir unos juegos verdaderamente inclusivos, no limitados \u00fanicamente a los socios de la Uni\u00f3n Deportiva.\u201d<\/p>\n\n\n\n<p class=\"wp-block-paragraph\">Debemos integrar tambi\u00e9n al sector privado. \u201cTenemos que organizar unos juegos inclusivos con todos los dirigentes y agentes deportivos que entrenan a nuestros ni\u00f1os y trabajan en las diferentes comunidades.\u201d<\/p>\n\n\n\n<p class=\"wp-block-paragraph\">\u201cDeben ser unos juegos abiertos para todos.\u201d \u201cQue estas palabras no sean interpretadas como una cr\u00edtica, sino como una exhortaci\u00f3n en favor de la unidad\u201d.<\/p>\n\n\n\n<p class=\"wp-block-paragraph\">Para finalizar, subray\u00f3 Vargas: \u201cLos dominicanos, cuando nos unimos, no solamente somos m\u00e1s; somos m\u00e1s fuertes\u201d.<\/p>\n\n\n\n<p class=\"wp-block-paragraph\">Unidos nos hemos agigantado en Estados Unidos y en cualquier lugar donde residimos, gracias a nuestra dedicaci\u00f3n al trabajo y a nuestro esp\u00edritu comunitario.<\/p>\n\n\n\n<p class=\"wp-block-paragraph\">\u201cNosotros, los deportistas, debemos encontrar el camino de la unidad y trabajar de manera conjunta\u201d. \u201cRoberto, una vez m\u00e1s, muchas gracias.\u201d \u201cGracias tambi\u00e9n a los atletas y dirigentes por el esfuerzo realizado.\u201d \u201cCuenten con nosotros\u201d, puntualiz\u00f3.<\/p>\n","protected":false},"excerpt":{"rendered":"<p>Por Ram\u00f3n Mercedes NUEVA YORK.- El presidente del Comit\u00e9 Organizador de los Juegos Deportivos Juan Pablo Duarte en el Exterior, el empresario y deportista Roberto Rojas, afirm\u00f3 durante la recien&hellip;<\/p>\n","protected":false},"author":10,"featured_media":138995,"comment_status":"open","ping_status":"open","sticky":false,"template":"","format":"standard","meta":{"content-type":"","_jetpack_newsletter_access":"","_jetpack_dont_email_post_to_subs":false,"_jetpack_newsletter_tier_id":0,"_jetpack_memberships_contains_paywalled_content":false,"_jetpack_feature_clip_id":0,"_jetpack_memberships_contains_paid_content":false,"footnotes":"","jetpack_post_was_ever_published":false},"categories":[25580],"tags":[36286],"class_list":["post-138994","post","type-post","status-publish","format-standard","has-post-thumbnail","hentry","category-la-voz-de-la-diaspora","tag-juegos-juan-pablo-duarte-usa-2027"],"jetpack-related-posts":[{"id":105779,"url":"https:\/\/lasprimeras.com.do\/index.php\/2025\/08\/07\/afirma-reina-entusiasmo-entre-juventud-dominicana-ny-por-juegos-juan-pablo-duarte\/","url_meta":{"origin":138994,"position":0},"title":"Afirma reina entusiasmo entre juventud dominicana NY por juegos Juan Pablo Duarte","author":"Nelson Feliz","date":"7 de agosto de 2025","format":false,"excerpt":"Por Ram\u00f3n Mercedes NUEVA YORK.- El director general de los juegos \u00abJuan Pablo Duarte\u00bb a celebrarse en esta ciudad, Roberto Rojas, destac\u00f3 el gran entusiasmo que reina entre la juventud dominicana en este estados y otros en Estados Unidos por la celebraci\u00f3n de los mismos. El evento reunir\u00e1 a 2,232\u2026","rel":"","context":"En \u00abDEPORTES\u00bb","block_context":{"text":"DEPORTES","link":"https:\/\/lasprimeras.com.do\/index.php\/category\/deportes\/"},"img":{"alt_text":"","src":"https:\/\/i0.wp.com\/lasprimeras.com.do\/wp-content\/uploads\/2025\/08\/WhatsApp-Image-2025-08-07-at-5.42.07-AM.jpeg?resize=350%2C200&ssl=1","width":350,"height":200,"srcset":"https:\/\/i0.wp.com\/lasprimeras.com.do\/wp-content\/uploads\/2025\/08\/WhatsApp-Image-2025-08-07-at-5.42.07-AM.jpeg?resize=350%2C200&ssl=1 1x, https:\/\/i0.wp.com\/lasprimeras.com.do\/wp-content\/uploads\/2025\/08\/WhatsApp-Image-2025-08-07-at-5.42.07-AM.jpeg?resize=525%2C300&ssl=1 1.5x"},"classes":[]},{"id":106397,"url":"https:\/\/lasprimeras.com.do\/index.php\/2025\/08\/14\/roberto-rojas-afirma-juegos-juan-pablo-duarte-estan-listos-para-iniciar-en-ny\/","url_meta":{"origin":138994,"position":1},"title":"Roberto Rojas afirma \u00abJuegos Juan Pablo Duarte\u00bb est\u00e1n listos para iniciar en NY","author":"Nelson Feliz","date":"14 de agosto de 2025","format":false,"excerpt":"https:\/\/www.youtube.com\/watch?v=BVF7WGv5XB0 Por Ram\u00f3n Mercedes NUEVA YORK.- El Ministro de Deportes y Recreaci\u00f3n de la Rep\u00fablica Dominicana, Kelvin Cruz, encabezar\u00e1 la inauguraci\u00f3n de los \u00abJuegos Deportivos de Verano Juan Pablo Duarte NY 2025\u00bb, a efectuarse este viernes 15 de agosto a las 4:00 de la tarde, en el Centro Apex de\u2026","rel":"","context":"En \u00abDEPORTES\u00bb","block_context":{"text":"DEPORTES","link":"https:\/\/lasprimeras.com.do\/index.php\/category\/deportes\/"},"img":{"alt_text":"","src":"https:\/\/i0.wp.com\/lasprimeras.com.do\/wp-content\/uploads\/2025\/08\/WhatsApp-Image-2025-08-14-at-6.10.37-AM.jpeg?resize=350%2C200&ssl=1","width":350,"height":200,"srcset":"https:\/\/i0.wp.com\/lasprimeras.com.do\/wp-content\/uploads\/2025\/08\/WhatsApp-Image-2025-08-14-at-6.10.37-AM.jpeg?resize=350%2C200&ssl=1 1x, https:\/\/i0.wp.com\/lasprimeras.com.do\/wp-content\/uploads\/2025\/08\/WhatsApp-Image-2025-08-14-at-6.10.37-AM.jpeg?resize=525%2C300&ssl=1 1.5x, https:\/\/i0.wp.com\/lasprimeras.com.do\/wp-content\/uploads\/2025\/08\/WhatsApp-Image-2025-08-14-at-6.10.37-AM.jpeg?resize=700%2C400&ssl=1 2x"},"classes":[]},{"id":106482,"url":"https:\/\/lasprimeras.com.do\/index.php\/2025\/08\/15\/peloteros-dominicanos-grandes-ligas-felicitan-celebracion-en-nyc-juegos-juan-pablo-duarte\/","url_meta":{"origin":138994,"position":2},"title":"Peloteros dominicanos Grandes Ligas felicitan celebraci\u00f3n en NYC \u00abJuegos Juan Pablo Duarte\u00bb","author":"Nelson Feliz","date":"15 de agosto de 2025","format":false,"excerpt":"Por Ram\u00f3n Mercedes NUEVA YORK.- Varios peloteros dominicanos de Grandes Ligas enviaron mensajes de apoyo a los atletas dominicanos que participar\u00e1n en esta ciudad del 15 al 31 de este mes en los \u00abJuegos Juan Pablo Duarte\u00bb, que dirige el empresario y deportista Roberto Rojas. Los jugadores Juan Soto, Ronny\u2026","rel":"","context":"En \u00abDEPORTES\u00bb","block_context":{"text":"DEPORTES","link":"https:\/\/lasprimeras.com.do\/index.php\/category\/deportes\/"},"img":{"alt_text":"","src":"https:\/\/i0.wp.com\/lasprimeras.com.do\/wp-content\/uploads\/2025\/08\/WhatsApp-Image-2025-08-15-at-6.18.24-AM.jpeg?resize=350%2C200&ssl=1","width":350,"height":200,"srcset":"https:\/\/i0.wp.com\/lasprimeras.com.do\/wp-content\/uploads\/2025\/08\/WhatsApp-Image-2025-08-15-at-6.18.24-AM.jpeg?resize=350%2C200&ssl=1 1x, https:\/\/i0.wp.com\/lasprimeras.com.do\/wp-content\/uploads\/2025\/08\/WhatsApp-Image-2025-08-15-at-6.18.24-AM.jpeg?resize=525%2C300&ssl=1 1.5x"},"classes":[]},{"id":138089,"url":"https:\/\/lasprimeras.com.do\/index.php\/2026\/08\/25\/mas-de-mil-dominicanos-en-ny-asistieron-a-la-clausura-de-los-juegos-juan-pablo-duarte-2026\/","url_meta":{"origin":138994,"position":3},"title":"M\u00e1s de mil dominicanos en NY asistieron a la clausura de los Juegos Juan Pablo Duarte 2026","author":"Nelson Feliz","date":"25 de agosto de 2026","format":false,"excerpt":"https:\/\/www.youtube.com\/watch?v=_j2-TzQ7iFY Por Ram\u00f3n Mercedes NUEVA YOR.- Con la asistencia de m\u00e1s de mil dominicanos fueron clausurados este domingo los Juegos Juan Pablo Duarte 2026 en esta ciudad, iniciativa impulsada por el Ministerio de Deportes y Recreaci\u00f3n (MIDEREC). El evento fue presidido por el empresario y deportista Roberto Rojas, quien afirm\u00f3:\u2026","rel":"","context":"En \u00abDEPORTES\u00bb","block_context":{"text":"DEPORTES","link":"https:\/\/lasprimeras.com.do\/index.php\/category\/deportes\/"},"img":{"alt_text":"","src":"https:\/\/i0.wp.com\/lasprimeras.com.do\/wp-content\/uploads\/2026\/08\/IMG-20260825-WA0053.jpg?resize=350%2C200&ssl=1","width":350,"height":200,"srcset":"https:\/\/i0.wp.com\/lasprimeras.com.do\/wp-content\/uploads\/2026\/08\/IMG-20260825-WA0053.jpg?resize=350%2C200&ssl=1 1x, https:\/\/i0.wp.com\/lasprimeras.com.do\/wp-content\/uploads\/2026\/08\/IMG-20260825-WA0053.jpg?resize=525%2C300&ssl=1 1.5x"},"classes":[]},{"id":106615,"url":"https:\/\/lasprimeras.com.do\/index.php\/2025\/08\/17\/ministro-kelvin-cruz-deja-iniciados-los-juegos-juan-pablo-duarte-en-nueva-york\/","url_meta":{"origin":138994,"position":4},"title":"Ministro Kelvin Cruz deja iniciados los Juegos Juan Pablo Duarte en Nueva York","author":"Nelson Feliz","date":"17 de agosto de 2025","format":false,"excerpt":"En el marco de una vistosa y nutrida ceremonia caracterizada por el fervor patrio, el ministro de Deportes, Kelvin Cruz, el C\u00f3nsul General Jes\u00fas \"Ch\u00fa\" V\u00e1squez y el alcalde de la ciudad de Nueva York, Eric Adams, entre otras personalidades, dejaron formalmente inaugurados en esta ciudad los Juegos deportivos Juan\u2026","rel":"","context":"En \u00abDEPORTES\u00bb","block_context":{"text":"DEPORTES","link":"https:\/\/lasprimeras.com.do\/index.php\/category\/deportes\/"},"img":{"alt_text":"","src":"https:\/\/i0.wp.com\/lasprimeras.com.do\/wp-content\/uploads\/2025\/08\/Kelvin-Cruz.jpg?resize=350%2C200&ssl=1","width":350,"height":200,"srcset":"https:\/\/i0.wp.com\/lasprimeras.com.do\/wp-content\/uploads\/2025\/08\/Kelvin-Cruz.jpg?resize=350%2C200&ssl=1 1x, https:\/\/i0.wp.com\/lasprimeras.com.do\/wp-content\/uploads\/2025\/08\/Kelvin-Cruz.jpg?resize=525%2C300&ssl=1 1.5x, https:\/\/i0.wp.com\/lasprimeras.com.do\/wp-content\/uploads\/2025\/08\/Kelvin-Cruz.jpg?resize=700%2C400&ssl=1 2x"},"classes":[]},{"id":137313,"url":"https:\/\/lasprimeras.com.do\/index.php\/2026\/08\/15\/inauguran-los-juegos-juan-pablo-duarte-2026-en-estados-unidos\/","url_meta":{"origin":138994,"position":5},"title":"Inauguran los Juegos Juan Pablo Duarte 2026 en Estados Unidos","author":"Nelson Feliz","date":"15 de agosto de 2026","format":false,"excerpt":"Por Ram\u00f3n Mercedes NUEVA YORK.- Este viernes fueron inaugurados en Estados Unidos los Juegos Juan Pablo Duarte 2026. Encabezaron la ceremonia el ministro de Deportes, Kelvin Cruz, el c\u00f3nsul dominicano, Jes\u00fas -Ch\u00fa- V\u00e1squez, el empresario y deportista Roberto Rojas, director general del evento, y Luis\u00edn Mej\u00eda, presidente de Centro Caribe\u2026","rel":"","context":"En \u00abDEPORTES\u00bb","block_context":{"text":"DEPORTES","link":"https:\/\/lasprimeras.com.do\/index.php\/category\/deportes\/"},"img":{"alt_text":"","src":"https:\/\/i0.wp.com\/lasprimeras.com.do\/wp-content\/uploads\/2026\/08\/WhatsApp-Image-2026-08-15-at-8.19.43-AM.jpeg?resize=350%2C200&ssl=1","width":350,"height":200,"srcset":"https:\/\/i0.wp.com\/lasprimeras.com.do\/wp-content\/uploads\/2026\/08\/WhatsApp-Image-2026-08-15-at-8.19.43-AM.jpeg?resize=350%2C200&ssl=1 1x, https:\/\/i0.wp.com\/lasprimeras.com.do\/wp-content\/uploads\/2026\/08\/WhatsApp-Image-2026-08-15-at-8.19.43-AM.jpeg?resize=525%2C300&ssl=1 1.5x"},"classes":[]}],"jetpack_sharing_enabled":true,"jetpack_featured_media_url":"https:\/\/lasprimeras.com.do\/wp-content\/uploads\/2026\/09\/Afirman-Juegos-Juan-Pablo-Duarte-USA-2027-seran-incluyentes-no-excluyentes.jpg","_links":{"self":[{"href":"https:\/\/lasprimeras.com.do\/index.php\/wp-json\/wp\/v2\/posts\/138994","targetHints":{"allow":["GET"]}}],"collection":[{"href":"https:\/\/lasprimeras.com.do\/index.php\/wp-json\/wp\/v2\/posts"}],"about":[{"href":"https:\/\/lasprimeras.com.do\/index.php\/wp-json\/wp\/v2\/types\/post"}],"author":[{"embeddable":true,"href":"https:\/\/lasprimeras.com.do\/index.php\/wp-json\/wp\/v2\/users\/10"}],"replies":[{"embeddable":true,"href":"https:\/\/lasprimeras.com.do\/index.php\/wp-json\/wp\/v2\/comments?post=138994"}],"version-history":[{"count":1,"href":"https:\/\/lasprimeras.com.do\/index.php\/wp-json\/wp\/v2\/posts\/138994\/revisions"}],"predecessor-version":[{"id":138996,"href":"https:\/\/lasprimeras.com.do\/index.php\/wp-json\/wp\/v2\/posts\/138994\/revisions\/138996"}],"wp:featuredmedia":[{"embeddable":true,"href":"https:\/\/lasprimeras.com.do\/index.php\/wp-json\/wp\/v2\/media\/138995"}],"wp:attachment":[{"href":"https:\/\/lasprimeras.com.do\/index.php\/wp-json\/wp\/v2\/media?parent=138994"}],"wp:term":[{"taxonomy":"category","embeddable":true,"href":"https:\/\/lasprimeras.com.do\/index.php\/wp-json\/wp\/v2\/categories?post=138994"},{"taxonomy":"post_tag","embeddable":true,"href":"https:\/\/lasprimeras.com.do\/index.php\/wp-json\/wp\/v2\/tags?post=138994"}],"curies":[{"name":"wp","href":"https:\/\/api.w.org\/{rel}","templated":true}]}}