{"id":138997,"date":"2026-09-03T23:38:52","date_gmt":"2026-09-04T03:38:52","guid":{"rendered":"https:\/\/lasprimeras.com.do\/?p=138997"},"modified":"2026-09-03T23:38:57","modified_gmt":"2026-09-04T03:38:57","slug":"uba-entrega-cientos-de-bolsas-con-alimentos-en-el-bronx","status":"publish","type":"post","link":"https:\/\/lasprimeras.com.do\/index.php\/2026\/09\/03\/uba-entrega-cientos-de-bolsas-con-alimentos-en-el-bronx\/","title":{"rendered":"UBA entrega cientos de bolsas con alimentos en El Bronx"},"content":{"rendered":"\n<p class=\"wp-block-paragraph\">Jornada de mochilas con \u00fatiles escolares<\/p>\n\n\n\n<p class=\"wp-block-paragraph\">Por Ram\u00f3n Mercedes<\/p>\n\n\n\n<p class=\"wp-block-paragraph\">NUEVA YORK.- La Asociaci\u00f3n de Bodegueros Unidos de Am\u00e9rica (UBA), que preside Radhames Rodr\u00edguez, entreg\u00f3 recientemente m\u00e1s de mil bolsas de alimentos durante la jornada donaci\u00f3n de mochilas con \u00fatiles escolares a igual candidad de padres de estudiantes en El Bronx.<\/p>\n\n\n\n<p class=\"wp-block-paragraph\">Para aliviar el impacto de la inflaci\u00f3n en los hogares de bajos recursos, UBA hizo la entrega a padres de escasos recursos economicos en Fordham Plaza.<\/p>\n\n\n\n<p class=\"wp-block-paragraph\">La iniciativa, concebida para apoyar a las familias de cara al inicio del a\u00f1o escolar en las escuelas p\u00fablicas previsto para el pr\u00f3ximo d\u00eda 10 del presente mes, benefici\u00f3 a residentes de diversas comunidades del sector con hijos entre los 4 y 13 a\u00f1os.<\/p>\n\n\n\n<p class=\"wp-block-paragraph\">Rodr\u00edguez destac\u00f3 la importancia de llevar este tipo de asistencia directamente a uno de los centros de transporte y espacios peatonales m\u00e1s concurridos del condado.<\/p>\n\n\n\n<p class=\"wp-block-paragraph\">&#8220;Para nosotros es una gran ayuda estar aqu\u00ed&#8221;, dijo el presidente de UBA, porque el \u00e9xito de la jornada radica en la colaboraci\u00f3n interinstitucional.<\/p>\n\n\n\n<p class=\"wp-block-paragraph\">Cada familia beneficiada recibi\u00f3 una provisi\u00f3n dise\u00f1ada para cubrir sus necesidades b\u00e1sicas durante al menos tres d\u00edas, compuesta por una variada selecci\u00f3n de productos de Goya Foods, incluyendo arroz, pollo, leche, agua, vegetales, frutas, saz\u00f3n en polvo y alimentos enlatados, as\u00ed como snacks y papas fritas de Frito-Lay adaptados al gusto local de los menores.<\/p>\n\n\n\n<p class=\"wp-block-paragraph\">La jornada estuvo marcada por muestras de agradecimiento de madres de diversas comunidades, incluyendo sectores hispanos, anglosajones y musulmanes. &#8220;Todo est\u00e1 caro, as\u00ed que Dios bendiga a todo el que haya hecho posible esta entrega de alimentos&#8221;, expresaron varias asistentes tras recibir los suministros.<\/p>\n\n\n\n<p class=\"wp-block-paragraph\">El evento anual fue coordinado por Rosa Ayala, directora de operaciones de la entidad, junto con la participaci\u00f3n de m\u00e1s de 10 miembros de la directiva de UBA, consolidando una red de apoyo comunitario que se repite cada temporada escolar en Fordham Plaza en El Bronx.<\/p>\n","protected":false},"excerpt":{"rendered":"<p>Jornada de mochilas con \u00fatiles escolares Por Ram\u00f3n Mercedes NUEVA YORK.- La Asociaci\u00f3n de Bodegueros Unidos de Am\u00e9rica (UBA), que preside Radhames Rodr\u00edguez, entreg\u00f3 recientemente m\u00e1s de mil bolsas de&hellip;<\/p>\n","protected":false},"author":10,"featured_media":138998,"comment_status":"open","ping_status":"open","sticky":false,"template":"","format":"standard","meta":{"content-type":"","_jetpack_newsletter_access":"","_jetpack_dont_email_post_to_subs":false,"_jetpack_newsletter_tier_id":0,"_jetpack_memberships_contains_paywalled_content":false,"_jetpack_feature_clip_id":0,"_jetpack_memberships_contains_paid_content":false,"footnotes":"","jetpack_post_was_ever_published":false},"categories":[25580],"tags":[18227],"class_list":["post-138997","post","type-post","status-publish","format-standard","has-post-thumbnail","hentry","category-la-voz-de-la-diaspora","tag-uba"],"jetpack-related-posts":[{"id":98307,"url":"https:\/\/lasprimeras.com.do\/index.php\/2025\/05\/06\/bodegueros-uba-ny-reciben-de-nypd-500-botones-de-panicos-para-emergencias\/","url_meta":{"origin":138997,"position":0},"title":"Bodegueros UBA-NY reciben de NYPD 500 botones de p\u00e1nicos para emergencias","author":"Nelson Feliz","date":"6 de mayo de 2025","format":false,"excerpt":"Por Ram\u00f3n Mercedes NUEVA YORK.- La Asociaci\u00f3n de Bodegueros Unidos de Am\u00e9rica (UBA), que preside el dominicano Radham\u00e9s Rodr\u00edguez, recibi\u00f3 de parte de la Polic\u00eda de esta ciudad y en presencia del alcalde Eric Adams, 500 botones de p\u00e1nicos para ser instalados en igual cantidad de bodegas en zonas consideradas\u2026","rel":"","context":"En \u00abINTERNACIONALES\u00bb","block_context":{"text":"INTERNACIONALES","link":"https:\/\/lasprimeras.com.do\/index.php\/category\/sin-categoria\/internacionales\/"},"img":{"alt_text":"botones de p\u00e1nicos","src":"https:\/\/i0.wp.com\/lasprimeras.com.do\/wp-content\/uploads\/2025\/05\/WhatsApp-Image-2025-05-06-at-5.22.37-AM.jpeg?resize=350%2C200&ssl=1","width":350,"height":200},"classes":[]},{"id":138580,"url":"https:\/\/lasprimeras.com.do\/index.php\/2026\/08\/31\/uba-destaca-labor-y-eficiencia-de-la-jce-en-ny-y-valora-apertura-de-oficina-consular-en-el-bronx\/","url_meta":{"origin":138997,"position":1},"title":"UBA destaca labor y eficiencia de la JCE en NY y valora apertura de oficina consular en El Bronx","author":"Nelson Feliz","date":"31 de agosto de 2026","format":false,"excerpt":"Por Ram\u00f3n Mercedes NUEVA YORK.- El presidente de United Bodegas of America, UBA, Radham\u00e9s Rodr\u00edguez, destac\u00f3 la labor y eficiencia que realiza la Junta Central Electoral (JCE) en Nueva York y valor\u00f3 la apertura de una nueva oficina del Consulado General de la Rep\u00fablica Dominicana en El Bronx. Estas iniciativas\u2026","rel":"","context":"En \u00abLA VOZ DE LA DIASPORA\u00bb","block_context":{"text":"LA VOZ DE LA DIASPORA","link":"https:\/\/lasprimeras.com.do\/index.php\/category\/la-voz-de-la-diaspora\/"},"img":{"alt_text":"","src":"https:\/\/i0.wp.com\/lasprimeras.com.do\/wp-content\/uploads\/2026\/08\/IMG-20260831-WA0053.jpg?resize=350%2C200&ssl=1","width":350,"height":200,"srcset":"https:\/\/i0.wp.com\/lasprimeras.com.do\/wp-content\/uploads\/2026\/08\/IMG-20260831-WA0053.jpg?resize=350%2C200&ssl=1 1x, https:\/\/i0.wp.com\/lasprimeras.com.do\/wp-content\/uploads\/2026\/08\/IMG-20260831-WA0053.jpg?resize=525%2C300&ssl=1 1.5x"},"classes":[]},{"id":96571,"url":"https:\/\/lasprimeras.com.do\/index.php\/2025\/04\/03\/uba-reconoce-mujeres-dominicanas-en-ny-por-impulsar-la-sostenibilidad-en-sus-negocios\/","url_meta":{"origin":138997,"position":2},"title":"UBA reconoce mujeres dominicanas en NY por impulsar la sostenibilidad en sus negocios","author":"Nelson Feliz","date":"3 de abril de 2025","format":false,"excerpt":"Por Ram\u00f3n Mercedes NUEVA YORK.- La Asociaci\u00f3n de Bodegas Unidas de Am\u00e9rica (UBA), que preside el empresario Radham\u00e9s Rodr\u00edguez, reconoci\u00f3 recientemente durante un acto a varias bodegueras dominicanas, durante el Mes Internacional de la Mujer. Expres\u00f3 en su discurso durante el evento efectuado en Maestro\u2019s Caterers en El Bronx, que\u2026","rel":"","context":"En \u00abINTERNACIONALES\u00bb","block_context":{"text":"INTERNACIONALES","link":"https:\/\/lasprimeras.com.do\/index.php\/category\/sin-categoria\/internacionales\/"},"img":{"alt_text":"A reconoce mujeres dominicanas en NY por impulsar la sostenibilidad en sus negocios","src":"https:\/\/i0.wp.com\/lasprimeras.com.do\/wp-content\/uploads\/2025\/04\/WhatsApp-Image-2025-04-03-at-4.53.45-AM.jpeg?resize=350%2C200&ssl=1","width":350,"height":200,"srcset":"https:\/\/i0.wp.com\/lasprimeras.com.do\/wp-content\/uploads\/2025\/04\/WhatsApp-Image-2025-04-03-at-4.53.45-AM.jpeg?resize=350%2C200&ssl=1 1x, https:\/\/i0.wp.com\/lasprimeras.com.do\/wp-content\/uploads\/2025\/04\/WhatsApp-Image-2025-04-03-at-4.53.45-AM.jpeg?resize=525%2C300&ssl=1 1.5x, https:\/\/i0.wp.com\/lasprimeras.com.do\/wp-content\/uploads\/2025\/04\/WhatsApp-Image-2025-04-03-at-4.53.45-AM.jpeg?resize=700%2C400&ssl=1 2x, https:\/\/i0.wp.com\/lasprimeras.com.do\/wp-content\/uploads\/2025\/04\/WhatsApp-Image-2025-04-03-at-4.53.45-AM.jpeg?resize=1050%2C600&ssl=1 3x"},"classes":[]},{"id":89021,"url":"https:\/\/lasprimeras.com.do\/index.php\/2024\/09\/14\/funvimameso-dona-utiles-escolares-y-mochilas-a-ninos-que-todavia-carecian-de-ellos\/","url_meta":{"origin":138997,"position":3},"title":"Funvimameso dona \u00fatiles escolares y mochilas a ni\u00f1os que todav\u00eda carec\u00edan de ellos","author":"Nelson Feliz","date":"14 de septiembre de 2024","format":false,"excerpt":"En una muestra m\u00e1s de su compromiso con la superaci\u00f3n, la educaci\u00f3n, el bienestar y el desarrollo de la poblaci\u00f3n infantil m\u00e1s vulnerable de la barriada, la Fundaci\u00f3n Villa Mar\u00eda-Mejoramiento Social (FUNVIMAMESO), realiz\u00f3 su tradicional actividad de donaci\u00f3n de \u00fatiles escolares en el sector donde opera. Esta entrega encabeza por\u2026","rel":"","context":"En \u00abNACIONALES\u00bb","block_context":{"text":"NACIONALES","link":"https:\/\/lasprimeras.com.do\/index.php\/category\/nacionales\/"},"img":{"alt_text":"","src":"https:\/\/i0.wp.com\/lasprimeras.com.do\/wp-content\/uploads\/2024\/09\/donacion.jpg?resize=350%2C200&ssl=1","width":350,"height":200,"srcset":"https:\/\/i0.wp.com\/lasprimeras.com.do\/wp-content\/uploads\/2024\/09\/donacion.jpg?resize=350%2C200&ssl=1 1x, https:\/\/i0.wp.com\/lasprimeras.com.do\/wp-content\/uploads\/2024\/09\/donacion.jpg?resize=525%2C300&ssl=1 1.5x"},"classes":[]},{"id":107613,"url":"https:\/\/lasprimeras.com.do\/index.php\/2025\/08\/28\/andrew-cuomo-se-compromete-trabajar-para-impulsar-la-comunidad-latina-en-nyc-si-gana-alcaldia\/","url_meta":{"origin":138997,"position":4},"title":"Andrew Cuomo se compromete trabajar para impulsar la comunidad latina en NYC si gana alcald\u00eda","author":"Nelson Feliz","date":"28 de agosto de 2025","format":false,"excerpt":"https:\/\/www.youtube.com\/watch?v=4jQq5UAoK64 Por Ram\u00f3n Mercedes NUEVA YORK.- El candidato a la alcald\u00eda de esta ciudad, Andrew Cuomo, fue recibido la tarde de este martes por m\u00e1s de dos mil personas en un acto organizado por la asamble\u00edsta por el distrito 86, Yudelka Tapia, en el parque James, ubicado entre las avenidas\u2026","rel":"","context":"En \u00abINTERNACIONALES\u00bb","block_context":{"text":"INTERNACIONALES","link":"https:\/\/lasprimeras.com.do\/index.php\/category\/sin-categoria\/internacionales\/"},"img":{"alt_text":"","src":"https:\/\/i0.wp.com\/lasprimeras.com.do\/wp-content\/uploads\/2025\/08\/WhatsApp-Image-2025-08-27-at-6.24.36-AM.jpeg?resize=350%2C200&ssl=1","width":350,"height":200,"srcset":"https:\/\/i0.wp.com\/lasprimeras.com.do\/wp-content\/uploads\/2025\/08\/WhatsApp-Image-2025-08-27-at-6.24.36-AM.jpeg?resize=350%2C200&ssl=1 1x, https:\/\/i0.wp.com\/lasprimeras.com.do\/wp-content\/uploads\/2025\/08\/WhatsApp-Image-2025-08-27-at-6.24.36-AM.jpeg?resize=525%2C300&ssl=1 1.5x"},"classes":[]},{"id":88591,"url":"https:\/\/lasprimeras.com.do\/index.php\/2024\/08\/31\/asociacion-de-vendedores-entrega-utiles-escolares-en-ny\/","url_meta":{"origin":138997,"position":5},"title":"Asociaci\u00f3n de vendedores entrega \u00fatiles escolares en NY","author":"Nelson Feliz","date":"31 de agosto de 2024","format":false,"excerpt":"NUEVA YORK. -Por quinta ocasi\u00f3n consecutiva, la Asociaci\u00f3n de Vendedores Comunitarios de la 207th St, del vecindario de Washington Heights en el Alto Manhattan entregaron \u00fatiles escolares a ni\u00f1os, ni\u00f1as y adolescentes con sus padres de los sectores de Inwood en esta ciudad. \u201cEsta es nuestra quinta entrega anual de\u2026","rel":"","context":"En \u00abSin categor\u00eda\u00bb","block_context":{"text":"Sin categor\u00eda","link":"https:\/\/lasprimeras.com.do\/index.php\/category\/sin-categoria\/"},"img":{"alt_text":"","src":"https:\/\/i0.wp.com\/lasprimeras.com.do\/wp-content\/uploads\/2024\/08\/utiles-escolares-1.jpg?resize=350%2C200&ssl=1","width":350,"height":200,"srcset":"https:\/\/i0.wp.com\/lasprimeras.com.do\/wp-content\/uploads\/2024\/08\/utiles-escolares-1.jpg?resize=350%2C200&ssl=1 1x, https:\/\/i0.wp.com\/lasprimeras.com.do\/wp-content\/uploads\/2024\/08\/utiles-escolares-1.jpg?resize=525%2C300&ssl=1 1.5x, https:\/\/i0.wp.com\/lasprimeras.com.do\/wp-content\/uploads\/2024\/08\/utiles-escolares-1.jpg?resize=700%2C400&ssl=1 2x"},"classes":[]}],"jetpack_sharing_enabled":true,"jetpack_featured_media_url":"https:\/\/lasprimeras.com.do\/wp-content\/uploads\/2026\/09\/UBA-entrega-cientos-de-bolsas-con-alimentos-en-El-Bronx-durante-jornada-de-mochilas-con-utiles-escolares.jpg","_links":{"self":[{"href":"https:\/\/lasprimeras.com.do\/index.php\/wp-json\/wp\/v2\/posts\/138997","targetHints":{"allow":["GET"]}}],"collection":[{"href":"https:\/\/lasprimeras.com.do\/index.php\/wp-json\/wp\/v2\/posts"}],"about":[{"href":"https:\/\/lasprimeras.com.do\/index.php\/wp-json\/wp\/v2\/types\/post"}],"author":[{"embeddable":true,"href":"https:\/\/lasprimeras.com.do\/index.php\/wp-json\/wp\/v2\/users\/10"}],"replies":[{"embeddable":true,"href":"https:\/\/lasprimeras.com.do\/index.php\/wp-json\/wp\/v2\/comments?post=138997"}],"version-history":[{"count":1,"href":"https:\/\/lasprimeras.com.do\/index.php\/wp-json\/wp\/v2\/posts\/138997\/revisions"}],"predecessor-version":[{"id":138999,"href":"https:\/\/lasprimeras.com.do\/index.php\/wp-json\/wp\/v2\/posts\/138997\/revisions\/138999"}],"wp:featuredmedia":[{"embeddable":true,"href":"https:\/\/lasprimeras.com.do\/index.php\/wp-json\/wp\/v2\/media\/138998"}],"wp:attachment":[{"href":"https:\/\/lasprimeras.com.do\/index.php\/wp-json\/wp\/v2\/media?parent=138997"}],"wp:term":[{"taxonomy":"category","embeddable":true,"href":"https:\/\/lasprimeras.com.do\/index.php\/wp-json\/wp\/v2\/categories?post=138997"},{"taxonomy":"post_tag","embeddable":true,"href":"https:\/\/lasprimeras.com.do\/index.php\/wp-json\/wp\/v2\/tags?post=138997"}],"curies":[{"name":"wp","href":"https:\/\/api.w.org\/{rel}","templated":true}]}}