{"id":139000,"date":"2026-09-03T23:44:13","date_gmt":"2026-09-04T03:44:13","guid":{"rendered":"https:\/\/lasprimeras.com.do\/?p=139000"},"modified":"2026-09-03T23:46:46","modified_gmt":"2026-09-04T03:46:46","slug":"periodista-dominicano-en-ny-pone-a-circular-libro-en-amazon-y-barnes-noble","status":"publish","type":"post","link":"https:\/\/lasprimeras.com.do\/index.php\/2026\/09\/03\/periodista-dominicano-en-ny-pone-a-circular-libro-en-amazon-y-barnes-noble\/","title":{"rendered":"Periodista dominicano en NY pone a circular libro en Amazon y Barnes &#038; Noble"},"content":{"rendered":"\n<p class=\"wp-block-paragraph\">Por Ram\u00f3n Mercedes<\/p>\n\n\n\n<p class=\"wp-block-paragraph\">NUEVA YORK.\u2013 El periodista y escritor dominicano radicado en esta ciudad, Rom\u00e1n Polanco, puso en circulaci\u00f3n su libro &#8220;5 Esquinas NY, Testamento&#8221;.<\/p>\n\n\n\n<p class=\"wp-block-paragraph\">Polanco es uno de los periodistas quisqueyanos en la Gran Manzana que m\u00e1s se ha destacado por publicar diversas obras a lo largo de los a\u00f1os.<\/p>\n\n\n\n<p class=\"wp-block-paragraph\">Este nuevo libro constituye un testamento period\u00edstico construido desde la experiencia personal de quien estuvo presente, observ\u00f3, particip\u00f3 y decidi\u00f3 dejar constancia.<\/p>\n\n\n\n<p class=\"wp-block-paragraph\">NY sirve como el gran escenario desde el cual el autor contempla la pol\u00edtica, la cultura, la sociedad y la condici\u00f3n humana. A trav\u00e9s de cr\u00f3nicas, columnas y reflexiones, convierte los acontecimientos de una \u00e9poca en memoria escrita para las generaciones futuras.<\/p>\n\n\n\n<p class=\"wp-block-paragraph\">En sus p\u00e1ginas aparece simult\u00e1neamente como periodista, testigo y protagonista de momentos hist\u00f3ricos, como los atentados del 11 de septiembre de 2001 y la pandemia del COVID-19.<\/p>\n\n\n\n<p class=\"wp-block-paragraph\">La obra defiende un periodismo que pregunta, cuestiona y busca lo que muchas veces permanece detr\u00e1s de la noticia. Tambi\u00e9n insiste en no ser indiferentes ante la injusticia ni permitir que el paso del tiempo borre lo vivido.<\/p>\n\n\n\n<p class=\"wp-block-paragraph\">Su esencia, afirma el autor, es dejar un testimonio: &#8220;Yo estuve aqu\u00ed, viv\u00ed mi \u00e9poca, reflexion\u00e9 sobre ella y no quise dejar sus p\u00e1ginas en blanco&#8221;. Parte de una preocupaci\u00f3n fundamental, a\u00f1ade Polanco, es que muchas personas reciben informaci\u00f3n durante a\u00f1os sin haber aprendido primero c\u00f3mo aprender.<\/p>\n\n\n\n<p class=\"wp-block-paragraph\">El autor propone convertir palabras, nombres, fechas y n\u00fameros abstractos en asociaciones, im\u00e1genes y relaciones comprensibles para la mente. Explica que las &#8220;gavetas&#8221; mentales, la imaginaci\u00f3n, la exageraci\u00f3n y ejercicios como 1492-357-816 transforman la memoria en una pr\u00e1ctica consciente.<\/p>\n\n\n\n<p class=\"wp-block-paragraph\">La atenci\u00f3n, afirma, es la primera puerta del aprendizaje: estudiar exige activar la mente, escuchar con atenci\u00f3n y, finalmente, analizar. El m\u00e9todo que propone surge de experiencias personales de alfabetizaci\u00f3n, ense\u00f1anza, participaci\u00f3n en seminarios, observaci\u00f3n y a\u00f1os de b\u00fasqueda independiente.<\/p>\n\n\n\n<p class=\"wp-block-paragraph\">Seg\u00fan Polanco, la pr\u00e1ctica genera logros, los logros fortalecen la confianza, y el compromiso convierte esas herramientas en parte de la vida cotidiana. En s\u00edntesis, sostiene que no basta con ense\u00f1ar contenidos; primero hay que ense\u00f1ar al ser humano a aprender por s\u00ed mismo.<\/p>\n\n\n\n<p class=\"wp-block-paragraph\">La obra fue publicada en espa\u00f1ol e ingl\u00e9s y, seg\u00fan inform\u00f3 el autor, pr\u00f3ximamente tambi\u00e9n estar\u00e1 disponible en mandar\u00edn.<\/p>\n","protected":false},"excerpt":{"rendered":"<p>Por Ram\u00f3n Mercedes NUEVA YORK.\u2013 El periodista y escritor dominicano radicado en esta ciudad, Rom\u00e1n Polanco, puso en circulaci\u00f3n su libro &#8220;5 Esquinas NY, Testamento&#8221;. Polanco es uno de los&hellip;<\/p>\n","protected":false},"author":10,"featured_media":139001,"comment_status":"open","ping_status":"open","sticky":false,"template":"","format":"standard","meta":{"content-type":"","_jetpack_newsletter_access":"","_jetpack_dont_email_post_to_subs":false,"_jetpack_newsletter_tier_id":0,"_jetpack_memberships_contains_paywalled_content":false,"_jetpack_feature_clip_id":0,"_jetpack_memberships_contains_paid_content":false,"footnotes":"","jetpack_post_was_ever_published":false},"categories":[25580],"tags":[4902,36288,36287,364,1595,604],"class_list":["post-139000","post","type-post","status-publish","format-standard","has-post-thumbnail","hentry","category-la-voz-de-la-diaspora","tag-amazon","tag-barnes-noble","tag-circular-libro","tag-dominicano","tag-ny","tag-periodista"],"jetpack-related-posts":[{"id":123044,"url":"https:\/\/lasprimeras.com.do\/index.php\/2026\/02\/25\/muere-en-ny-el-periodista-tony-balbuena\/","url_meta":{"origin":139000,"position":0},"title":"Muere en NY el periodista Tony Balbuena","author":"Nelson Feliz","date":"25 de febrero de 2026","format":false,"excerpt":"Por Ram\u00f3n Mercedes NUEVA JERSEY.-\u00a0El reconocido periodista dominicano en la ciudad de Paterson, NJ, Tony Balbuena, falleci\u00f3 este martes en la Rep\u00fablica Dominicana mientras recib\u00eda tratamiento de di\u00e1lisis, lo que ha causado pesar y lamentaciones en diversos sectores quisqueyanos en ambos lugares. Su deceso ocurri\u00f3 en su natal Bonao, donde\u2026","rel":"","context":"En \u00abINTERNACIONALES\u00bb","block_context":{"text":"INTERNACIONALES","link":"https:\/\/lasprimeras.com.do\/index.php\/category\/sin-categoria\/internacionales\/"},"img":{"alt_text":"","src":"https:\/\/i0.wp.com\/lasprimeras.com.do\/wp-content\/uploads\/2026\/02\/Pesar-en-NY-y-NJ-por-el-fallecimiento-del-periodista-Tony-Balbuena-en-Bonao-RD.webp?resize=350%2C200&ssl=1","width":350,"height":200},"classes":[]},{"id":99587,"url":"https:\/\/lasprimeras.com.do\/index.php\/2025\/05\/23\/sectores-representativos-dominicanos-nyc-lamentan-fallecimiento-periodista-miguel-cruz-tejada\/","url_meta":{"origin":139000,"position":1},"title":"Sectores representativos dominicanos NYC lamentan fallecimiento periodista Miguel Cruz Tejada","author":"Nelson Feliz","date":"23 de mayo de 2025","format":false,"excerpt":"Por Ram\u00f3n Mercedes NUEVA YORK.- Sectores representativos dominicanos en esta ciudad (pol\u00edticos, profesionales, empresarial, period\u00edsticos y comerciantes, entre otros) lamentaron el fallecimiento este jueves del reconocido periodista de la RD radicado en la Gran Manzana, Miguel Cruz Tejada. Sostienen que fue un baluarte en la defensa de los mejores intereses\u2026","rel":"","context":"En \u00abINTERNACIONALES\u00bb","block_context":{"text":"INTERNACIONALES","link":"https:\/\/lasprimeras.com.do\/index.php\/category\/sin-categoria\/internacionales\/"},"img":{"alt_text":"Miguel Cruz Tejada","src":"https:\/\/i0.wp.com\/lasprimeras.com.do\/wp-content\/uploads\/2025\/05\/Miguel-Cruz-Tejada.jpg?resize=350%2C200&ssl=1","width":350,"height":200,"srcset":"https:\/\/i0.wp.com\/lasprimeras.com.do\/wp-content\/uploads\/2025\/05\/Miguel-Cruz-Tejada.jpg?resize=350%2C200&ssl=1 1x, https:\/\/i0.wp.com\/lasprimeras.com.do\/wp-content\/uploads\/2025\/05\/Miguel-Cruz-Tejada.jpg?resize=525%2C300&ssl=1 1.5x"},"classes":[]},{"id":111436,"url":"https:\/\/lasprimeras.com.do\/index.php\/2025\/10\/08\/juramentan-nueva-directiva-filial-adompretur-en-ny\/","url_meta":{"origin":139000,"position":2},"title":"Juramentan nueva directiva filial Adompretur en NY","author":"Nelson Feliz","date":"8 de octubre de 2025","format":false,"excerpt":"Por Ram\u00f3n Mercedes NUEVA YORK.- Una nueva directiva de la filial de la Asociaci\u00f3n Dominicana de la Prensa Tur\u00edstica (Adompretur) para el per\u00edodo 2025-2027, fue juramentada el pasado fin de semana en esta ciudad por la presidenta nacional, Sarah Hern\u00e1ndez. Fue reelecto como presidente el comunicador C\u00e9sar Romero, adem\u00e1s, Rafael\u2026","rel":"","context":"En \u00abTURISMO\u00bb","block_context":{"text":"TURISMO","link":"https:\/\/lasprimeras.com.do\/index.php\/category\/turismo\/"},"img":{"alt_text":"","src":"https:\/\/i0.wp.com\/lasprimeras.com.do\/wp-content\/uploads\/2025\/10\/Juramentan-nueva-directiva-filial-Adompretur-en-NY.jpg?resize=350%2C200&ssl=1","width":350,"height":200,"srcset":"https:\/\/i0.wp.com\/lasprimeras.com.do\/wp-content\/uploads\/2025\/10\/Juramentan-nueva-directiva-filial-Adompretur-en-NY.jpg?resize=350%2C200&ssl=1 1x, https:\/\/i0.wp.com\/lasprimeras.com.do\/wp-content\/uploads\/2025\/10\/Juramentan-nueva-directiva-filial-Adompretur-en-NY.jpg?resize=525%2C300&ssl=1 1.5x, https:\/\/i0.wp.com\/lasprimeras.com.do\/wp-content\/uploads\/2025\/10\/Juramentan-nueva-directiva-filial-Adompretur-en-NY.jpg?resize=700%2C400&ssl=1 2x"},"classes":[]},{"id":111870,"url":"https:\/\/lasprimeras.com.do\/index.php\/2025\/10\/14\/con-homenaje-postumo-a-maria-cristina-camilo-adompretur-juramenta-nueva-directiva-en-nueva-york\/","url_meta":{"origin":139000,"position":3},"title":"Con homenaje p\u00f3stumo a Mar\u00eda Cristina Camilo, Adompretur juramenta nueva directiva en Nueva York","author":"Nelson Feliz","date":"14 de octubre de 2025","format":false,"excerpt":"Por Aquiles Rojas NUEVA YORK. \u2013 La Asociaci\u00f3n Dominicana de Prensa Tur\u00edstica (Adompretur) filial Nueva York celebr\u00f3 este domingo el acto de juramentaci\u00f3n de su directiva correspondiente al per\u00edodo 2025-2027, durante una emotiva ceremonia realizada en los salones de la Direcci\u00f3n Dominicana de Cultura, en el alto Manhattan. El evento\u2026","rel":"","context":"En \u00abTURISMO\u00bb","block_context":{"text":"TURISMO","link":"https:\/\/lasprimeras.com.do\/index.php\/category\/turismo\/"},"img":{"alt_text":"","src":"https:\/\/i0.wp.com\/lasprimeras.com.do\/wp-content\/uploads\/2025\/10\/Adompretur.jpg?resize=350%2C200&ssl=1","width":350,"height":200,"srcset":"https:\/\/i0.wp.com\/lasprimeras.com.do\/wp-content\/uploads\/2025\/10\/Adompretur.jpg?resize=350%2C200&ssl=1 1x, https:\/\/i0.wp.com\/lasprimeras.com.do\/wp-content\/uploads\/2025\/10\/Adompretur.jpg?resize=525%2C300&ssl=1 1.5x, https:\/\/i0.wp.com\/lasprimeras.com.do\/wp-content\/uploads\/2025\/10\/Adompretur.jpg?resize=700%2C400&ssl=1 2x"},"classes":[]},{"id":107968,"url":"https:\/\/lasprimeras.com.do\/index.php\/2025\/09\/02\/ministro-deportes-rd-destaca-en-ny-cualidades-humanas-y-deportivas-de-roberto-rojas\/","url_meta":{"origin":139000,"position":4},"title":"Ministro Deportes RD destaca en NY cualidades humanas y deportivas de Roberto Rojas","author":"Nelson Feliz","date":"2 de septiembre de 2025","format":false,"excerpt":"https:\/\/www.youtube.com\/watch?v=W9De5o8U4xk Por Ram\u00f3n Mercedes NUEVA YORK.- El ministro de Deportes de la RD, Kelvin Cruz, destac\u00f3 las cualidades humanas y deportivas de Roberto Rojas, director general de los reci\u00e9n celebrados Juegos Juan Pablo Duarte 2025, por llevar la unidad, orden, institucionalidad y respeto durante el evento que reuni\u00f3 a m\u00e1s\u2026","rel":"","context":"En \u00abDEPORTES\u00bb","block_context":{"text":"DEPORTES","link":"https:\/\/lasprimeras.com.do\/index.php\/category\/deportes\/"},"img":{"alt_text":"Ministro Deportes RD destaca en NY cualidades humanas y deportivas de Roberto Rojas","src":"https:\/\/i0.wp.com\/lasprimeras.com.do\/wp-content\/uploads\/2025\/09\/Ministro-Deportes-RD-destaca-en-NY-cualidades-humanas-y-deportivas-de-Roberto-Rojas.jpg?resize=350%2C200&ssl=1","width":350,"height":200,"srcset":"https:\/\/i0.wp.com\/lasprimeras.com.do\/wp-content\/uploads\/2025\/09\/Ministro-Deportes-RD-destaca-en-NY-cualidades-humanas-y-deportivas-de-Roberto-Rojas.jpg?resize=350%2C200&ssl=1 1x, https:\/\/i0.wp.com\/lasprimeras.com.do\/wp-content\/uploads\/2025\/09\/Ministro-Deportes-RD-destaca-en-NY-cualidades-humanas-y-deportivas-de-Roberto-Rojas.jpg?resize=525%2C300&ssl=1 1.5x, https:\/\/i0.wp.com\/lasprimeras.com.do\/wp-content\/uploads\/2025\/09\/Ministro-Deportes-RD-destaca-en-NY-cualidades-humanas-y-deportivas-de-Roberto-Rojas.jpg?resize=700%2C400&ssl=1 2x"},"classes":[]},{"id":79692,"url":"https:\/\/lasprimeras.com.do\/index.php\/2024\/03\/30\/miguel-vargas-se-reune-con-la-direccion-ejecutiva-del-prd-en-nueva-york\/","url_meta":{"origin":139000,"position":5},"title":"Miguel Vargas se re\u00fane con la direcci\u00f3n ejecutiva del PRD en Nueva York","author":"Nelson Feliz","date":"30 de marzo de 2024","format":false,"excerpt":"El candidato presidencial\u00a0 del Partido Revolucionario Dominicano, (PRD) Miguel Vargas Maldonado, se reuni\u00f3 con la direcci\u00f3n ejecutiva la organizaci\u00f3n pol\u00edtica que preside, donde se ofrecieron informes del trabajo pol\u00edtico electoral de la Gran Manzana. En la reuni\u00f3n con direcci\u00f3n del PRD en Nueva York Miguel Vargas exhort\u00f3 a los dirigentes\u2026","rel":"","context":"En \u00abPORTADA\u00bb","block_context":{"text":"PORTADA","link":"https:\/\/lasprimeras.com.do\/index.php\/category\/portada\/"},"img":{"alt_text":"Miguel Vargas","src":"https:\/\/i0.wp.com\/lasprimeras.com.do\/wp-content\/uploads\/2024\/03\/Miguel-Vargas-2.jpg?resize=350%2C200&ssl=1","width":350,"height":200,"srcset":"https:\/\/i0.wp.com\/lasprimeras.com.do\/wp-content\/uploads\/2024\/03\/Miguel-Vargas-2.jpg?resize=350%2C200&ssl=1 1x, https:\/\/i0.wp.com\/lasprimeras.com.do\/wp-content\/uploads\/2024\/03\/Miguel-Vargas-2.jpg?resize=525%2C300&ssl=1 1.5x"},"classes":[]}],"jetpack_sharing_enabled":true,"jetpack_featured_media_url":"https:\/\/lasprimeras.com.do\/wp-content\/uploads\/2026\/09\/Periodista-dominicano-en-NY-pone-a-circular-libro-en-Amazon-y-Barnes-Noble.jpg","_links":{"self":[{"href":"https:\/\/lasprimeras.com.do\/index.php\/wp-json\/wp\/v2\/posts\/139000","targetHints":{"allow":["GET"]}}],"collection":[{"href":"https:\/\/lasprimeras.com.do\/index.php\/wp-json\/wp\/v2\/posts"}],"about":[{"href":"https:\/\/lasprimeras.com.do\/index.php\/wp-json\/wp\/v2\/types\/post"}],"author":[{"embeddable":true,"href":"https:\/\/lasprimeras.com.do\/index.php\/wp-json\/wp\/v2\/users\/10"}],"replies":[{"embeddable":true,"href":"https:\/\/lasprimeras.com.do\/index.php\/wp-json\/wp\/v2\/comments?post=139000"}],"version-history":[{"count":1,"href":"https:\/\/lasprimeras.com.do\/index.php\/wp-json\/wp\/v2\/posts\/139000\/revisions"}],"predecessor-version":[{"id":139002,"href":"https:\/\/lasprimeras.com.do\/index.php\/wp-json\/wp\/v2\/posts\/139000\/revisions\/139002"}],"wp:featuredmedia":[{"embeddable":true,"href":"https:\/\/lasprimeras.com.do\/index.php\/wp-json\/wp\/v2\/media\/139001"}],"wp:attachment":[{"href":"https:\/\/lasprimeras.com.do\/index.php\/wp-json\/wp\/v2\/media?parent=139000"}],"wp:term":[{"taxonomy":"category","embeddable":true,"href":"https:\/\/lasprimeras.com.do\/index.php\/wp-json\/wp\/v2\/categories?post=139000"},{"taxonomy":"post_tag","embeddable":true,"href":"https:\/\/lasprimeras.com.do\/index.php\/wp-json\/wp\/v2\/tags?post=139000"}],"curies":[{"name":"wp","href":"https:\/\/api.w.org\/{rel}","templated":true}]}}