{"id":139004,"date":"2026-09-03T23:50:14","date_gmt":"2026-09-04T03:50:14","guid":{"rendered":"https:\/\/lasprimeras.com.do\/?p=139004"},"modified":"2026-09-03T23:50:16","modified_gmt":"2026-09-04T03:50:16","slug":"certifican-a-hospital-de-nyc-dirigido-por-dominicana-por-su-atencion-materna","status":"publish","type":"post","link":"https:\/\/lasprimeras.com.do\/index.php\/2026\/09\/03\/certifican-a-hospital-de-nyc-dirigido-por-dominicana-por-su-atencion-materna\/","title":{"rendered":"Certifican a hospital de NYC dirigido por dominicana por su atenci\u00f3n materna"},"content":{"rendered":"\n<p class=\"wp-block-paragraph\">Por Ram\u00f3n Mercedes<\/p>\n\n\n\n<p class=\"wp-block-paragraph\">NUEVA YORK.- El Hospital Lincoln, en El Bronx, dirigido por la dominicana Cristina Contreras, figura entre los tres primeros hospitales de los seis pertenecientes al sistema NYC Health + Hospitals en recibir la certificaci\u00f3n del Programa de Hospitales Amigables con las Doulas, una iniciativa que busca ofrecer una atenci\u00f3n de maternidad m\u00e1s acogedora e inclusiva.<\/p>\n\n\n\n<p class=\"wp-block-paragraph\">Las Doulas son profesionales capacitadas para brindar apoyo f\u00edsico, emocional e informativo a las embarazadas antes, durante y despu\u00e9s del parto.<\/p>\n\n\n\n<p class=\"wp-block-paragraph\">Seg\u00fan la Oficina del Alcalde, el Centro M\u00e9dico Montefiore, el NYC Health + Hospitals\/Lincoln y el NYC Health + Hospitals\/Jacobi completaron este programa, siendo de los primeros en obtener dicha certificaci\u00f3n en la ciudad.<\/p>\n\n\n\n<p class=\"wp-block-paragraph\">Esta expansi\u00f3n se produce en un momento en que El Bronx contin\u00faa enfrentando algunas de las mayores desigualdades en materia de salud materna e infantil. El condado registra la tasa de mortalidad infantil m\u00e1s alta de la ciudad y el mayor \u00edndice de nacimientos prematuros.<\/p>\n\n\n\n<p class=\"wp-block-paragraph\">Adem\u00e1s, las mujeres negras e hispanas presentan resultados de salud materna desproporcionadamente peores. Aunque la demanda de servicios de Doulas aumenta en todo el pa\u00eds, el acceso sigue siendo desigual en NYC.<\/p>\n\n\n\n<p class=\"wp-block-paragraph\">En 2025, menos del 6% de los nacimientos en El Bronx contaron con el apoyo de una Doula, frente a casi el 64% en Brooklyn, de acuerdo con datos oficiales.<\/p>\n\n\n\n<p class=\"wp-block-paragraph\">El anuncio coincide con la informaci\u00f3n ofrecida por el alcalde Zohran Mamdani y el Departamento de Salud e Higiene Mental de NYC, que destacaron que m\u00e1s de 4,200 personas han recibido atenci\u00f3n de Doulas a trav\u00e9s de la iniciativa en la Grtan Manzana, desde su lanzamiento en 2022.<\/p>\n\n\n\n<p class=\"wp-block-paragraph\">El nuevo programa hospitalario tiene como objetivo integrar mejor a las dulas en los equipos de atenci\u00f3n materna, fortalecer la comunicaci\u00f3n entre estas profesionales, el personal m\u00e9dico, y promover pol\u00edticas que permitan brindar un mayor apoyo durante el embarazo, el parto y el posparto.<\/p>\n\n\n\n<p class=\"wp-block-paragraph\">Asimismo, los hospitales realizaron 100 derivaciones a Doulas entre 2019 y 2021, cifra que aument\u00f3 a 603 entre 2023 y 2025.<\/p>\n\n\n\n<p class=\"wp-block-paragraph\">Los datos son claros: ampliar el acceso a los servicios de dulas conduce a mejores resultados de salud, en particular para las familias negras y latinas, y contribuye a un sistema de atenci\u00f3n m\u00e9dica m\u00e1s equitativo, afirm\u00f3 el comisionado de Salud de NYC.<\/p>\n","protected":false},"excerpt":{"rendered":"<p>Por Ram\u00f3n Mercedes NUEVA YORK.- El Hospital Lincoln, en El Bronx, dirigido por la dominicana Cristina Contreras, figura entre los tres primeros hospitales de los seis pertenecientes al sistema NYC&hellip;<\/p>\n","protected":false},"author":10,"featured_media":139005,"comment_status":"open","ping_status":"open","sticky":false,"template":"","format":"standard","meta":{"content-type":"","_jetpack_newsletter_access":"","_jetpack_dont_email_post_to_subs":false,"_jetpack_newsletter_tier_id":0,"_jetpack_memberships_contains_paywalled_content":false,"_jetpack_feature_clip_id":0,"_jetpack_memberships_contains_paid_content":false,"footnotes":"","jetpack_post_was_ever_published":false},"categories":[16558],"tags":[409,5413,36289,3467,9089,1470],"class_list":["post-139004","post","type-post","status-publish","format-standard","has-post-thumbnail","hentry","category-salud","tag-atencion","tag-certificacion","tag-dominicana-en-nyc","tag-hospital","tag-maternidad","tag-primeros"],"jetpack-related-posts":[{"id":112641,"url":"https:\/\/lasprimeras.com.do\/index.php\/2025\/10\/25\/la-dominicana-cristina-contreras-con-30-anos-al-servicio-sistema-de-salud-mas-grande-usa\/","url_meta":{"origin":139004,"position":0},"title":"La dominicana Cristina Contreras con 30 a\u00f1os al servicio sistema de salud m\u00e1s grande USA","author":"Nelson Feliz","date":"25 de octubre de 2025","format":false,"excerpt":"https:\/\/www.youtube.com\/watch?v=MPWeKiF3YXU Por Ram\u00f3n Mercedes NUEVA YORK.- La dominicana Cristina Contreras cumpli\u00f3 recientemente 30 a\u00f1os (10,950 d\u00edas) de brindar servicios en el NYC Health + Hospitals, el sistema de atenci\u00f3n m\u00e9dica municipal m\u00e1s grande de los Estados Unidos. Explica que esos 30 a\u00f1os han significado un logro profesional y personal, en\u2026","rel":"","context":"En \u00abLA VOZ DE LA DIASPORA\u00bb","block_context":{"text":"LA VOZ DE LA DIASPORA","link":"https:\/\/lasprimeras.com.do\/index.php\/category\/la-voz-de-la-diaspora\/"},"img":{"alt_text":"","src":"https:\/\/i0.wp.com\/lasprimeras.com.do\/wp-content\/uploads\/2025\/10\/WhatsApp-Image-2025-10-24-at-5.36.52-AM.jpeg?resize=350%2C200&ssl=1","width":350,"height":200,"srcset":"https:\/\/i0.wp.com\/lasprimeras.com.do\/wp-content\/uploads\/2025\/10\/WhatsApp-Image-2025-10-24-at-5.36.52-AM.jpeg?resize=350%2C200&ssl=1 1x, https:\/\/i0.wp.com\/lasprimeras.com.do\/wp-content\/uploads\/2025\/10\/WhatsApp-Image-2025-10-24-at-5.36.52-AM.jpeg?resize=525%2C300&ssl=1 1.5x"},"classes":[]},{"id":111923,"url":"https:\/\/lasprimeras.com.do\/index.php\/2025\/10\/15\/hospital-lincoln-anuncia-programa-de-residencia-de-psiquiatria-comunitaria\/","url_meta":{"origin":139004,"position":1},"title":"Hospital Lincoln anuncia Programa de Residencia de Psiquiatr\u00eda Comunitaria","author":"Nelson Feliz","date":"15 de octubre de 2025","format":false,"excerpt":"Por Ram\u00f3n Mercedes NUEVA YORK.- El Hospital Lincoln, en El Bronx, dirigido por la dominicana Cristina Contreras, anunci\u00f3 una alianza con Urban Health Plan y NYCHH\/Elmhurst para lanzar un nuevo Programa de Residencia de Psiquiatr\u00eda Comunitaria. Contreras, LMSW, MPA, FABC, es una ejecutiva de atenci\u00f3n m\u00e9dica y l\u00edder comunitaria dominicana-estadounidense\u2026","rel":"","context":"En \u00abLA VOZ DE LA DIASPORA\u00bb","block_context":{"text":"LA VOZ DE LA DIASPORA","link":"https:\/\/lasprimeras.com.do\/index.php\/category\/la-voz-de-la-diaspora\/"},"img":{"alt_text":"Hospital Lincoln anuncia Programa de Residencia de Psiquiatr\u00eda Comunitaria","src":"https:\/\/i0.wp.com\/lasprimeras.com.do\/wp-content\/uploads\/2025\/10\/WhatsApp-Image-2025-10-15-at-5.00.52-AM.jpeg?resize=350%2C200&ssl=1","width":350,"height":200,"srcset":"https:\/\/i0.wp.com\/lasprimeras.com.do\/wp-content\/uploads\/2025\/10\/WhatsApp-Image-2025-10-15-at-5.00.52-AM.jpeg?resize=350%2C200&ssl=1 1x, https:\/\/i0.wp.com\/lasprimeras.com.do\/wp-content\/uploads\/2025\/10\/WhatsApp-Image-2025-10-15-at-5.00.52-AM.jpeg?resize=525%2C300&ssl=1 1.5x, https:\/\/i0.wp.com\/lasprimeras.com.do\/wp-content\/uploads\/2025\/10\/WhatsApp-Image-2025-10-15-at-5.00.52-AM.jpeg?resize=700%2C400&ssl=1 2x, https:\/\/i0.wp.com\/lasprimeras.com.do\/wp-content\/uploads\/2025\/10\/WhatsApp-Image-2025-10-15-at-5.00.52-AM.jpeg?resize=1050%2C600&ssl=1 3x"},"classes":[]},{"id":106695,"url":"https:\/\/lasprimeras.com.do\/index.php\/2025\/08\/18\/hospital-lincoln-bronx-realiza-campana-donacion-de-sangre-participa-de-eventos-comunitarios\/","url_meta":{"origin":139004,"position":2},"title":"Hospital Lincoln-Bronx realiza campa\u00f1a donaci\u00f3n de sangre; participa de eventos comunitarios","author":"Nelson Feliz","date":"18 de agosto de 2025","format":false,"excerpt":"Por Ram\u00f3n Mercedes NUEVA YORK.- Personal del Hospital Lincoln en El Bronx, con m\u00e1s de 5,500 empleados, entre ellos m\u00e1s de mil dominicanos, realiz\u00f3 la semana pasada una campa\u00f1a de donaci\u00f3n de sangre para el Centro de Sangre de NY. El centro hospitalario, cuya direcci\u00f3n est\u00e1 a cargo de la\u2026","rel":"","context":"En \u00abSALUD\u00bb","block_context":{"text":"SALUD","link":"https:\/\/lasprimeras.com.do\/index.php\/category\/salud\/"},"img":{"alt_text":"","src":"https:\/\/i0.wp.com\/lasprimeras.com.do\/wp-content\/uploads\/2025\/08\/WhatsApp-Image-2025-08-18-at-6.46.04-AM-2.jpeg?resize=350%2C200&ssl=1","width":350,"height":200},"classes":[]},{"id":113273,"url":"https:\/\/lasprimeras.com.do\/index.php\/2025\/10\/31\/hospital-lincoln-en-el-bronx-celebro-multiples-eventos-culturales-en-octubre\/","url_meta":{"origin":139004,"position":3},"title":"Hospital Lincoln en El Bronx celebr\u00f3 m\u00faltiples eventos culturales en octubre","author":"Nelson Feliz","date":"31 de octubre de 2025","format":false,"excerpt":"Por Ram\u00f3n Mercedes NUEVA YORK.- El NYC Health + Hospitals\/Lincoln en el condado de El Bronx, con m\u00e1s de cinco mil empleados y cuya directora general es la dominicana Cristina Contreras, organiz\u00f3 m\u00faltiples celebraciones culturales durante todo este mes de octubre. El d\u00eda 14 se celebr\u00f3 el Mes de la\u2026","rel":"","context":"En \u00abLA VOZ DE LA DIASPORA\u00bb","block_context":{"text":"LA VOZ DE LA DIASPORA","link":"https:\/\/lasprimeras.com.do\/index.php\/category\/la-voz-de-la-diaspora\/"},"img":{"alt_text":"","src":"https:\/\/i0.wp.com\/lasprimeras.com.do\/wp-content\/uploads\/2025\/10\/Hospital-Lincoln-en-El-Bronx-celebro-multiples-eventos-culturales-en-octubre.jpeg?resize=350%2C200&ssl=1","width":350,"height":200,"srcset":"https:\/\/i0.wp.com\/lasprimeras.com.do\/wp-content\/uploads\/2025\/10\/Hospital-Lincoln-en-El-Bronx-celebro-multiples-eventos-culturales-en-octubre.jpeg?resize=350%2C200&ssl=1 1x, https:\/\/i0.wp.com\/lasprimeras.com.do\/wp-content\/uploads\/2025\/10\/Hospital-Lincoln-en-El-Bronx-celebro-multiples-eventos-culturales-en-octubre.jpeg?resize=525%2C300&ssl=1 1.5x, https:\/\/i0.wp.com\/lasprimeras.com.do\/wp-content\/uploads\/2025\/10\/Hospital-Lincoln-en-El-Bronx-celebro-multiples-eventos-culturales-en-octubre.jpeg?resize=700%2C400&ssl=1 2x"},"classes":[]},{"id":103801,"url":"https:\/\/lasprimeras.com.do\/index.php\/2025\/07\/18\/natddp-dara-a-conocer-este-lunes-los-homenajeados-por-manhattan\/","url_meta":{"origin":139004,"position":4},"title":"NatDDP dar\u00e1 a conocer este lunes los homenajeados por Manhattan","author":"Nelson Feliz","date":"18 de julio de 2025","format":false,"excerpt":"Por Ram\u00f3n Mercedes NUEVA YORK.- La direcci\u00f3n del Desfile Nacional Dominicano en NYC (NatDDP), que preside la profesional y reconocida l\u00edder comunitaria en esta ciudad, Cristina Contreras, dar\u00e1 a conocer este lunes los homenajeados para este a\u00f1o por el condado de Manhattan. La misma se celebrar\u00e1 en el Centro Cultural\u2026","rel":"","context":"En \u00abENTRETENIMIENTO\u00bb","block_context":{"text":"ENTRETENIMIENTO","link":"https:\/\/lasprimeras.com.do\/index.php\/category\/entretenimiento\/"},"img":{"alt_text":"NatDDP dar\u00e1 a conocer este lunes los homenajeados por Manhattan","src":"https:\/\/i0.wp.com\/lasprimeras.com.do\/wp-content\/uploads\/2025\/07\/NatDDP-dara-a-conocer-este-lunes-los-homenajeados-por-Manhattan.jpg?resize=350%2C200&ssl=1","width":350,"height":200},"classes":[]},{"id":95663,"url":"https:\/\/lasprimeras.com.do\/index.php\/2025\/03\/17\/concluye-feria-de-empleos-a-favor-de-los-dominicanos-en-nueva-york\/","url_meta":{"origin":139004,"position":5},"title":"Concluye Feria de Empleos a favor de los dominicanos en Nueva York","author":"Nelson Feliz","date":"17 de marzo de 2025","format":false,"excerpt":"UNOS 300 NACIONALES FUERON INSERTADOS AL MERCADO LABORAL. Unos 300 dominicanos fueron insertados al mercado laboral de Nueva York tras la Feria de Empleos, Salud y Recursos Sociales, realizada por el Consulado General de la Rep\u00fablica Dominicana en Nueva York, en colaboraci\u00f3n con el Instituto del Dominicano en el Exterior\u2026","rel":"","context":"En \u00abECONOM\u00cdA\u00bb","block_context":{"text":"ECONOM\u00cdA","link":"https:\/\/lasprimeras.com.do\/index.php\/category\/economia\/"},"img":{"alt_text":"","src":"https:\/\/i0.wp.com\/lasprimeras.com.do\/wp-content\/uploads\/2025\/03\/concluye-feria-de-empleos-a-favor-de-los-dominicanos-en-nueva-york.jpg?resize=350%2C200&ssl=1","width":350,"height":200,"srcset":"https:\/\/i0.wp.com\/lasprimeras.com.do\/wp-content\/uploads\/2025\/03\/concluye-feria-de-empleos-a-favor-de-los-dominicanos-en-nueva-york.jpg?resize=350%2C200&ssl=1 1x, https:\/\/i0.wp.com\/lasprimeras.com.do\/wp-content\/uploads\/2025\/03\/concluye-feria-de-empleos-a-favor-de-los-dominicanos-en-nueva-york.jpg?resize=525%2C300&ssl=1 1.5x, https:\/\/i0.wp.com\/lasprimeras.com.do\/wp-content\/uploads\/2025\/03\/concluye-feria-de-empleos-a-favor-de-los-dominicanos-en-nueva-york.jpg?resize=700%2C400&ssl=1 2x, https:\/\/i0.wp.com\/lasprimeras.com.do\/wp-content\/uploads\/2025\/03\/concluye-feria-de-empleos-a-favor-de-los-dominicanos-en-nueva-york.jpg?resize=1050%2C600&ssl=1 3x"},"classes":[]}],"jetpack_sharing_enabled":true,"jetpack_featured_media_url":"https:\/\/lasprimeras.com.do\/wp-content\/uploads\/2026\/09\/Hospital-dirigido-por-dominicana-en-NYC-figura-entre-los-primeros-en-recibir-certificacion-por-atencion-de-maternidad.jpg","_links":{"self":[{"href":"https:\/\/lasprimeras.com.do\/index.php\/wp-json\/wp\/v2\/posts\/139004","targetHints":{"allow":["GET"]}}],"collection":[{"href":"https:\/\/lasprimeras.com.do\/index.php\/wp-json\/wp\/v2\/posts"}],"about":[{"href":"https:\/\/lasprimeras.com.do\/index.php\/wp-json\/wp\/v2\/types\/post"}],"author":[{"embeddable":true,"href":"https:\/\/lasprimeras.com.do\/index.php\/wp-json\/wp\/v2\/users\/10"}],"replies":[{"embeddable":true,"href":"https:\/\/lasprimeras.com.do\/index.php\/wp-json\/wp\/v2\/comments?post=139004"}],"version-history":[{"count":1,"href":"https:\/\/lasprimeras.com.do\/index.php\/wp-json\/wp\/v2\/posts\/139004\/revisions"}],"predecessor-version":[{"id":139006,"href":"https:\/\/lasprimeras.com.do\/index.php\/wp-json\/wp\/v2\/posts\/139004\/revisions\/139006"}],"wp:featuredmedia":[{"embeddable":true,"href":"https:\/\/lasprimeras.com.do\/index.php\/wp-json\/wp\/v2\/media\/139005"}],"wp:attachment":[{"href":"https:\/\/lasprimeras.com.do\/index.php\/wp-json\/wp\/v2\/media?parent=139004"}],"wp:term":[{"taxonomy":"category","embeddable":true,"href":"https:\/\/lasprimeras.com.do\/index.php\/wp-json\/wp\/v2\/categories?post=139004"},{"taxonomy":"post_tag","embeddable":true,"href":"https:\/\/lasprimeras.com.do\/index.php\/wp-json\/wp\/v2\/tags?post=139004"}],"curies":[{"name":"wp","href":"https:\/\/api.w.org\/{rel}","templated":true}]}}