{"id":139013,"date":"2026-09-04T07:51:34","date_gmt":"2026-09-04T11:51:34","guid":{"rendered":"https:\/\/lasprimeras.com.do\/?p=139013"},"modified":"2026-09-04T07:51:36","modified_gmt":"2026-09-04T11:51:36","slug":"vance-dice-que-la-lucha-contra-iran-no-es-una-guerra-mientras-trump-lidia-con-conflicto-impopular","status":"publish","type":"post","link":"https:\/\/lasprimeras.com.do\/index.php\/2026\/09\/04\/vance-dice-que-la-lucha-contra-iran-no-es-una-guerra-mientras-trump-lidia-con-conflicto-impopular\/","title":{"rendered":"Vance dice que la lucha contra Ir\u00e1n no es una \u201cguerra\u201d mientras Trump lidia con conflicto impopular"},"content":{"rendered":"\n<p class=\"wp-block-paragraph\">POR AAMER MADHANI<\/p>\n\n\n\n<p class=\"wp-block-paragraph\">WASHINGTON (AP) \u2014 El vicepresidente JD Vance rechaz\u00f3 el jueves el uso de la palabra \u201cguerra\u201d para describir los combates de Estados Unidos con Ir\u00e1n, y evit\u00f3 pronosticar si el conflicto, que dura ya seis meses, terminar\u00e1 antes de las elecciones legislativas de mitad de mandato de noviembre, en las que los republicanos tratar\u00e1n de conservar sus estrechas mayor\u00edas en el Congreso.<\/p>\n\n\n\n<p class=\"wp-block-paragraph\">Yo no lo llamar\u00eda guerra\u201d, afirm\u00f3 Vance al ser preguntado durante una conferencia de prensa en la Casa Blanca si los combates podr\u00edan acabar antes de que los votantes acudan a las urnas para las elecciones legislativas del 3 de noviembre.<\/p>\n\n\n\n<p class=\"wp-block-paragraph\">\u201cAhora mismo, no hay enfrentamientos activos\u201d.<\/p>\n\n\n\n<p class=\"wp-block-paragraph\">La afirmaci\u00f3n de Vance se produjo a pesar de que Ir\u00e1n dispar\u00f3 el jueves a Kuwait, aliado de Washington en el golfo P\u00e9rsico, dentro de las represalias por los ataques estadounidenses contra el pa\u00eds a principios de semana.<\/p>\n\n\n\n<p class=\"wp-block-paragraph\">Seg\u00fan el vicepresidente, Estados Unidos ten\u00eda la \u201cresponsabilidad\u201d de llevar a cabo los ataques de esta semana porque Teher\u00e1n sigue atacando buques en el estrecho de Ormuz.<\/p>\n\n\n\n<p class=\"wp-block-paragraph\">El intento de Vance de minimizar la intensidad de los combates pone de manifiesto la dif\u00edcil tarea que enfrentan Trump y su gobierno para intentar persuadir a los votantes de que mantengan a los republicanos al frente del Congreso, incluso cuando el impopular conflicto \u2014que, seg\u00fan manifest\u00f3 la Casa Blanca al inicio, durar\u00eda unas semanas\u2014 ha elevado el precio de los combustibles y ha hecho que los consumidores tengan que lidiar con una inflaci\u00f3n m\u00e1s alta.<\/p>\n\n\n\n<p class=\"wp-block-paragraph\">Vance manifest\u00f3 que no quer\u00eda fijar \u201cplazos artificiales\u201d.<\/p>\n\n\n\n<p class=\"wp-block-paragraph\">\u201cPero cuando usted pregunta \u2018\u00bfCu\u00e1ndo terminar\u00e1 esto?\u2019, me est\u00e1 haciendo una pregunta tipo \u2018\u00bfCu\u00e1ndo dejar\u00e1n los iran\u00edes de disparar contra los barcos?\u2019\u201d, dijo.<\/p>\n\n\n\n<p class=\"wp-block-paragraph\">\u201cCreo que la realidad es que no s\u00e9 la respuesta a esa pregunta. Tendr\u00eda que pregunt\u00e1rselo a los iran\u00edes\u201d.<\/p>\n\n\n\n<p class=\"wp-block-paragraph\">La Casa Blanca enfrent\u00f3 un minucioso examen en julio despu\u00e9s de reclasificar a cuatro soldados ca\u00eddos, as\u00ed como a decenas de heridos, en su Sistema de An\u00e1lisis de Bajas de Defensa, al que funcionarios del Pent\u00e1gono han se\u00f1alado repetidamente como la fuente definitiva sobre las cifras de muertos y heridos del conflicto.<\/p>\n\n\n\n<p class=\"wp-block-paragraph\">Quienes fallecieron o resultaron heridos en combates luego del colapso de un breve alto el fuego entre Estados Unidos e Ir\u00e1n fueron clasificados en una nueva categor\u00eda llamada \u201cOperaciones en el extranjero\u201d, tras haber sido contabilizados inicialmente en los totales de la guerra.<\/p>\n","protected":false},"excerpt":{"rendered":"<p>POR AAMER MADHANI WASHINGTON (AP) \u2014 El vicepresidente JD Vance rechaz\u00f3 el jueves el uso de la palabra \u201cguerra\u201d para describir los combates de Estados Unidos con Ir\u00e1n, y evit\u00f3&hellip;<\/p>\n","protected":false},"author":10,"featured_media":139014,"comment_status":"open","ping_status":"open","sticky":false,"template":"","format":"standard","meta":{"content-type":"","_jetpack_newsletter_access":"","_jetpack_dont_email_post_to_subs":false,"_jetpack_newsletter_tier_id":0,"_jetpack_memberships_contains_paywalled_content":false,"_jetpack_feature_clip_id":0,"_jetpack_memberships_contains_paid_content":false,"footnotes":"","jetpack_post_was_ever_published":false},"categories":[16289],"tags":[8004,978,2060,15761,17716],"class_list":["post-139013","post","type-post","status-publish","format-standard","has-post-thumbnail","hentry","category-internacionales","tag-conflictos","tag-donald-trump","tag-guerra","tag-iran-2","tag-jd-vance"],"jetpack-related-posts":[{"id":99200,"url":"https:\/\/lasprimeras.com.do\/index.php\/2025\/05\/19\/leon-xiv-y-jd-vance-se-reunen-antes-de-esfuerzos-de-eeuu-para-buscar-alto-al-fuego-en-ucrania\/","url_meta":{"origin":139013,"position":0},"title":"Le\u00f3n XIV y JD Vance se re\u00fanen antes de esfuerzos de EEUU para buscar alto al fuego en Ucrania","author":"Nelson Feliz","date":"19 de mayo de 2025","format":false,"excerpt":"POR NICOLE WINFIELD and JACQUELYN MARTIN CIUDAD DEL VATICANO (AP) \u2014 Dos cat\u00f3licos destacados, el papa Le\u00f3n XIV y el vicepresidente de Estados Unidos, JD Vance, se reunieron el lunes en medio de una serie de esfuerzos diplom\u00e1ticos liderados por Estados Unidos para avanzar en un alto el fuego en\u2026","rel":"","context":"En \u00abINTERNACIONALES\u00bb","block_context":{"text":"INTERNACIONALES","link":"https:\/\/lasprimeras.com.do\/index.php\/category\/sin-categoria\/internacionales\/"},"img":{"alt_text":"","src":"https:\/\/i0.wp.com\/lasprimeras.com.do\/wp-content\/uploads\/2025\/05\/el-papa-Leon-XIV-1.jpg?resize=350%2C200&ssl=1","width":350,"height":200,"srcset":"https:\/\/i0.wp.com\/lasprimeras.com.do\/wp-content\/uploads\/2025\/05\/el-papa-Leon-XIV-1.jpg?resize=350%2C200&ssl=1 1x, https:\/\/i0.wp.com\/lasprimeras.com.do\/wp-content\/uploads\/2025\/05\/el-papa-Leon-XIV-1.jpg?resize=525%2C300&ssl=1 1.5x, https:\/\/i0.wp.com\/lasprimeras.com.do\/wp-content\/uploads\/2025\/05\/el-papa-Leon-XIV-1.jpg?resize=700%2C400&ssl=1 2x"},"classes":[]},{"id":97358,"url":"https:\/\/lasprimeras.com.do\/index.php\/2025\/04\/19\/vaticano-habla-de-intercambio-de-opiniones-sobre-inmigracion-y-reclusos-en-reunion-con-vance\/","url_meta":{"origin":139013,"position":1},"title":"Vaticano habla de \u201cintercambio de opiniones\u201d sobre inmigraci\u00f3n y reclusos en reuni\u00f3n con Vance","author":"Nelson Feliz","date":"19 de abril de 2025","format":false,"excerpt":"POR NICOLE WINFIELD CIUDAD DEL VATICANO (AP) \u2014 El vicepresidente estadounidense JD Vance se reuni\u00f3 el s\u00e1bado con el n\u00famero dos del Vaticano en medio de las tensiones por la represi\u00f3n migratoria de Washington, y la Santa Sede reafirm\u00f3 la buena relaci\u00f3n con la Casa Blanca pero se\u00f1al\u00f3 que se\u2026","rel":"","context":"En \u00abINTERNACIONALES\u00bb","block_context":{"text":"INTERNACIONALES","link":"https:\/\/lasprimeras.com.do\/index.php\/category\/sin-categoria\/internacionales\/"},"img":{"alt_text":"JD Vance","src":"https:\/\/i0.wp.com\/lasprimeras.com.do\/wp-content\/uploads\/2025\/04\/JD-Vance.jpg?resize=350%2C200&ssl=1","width":350,"height":200,"srcset":"https:\/\/i0.wp.com\/lasprimeras.com.do\/wp-content\/uploads\/2025\/04\/JD-Vance.jpg?resize=350%2C200&ssl=1 1x, https:\/\/i0.wp.com\/lasprimeras.com.do\/wp-content\/uploads\/2025\/04\/JD-Vance.jpg?resize=525%2C300&ssl=1 1.5x, https:\/\/i0.wp.com\/lasprimeras.com.do\/wp-content\/uploads\/2025\/04\/JD-Vance.jpg?resize=700%2C400&ssl=1 2x"},"classes":[]},{"id":93561,"url":"https:\/\/lasprimeras.com.do\/index.php\/2025\/02\/14\/zelenskyy-quiere-garantias-de-seguridad-mientras-trump-busca-poner-fin-a-la-guerra-en-ucrania\/","url_meta":{"origin":139013,"position":2},"title":"Zelenskyy quiere \u201cgarant\u00edas de seguridad\u201d mientras Trump busca poner fin a la guerra en Ucrania","author":"Nelson Feliz","date":"14 de febrero de 2025","format":false,"excerpt":"POR AAMER MADHANI, EMMA BURROWS and STEFANIE DAZIO M\u00daNICH (AP) \u2014 El presidente de Ucrania, Volodymyr Zelenskyy, dijo el viernes que su pa\u00eds quiere \u201cgarant\u00edas de seguridad\u201d antes de cualquier conversaci\u00f3n con Rusia, mientras el gobierno de Estados Unidos presiona a ambos pa\u00edses para encontrar un final r\u00e1pido a la\u2026","rel":"","context":"En \u00abINTERNACIONALES\u00bb","block_context":{"text":"INTERNACIONALES","link":"https:\/\/lasprimeras.com.do\/index.php\/category\/sin-categoria\/internacionales\/"},"img":{"alt_text":"Volodymyr Zelenskyy","src":"https:\/\/i0.wp.com\/lasprimeras.com.do\/wp-content\/uploads\/2025\/02\/Volodymyr-Zelenskyy.jpg?resize=350%2C200&ssl=1","width":350,"height":200,"srcset":"https:\/\/i0.wp.com\/lasprimeras.com.do\/wp-content\/uploads\/2025\/02\/Volodymyr-Zelenskyy.jpg?resize=350%2C200&ssl=1 1x, https:\/\/i0.wp.com\/lasprimeras.com.do\/wp-content\/uploads\/2025\/02\/Volodymyr-Zelenskyy.jpg?resize=525%2C300&ssl=1 1.5x, https:\/\/i0.wp.com\/lasprimeras.com.do\/wp-content\/uploads\/2025\/02\/Volodymyr-Zelenskyy.jpg?resize=700%2C400&ssl=1 2x"},"classes":[]},{"id":101443,"url":"https:\/\/lasprimeras.com.do\/index.php\/2025\/06\/22\/vance-dice-que-iran-tiene-nueva-oportunidad-de-seguir-el-camino-de-la-paz\/","url_meta":{"origin":139013,"position":3},"title":"Vance dice que Ir\u00e1n tiene nueva oportunidad de seguir \u201cel camino de la paz\u201d","author":"Nelson Feliz","date":"22 de junio de 2025","format":false,"excerpt":"POR MIKE PESOLI and JOSH BOAK WASHINGTON (AP) \u2014 El secretario de Defensa Pete Hegseth declar\u00f3 el domingo que Estados Unidos \u201cno busca la guerra\u201d con Ir\u00e1n tras un ataque sorpresa durante la noche en tres de los sitios nucleares de ese pa\u00eds, mientras que el vicepresidente JD Vance afirm\u00f3\u2026","rel":"","context":"En \u00abINTERNACIONALES\u00bb","block_context":{"text":"INTERNACIONALES","link":"https:\/\/lasprimeras.com.do\/index.php\/category\/sin-categoria\/internacionales\/"},"img":{"alt_text":"","src":"https:\/\/i0.wp.com\/lasprimeras.com.do\/wp-content\/uploads\/2025\/06\/JD-Vance.jpg?resize=350%2C200&ssl=1","width":350,"height":200,"srcset":"https:\/\/i0.wp.com\/lasprimeras.com.do\/wp-content\/uploads\/2025\/06\/JD-Vance.jpg?resize=350%2C200&ssl=1 1x, https:\/\/i0.wp.com\/lasprimeras.com.do\/wp-content\/uploads\/2025\/06\/JD-Vance.jpg?resize=525%2C300&ssl=1 1.5x, https:\/\/i0.wp.com\/lasprimeras.com.do\/wp-content\/uploads\/2025\/06\/JD-Vance.jpg?resize=700%2C400&ssl=1 2x"},"classes":[]},{"id":135889,"url":"https:\/\/lasprimeras.com.do\/index.php\/2026\/07\/28\/netanyahu-elogia-su-primera-reunion-con-trump-desde-que-iniciaron-guerra-contra-iran\/","url_meta":{"origin":139013,"position":4},"title":"Netanyahu elogia su primera reuni\u00f3n con Trump desde que iniciaron guerra contra Ir\u00e1n","author":"Nelson Feliz","date":"28 de julio de 2026","format":false,"excerpt":"POR ERIN CUNNINGHAM, MICHELLE L. PRICE and FARNOUSH AMIRI WASHINGTON (AP) \u2014 El primer ministro israel\u00ed, Benjamin Netanyahu, declar\u00f3 que tuvo una reuni\u00f3n \u201cexcelente\u201d con el presidente estadounidense Donald Trump en la Casa Blanca el martes, su primer encuentro desde que lanzaron una guerra conjunta contra Ir\u00e1n, lo que ofreci\u00f3\u2026","rel":"","context":"En \u00abINTERNACIONALES\u00bb","block_context":{"text":"INTERNACIONALES","link":"https:\/\/lasprimeras.com.do\/index.php\/category\/sin-categoria\/internacionales\/"},"img":{"alt_text":"Donald Trump","src":"https:\/\/i0.wp.com\/lasprimeras.com.do\/wp-content\/uploads\/2026\/07\/Donald-Trump-3.jpg?resize=350%2C200&ssl=1","width":350,"height":200,"srcset":"https:\/\/i0.wp.com\/lasprimeras.com.do\/wp-content\/uploads\/2026\/07\/Donald-Trump-3.jpg?resize=350%2C200&ssl=1 1x, https:\/\/i0.wp.com\/lasprimeras.com.do\/wp-content\/uploads\/2026\/07\/Donald-Trump-3.jpg?resize=525%2C300&ssl=1 1.5x, https:\/\/i0.wp.com\/lasprimeras.com.do\/wp-content\/uploads\/2026\/07\/Donald-Trump-3.jpg?resize=700%2C400&ssl=1 2x"},"classes":[]},{"id":101457,"url":"https:\/\/lasprimeras.com.do\/index.php\/2025\/06\/22\/eeuu-senala-disposicion-a-renovar-conversaciones-con-iran-y-evitar-guerra-prolongada\/","url_meta":{"origin":139013,"position":5},"title":"EEUU se\u00f1ala disposici\u00f3n a renovar conversaciones con Ir\u00e1n y evitar guerra prolongada","author":"Nelson Feliz","date":"22 de junio de 2025","format":false,"excerpt":"POR MIKE PESOLI and JOSH BOAK WASHINGTON (AP) \u2014 La administraci\u00f3n Trump se\u00f1al\u00f3 el domingo su disposici\u00f3n a renovar las conversaciones con Ir\u00e1n y evitar una guerra prolongada tras un ataque sorpresa en tres de los sitios nucleares del pa\u00eds, mientras los funcionarios estadounidenses evaluaban las ambiciones nucleares de Teher\u00e1n\u2026","rel":"","context":"En \u00abINTERNACIONALES\u00bb","block_context":{"text":"INTERNACIONALES","link":"https:\/\/lasprimeras.com.do\/index.php\/category\/sin-categoria\/internacionales\/"},"img":{"alt_text":"","src":"https:\/\/i0.wp.com\/lasprimeras.com.do\/wp-content\/uploads\/2025\/06\/JD-Vance.jpg?resize=350%2C200&ssl=1","width":350,"height":200,"srcset":"https:\/\/i0.wp.com\/lasprimeras.com.do\/wp-content\/uploads\/2025\/06\/JD-Vance.jpg?resize=350%2C200&ssl=1 1x, https:\/\/i0.wp.com\/lasprimeras.com.do\/wp-content\/uploads\/2025\/06\/JD-Vance.jpg?resize=525%2C300&ssl=1 1.5x, https:\/\/i0.wp.com\/lasprimeras.com.do\/wp-content\/uploads\/2025\/06\/JD-Vance.jpg?resize=700%2C400&ssl=1 2x"},"classes":[]}],"jetpack_sharing_enabled":true,"jetpack_featured_media_url":"https:\/\/lasprimeras.com.do\/wp-content\/uploads\/2026\/09\/descarga-9.webp","_links":{"self":[{"href":"https:\/\/lasprimeras.com.do\/index.php\/wp-json\/wp\/v2\/posts\/139013","targetHints":{"allow":["GET"]}}],"collection":[{"href":"https:\/\/lasprimeras.com.do\/index.php\/wp-json\/wp\/v2\/posts"}],"about":[{"href":"https:\/\/lasprimeras.com.do\/index.php\/wp-json\/wp\/v2\/types\/post"}],"author":[{"embeddable":true,"href":"https:\/\/lasprimeras.com.do\/index.php\/wp-json\/wp\/v2\/users\/10"}],"replies":[{"embeddable":true,"href":"https:\/\/lasprimeras.com.do\/index.php\/wp-json\/wp\/v2\/comments?post=139013"}],"version-history":[{"count":1,"href":"https:\/\/lasprimeras.com.do\/index.php\/wp-json\/wp\/v2\/posts\/139013\/revisions"}],"predecessor-version":[{"id":139015,"href":"https:\/\/lasprimeras.com.do\/index.php\/wp-json\/wp\/v2\/posts\/139013\/revisions\/139015"}],"wp:featuredmedia":[{"embeddable":true,"href":"https:\/\/lasprimeras.com.do\/index.php\/wp-json\/wp\/v2\/media\/139014"}],"wp:attachment":[{"href":"https:\/\/lasprimeras.com.do\/index.php\/wp-json\/wp\/v2\/media?parent=139013"}],"wp:term":[{"taxonomy":"category","embeddable":true,"href":"https:\/\/lasprimeras.com.do\/index.php\/wp-json\/wp\/v2\/categories?post=139013"},{"taxonomy":"post_tag","embeddable":true,"href":"https:\/\/lasprimeras.com.do\/index.php\/wp-json\/wp\/v2\/tags?post=139013"}],"curies":[{"name":"wp","href":"https:\/\/api.w.org\/{rel}","templated":true}]}}