{"id":139016,"date":"2026-09-04T08:20:32","date_gmt":"2026-09-04T12:20:32","guid":{"rendered":"https:\/\/lasprimeras.com.do\/?p=139016"},"modified":"2026-09-04T08:20:34","modified_gmt":"2026-09-04T12:20:34","slug":"ataques-rusos-matan-al-menos-a-3-en-ucrania-se-esperan-conversaciones-con-eeuu-sobre-la-guerra","status":"publish","type":"post","link":"https:\/\/lasprimeras.com.do\/index.php\/2026\/09\/04\/ataques-rusos-matan-al-menos-a-3-en-ucrania-se-esperan-conversaciones-con-eeuu-sobre-la-guerra\/","title":{"rendered":"Ataques rusos matan al menos a 3 en Ucrania; se esperan conversaciones con EEUU sobre la guerra"},"content":{"rendered":"\n<p class=\"wp-block-paragraph\">POR SAMYA KULLAB<\/p>\n\n\n\n<p class=\"wp-block-paragraph\">KIEV, Ucrania (AP) \u2014 Al menos tres personas fallecieron en Ucrania debido a ataques nocturnos rusos, reportaron las autoridades locales el viernes, despu\u00e9s de que el presidente, Volodymyr Zelenskyy, dijera que se espera que enviados de Estados Unidos visiten Kiev en los pr\u00f3ximos d\u00edas como parte de los renovados esfuerzos diplom\u00e1ticos para poner fin a la guerra.<\/p>\n\n\n\n<p class=\"wp-block-paragraph\">La guerra a\u00e9rea entre Rusia y Ucrania se ha intensificado a medida que el conflicto se adentra en su quinto a\u00f1o desde la invasi\u00f3n de Mosc\u00fa a su vecino.<\/p>\n\n\n\n<p class=\"wp-block-paragraph\">Las fuerzas rusas han atacado zonas civiles sin descanso.<\/p>\n\n\n\n<p class=\"wp-block-paragraph\">Antes, estos ataques ocurr\u00edan principalmente por la noche, pero ahora tambi\u00e9n se dan durante el d\u00eda.<\/p>\n\n\n\n<p class=\"wp-block-paragraph\">La l\u00ednea del frente en el este y el sur de Ucrania sigue en gran medida estancada.<\/p>\n\n\n\n<p class=\"wp-block-paragraph\">Se espera la visita de enviados de EEUU a Kiev<\/p>\n\n\n\n<p class=\"wp-block-paragraph\">Aunque los esfuerzos de Estados Unidos por negociar un acuerdo a\u00fan no han abierto una v\u00eda hacia la paz, Zelenskyy afirm\u00f3 en su discurso nocturno del jueves que se han fijado fechas preliminares para reuniones tanto en Mosc\u00fa como en Kiev.<\/p>\n\n\n\n<p class=\"wp-block-paragraph\">El equipo negociador de Ucrania est\u00e1 en contacto casi constante con el estadounidense y se prepara para las conversaciones, agreg\u00f3.<\/p>\n\n\n\n<p class=\"wp-block-paragraph\">\u201cConfirmaron que tendr\u00e1n una reuni\u00f3n en Mosc\u00fa y otra en Kiev. Esperamos que esta \u00faltima tenga lugar en los pr\u00f3ximos d\u00edas. Esto es muy importante. Es importante que Estados Unidos siga participando activamente\u201d, manifest\u00f3 agregando que su pa\u00eds est\u00e1 preparado para mantener negociaciones sustantivas de alto nivel.<\/p>\n\n\n\n<p class=\"wp-block-paragraph\">La agencia noticiosa estatal rusa TASS inform\u00f3 el viernes que los negociadores estadounidenses Steve Witkoff y Jared Kushner visitar\u00edan primero Mosc\u00fa y luego Kiev el 5 y 6 de septiembre. Esta informaci\u00f3n no pudo verificarse de forma independiente.<\/p>\n\n\n\n<p class=\"wp-block-paragraph\">Hablando con reporteros el viernes, Dmitry Peskov, portavoz del presidente Vlad\u00edmir Putin, se neg\u00f3 a confirmar los reportes de que Kushner y Witkoff viajar\u00e1n a la capital rusa y se limit\u00f3 a decir que se informar\u00eda a la prensa si la reuni\u00f3n tuviese lugar.<\/p>\n\n\n\n<p class=\"wp-block-paragraph\">Funcionarios estadounidenses no confirmaron de inmediato la visita.<\/p>\n\n\n\n<p class=\"wp-block-paragraph\">Kushner y Witkoff viajaron por \u00faltima vez Mosc\u00fa en enero de 2026, donde se reunieron con Putin. Esta ser\u00eda su primera visita a Kiev.<\/p>\n\n\n\n<p class=\"wp-block-paragraph\">Tras ese encuentro, el asesor presidencial ruso Yury Ushakov describi\u00f3 las conversaciones como constructivas, pero indic\u00f3 que \u201cno puede esperarse un acuerdo a largo plazo sin resolver la cuesti\u00f3n territorial\u201d.<\/p>\n\n\n\n<p class=\"wp-block-paragraph\">Pero las conversaciones posteriores han perdido impulso, con la atenci\u00f3n de la Casa Blanca centrada en su conflicto con Ir\u00e1n.<\/p>\n\n\n\n<p class=\"wp-block-paragraph\">En una conferencia de prensa el mi\u00e9rcoles, Putin describi\u00f3 las negociaciones como \u201ccongeladas\u201d.<\/p>\n\n\n\n<p class=\"wp-block-paragraph\">Ataques mortales en Ucrania<\/p>\n\n\n\n<p class=\"wp-block-paragraph\">Los \u00faltimos avances diplom\u00e1ticos coincidieron con un ataque ruso nocturno \u201cmasivo\u201d en la regi\u00f3n de Odesa que caus\u00f3 un muerto y al menos cinco heridos, uno de ellos menor, explic\u00f3 el jefe regional, Oleh Kiper, en una publicaci\u00f3n en Telegram.<\/p>\n\n\n\n<p class=\"wp-block-paragraph\">La ofensiva provoc\u00f3 da\u00f1os en m\u00faltiples edificios residenciales, incluidos dos bloques de varios pisos.<\/p>\n\n\n\n<p class=\"wp-block-paragraph\">Ataques nocturnos en otras partes de Ucrania mataron a dos agentes de polic\u00eda en Dnipro, seg\u00fan las autoridades, mientras que otro operativo con drones en Kiev dej\u00f3 tres heridos tras alcanzar un edificio de viviendas.<\/p>\n\n\n\n<p class=\"wp-block-paragraph\">En Rusia, un ataque ucraniano con drones a gran escala golpe\u00f3 la ciudad tur\u00edstica de Sochi, en el mar Negro, y el cercano distrito de Sirius, dijeron funcionarios regionales el viernes.<\/p>\n\n\n\n<p class=\"wp-block-paragraph\">La ofensiva provoc\u00f3 un incendio en un dep\u00f3sito de petr\u00f3leo, pero no dieron m\u00e1s detalles.<\/p>\n\n\n\n<p class=\"wp-block-paragraph\">Medios rusos reportaron que los aviones no tripulados alcanzaron dos dep\u00f3sitos, con un incendio en Sochi y otro en Sirius.<\/p>\n\n\n\n<p class=\"wp-block-paragraph\">Ucrania ha atacado repetidamente instalaciones petroleras enemigas, que constituyen la columna vertebral de la econom\u00eda rusa, uno de los mayores productores de energ\u00eda del mundo.<\/p>\n\n\n\n<p class=\"wp-block-paragraph\">La creciente presi\u00f3n econ\u00f3mica y la frustraci\u00f3n de la poblaci\u00f3n han ido en aumento en Rusia tras meses de ofensivas ucranianos cada vez m\u00e1s intensas contra refiner\u00edas y centros de comercio electr\u00f3nico que han causado interrupciones en todo el pa\u00eds.<\/p>\n\n\n\n<p class=\"wp-block-paragraph\">Las andanadas llevaron a Putin a decretar el mes pasado que el Estado puede tomar temporalmente el control de infraestructura cr\u00edtica si los propietarios privados no logran protegerlas de los ataques ucranianos o no las reconstruyen despu\u00e9s.<\/p>\n\n\n\n<p class=\"wp-block-paragraph\">Analistas se\u00f1alaron que la medida buscaba obligar a las empresas a pagar por su propia seguridad y a devolver al servicio los activos da\u00f1ados, pese al costo.<\/p>\n\n\n\n<p class=\"wp-block-paragraph\">Un dron aparece en Finlandia<br>Las autoridades finlandesas dijeron el viernes que estaban investigando c\u00f3mo lleg\u00f3 un dron de fabricaci\u00f3n rusa a una costa rocosa del archipi\u00e9lago de Pellinge, al este de Helsinki.<\/p>\n\n\n\n<p class=\"wp-block-paragraph\">La Guardia Fronteriza de Finlandia indic\u00f3 que lo que parece ser un Geoscan 701, fabricado por una empresa rusa, fue hallado en la orilla.<\/p>\n\n\n\n<p class=\"wp-block-paragraph\">\u201cEl modelo de dispositivo en cuesti\u00f3n es utilizado tanto por operadores estatales como civiles, y en este momento no es posible determinar su uso previsto ni identificar el pa\u00eds o la entidad que lo opera\u201d, se\u00f1al\u00f3 la Guardia Fronteriza en un comunicado.<\/p>\n\n\n\n<p class=\"wp-block-paragraph\">La cadena estatal Yle dijo que el avi\u00f3n no tripulado fue descubierto el martes por un pescador, Peter Kellgren, quien dijo que \u201cestaba ah\u00ed, en mar abierto\u201d y parec\u00eda haber llegado a la deriva hasta la costa desde otro lugar.<\/p>\n\n\n\n<p class=\"wp-block-paragraph\">Geoscan se presenta como uno de los principales fabricantes de drones de Rusia y afirma que el modelo 701 est\u00e1 dise\u00f1ado para vigilancia a\u00e9rea a gran escala.<\/p>\n","protected":false},"excerpt":{"rendered":"<p>POR SAMYA KULLAB KIEV, Ucrania (AP) \u2014 Al menos tres personas fallecieron en Ucrania debido a ataques nocturnos rusos, reportaron las autoridades locales el viernes, despu\u00e9s de que el presidente,&hellip;<\/p>\n","protected":false},"author":10,"featured_media":139017,"comment_status":"open","ping_status":"open","sticky":false,"template":"","format":"standard","meta":{"content-type":"","_jetpack_newsletter_access":"","_jetpack_dont_email_post_to_subs":false,"_jetpack_newsletter_tier_id":0,"_jetpack_memberships_contains_paywalled_content":false,"_jetpack_feature_clip_id":0,"_jetpack_memberships_contains_paid_content":false,"footnotes":"","jetpack_post_was_ever_published":false},"categories":[16289],"tags":[9105,1090,979,2060,36293,1108],"class_list":["post-139016","post","type-post","status-publish","format-standard","has-post-thumbnail","hentry","category-internacionales","tag-ataques-rusos","tag-conversaciones","tag-eeuu","tag-guerra","tag-matan-tres-personas","tag-ucrania"],"jetpack-related-posts":[{"id":92172,"url":"https:\/\/lasprimeras.com.do\/index.php\/2024\/12\/31\/un-ataque-ruso-con-misiles-y-drones-golpea-varias-poblaciones-en-ucrania-incluida-kiev\/","url_meta":{"origin":139016,"position":0},"title":"Un ataque ruso con misiles y drones golpea varias poblaciones en Ucrania, incluida Kiev","author":"Nelson Feliz","date":"31 de diciembre de 2024","format":false,"excerpt":"By ILLIA NOVIKOV KIEV, Ucrania (AP) \u2014 Rusia lanz\u00f3 el martes un ataque a\u00e9reo contra Ucrania que golpe\u00f3 la capital y otras regiones con m\u00faltiples misiles y drones. La fuerza a\u00e9rea de Ucrania inform\u00f3 de una amenaza de misil bal\u00edstico a las 3:00 de la madrugada, y se escucharon al\u2026","rel":"","context":"En \u00abINTERNACIONALES\u00bb","block_context":{"text":"INTERNACIONALES","link":"https:\/\/lasprimeras.com.do\/index.php\/category\/sin-categoria\/internacionales\/"},"img":{"alt_text":"","src":"https:\/\/i0.wp.com\/lasprimeras.com.do\/wp-content\/uploads\/2024\/12\/ataque.jpg?resize=350%2C200&ssl=1","width":350,"height":200,"srcset":"https:\/\/i0.wp.com\/lasprimeras.com.do\/wp-content\/uploads\/2024\/12\/ataque.jpg?resize=350%2C200&ssl=1 1x, https:\/\/i0.wp.com\/lasprimeras.com.do\/wp-content\/uploads\/2024\/12\/ataque.jpg?resize=525%2C300&ssl=1 1.5x, https:\/\/i0.wp.com\/lasprimeras.com.do\/wp-content\/uploads\/2024\/12\/ataque.jpg?resize=700%2C400&ssl=1 2x"},"classes":[]},{"id":97649,"url":"https:\/\/lasprimeras.com.do\/index.php\/2025\/04\/25\/ucrania-reporta-3-muertos-en-otro-ataque-ruso-con-drones-tras-las-criticas-de-trump-a-putin\/","url_meta":{"origin":139016,"position":1},"title":"Ucrania reporta 3 muertos en otro ataque ruso con drones tras las cr\u00edticas de Trump a Putin","author":"Nelson Feliz","date":"25 de abril de 2025","format":false,"excerpt":"POR ILLIA NOVIKOV KIEV, Ucrania (AP) \u2014 Un dron ruso alcanz\u00f3 un edificio de apartamentos en una ciudad del sureste de Ucrania y caus\u00f3 tres muertos y 10 heridos, dijeron funcionarios el viernes, un d\u00eda despu\u00e9s de que el presidente de Estados Unidos, Donald Trump, reprendi\u00f3 a su hom\u00f3logo en\u2026","rel":"","context":"En \u00abINTERNACIONALES\u00bb","block_context":{"text":"INTERNACIONALES","link":"https:\/\/lasprimeras.com.do\/index.php\/category\/sin-categoria\/internacionales\/"},"img":{"alt_text":"","src":"https:\/\/i0.wp.com\/lasprimeras.com.do\/wp-content\/uploads\/2025\/04\/muertos-1.jpg?resize=350%2C200&ssl=1","width":350,"height":200,"srcset":"https:\/\/i0.wp.com\/lasprimeras.com.do\/wp-content\/uploads\/2025\/04\/muertos-1.jpg?resize=350%2C200&ssl=1 1x, https:\/\/i0.wp.com\/lasprimeras.com.do\/wp-content\/uploads\/2025\/04\/muertos-1.jpg?resize=525%2C300&ssl=1 1.5x, https:\/\/i0.wp.com\/lasprimeras.com.do\/wp-content\/uploads\/2025\/04\/muertos-1.jpg?resize=700%2C400&ssl=1 2x"},"classes":[]},{"id":77732,"url":"https:\/\/lasprimeras.com.do\/index.php\/2024\/02\/24\/despues-de-dos-anos-de-guerra-abundan-las-dudas-sobre-si-kiev-podra-sostener-la-lucha-contra-rusia\/","url_meta":{"origin":139016,"position":2},"title":"Despu\u00e9s de dos a\u00f1os de guerra, abundan las dudas sobre si Kiev podr\u00e1 sostener la lucha contra Rusia","author":"Nelson Feliz","date":"24 de febrero de 2024","format":false,"excerpt":"POR SAMYA KULLAB KIEV, Ucrania (AP) \u2014 El futuro parece sombr\u00edo para Ucrania, cansada de la guerra: est\u00e1 acosada por la escasez de soldados y municiones, as\u00ed como por dudas sobre el suministro de ayuda occidental. Las fuerzas ucranianas tambi\u00e9n se enfrentan a un enemigo ruso que recientemente ha tomado\u2026","rel":"","context":"En \u00abSin categor\u00eda\u00bb","block_context":{"text":"Sin categor\u00eda","link":"https:\/\/lasprimeras.com.do\/index.php\/category\/sin-categoria\/"},"img":{"alt_text":"GUERRA","src":"https:\/\/i0.wp.com\/lasprimeras.com.do\/wp-content\/uploads\/2024\/02\/guerra.jpg?resize=350%2C200&ssl=1","width":350,"height":200,"srcset":"https:\/\/i0.wp.com\/lasprimeras.com.do\/wp-content\/uploads\/2024\/02\/guerra.jpg?resize=350%2C200&ssl=1 1x, https:\/\/i0.wp.com\/lasprimeras.com.do\/wp-content\/uploads\/2024\/02\/guerra.jpg?resize=525%2C300&ssl=1 1.5x, https:\/\/i0.wp.com\/lasprimeras.com.do\/wp-content\/uploads\/2024\/02\/guerra.jpg?resize=700%2C400&ssl=1 2x"},"classes":[]},{"id":83334,"url":"https:\/\/lasprimeras.com.do\/index.php\/2024\/05\/14\/blinken-en-kiev-intenta-recuperar-el-decaido-espiritu-ucraniano\/","url_meta":{"origin":139016,"position":3},"title":"Blinken en Kiev intenta recuperar el deca\u00eddo esp\u00edritu ucraniano","author":"Nelson Feliz","date":"14 de mayo de 2024","format":false,"excerpt":"Rusia logra nuevos avances militares. POR MATTHEW LEE KIEV, Ucrania (AP) \u2014 El secretario de Estado de Estados Unidos, Antony Blinken, intent\u00f3 el martes animar a los sombr\u00edos ucranianos que enfrentan una nueva y feroz ofensiva rusa , asegur\u00e1ndoles durante una visita a Kiev que no est\u00e1n solos y que\u2026","rel":"","context":"En \u00abSin categor\u00eda\u00bb","block_context":{"text":"Sin categor\u00eda","link":"https:\/\/lasprimeras.com.do\/index.php\/category\/sin-categoria\/"},"img":{"alt_text":"","src":"https:\/\/i0.wp.com\/lasprimeras.com.do\/wp-content\/uploads\/2024\/05\/ucra.jpg?resize=350%2C200&ssl=1","width":350,"height":200,"srcset":"https:\/\/i0.wp.com\/lasprimeras.com.do\/wp-content\/uploads\/2024\/05\/ucra.jpg?resize=350%2C200&ssl=1 1x, https:\/\/i0.wp.com\/lasprimeras.com.do\/wp-content\/uploads\/2024\/05\/ucra.jpg?resize=525%2C300&ssl=1 1.5x, https:\/\/i0.wp.com\/lasprimeras.com.do\/wp-content\/uploads\/2024\/05\/ucra.jpg?resize=700%2C400&ssl=1 2x"},"classes":[]},{"id":82613,"url":"https:\/\/lasprimeras.com.do\/index.php\/2024\/05\/06\/ucrania-celebra-su-tercera-semana-santa-en-guerra-mientras-es-atacada-por-drones-y-tropas-rusas\/","url_meta":{"origin":139016,"position":4},"title":"Ucrania celebra su tercera Semana Santa en guerra mientras es atacada por drones y tropas rusas","author":"Esteffany Vargas","date":"6 de mayo de 2024","format":false,"excerpt":"POR SUSIE BLANN Y ELISE MORTON KIEV, Ucrania (AP) \u2014 Mientras Ucrania celebraba su tercera Semana Santa en guerra, Rusia lanz\u00f3 el domingo una andanada de drones concentrados en el este de Ucrania, hiriendo a m\u00e1s de una docena de personas, y afirm\u00f3 que sus tropas tomaron el control de\u2026","rel":"","context":"En \u00abSin categor\u00eda\u00bb","block_context":{"text":"Sin categor\u00eda","link":"https:\/\/lasprimeras.com.do\/index.php\/category\/sin-categoria\/"},"img":{"alt_text":"","src":"https:\/\/i0.wp.com\/lasprimeras.com.do\/wp-content\/uploads\/2024\/05\/guerra.jpg?resize=350%2C200&ssl=1","width":350,"height":200,"srcset":"https:\/\/i0.wp.com\/lasprimeras.com.do\/wp-content\/uploads\/2024\/05\/guerra.jpg?resize=350%2C200&ssl=1 1x, https:\/\/i0.wp.com\/lasprimeras.com.do\/wp-content\/uploads\/2024\/05\/guerra.jpg?resize=525%2C300&ssl=1 1.5x, https:\/\/i0.wp.com\/lasprimeras.com.do\/wp-content\/uploads\/2024\/05\/guerra.jpg?resize=700%2C400&ssl=1 2x"},"classes":[]},{"id":72191,"url":"https:\/\/lasprimeras.com.do\/index.php\/2023\/12\/27\/kiev-afirma-que-destruyo-buque-ruso-novocherkassk-en-crimea\/","url_meta":{"origin":139016,"position":5},"title":"Kiev afirma que destruy\u00f3 buque ruso \u2018Novocherkassk\u2019 en Crimea","author":"BIMARY DE JES\u00daS Matos","date":"27 de diciembre de 2023","format":false,"excerpt":"KIEV.- Un sorpresivo ataque de Ucrania alert\u00f3 a los residentes de Feodosia, una ciudad portuaria de la pen\u00ednsula de Crimea, territorio anexado por Rusia. Misiles guiados lanzados desde aviones causaron la destrucci\u00f3n del gran buque de desembarco ruso \u2018Novocherkassk\u2019, aseguraron las tropas del pa\u00eds invadido. Al menos una persona muri\u00f3\u2026","rel":"","context":"En \u00abSin categor\u00eda\u00bb","block_context":{"text":"Sin categor\u00eda","link":"https:\/\/lasprimeras.com.do\/index.php\/category\/sin-categoria\/"},"img":{"alt_text":"","src":"https:\/\/i0.wp.com\/lasprimeras.com.do\/wp-content\/uploads\/2023\/12\/Noticias-de-energia-58-7.jpg?resize=350%2C200&ssl=1","width":350,"height":200,"srcset":"https:\/\/i0.wp.com\/lasprimeras.com.do\/wp-content\/uploads\/2023\/12\/Noticias-de-energia-58-7.jpg?resize=350%2C200&ssl=1 1x, https:\/\/i0.wp.com\/lasprimeras.com.do\/wp-content\/uploads\/2023\/12\/Noticias-de-energia-58-7.jpg?resize=525%2C300&ssl=1 1.5x"},"classes":[]}],"jetpack_sharing_enabled":true,"jetpack_featured_media_url":"https:\/\/lasprimeras.com.do\/wp-content\/uploads\/2026\/09\/descarga-10.webp","_links":{"self":[{"href":"https:\/\/lasprimeras.com.do\/index.php\/wp-json\/wp\/v2\/posts\/139016","targetHints":{"allow":["GET"]}}],"collection":[{"href":"https:\/\/lasprimeras.com.do\/index.php\/wp-json\/wp\/v2\/posts"}],"about":[{"href":"https:\/\/lasprimeras.com.do\/index.php\/wp-json\/wp\/v2\/types\/post"}],"author":[{"embeddable":true,"href":"https:\/\/lasprimeras.com.do\/index.php\/wp-json\/wp\/v2\/users\/10"}],"replies":[{"embeddable":true,"href":"https:\/\/lasprimeras.com.do\/index.php\/wp-json\/wp\/v2\/comments?post=139016"}],"version-history":[{"count":1,"href":"https:\/\/lasprimeras.com.do\/index.php\/wp-json\/wp\/v2\/posts\/139016\/revisions"}],"predecessor-version":[{"id":139018,"href":"https:\/\/lasprimeras.com.do\/index.php\/wp-json\/wp\/v2\/posts\/139016\/revisions\/139018"}],"wp:featuredmedia":[{"embeddable":true,"href":"https:\/\/lasprimeras.com.do\/index.php\/wp-json\/wp\/v2\/media\/139017"}],"wp:attachment":[{"href":"https:\/\/lasprimeras.com.do\/index.php\/wp-json\/wp\/v2\/media?parent=139016"}],"wp:term":[{"taxonomy":"category","embeddable":true,"href":"https:\/\/lasprimeras.com.do\/index.php\/wp-json\/wp\/v2\/categories?post=139016"},{"taxonomy":"post_tag","embeddable":true,"href":"https:\/\/lasprimeras.com.do\/index.php\/wp-json\/wp\/v2\/tags?post=139016"}],"curies":[{"name":"wp","href":"https:\/\/api.w.org\/{rel}","templated":true}]}}