{"id":139027,"date":"2026-09-04T09:45:51","date_gmt":"2026-09-04T13:45:51","guid":{"rendered":"https:\/\/lasprimeras.com.do\/?p=139027"},"modified":"2026-09-04T09:45:54","modified_gmt":"2026-09-04T13:45:54","slug":"gobierno-anuncia-simulacro-nacional-de-evacuacion-para-el-8-de-septiembre","status":"publish","type":"post","link":"https:\/\/lasprimeras.com.do\/index.php\/2026\/09\/04\/gobierno-anuncia-simulacro-nacional-de-evacuacion-para-el-8-de-septiembre\/","title":{"rendered":"Gobierno anuncia Simulacro Nacional de Evacuaci\u00f3n para el 8 de septiembre"},"content":{"rendered":"\n<p class=\"wp-block-paragraph\">SANTO DOMINGO.=. El Gobierno realizar\u00e1 el Simulacro Nacional de Evacuaci\u00f3n por Terremoto 2026.<br>Ser\u00e1 el martes 8 de septiembre a las 10:00 a.m. en todo el pa\u00eds.<\/p>\n\n\n\n<p class=\"wp-block-paragraph\">Participar\u00e1n instituciones p\u00fablicas, privadas, escuelas y ciudadan\u00eda.<\/p>\n\n\n\n<p class=\"wp-block-paragraph\">El anuncio lo hicieron Andr\u00e9s Bautista, Edwin Olivares y Carlos Paulino.<\/p>\n\n\n\n<p class=\"wp-block-paragraph\">Bautista explic\u00f3 que el objetivo es preparar a la poblaci\u00f3n.<\/p>\n\n\n\n<p class=\"wp-block-paragraph\">\u201cDurante el evento no se puede improvisar, hay que estar preparados\u201d.<\/p>\n\n\n\n<p class=\"wp-block-paragraph\">Olivares inform\u00f3 que sonar\u00e1n sirenas, silbatos y altavoces.<\/p>\n\n\n\n<p class=\"wp-block-paragraph\">Adem\u00e1s se probar\u00e1 un nuevo sistema de mensajer\u00eda instant\u00e1nea a celulares. Busca fortalecer el sistema de alerta nacional.<\/p>\n\n\n\n<p class=\"wp-block-paragraph\">El director del COE record\u00f3 que \u201clos terremotos no avisan\u201d.<\/p>\n\n\n\n<p class=\"wp-block-paragraph\">Dijo que el simulacro permite practicar y evaluar capacidades de respuesta. Tambi\u00e9n se probar\u00e1n los mecanismos de coordinaci\u00f3n interinstitucional.<\/p>\n\n\n\n<p class=\"wp-block-paragraph\">La jornada se realiza por instrucciones del presidente Luis Abinader. Forma parte de las acciones de prevenci\u00f3n y recuperaci\u00f3n ante un sismo.<\/p>\n\n\n\n<p class=\"wp-block-paragraph\">Las autoridades llamaron a la poblaci\u00f3n a integrarse activamente.<\/p>\n","protected":false},"excerpt":{"rendered":"<p>SANTO DOMINGO.=. El Gobierno realizar\u00e1 el Simulacro Nacional de Evacuaci\u00f3n por Terremoto 2026.Ser\u00e1 el martes 8 de septiembre a las 10:00 a.m. en todo el pa\u00eds. Participar\u00e1n instituciones p\u00fablicas, privadas,&hellip;<\/p>\n","protected":false},"author":10,"featured_media":139028,"comment_status":"open","ping_status":"open","sticky":false,"template":"","format":"standard","meta":{"content-type":"","_jetpack_newsletter_access":"","_jetpack_dont_email_post_to_subs":false,"_jetpack_newsletter_tier_id":0,"_jetpack_memberships_contains_paywalled_content":false,"_jetpack_feature_clip_id":0,"_jetpack_memberships_contains_paid_content":false,"footnotes":"","jetpack_post_was_ever_published":false},"categories":[35],"tags":[2266,3922,36295,36296],"class_list":["post-139027","post","type-post","status-publish","format-standard","has-post-thumbnail","hentry","category-nacionales","tag-coe","tag-defensa-civil","tag-simulacro-nacional-evacuacion-2026","tag-terremoto-rd"],"jetpack-related-posts":[{"id":64903,"url":"https:\/\/lasprimeras.com.do\/index.php\/2023\/10\/24\/anuncian-simulacro-nacional-de-evacuacion-2023\/","url_meta":{"origin":139027,"position":0},"title":"Anuncian Simulacro Nacional de Evacuaci\u00f3n 2023","author":"BIMARY DE JES\u00daS Matos","date":"24 de octubre de 2023","format":false,"excerpt":"Santo Domingo, Rep\u00fablica Dominicana \u2013 El Centro de Operaciones de Emergencias (COE), en colaboraci\u00f3n con la firma experta en manejo de riesgo y seguridad, TEDCAP, anunci\u00f3 en la realizaci\u00f3n del tercer Simulacro Nacional de Evacuaci\u00f3n por Terremoto 2023. Este importante ejercicio tendr\u00e1 lugar el pr\u00f3ximo mi\u00e9rcoles 25 de octubre a\u2026","rel":"","context":"En \u00abPORTADA\u00bb","block_context":{"text":"PORTADA","link":"https:\/\/lasprimeras.com.do\/index.php\/category\/portada\/"},"img":{"alt_text":"","src":"https:\/\/i0.wp.com\/lasprimeras.com.do\/wp-content\/uploads\/2023\/10\/WhatsApp-Image-2023-10-24-at-12.31.50-PM.jpeg?resize=350%2C200&ssl=1","width":350,"height":200,"srcset":"https:\/\/i0.wp.com\/lasprimeras.com.do\/wp-content\/uploads\/2023\/10\/WhatsApp-Image-2023-10-24-at-12.31.50-PM.jpeg?resize=350%2C200&ssl=1 1x, https:\/\/i0.wp.com\/lasprimeras.com.do\/wp-content\/uploads\/2023\/10\/WhatsApp-Image-2023-10-24-at-12.31.50-PM.jpeg?resize=525%2C300&ssl=1 1.5x, https:\/\/i0.wp.com\/lasprimeras.com.do\/wp-content\/uploads\/2023\/10\/WhatsApp-Image-2023-10-24-at-12.31.50-PM.jpeg?resize=700%2C400&ssl=1 2x, https:\/\/i0.wp.com\/lasprimeras.com.do\/wp-content\/uploads\/2023\/10\/WhatsApp-Image-2023-10-24-at-12.31.50-PM.jpeg?resize=1050%2C600&ssl=1 3x, https:\/\/i0.wp.com\/lasprimeras.com.do\/wp-content\/uploads\/2023\/10\/WhatsApp-Image-2023-10-24-at-12.31.50-PM.jpeg?resize=1400%2C800&ssl=1 4x"},"classes":[]},{"id":90597,"url":"https:\/\/lasprimeras.com.do\/index.php\/2024\/10\/24\/caasd-participa-en-el-simulacro-nacional-de-evacuacion-por-terremoto\/","url_meta":{"origin":139027,"position":1},"title":"CAASD participa en el simulacro nacional de evacuaci\u00f3n por terremoto","author":"Nelson Feliz","date":"24 de octubre de 2024","format":false,"excerpt":"La Corporaci\u00f3n del Acueducto y Alcantarillado de Santo Domingo (CAASD) se sum\u00f3 al Cuarto Simulacro Nacional de Evacuaci\u00f3n por Terremoto, una iniciativa fundamentada para fortalecer las capacidades de la poblaci\u00f3n ante eventos s\u00edsmicos y garantizar su seguridad. El simulacro, una iniciativa del Centro de Operaciones de Emergencia (COE), inici\u00f3 de\u2026","rel":"","context":"En \u00abNACIONALES\u00bb","block_context":{"text":"NACIONALES","link":"https:\/\/lasprimeras.com.do\/index.php\/category\/nacionales\/"},"img":{"alt_text":"","src":"https:\/\/i0.wp.com\/lasprimeras.com.do\/wp-content\/uploads\/2024\/10\/simu.jpg?resize=350%2C200&ssl=1","width":350,"height":200,"srcset":"https:\/\/i0.wp.com\/lasprimeras.com.do\/wp-content\/uploads\/2024\/10\/simu.jpg?resize=350%2C200&ssl=1 1x, https:\/\/i0.wp.com\/lasprimeras.com.do\/wp-content\/uploads\/2024\/10\/simu.jpg?resize=525%2C300&ssl=1 1.5x, https:\/\/i0.wp.com\/lasprimeras.com.do\/wp-content\/uploads\/2024\/10\/simu.jpg?resize=700%2C400&ssl=1 2x"},"classes":[]},{"id":116716,"url":"https:\/\/lasprimeras.com.do\/index.php\/2025\/12\/03\/jce-realizara-simulacro-de-evacuacion-frente-a-situaciones-de-terremoto-en-la-romana\/","url_meta":{"origin":139027,"position":2},"title":"JCE realizar\u00e1 simulacro de evacuaci\u00f3n frente a situaciones de terremoto en La Romana","author":"Nelson Feliz","date":"3 de diciembre de 2025","format":false,"excerpt":"La Junta Central Electoral (JCE) informa que realizar\u00e1 un ejercicio del plan de evacuaci\u00f3n y simulacro este viernes 05 de diciembre en las oficinas de la instituci\u00f3n ubicadas en La Romana, localidad donde se ejecutar\u00e1 por primera vez. La instituci\u00f3n resalta que el simulacro implicar\u00e1 la movilizaci\u00f3n de todo su\u2026","rel":"","context":"En \u00abNACIONALES\u00bb","block_context":{"text":"NACIONALES","link":"https:\/\/lasprimeras.com.do\/index.php\/category\/nacionales\/"},"img":{"alt_text":"","src":"https:\/\/i0.wp.com\/lasprimeras.com.do\/wp-content\/uploads\/2025\/10\/JCE-1.jpg?resize=350%2C200&ssl=1","width":350,"height":200,"srcset":"https:\/\/i0.wp.com\/lasprimeras.com.do\/wp-content\/uploads\/2025\/10\/JCE-1.jpg?resize=350%2C200&ssl=1 1x, https:\/\/i0.wp.com\/lasprimeras.com.do\/wp-content\/uploads\/2025\/10\/JCE-1.jpg?resize=525%2C300&ssl=1 1.5x, https:\/\/i0.wp.com\/lasprimeras.com.do\/wp-content\/uploads\/2025\/10\/JCE-1.jpg?resize=700%2C400&ssl=1 2x"},"classes":[]},{"id":110777,"url":"https:\/\/lasprimeras.com.do\/index.php\/2025\/10\/01\/coe-realizara-5to-simulacro-de-evacuacion-por-terremoto\/","url_meta":{"origin":139027,"position":3},"title":"COE realizar\u00e1 5to Simulacro de Evacuaci\u00f3n por Terremoto","author":"Nelson Feliz","date":"1 de octubre de 2025","format":false,"excerpt":"El Centro de Operaciones de Emergencias (COE) realizar\u00e1 el Cuarto Simulacro Nacional de Evacuaci\u00f3n por Terremoto el mi\u00e9rcoles 23 de octubre a las 10:00 am, con el prop\u00f3sito de preparar a la poblaci\u00f3n dominicana sobre c\u00f3mo actuar en caso de ocurrir un evento de esa naturaleza. Con el ejercicio se\u2026","rel":"","context":"En \u00abNACIONALES\u00bb","block_context":{"text":"NACIONALES","link":"https:\/\/lasprimeras.com.do\/index.php\/category\/nacionales\/"},"img":{"alt_text":"","src":"https:\/\/i0.wp.com\/lasprimeras.com.do\/wp-content\/uploads\/2025\/10\/coe-1.jpg?resize=350%2C200&ssl=1","width":350,"height":200,"srcset":"https:\/\/i0.wp.com\/lasprimeras.com.do\/wp-content\/uploads\/2025\/10\/coe-1.jpg?resize=350%2C200&ssl=1 1x, https:\/\/i0.wp.com\/lasprimeras.com.do\/wp-content\/uploads\/2025\/10\/coe-1.jpg?resize=525%2C300&ssl=1 1.5x, https:\/\/i0.wp.com\/lasprimeras.com.do\/wp-content\/uploads\/2025\/10\/coe-1.jpg?resize=700%2C400&ssl=1 2x"},"classes":[]},{"id":65160,"url":"https:\/\/lasprimeras.com.do\/index.php\/2023\/10\/26\/simulacro-de-evacuacion-mueve-miles-de-personas\/","url_meta":{"origin":139027,"position":4},"title":"Simulacro de evacuaci\u00f3n mueve miles de personas","author":"BIMARY DE JES\u00daS Matos","date":"26 de octubre de 2023","format":false,"excerpt":"Santo Domingo.-El Centro de Operaciones de Emergencias (COE) realiz\u00f3 el tercer simulacro nacional de evacuaci\u00f3n por terremoto en el edificio de El Huacal, donde la mayor\u00eda de las personas que participaron coincidieron que falta mucho por aprender, para sentirse listos ante un sismo. Este simulacro, que inici\u00f3 a partir de\u2026","rel":"","context":"En \u00abNACIONALES\u00bb","block_context":{"text":"NACIONALES","link":"https:\/\/lasprimeras.com.do\/index.php\/category\/nacionales\/"},"img":{"alt_text":"","src":"https:\/\/i0.wp.com\/lasprimeras.com.do\/wp-content\/uploads\/2023\/10\/WhatsApp-Image-2023-10-25-at-10.15.41-PM-8.jpeg?resize=350%2C200&ssl=1","width":350,"height":200,"srcset":"https:\/\/i0.wp.com\/lasprimeras.com.do\/wp-content\/uploads\/2023\/10\/WhatsApp-Image-2023-10-25-at-10.15.41-PM-8.jpeg?resize=350%2C200&ssl=1 1x, https:\/\/i0.wp.com\/lasprimeras.com.do\/wp-content\/uploads\/2023\/10\/WhatsApp-Image-2023-10-25-at-10.15.41-PM-8.jpeg?resize=525%2C300&ssl=1 1.5x, https:\/\/i0.wp.com\/lasprimeras.com.do\/wp-content\/uploads\/2023\/10\/WhatsApp-Image-2023-10-25-at-10.15.41-PM-8.jpeg?resize=700%2C400&ssl=1 2x"},"classes":[]},{"id":113792,"url":"https:\/\/lasprimeras.com.do\/index.php\/2025\/11\/05\/idoppril-se-une-a-5to-simulacro-nacional-de-evacuacion-por-terremoto\/","url_meta":{"origin":139027,"position":5},"title":"IDOPPRIL se une a 5to Simulacro Nacional de Evacuaci\u00f3n por Terremoto","author":"Nelson Feliz","date":"5 de noviembre de 2025","format":false,"excerpt":"Con el sonido de las alarmas activadas, dio inicio el Simulacro Nacional de Evacuaci\u00f3n por Terremoto correspondiente al a\u00f1o 2025 en el Instituto Dominicano de Prevenci\u00f3n y Protecci\u00f3n de Riesgos Laborales (IDOPPRIL). Se trata de una actividad realizada por quinta vez, bajo la coordinaci\u00f3n del Centro de Operaciones de Emergencia\u2026","rel":"","context":"En \u00abNACIONALES\u00bb","block_context":{"text":"NACIONALES","link":"https:\/\/lasprimeras.com.do\/index.php\/category\/nacionales\/"},"img":{"alt_text":"","src":"https:\/\/i0.wp.com\/lasprimeras.com.do\/wp-content\/uploads\/2025\/11\/IDOPPRIL-3.jpg?resize=350%2C200&ssl=1","width":350,"height":200,"srcset":"https:\/\/i0.wp.com\/lasprimeras.com.do\/wp-content\/uploads\/2025\/11\/IDOPPRIL-3.jpg?resize=350%2C200&ssl=1 1x, https:\/\/i0.wp.com\/lasprimeras.com.do\/wp-content\/uploads\/2025\/11\/IDOPPRIL-3.jpg?resize=525%2C300&ssl=1 1.5x, https:\/\/i0.wp.com\/lasprimeras.com.do\/wp-content\/uploads\/2025\/11\/IDOPPRIL-3.jpg?resize=700%2C400&ssl=1 2x"},"classes":[]}],"jetpack_sharing_enabled":true,"jetpack_featured_media_url":"https:\/\/lasprimeras.com.do\/wp-content\/uploads\/2026\/09\/IMG-20260903-WA0589-scaled.jpg","_links":{"self":[{"href":"https:\/\/lasprimeras.com.do\/index.php\/wp-json\/wp\/v2\/posts\/139027","targetHints":{"allow":["GET"]}}],"collection":[{"href":"https:\/\/lasprimeras.com.do\/index.php\/wp-json\/wp\/v2\/posts"}],"about":[{"href":"https:\/\/lasprimeras.com.do\/index.php\/wp-json\/wp\/v2\/types\/post"}],"author":[{"embeddable":true,"href":"https:\/\/lasprimeras.com.do\/index.php\/wp-json\/wp\/v2\/users\/10"}],"replies":[{"embeddable":true,"href":"https:\/\/lasprimeras.com.do\/index.php\/wp-json\/wp\/v2\/comments?post=139027"}],"version-history":[{"count":1,"href":"https:\/\/lasprimeras.com.do\/index.php\/wp-json\/wp\/v2\/posts\/139027\/revisions"}],"predecessor-version":[{"id":139029,"href":"https:\/\/lasprimeras.com.do\/index.php\/wp-json\/wp\/v2\/posts\/139027\/revisions\/139029"}],"wp:featuredmedia":[{"embeddable":true,"href":"https:\/\/lasprimeras.com.do\/index.php\/wp-json\/wp\/v2\/media\/139028"}],"wp:attachment":[{"href":"https:\/\/lasprimeras.com.do\/index.php\/wp-json\/wp\/v2\/media?parent=139027"}],"wp:term":[{"taxonomy":"category","embeddable":true,"href":"https:\/\/lasprimeras.com.do\/index.php\/wp-json\/wp\/v2\/categories?post=139027"},{"taxonomy":"post_tag","embeddable":true,"href":"https:\/\/lasprimeras.com.do\/index.php\/wp-json\/wp\/v2\/tags?post=139027"}],"curies":[{"name":"wp","href":"https:\/\/api.w.org\/{rel}","templated":true}]}}