{"id":139030,"date":"2026-09-04T11:27:18","date_gmt":"2026-09-04T15:27:18","guid":{"rendered":"https:\/\/lasprimeras.com.do\/?p=139030"},"modified":"2026-09-04T11:27:21","modified_gmt":"2026-09-04T15:27:21","slug":"marileidy-paulino-va-por-cuarto-titulo-en-liga-diamante","status":"publish","type":"post","link":"https:\/\/lasprimeras.com.do\/index.php\/2026\/09\/04\/marileidy-paulino-va-por-cuarto-titulo-en-liga-diamante\/","title":{"rendered":"Marileidy Paulino va por cuarto t\u00edtulo en Liga Diamante"},"content":{"rendered":"\n<p class=\"wp-block-paragraph\">La velocista dominicana busca este s\u00e1bado su cuarta corona en el cierre de la Liga Diamante. Horario. La carrera de los 400 metros lisos est\u00e1 pautada para las 2:40 p.m.<\/p>\n\n\n\n<p class=\"wp-block-paragraph\">Por Bienvenido Carmona Jr.<\/p>\n\n\n\n<p class=\"wp-block-paragraph\">Santo Domingo.-El Memorial Van Damme de Bruselas ser\u00e1 este fin de semana el escenario de la gran final de la Diamond League, una cita en la que la dominicana Marileidy Paulino buscar\u00e1 conquistar por cuarta ocasi\u00f3n el t\u00edtulo de la prestigiosa competici\u00f3n de atletismo.<\/p>\n\n\n\n<p class=\"wp-block-paragraph\">La campeona dominicana llega a la definici\u00f3n como una de las grandes favoritas de los 400 metros femeninos, despu\u00e9s de firmar una temporada de extraordinaria regularidad y mantenerse constantemente por debajo de los 49 segundos.<\/p>\n\n\n\n<p class=\"wp-block-paragraph\">Paulino, campeona de la Diamond League en 2022, 2023 y 2024, gan\u00f3 las cuatro reuniones en las que particip\u00f3 este a\u00f1o y llega a Bruselas respaldada por la mejor marca mundial de la temporada: 48.48 segundos, registrada a finales de junio en Par\u00eds.<\/p>\n\n\n\n<p class=\"wp-block-paragraph\">La carrera est\u00e1 pautada para este s\u00e1bado a las 2:40 de la tarde.<\/p>\n\n\n\n<p class=\"wp-block-paragraph\">Su campa\u00f1a tambi\u00e9n incluye un 48.91 en Doha, con r\u00e9cord del mitin; un 48.67 en M\u00f3naco, y un 48.87 en Silesia, resultados que confirman el elevado nivel competitivo que ha mantenido durante todo el a\u00f1o.<\/p>\n\n\n\n<p class=\"wp-block-paragraph\">Componente hist\u00f3rico<\/p>\n\n\n\n<p class=\"wp-block-paragraph\">M\u00e1s all\u00e1 de los t\u00edtulos, la temporada de Paulino tiene un componente hist\u00f3rico.<\/p>\n\n\n\n<p class=\"wp-block-paragraph\">La dominicana acumula 13 actuaciones por debajo de los 49 segundos, una cifra que la coloca cada vez m\u00e1s cerca del registro de la legendaria alemana Marita Koch, quien consigui\u00f3 15 marcas sub-49 entre 1978 y 1986.<\/p>\n\n\n\n<p class=\"wp-block-paragraph\">Paulino necesita dos actuaciones m\u00e1s para igualar a Koch y tres para convertirse en la atleta con m\u00e1s carreras por debajo de los 49 segundos en la historia de los 400 metros femeninos.<\/p>\n\n\n\n<p class=\"wp-block-paragraph\">El dato adquiere mayor relevancia por la velocidad con la que la dominicana ha construido ese registro.<\/p>\n\n\n\n<p class=\"wp-block-paragraph\">Mientras Koch reuni\u00f3 sus 15 actuaciones sub-49 a lo largo de ocho temporadas, Paulino ha conseguido sus 13 en apenas cinco a\u00f1os, desde 2022 hasta 2026.<\/p>\n\n\n\n<p class=\"wp-block-paragraph\">La \u201cGacela de Don Gregorio\u201d llega adem\u00e1s a la cita europea despu\u00e9s de una destacada actuaci\u00f3n en los Juegos Centroamericanos y del Caribe, donde volvi\u00f3 a demostrar su condici\u00f3n de referente mundial de la vuelta a la pista.<\/p>\n\n\n\n<p class=\"wp-block-paragraph\">Un proyecto m\u00e1s all\u00e1<\/p>\n\n\n\n<p class=\"wp-block-paragraph\">Para su entrenador, Yassel P\u00e9rez, la prioridad ha sido mantener los niveles competitivos sin perder de vista los objetivos de largo plazo.<\/p>\n\n\n\n<p class=\"wp-block-paragraph\">\u201cNosotros estamos en una temporada muy pareja, donde hemos tratado de mantener los niveles competitivos igual y sostener los t\u00edtulos lo m\u00e1s que podamos. Estamos, sobre todo, trabajando bajo la tranquilidad, sobre la paz y preparando el 2027, que creo que ya estamos en camino\u201d, dijo P\u00e9rez.<\/p>\n\n\n\n<p class=\"wp-block-paragraph\">Marileidy ten\u00eda pautado correr luego de la Liga Diamante en la el evento Athlos el pr\u00f3ximo 2 de octubre, pero cancelado por sus organizadores.<\/p>\n\n\n\n<p class=\"wp-block-paragraph\">Otro evento<\/p>\n\n\n\n<p class=\"wp-block-paragraph\">\u2014 Carrera<\/p>\n\n\n\n<p class=\"wp-block-paragraph\">La final de la Liga Diamante ser\u00e1, adem\u00e1s, una de las \u00faltimas grandes citas de la temporada antes de la llegada del nuevo campeonato Ultimate Championship, impulsado por World Athletics para ocupar espacio competitivo en los que no se disputa el Mundial.<\/p>\n","protected":false},"excerpt":{"rendered":"<p>La velocista dominicana busca este s\u00e1bado su cuarta corona en el cierre de la Liga Diamante. Horario. La carrera de los 400 metros lisos est\u00e1 pautada para las 2:40 p.m.&hellip;<\/p>\n","protected":false},"author":10,"featured_media":139031,"comment_status":"open","ping_status":"open","sticky":false,"template":"","format":"standard","meta":{"content-type":"","_jetpack_newsletter_access":"","_jetpack_dont_email_post_to_subs":false,"_jetpack_newsletter_tier_id":0,"_jetpack_memberships_contains_paywalled_content":false,"_jetpack_feature_clip_id":0,"_jetpack_memberships_contains_paid_content":false,"footnotes":"","jetpack_post_was_ever_published":false},"categories":[630],"tags":[15066,3317],"class_list":["post-139030","post","type-post","status-publish","format-standard","has-post-thumbnail","hentry","category-deportes","tag-liga-diamante","tag-marileidy-paulino"],"jetpack-related-posts":[{"id":113663,"url":"https:\/\/lasprimeras.com.do\/index.php\/2025\/11\/05\/eeuu-propone-que-onu-autorice-una-fuerza-de-estabilizacion-en-gaza-por-2-anos\/","url_meta":{"origin":139030,"position":0},"title":"EEUU propone que ONU autorice una fuerza de estabilizaci\u00f3n en Gaza por 2 a\u00f1os","author":"Nelson Feliz","date":"5 de noviembre de 2025","format":false,"excerpt":"POR SAM MEDNICK, MATTHEW LEE and FARNOUSH AMIRI NACIONES UNIDAS (AP) \u2014 Estados Unidos ha distribuido un borrador para una resoluci\u00f3n del Consejo de Seguridad de la ONU que proporcionar\u00eda un mandato para una fuerza internacional de estabilizaci\u00f3n en Gaza durante al menos dos a\u00f1os, marcando el siguiente paso en\u2026","rel":"","context":"En \u00abINTERNACIONALES\u00bb","block_context":{"text":"INTERNACIONALES","link":"https:\/\/lasprimeras.com.do\/index.php\/category\/sin-categoria\/internacionales\/"},"img":{"alt_text":"","src":"https:\/\/i0.wp.com\/lasprimeras.com.do\/wp-content\/uploads\/2025\/11\/Palestinos-inspeccionan-los-escombros.jpg?resize=350%2C200&ssl=1","width":350,"height":200,"srcset":"https:\/\/i0.wp.com\/lasprimeras.com.do\/wp-content\/uploads\/2025\/11\/Palestinos-inspeccionan-los-escombros.jpg?resize=350%2C200&ssl=1 1x, https:\/\/i0.wp.com\/lasprimeras.com.do\/wp-content\/uploads\/2025\/11\/Palestinos-inspeccionan-los-escombros.jpg?resize=525%2C300&ssl=1 1.5x, https:\/\/i0.wp.com\/lasprimeras.com.do\/wp-content\/uploads\/2025\/11\/Palestinos-inspeccionan-los-escombros.jpg?resize=700%2C400&ssl=1 2x"},"classes":[]},{"id":49208,"url":"https:\/\/lasprimeras.com.do\/index.php\/2023\/05\/09\/prm-se-refiere-a-controversia-del-borrador-presentado-por-la-jce\/","url_meta":{"origin":139030,"position":1},"title":"PRM se refiere a controversia del borrador presentado por la JCE","author":"prenxa100","date":"9 de mayo de 2023","format":false,"excerpt":"SANTO DOMINGO.-.El presidente de la C\u00e1mara de Diputados, Alfredo Pacheco, y la alcaldesa del Distrito Nacional, Carolina Mej\u00eda, se refirieron a la controversia que han impulsado partidos de la oposici\u00f3n en torno al borrador de resoluci\u00f3n de la Junta Central Electoral (JCE) que establece la manera en que se podr\u00e1n\u2026","rel":"","context":"En \u00abSin categor\u00eda\u00bb","block_context":{"text":"Sin categor\u00eda","link":"https:\/\/lasprimeras.com.do\/index.php\/category\/sin-categoria\/"},"img":{"alt_text":"","src":"","width":0,"height":0},"classes":[]},{"id":49023,"url":"https:\/\/lasprimeras.com.do\/index.php\/2023\/05\/07\/dirigente-de-la-fp-cuestiona-borrador-de-la-resolucion-de-la-jce-dice-favorece-oficialismo\/","url_meta":{"origin":139030,"position":2},"title":"Dirigente de la FP cuestiona \u201cBorrador de la Resoluci\u00f3n de la JCE\u201d, dice favorece oficialismo","author":"prenxa100","date":"7 de mayo de 2023","format":false,"excerpt":"Santo Domingo .- El miembro de la Direcci\u00f3n Central de la Fuerza del Pueblo (FP), Pedro Jim\u00e9nez cuestion\u00f3 hoy al pleno de la Junta Central Electoral de favorecer al gobierno, con el borrador de la resoluci\u00f3n sobre el porcentaje de las reservas de las candidaturas dispuesto por la Ley 33-18,\u2026","rel":"","context":"En \u00abPORTADA\u00bb","block_context":{"text":"PORTADA","link":"https:\/\/lasprimeras.com.do\/index.php\/category\/portada\/"},"img":{"alt_text":"","src":"","width":0,"height":0},"classes":[]},{"id":49201,"url":"https:\/\/lasprimeras.com.do\/index.php\/2023\/05\/09\/pld-reitera-rechazo-al-borrador-de-resolucion-de-la-jce-sobre-reservas-de-candidatura\/","url_meta":{"origin":139030,"position":3},"title":"PLD reitera rechazo al borrador de resoluci\u00f3n de la JCE sobre reservas de candidatura","author":"prenxa100","date":"9 de mayo de 2023","format":false,"excerpt":"CP del PLD ratifica comisi\u00f3n para abordar el tema relativo a las reservas de candidaturas. Danilo Medina, Charles Mariotti, Abel Mart\u00ednez y Francisco Javier Garc\u00eda, la integran. SANTO DOMINGO.-.El Comit\u00e9 Pol\u00edtico del Partido de la Liberaci\u00f3n Dominicana (PLD) en la reuni\u00f3n ordinaria de este d\u00eda ratific\u00f3 la conformaci\u00f3n de una\u2026","rel":"","context":"En \u00abPORTADA\u00bb","block_context":{"text":"PORTADA","link":"https:\/\/lasprimeras.com.do\/index.php\/category\/portada\/"},"img":{"alt_text":"","src":"","width":0,"height":0},"classes":[]},{"id":48723,"url":"https:\/\/lasprimeras.com.do\/index.php\/2023\/05\/03\/pleno-socializa-borrador-de-resolucion-de-reservas-de-candidaturas\/","url_meta":{"origin":139030,"position":4},"title":"Pleno socializa borrador de resoluci\u00f3n de reservas de candidaturas","author":"prenxa100","date":"3 de mayo de 2023","format":false,"excerpt":"Organizaciones pol\u00edticas tienen hasta el 8 de mayo para presentar observaciones. Santo Domingo.- El Pleno de la Junta Central Electoral (JCE) elabor\u00f3 el borrador de resoluci\u00f3n sobre la aplicaci\u00f3n del porcentaje de las reservas de las candidaturas que establece la Ley No. 33-18 de partidos, agrupaciones y movimientos pol\u00edticos para\u2026","rel":"","context":"En \u00abNACIONALES\u00bb","block_context":{"text":"NACIONALES","link":"https:\/\/lasprimeras.com.do\/index.php\/category\/nacionales\/"},"img":{"alt_text":"","src":"","width":0,"height":0},"classes":[]},{"id":115335,"url":"https:\/\/lasprimeras.com.do\/index.php\/2025\/11\/21\/plan-de-trump-para-terminar-la-guerra-en-ucrania-cederia-territorio-a-rusia\/","url_meta":{"origin":139030,"position":5},"title":"Plan de Trump para terminar la guerra en Ucrania ceder\u00eda territorio a Rusia","author":"Nelson Feliz","date":"21 de noviembre de 2025","format":false,"excerpt":"POR ILLIA NOVIKOV, AAMER MADHANIand CHRIS MEGERIAN WASHINGTON (AP) \u2014 El plan del presidente estadounidense Donald Trump para poner fin a la guerra en Ucrania ceder\u00eda territorio a Rusia y limitar\u00eda el tama\u00f1o del ej\u00e9rcito de Kiev, seg\u00fan un borrador de la propuesta obtenido el jueves por The Associated Press.\u2026","rel":"","context":"En \u00abINTERNACIONALES\u00bb","block_context":{"text":"INTERNACIONALES","link":"https:\/\/lasprimeras.com.do\/index.php\/category\/sin-categoria\/internacionales\/"},"img":{"alt_text":"","src":"https:\/\/i0.wp.com\/lasprimeras.com.do\/wp-content\/uploads\/2025\/11\/coche-bomba.jpg?resize=350%2C200&ssl=1","width":350,"height":200,"srcset":"https:\/\/i0.wp.com\/lasprimeras.com.do\/wp-content\/uploads\/2025\/11\/coche-bomba.jpg?resize=350%2C200&ssl=1 1x, https:\/\/i0.wp.com\/lasprimeras.com.do\/wp-content\/uploads\/2025\/11\/coche-bomba.jpg?resize=525%2C300&ssl=1 1.5x, https:\/\/i0.wp.com\/lasprimeras.com.do\/wp-content\/uploads\/2025\/11\/coche-bomba.jpg?resize=700%2C400&ssl=1 2x"},"classes":[]}],"jetpack_sharing_enabled":true,"jetpack_featured_media_url":"https:\/\/lasprimeras.com.do\/wp-content\/uploads\/2026\/09\/21_D_4_1p01-768x901-1.jpg","_links":{"self":[{"href":"https:\/\/lasprimeras.com.do\/index.php\/wp-json\/wp\/v2\/posts\/139030","targetHints":{"allow":["GET"]}}],"collection":[{"href":"https:\/\/lasprimeras.com.do\/index.php\/wp-json\/wp\/v2\/posts"}],"about":[{"href":"https:\/\/lasprimeras.com.do\/index.php\/wp-json\/wp\/v2\/types\/post"}],"author":[{"embeddable":true,"href":"https:\/\/lasprimeras.com.do\/index.php\/wp-json\/wp\/v2\/users\/10"}],"replies":[{"embeddable":true,"href":"https:\/\/lasprimeras.com.do\/index.php\/wp-json\/wp\/v2\/comments?post=139030"}],"version-history":[{"count":1,"href":"https:\/\/lasprimeras.com.do\/index.php\/wp-json\/wp\/v2\/posts\/139030\/revisions"}],"predecessor-version":[{"id":139032,"href":"https:\/\/lasprimeras.com.do\/index.php\/wp-json\/wp\/v2\/posts\/139030\/revisions\/139032"}],"wp:featuredmedia":[{"embeddable":true,"href":"https:\/\/lasprimeras.com.do\/index.php\/wp-json\/wp\/v2\/media\/139031"}],"wp:attachment":[{"href":"https:\/\/lasprimeras.com.do\/index.php\/wp-json\/wp\/v2\/media?parent=139030"}],"wp:term":[{"taxonomy":"category","embeddable":true,"href":"https:\/\/lasprimeras.com.do\/index.php\/wp-json\/wp\/v2\/categories?post=139030"},{"taxonomy":"post_tag","embeddable":true,"href":"https:\/\/lasprimeras.com.do\/index.php\/wp-json\/wp\/v2\/tags?post=139030"}],"curies":[{"name":"wp","href":"https:\/\/api.w.org\/{rel}","templated":true}]}}