{"id":139033,"date":"2026-09-04T12:04:31","date_gmt":"2026-09-04T16:04:31","guid":{"rendered":"https:\/\/lasprimeras.com.do\/?p=139033"},"modified":"2026-09-04T12:04:33","modified_gmt":"2026-09-04T16:04:33","slug":"piden-al-congreso-prohibir-cobro-de-reinscripcion-en-colegios-privados","status":"publish","type":"post","link":"https:\/\/lasprimeras.com.do\/index.php\/2026\/09\/04\/piden-al-congreso-prohibir-cobro-de-reinscripcion-en-colegios-privados\/","title":{"rendered":"Piden al Congreso prohibir cobro de reinscripci\u00f3n en colegios privados"},"content":{"rendered":"\n<p class=\"wp-block-paragraph\">SANTO DOMINGO.= La Fundaci\u00f3n Derechos Humanos Global -FDHG- solicit\u00f3 al Congreso Nacional aprobar una ley que proh\u00edba de forma definitiva el cobro por reinscripci\u00f3n en centros educativos privados.<\/p>\n\n\n\n<p class=\"wp-block-paragraph\">La entidad, presidida por Rebeca Henr\u00edquez, advierte que quien ya est\u00e1 matriculado no debe pagar para conservar su cupo.<\/p>\n\n\n\n<p class=\"wp-block-paragraph\">\u201cLa reinscripci\u00f3n es la continuaci\u00f3n de un derecho ya adquirido\u201d, afirm\u00f3.<\/p>\n\n\n\n<p class=\"wp-block-paragraph\">Henr\u00edquez explic\u00f3 que las familias ya cubren mensualidades, materiales y uniformes.<\/p>\n\n\n\n<p class=\"wp-block-paragraph\">El cobro de reinscripci\u00f3n representa un gravamen extraordinario que encarece el acceso a la educaci\u00f3n.<\/p>\n\n\n\n<p class=\"wp-block-paragraph\">Afecta con mayor rigor a los hogares de ingresos medios y bajos.<\/p>\n\n\n\n<p class=\"wp-block-paragraph\">Desde 2021 se han presentado varias iniciativas legislativas para eliminar este cobro.<\/p>\n\n\n\n<p class=\"wp-block-paragraph\">Sin embargo, ninguna ha culminado en ley. Miles de familias quedan indefensas ante una pr\u00e1ctica generalizada.<\/p>\n\n\n\n<p class=\"wp-block-paragraph\">La FDHG se\u00f1al\u00f3 que este cobro fomenta la inequidad y la inestabilidad educativa.<br>Obliga a estudiantes a cambiar de centro o abandonar los estudios.<\/p>\n\n\n\n<p class=\"wp-block-paragraph\">En muchos casos se impone sin detallar qu\u00e9 servicios cubre.<\/p>\n\n\n\n<p class=\"wp-block-paragraph\">*FDHG SOLICITA AL CONGRESO:*<\/p>\n\n\n\n<p class=\"wp-block-paragraph\">Aprobar de inmediato la ley que proh\u00edba el cobro de reinscripci\u00f3n, reserva de cupo o cualquier cuota extraordinaria al inicio del a\u00f1o escolar.<\/p>\n\n\n\n<p class=\"wp-block-paragraph\">\u201cLa educaci\u00f3n es un derecho, no un negocio. Basta de cobros que empobrecen a las familias sin justificaci\u00f3n\u201d, concluy\u00f3 Rebeca Henriquez.<\/p>\n","protected":false},"excerpt":{"rendered":"<p>SANTO DOMINGO.= La Fundaci\u00f3n Derechos Humanos Global -FDHG- solicit\u00f3 al Congreso Nacional aprobar una ley que proh\u00edba de forma definitiva el cobro por reinscripci\u00f3n en centros educativos privados. La entidad,&hellip;<\/p>\n","protected":false},"author":10,"featured_media":139034,"comment_status":"open","ping_status":"open","sticky":false,"template":"","format":"standard","meta":{"content-type":"","_jetpack_newsletter_access":"","_jetpack_dont_email_post_to_subs":false,"_jetpack_newsletter_tier_id":0,"_jetpack_memberships_contains_paywalled_content":false,"_jetpack_feature_clip_id":0,"_jetpack_memberships_contains_paid_content":false,"footnotes":"","jetpack_post_was_ever_published":false},"categories":[25],"tags":[36297,36299,36298,12419],"class_list":["post-139033","post","type-post","status-publish","format-standard","has-post-thumbnail","hentry","category-portada","tag-cobro-reinscripcion-colegios-rd","tag-educacion-privada","tag-fundacion-derechos-humanos-global","tag-rebeca-henriquez-2"],"jetpack-related-posts":[{"id":65809,"url":"https:\/\/lasprimeras.com.do\/index.php\/2023\/10\/31\/senado-aprueba-proyecto-ley-que-regula-pago-de-tarifas-por-reinscripcion-en-colegios-privados\/","url_meta":{"origin":139033,"position":0},"title":"Senado aprueba proyecto ley que regula pago de tarifas por reinscripci\u00f3n en Colegios Privados","author":"Nelson Feliz","date":"31 de octubre de 2023","format":false,"excerpt":"El Senado aprob\u00f3, adem\u00e1s, una resoluci\u00f3n que dispone que esa C\u00e1mara sesione el 7 de noviembre en El Seibo, por cumplirse 521 aniversario de fundaci\u00f3n de ese municipio. El Senado aprob\u00f3 en primera lectura el proyecto de ley que modifica los art\u00edculos 3, 5, 6, 7 y adiciona un art\u00edculo\u2026","rel":"","context":"En \u00abNACIONALES\u00bb","block_context":{"text":"NACIONALES","link":"https:\/\/lasprimeras.com.do\/index.php\/category\/nacionales\/"},"img":{"alt_text":"RICARDO DE LOS SANTOS","src":"https:\/\/i0.wp.com\/lasprimeras.com.do\/wp-content\/uploads\/2023\/10\/RICARDO-DE-LOS-SANTOS-1-2.jpg?resize=350%2C200&ssl=1","width":350,"height":200,"srcset":"https:\/\/i0.wp.com\/lasprimeras.com.do\/wp-content\/uploads\/2023\/10\/RICARDO-DE-LOS-SANTOS-1-2.jpg?resize=350%2C200&ssl=1 1x, https:\/\/i0.wp.com\/lasprimeras.com.do\/wp-content\/uploads\/2023\/10\/RICARDO-DE-LOS-SANTOS-1-2.jpg?resize=525%2C300&ssl=1 1.5x, https:\/\/i0.wp.com\/lasprimeras.com.do\/wp-content\/uploads\/2023\/10\/RICARDO-DE-LOS-SANTOS-1-2.jpg?resize=700%2C400&ssl=1 2x"},"classes":[]},{"id":55497,"url":"https:\/\/lasprimeras.com.do\/index.php\/2023\/07\/21\/estudiantes-unev-ven-abusivos-aumento-de-100-en-reinscripcion-y-mensualidad\/","url_meta":{"origin":139033,"position":1},"title":"Estudiantes UNEV ven \u201cabusivos\u201d aumento de 100 % en reinscripci\u00f3n y mensualidad","author":"Nelson Feliz","date":"21 de julio de 2023","format":false,"excerpt":"El rector de la Universidad Nacional Evang\u00e9lica (UNEV)Juan Guerrero \u00c1vila, manifesto que los estudiantes que no pueda pagar aumento de 100 % en reinscripci\u00f3n y mensualidad desde agosto que se vayan a estudiar para la UASD. Los estudiantes califican como \u201cuna pu\u00f1alada trapera\u201d la decisi\u00f3n de academia porque se impuso\u2026","rel":"","context":"En \u00abECONOM\u00cdA\u00bb","block_context":{"text":"ECONOM\u00cdA","link":"https:\/\/lasprimeras.com.do\/index.php\/category\/economia\/"},"img":{"alt_text":"UNEV","src":"https:\/\/i0.wp.com\/lasprimeras.com.do\/wp-content\/uploads\/2023\/07\/UNEV.jpg?resize=350%2C200&ssl=1","width":350,"height":200,"srcset":"https:\/\/i0.wp.com\/lasprimeras.com.do\/wp-content\/uploads\/2023\/07\/UNEV.jpg?resize=350%2C200&ssl=1 1x, https:\/\/i0.wp.com\/lasprimeras.com.do\/wp-content\/uploads\/2023\/07\/UNEV.jpg?resize=525%2C300&ssl=1 1.5x, https:\/\/i0.wp.com\/lasprimeras.com.do\/wp-content\/uploads\/2023\/07\/UNEV.jpg?resize=700%2C400&ssl=1 2x"},"classes":[]},{"id":103544,"url":"https:\/\/lasprimeras.com.do\/index.php\/2025\/07\/16\/fenattransc-emplaza-a-la-superintendencia-de-seguros-a-establecer-tarifa-especial-al-transporte-publico\/","url_meta":{"origin":139033,"position":2},"title":"FENATTRANSC emplaza a la Superintendencia de Seguros a establecer tarifa especial al transporte p\u00fablico","author":"Nelson Feliz","date":"16 de julio de 2025","format":false,"excerpt":"El dirigente de la Federaci\u00f3n Nacional de Trabajadores del Transporte Social Cristianos (FENATTRANSC), Mario D\u00edaz, emplaz\u00f3 a la Superintendencia de Seguros para que se establezca una tarifa preferencial y diferenciada para el pago de p\u00f3lizas de seguros aplicables al transporte p\u00fablico de pasajeros y de cargas en la Rep\u00fablica Dominicana.\u2026","rel":"","context":"En \u00abECONOM\u00cdA\u00bb","block_context":{"text":"ECONOM\u00cdA","link":"https:\/\/lasprimeras.com.do\/index.php\/category\/economia\/"},"img":{"alt_text":"Mario D\u00edaz","src":"https:\/\/i0.wp.com\/lasprimeras.com.do\/wp-content\/uploads\/2025\/07\/Mario-Diaz.jpg?resize=350%2C200&ssl=1","width":350,"height":200,"srcset":"https:\/\/i0.wp.com\/lasprimeras.com.do\/wp-content\/uploads\/2025\/07\/Mario-Diaz.jpg?resize=350%2C200&ssl=1 1x, https:\/\/i0.wp.com\/lasprimeras.com.do\/wp-content\/uploads\/2025\/07\/Mario-Diaz.jpg?resize=525%2C300&ssl=1 1.5x, https:\/\/i0.wp.com\/lasprimeras.com.do\/wp-content\/uploads\/2025\/07\/Mario-Diaz.jpg?resize=700%2C400&ssl=1 2x"},"classes":[]},{"id":103541,"url":"https:\/\/lasprimeras.com.do\/index.php\/2025\/07\/16\/selinee-mendez-denuncia-colapso-silencioso-del-sistema-educativo-publico\/","url_meta":{"origin":139033,"position":3},"title":"Selin\u00e9e M\u00e9ndez denuncia colapso silencioso del sistema educativo p\u00fablico","author":"Nelson Feliz","date":"16 de julio de 2025","format":false,"excerpt":"\u201cEstamos ante una emergencia nacional\u201d expres\u00f3 la diputada M\u00e9ndez. La diputada de la circunscripci\u00f3n No. 1, del Distrito Nacional por el Partido Fuerza del Pueblo, Selin\u00e9e M\u00e9ndez, denunci\u00f3 en el d\u00eda de hoy el colapso silencioso del sistema educativo p\u00fablico del pa\u00eds. La legisladora al referirse a los resultados de\u2026","rel":"","context":"En \u00abPOLITICA\u00bb","block_context":{"text":"POLITICA","link":"https:\/\/lasprimeras.com.do\/index.php\/category\/politica\/"},"img":{"alt_text":"Selin\u00e9e M\u00e9ndez","src":"https:\/\/i0.wp.com\/lasprimeras.com.do\/wp-content\/uploads\/2025\/07\/Selinee-Mendez.jpg?resize=350%2C200&ssl=1","width":350,"height":200,"srcset":"https:\/\/i0.wp.com\/lasprimeras.com.do\/wp-content\/uploads\/2025\/07\/Selinee-Mendez.jpg?resize=350%2C200&ssl=1 1x, https:\/\/i0.wp.com\/lasprimeras.com.do\/wp-content\/uploads\/2025\/07\/Selinee-Mendez.jpg?resize=525%2C300&ssl=1 1.5x, https:\/\/i0.wp.com\/lasprimeras.com.do\/wp-content\/uploads\/2025\/07\/Selinee-Mendez.jpg?resize=700%2C400&ssl=1 2x"},"classes":[]},{"id":137178,"url":"https:\/\/lasprimeras.com.do\/index.php\/2026\/08\/13\/editorial-6\/","url_meta":{"origin":139033,"position":4},"title":"Editorial","author":"Nelson Feliz","date":"13 de agosto de 2026","format":false,"excerpt":"Una nueva tortura para las familias dominicanas Una profusa campa\u00f1a publicitaria anuncia para el pr\u00f3ximo 24 de agosto el inicio del a\u00f1o escolar, intentando resaltar la faceta positiva que este hito representa para ni\u00f1os, adolescentes y docentes. Sin embargo, en la Rep\u00fablica Dominicana la vuelta a clases se ha convertido\u2026","rel":"","context":"En \u00abSin categor\u00eda\u00bb","block_context":{"text":"Sin categor\u00eda","link":"https:\/\/lasprimeras.com.do\/index.php\/category\/sin-categoria\/"},"img":{"alt_text":"","src":"https:\/\/i0.wp.com\/lasprimeras.com.do\/wp-content\/uploads\/2026\/08\/utiles-escolares.jpg?resize=350%2C200&ssl=1","width":350,"height":200,"srcset":"https:\/\/i0.wp.com\/lasprimeras.com.do\/wp-content\/uploads\/2026\/08\/utiles-escolares.jpg?resize=350%2C200&ssl=1 1x, https:\/\/i0.wp.com\/lasprimeras.com.do\/wp-content\/uploads\/2026\/08\/utiles-escolares.jpg?resize=525%2C300&ssl=1 1.5x, https:\/\/i0.wp.com\/lasprimeras.com.do\/wp-content\/uploads\/2026\/08\/utiles-escolares.jpg?resize=700%2C400&ssl=1 2x"},"classes":[]},{"id":92447,"url":"https:\/\/lasprimeras.com.do\/index.php\/2025\/01\/04\/liga-deportiva-norma-diaz-inicia-sus-inscripciones\/","url_meta":{"origin":139033,"position":5},"title":"Liga deportiva Norma D\u00edaz inicia sus inscripciones","author":"Nelson Feliz","date":"4 de enero de 2025","format":false,"excerpt":"Liga deportiva Norma D\u00edaz inicia este lunes (Dia de Reyes)\/ el proceso de inscripci\u00f3n y reinscripci\u00f3n para este a\u00f1o 2025. La presidenta e Inmortal del Deporte, Norma D\u00edaz dijo que el proceso se realizar\u00e1 de 10.00 de la ma\u00f1ana a 6.00pm en el complejo de la liga deportiva Norma D\u00edaz.\u2026","rel":"","context":"En \u00abDEPORTES\u00bb","block_context":{"text":"DEPORTES","link":"https:\/\/lasprimeras.com.do\/index.php\/category\/deportes\/"},"img":{"alt_text":"Norma Diaz","src":"https:\/\/i0.wp.com\/lasprimeras.com.do\/wp-content\/uploads\/2023\/10\/Norma-Diaz-1.jpg?resize=350%2C200&ssl=1","width":350,"height":200,"srcset":"https:\/\/i0.wp.com\/lasprimeras.com.do\/wp-content\/uploads\/2023\/10\/Norma-Diaz-1.jpg?resize=350%2C200&ssl=1 1x, https:\/\/i0.wp.com\/lasprimeras.com.do\/wp-content\/uploads\/2023\/10\/Norma-Diaz-1.jpg?resize=525%2C300&ssl=1 1.5x, https:\/\/i0.wp.com\/lasprimeras.com.do\/wp-content\/uploads\/2023\/10\/Norma-Diaz-1.jpg?resize=700%2C400&ssl=1 2x"},"classes":[]}],"jetpack_sharing_enabled":true,"jetpack_featured_media_url":"https:\/\/lasprimeras.com.do\/wp-content\/uploads\/2026\/09\/IMG-20260808-WA0085.jpg","_links":{"self":[{"href":"https:\/\/lasprimeras.com.do\/index.php\/wp-json\/wp\/v2\/posts\/139033","targetHints":{"allow":["GET"]}}],"collection":[{"href":"https:\/\/lasprimeras.com.do\/index.php\/wp-json\/wp\/v2\/posts"}],"about":[{"href":"https:\/\/lasprimeras.com.do\/index.php\/wp-json\/wp\/v2\/types\/post"}],"author":[{"embeddable":true,"href":"https:\/\/lasprimeras.com.do\/index.php\/wp-json\/wp\/v2\/users\/10"}],"replies":[{"embeddable":true,"href":"https:\/\/lasprimeras.com.do\/index.php\/wp-json\/wp\/v2\/comments?post=139033"}],"version-history":[{"count":1,"href":"https:\/\/lasprimeras.com.do\/index.php\/wp-json\/wp\/v2\/posts\/139033\/revisions"}],"predecessor-version":[{"id":139035,"href":"https:\/\/lasprimeras.com.do\/index.php\/wp-json\/wp\/v2\/posts\/139033\/revisions\/139035"}],"wp:featuredmedia":[{"embeddable":true,"href":"https:\/\/lasprimeras.com.do\/index.php\/wp-json\/wp\/v2\/media\/139034"}],"wp:attachment":[{"href":"https:\/\/lasprimeras.com.do\/index.php\/wp-json\/wp\/v2\/media?parent=139033"}],"wp:term":[{"taxonomy":"category","embeddable":true,"href":"https:\/\/lasprimeras.com.do\/index.php\/wp-json\/wp\/v2\/categories?post=139033"},{"taxonomy":"post_tag","embeddable":true,"href":"https:\/\/lasprimeras.com.do\/index.php\/wp-json\/wp\/v2\/tags?post=139033"}],"curies":[{"name":"wp","href":"https:\/\/api.w.org\/{rel}","templated":true}]}}