{"id":139036,"date":"2026-09-04T12:21:24","date_gmt":"2026-09-04T16:21:24","guid":{"rendered":"https:\/\/lasprimeras.com.do\/?p=139036"},"modified":"2026-09-04T12:21:26","modified_gmt":"2026-09-04T16:21:26","slug":"defensa-publica-no-defendera-a-empresas-ni-organizaciones-privadas","status":"publish","type":"post","link":"https:\/\/lasprimeras.com.do\/index.php\/2026\/09\/04\/defensa-publica-no-defendera-a-empresas-ni-organizaciones-privadas\/","title":{"rendered":"Defensa P\u00fablica no defender\u00e1 a empresas ni organizaciones privadas"},"content":{"rendered":"\n<p class=\"wp-block-paragraph\"><em>SANTO DOMINGO.<\/em> La Oficina Nacional de la Defensa P\u00fablica inform\u00f3 que no asignar\u00e1 defensores p\u00fablicos a empresas ni organizaciones privadas.<\/p>\n\n\n\n<p class=\"wp-block-paragraph\">As\u00ed lo anunci\u00f3 su director nacional, Dr. Rodolfo Valent\u00edn.<\/p>\n\n\n\n<p class=\"wp-block-paragraph\">El servicio est\u00e1 concebido solo para personas f\u00edsicas, seg\u00fan la Constituci\u00f3n y la Ley de la Defensa P\u00fablica.<\/p>\n\n\n\n<p class=\"wp-block-paragraph\">Valent\u00edn explic\u00f3 que algunos tribunales del Distrito Nacional han requerido defensores para defender empresas. \u201cEst\u00e1n cayendo en trampas estrat\u00e9gicas interpartes\u201d, se\u00f1al\u00f3.<\/p>\n\n\n\n<p class=\"wp-block-paragraph\">Advirti\u00f3 que hacerlo ser\u00eda una \u201ctrampa mal intencionada\u201d.<\/p>\n\n\n\n<p class=\"wp-block-paragraph\">El funcionario indic\u00f3 que en ning\u00fan pa\u00eds de Iberoam\u00e9rica la defensa p\u00fablica asiste a empresas privadas.<\/p>\n\n\n\n<p class=\"wp-block-paragraph\">Solo Espa\u00f1a lo hace, y \u00fanicamente con ONGs y fundaciones sin fines de lucro.<\/p>\n\n\n\n<p class=\"wp-block-paragraph\">En RD la Constituci\u00f3n llama \u201cpersonas jur\u00eddicas\u201d a las empresas, con derechos distintos a los de personas f\u00edsicas.<\/p>\n\n\n\n<p class=\"wp-block-paragraph\">Valent\u00edn dijo que ya hay varios recursos de revisi\u00f3n constitucional ante el Tribunal Constitucional por este tema.<\/p>\n\n\n\n<p class=\"wp-block-paragraph\">Otros tribunales han declarado en rebeld\u00eda a las empresas y contin\u00faan el proceso con los imputados f\u00edsicos. A estos \u00faltimos nunca se les ha negado el servicio.<\/p>\n\n\n\n<p class=\"wp-block-paragraph\">Como coordinador del Caribe de la Asociaci\u00f3n Interamericana de Defensor\u00edas P\u00fablicas, afirm\u00f3 que ninguna defensor\u00eda de la regi\u00f3n brinda asistencia a empresas privadas.<\/p>\n\n\n\n<p class=\"wp-block-paragraph\">La instituci\u00f3n reafirm\u00f3 su compromiso de garantizar el derecho a la defensa de quienes no tienen recursos.<\/p>\n\n\n\n<p class=\"wp-block-paragraph\">La prioridad son los sectores m\u00e1s vulnerables del pa\u00eds.<\/p>\n","protected":false},"excerpt":{"rendered":"<p>SANTO DOMINGO. La Oficina Nacional de la Defensa P\u00fablica inform\u00f3 que no asignar\u00e1 defensores p\u00fablicos a empresas ni organizaciones privadas. As\u00ed lo anunci\u00f3 su director nacional, Dr. Rodolfo Valent\u00edn. El&hellip;<\/p>\n","protected":false},"author":10,"featured_media":139037,"comment_status":"open","ping_status":"open","sticky":false,"template":"","format":"standard","meta":{"content-type":"","_jetpack_newsletter_access":"","_jetpack_dont_email_post_to_subs":false,"_jetpack_newsletter_tier_id":0,"_jetpack_memberships_contains_paywalled_content":false,"_jetpack_feature_clip_id":0,"_jetpack_memberships_contains_paid_content":false,"footnotes":"","jetpack_post_was_ever_published":false},"categories":[25],"tags":[5459],"class_list":["post-139036","post","type-post","status-publish","format-standard","has-post-thumbnail","hentry","category-portada","tag-defensa-publica"],"jetpack-related-posts":[{"id":104255,"url":"https:\/\/lasprimeras.com.do\/index.php\/2025\/07\/22\/rodolfo-valentin-estamos-preparando-los-canones-para-ir-al-tribunal-constitucional\/","url_meta":{"origin":139036,"position":0},"title":"Rodolfo Valent\u00edn: \u201cEstamos preparando los ca\u00f1ones para ir al Tribunal Constitucional\u201d","author":"Nelson Feliz","date":"22 de julio de 2025","format":false,"excerpt":"El director de la Oficina Nacional de Defensa P\u00fablica (ONDP), Rodolfo Valent\u00edn Santos, declar\u00f3 que est\u00e1n preparando un recurso para acudir al Tribunal Constitucional, tras la inadmisi\u00f3n de un recurso por parte de la Suprema Corte de Justicia que podr\u00eda obligar a la instituci\u00f3n a brindar asistencia legal a empresas\u2026","rel":"","context":"En \u00abNACIONALES\u00bb","block_context":{"text":"NACIONALES","link":"https:\/\/lasprimeras.com.do\/index.php\/category\/nacionales\/"},"img":{"alt_text":"","src":"https:\/\/i0.wp.com\/lasprimeras.com.do\/wp-content\/uploads\/2025\/07\/valentin.jpg?resize=350%2C200&ssl=1","width":350,"height":200,"srcset":"https:\/\/i0.wp.com\/lasprimeras.com.do\/wp-content\/uploads\/2025\/07\/valentin.jpg?resize=350%2C200&ssl=1 1x, https:\/\/i0.wp.com\/lasprimeras.com.do\/wp-content\/uploads\/2025\/07\/valentin.jpg?resize=525%2C300&ssl=1 1.5x, https:\/\/i0.wp.com\/lasprimeras.com.do\/wp-content\/uploads\/2025\/07\/valentin.jpg?resize=700%2C400&ssl=1 2x"},"classes":[]},{"id":69088,"url":"https:\/\/lasprimeras.com.do\/index.php\/2023\/11\/29\/rodolfo-valentin-aboga-por-el-respeto-a-los-derechos-fundamentales-y-el-debido-proceso\/","url_meta":{"origin":139036,"position":1},"title":"Rodolfo Valent\u00edn aboga por el Respeto a los Derechos Fundamentales y el Debido Proceso","author":"Nelson Feliz","date":"29 de noviembre de 2023","format":false,"excerpt":"El Director de la Oficina Nacional de Defensa P\u00fablica, Rodolfo Valent\u00edn Santos, emiti\u00f3 un mensaje dirigido a la poblaci\u00f3n en general, destacando la importancia de garantizar el respeto a la dignidad humana y la protecci\u00f3n efectiva de los derechos fundamentales, especialmente en el \u00e1mbito legal. Rodolfo Valent\u00edn, inform\u00f3 a la\u2026","rel":"","context":"En \u00abNACIONALES\u00bb","block_context":{"text":"NACIONALES","link":"https:\/\/lasprimeras.com.do\/index.php\/category\/nacionales\/"},"img":{"alt_text":"Rodolfo Valent\u00edn Santos","src":"https:\/\/i0.wp.com\/lasprimeras.com.do\/wp-content\/uploads\/2023\/11\/Rodolfo-Valentin-Santos.jpg?resize=350%2C200&ssl=1","width":350,"height":200,"srcset":"https:\/\/i0.wp.com\/lasprimeras.com.do\/wp-content\/uploads\/2023\/11\/Rodolfo-Valentin-Santos.jpg?resize=350%2C200&ssl=1 1x, https:\/\/i0.wp.com\/lasprimeras.com.do\/wp-content\/uploads\/2023\/11\/Rodolfo-Valentin-Santos.jpg?resize=525%2C300&ssl=1 1.5x, https:\/\/i0.wp.com\/lasprimeras.com.do\/wp-content\/uploads\/2023\/11\/Rodolfo-Valentin-Santos.jpg?resize=700%2C400&ssl=1 2x"},"classes":[]},{"id":103992,"url":"https:\/\/lasprimeras.com.do\/index.php\/2025\/07\/21\/director-de-la-defensa-publica-afirma-que-acatara-decision-de-la-suprema-corte-de-justicia\/","url_meta":{"origin":139036,"position":2},"title":"Director de la Defensa P\u00fablica afirma que acatar\u00e1 decisi\u00f3n de la Suprema Corte de Justicia","author":"Nelson Feliz","date":"21 de julio de 2025","format":false,"excerpt":"La Segunda Sala de la Suprema Corte de Justicia, mediante la Resoluci\u00f3n n\u00fam. 001-022-2025-SRLS-00393, declar\u00f3 inadmisible el recurso de casaci\u00f3n interpuesto por la Oficina Nacional de Defensa P\u00fablica. El recurso cuestionaba la decisi\u00f3n d\u00f3nde el Primer Tribunal Colegiado del Distrito Nacional, que, a solicitud del Ministerio P\u00fablico, requiri\u00f3 a la\u2026","rel":"","context":"En \u00abNACIONALES\u00bb","block_context":{"text":"NACIONALES","link":"https:\/\/lasprimeras.com.do\/index.php\/category\/nacionales\/"},"img":{"alt_text":"Rodolfo Valent\u00edn Santos","src":"https:\/\/i0.wp.com\/lasprimeras.com.do\/wp-content\/uploads\/2025\/07\/Rodolfo-Valentin-Santos.jpg?resize=350%2C200&ssl=1","width":350,"height":200,"srcset":"https:\/\/i0.wp.com\/lasprimeras.com.do\/wp-content\/uploads\/2025\/07\/Rodolfo-Valentin-Santos.jpg?resize=350%2C200&ssl=1 1x, https:\/\/i0.wp.com\/lasprimeras.com.do\/wp-content\/uploads\/2025\/07\/Rodolfo-Valentin-Santos.jpg?resize=525%2C300&ssl=1 1.5x, https:\/\/i0.wp.com\/lasprimeras.com.do\/wp-content\/uploads\/2025\/07\/Rodolfo-Valentin-Santos.jpg?resize=700%2C400&ssl=1 2x"},"classes":[]},{"id":56673,"url":"https:\/\/lasprimeras.com.do\/index.php\/2023\/08\/03\/abinader-recibe-en-su-despacho-al-director-de-la-defensa-publica\/","url_meta":{"origin":139036,"position":3},"title":"Abinader recibe en su despacho al Director de la Defensa P\u00fablica","author":"Nelson Feliz","date":"3 de agosto de 2023","format":false,"excerpt":"Por Mart\u00edn Restituyo El Director de la Oficina Nacional de Defensa P\u00fablica, Rodolfo Valent\u00edn Santos, se reuni\u00f3 con el Presidente de la Rep\u00fablica, Luis Abinader, en su despacho del Palacio Presidencial, donde abordaron temas relacionados al servicio que brinda la entidad que dirige. En este encuentro, el Director de la\u2026","rel":"","context":"En \u00abNACIONALES\u00bb","block_context":{"text":"NACIONALES","link":"https:\/\/lasprimeras.com.do\/index.php\/category\/nacionales\/"},"img":{"alt_text":"","src":"https:\/\/i0.wp.com\/lasprimeras.com.do\/wp-content\/uploads\/2023\/08\/SERVIO-TULIO-CASTANOS-PRESIDENTE-LUIS-ABINADER-Y-RODOLFO-VALENTIN-SANTOS.jpg?resize=350%2C200&ssl=1","width":350,"height":200},"classes":[]},{"id":124120,"url":"https:\/\/lasprimeras.com.do\/index.php\/2026\/03\/08\/defensa-publica-inaugura-oficina-en-el-ccr-las-parras\/","url_meta":{"origin":139036,"position":4},"title":"Defensa P\u00fablica inaugura oficina en el CCR Las Parras","author":"Nelson Feliz","date":"8 de marzo de 2026","format":false,"excerpt":"El director de la Oficina Nacional de Defensa P\u00fablica, Rodolfo Valent\u00edn Santos, inaugur\u00f3 una nueva oficina de servicio en el Centro de Correcci\u00f3n y Rehabilitaci\u00f3n (CCR) Las Parras, con el objetivo de garantizar una asistencia legal oportuna a las personas privadas de libertad. La apertura de esta oficina representa un\u2026","rel":"","context":"En \u00abNACIONALES\u00bb","block_context":{"text":"NACIONALES","link":"https:\/\/lasprimeras.com.do\/index.php\/category\/nacionales\/"},"img":{"alt_text":"Rodolfo Valent\u00edn Santos","src":"https:\/\/i0.wp.com\/lasprimeras.com.do\/wp-content\/uploads\/2026\/03\/Rodolfo-Valentin-Santos.jpg?resize=350%2C200&ssl=1","width":350,"height":200,"srcset":"https:\/\/i0.wp.com\/lasprimeras.com.do\/wp-content\/uploads\/2026\/03\/Rodolfo-Valentin-Santos.jpg?resize=350%2C200&ssl=1 1x, https:\/\/i0.wp.com\/lasprimeras.com.do\/wp-content\/uploads\/2026\/03\/Rodolfo-Valentin-Santos.jpg?resize=525%2C300&ssl=1 1.5x, https:\/\/i0.wp.com\/lasprimeras.com.do\/wp-content\/uploads\/2026\/03\/Rodolfo-Valentin-Santos.jpg?resize=700%2C400&ssl=1 2x"},"classes":[]},{"id":94921,"url":"https:\/\/lasprimeras.com.do\/index.php\/2025\/03\/07\/defensa-publica-y-onaprep-avanzan-acciones-para-mejorar-condiciones-de-personas-privadas-de-libertad\/","url_meta":{"origin":139036,"position":5},"title":"Defensa P\u00fablica y ONAPREP avanzan acciones para mejorar condiciones de personas privadas de libertad","author":"Nelson Feliz","date":"7 de marzo de 2025","format":false,"excerpt":"El director de la Oficina Nacional de Defensa P\u00fablica (ONDP), Rodolfo Valent\u00edn Santos, sostuvo un encuentro de trabajo con el director de la Oficina Nacional de Apoyo a la Reforma Penitenciaria (ONAPREP), Roberto Santana, con el prop\u00f3sito de dar seguimiento a las acciones conjuntas dirigidas a mejorar las condiciones de\u2026","rel":"","context":"En \u00abNACIONALES\u00bb","block_context":{"text":"NACIONALES","link":"https:\/\/lasprimeras.com.do\/index.php\/category\/nacionales\/"},"img":{"alt_text":"Rodolfo Valent\u00edn Santos","src":"https:\/\/i0.wp.com\/lasprimeras.com.do\/wp-content\/uploads\/2025\/03\/Rodolfo-Valentin-Santos.jpg?resize=350%2C200&ssl=1","width":350,"height":200,"srcset":"https:\/\/i0.wp.com\/lasprimeras.com.do\/wp-content\/uploads\/2025\/03\/Rodolfo-Valentin-Santos.jpg?resize=350%2C200&ssl=1 1x, https:\/\/i0.wp.com\/lasprimeras.com.do\/wp-content\/uploads\/2025\/03\/Rodolfo-Valentin-Santos.jpg?resize=525%2C300&ssl=1 1.5x"},"classes":[]}],"jetpack_sharing_enabled":true,"jetpack_featured_media_url":"https:\/\/lasprimeras.com.do\/wp-content\/uploads\/2026\/09\/IMG-20260904-WA0078.jpg","_links":{"self":[{"href":"https:\/\/lasprimeras.com.do\/index.php\/wp-json\/wp\/v2\/posts\/139036","targetHints":{"allow":["GET"]}}],"collection":[{"href":"https:\/\/lasprimeras.com.do\/index.php\/wp-json\/wp\/v2\/posts"}],"about":[{"href":"https:\/\/lasprimeras.com.do\/index.php\/wp-json\/wp\/v2\/types\/post"}],"author":[{"embeddable":true,"href":"https:\/\/lasprimeras.com.do\/index.php\/wp-json\/wp\/v2\/users\/10"}],"replies":[{"embeddable":true,"href":"https:\/\/lasprimeras.com.do\/index.php\/wp-json\/wp\/v2\/comments?post=139036"}],"version-history":[{"count":1,"href":"https:\/\/lasprimeras.com.do\/index.php\/wp-json\/wp\/v2\/posts\/139036\/revisions"}],"predecessor-version":[{"id":139038,"href":"https:\/\/lasprimeras.com.do\/index.php\/wp-json\/wp\/v2\/posts\/139036\/revisions\/139038"}],"wp:featuredmedia":[{"embeddable":true,"href":"https:\/\/lasprimeras.com.do\/index.php\/wp-json\/wp\/v2\/media\/139037"}],"wp:attachment":[{"href":"https:\/\/lasprimeras.com.do\/index.php\/wp-json\/wp\/v2\/media?parent=139036"}],"wp:term":[{"taxonomy":"category","embeddable":true,"href":"https:\/\/lasprimeras.com.do\/index.php\/wp-json\/wp\/v2\/categories?post=139036"},{"taxonomy":"post_tag","embeddable":true,"href":"https:\/\/lasprimeras.com.do\/index.php\/wp-json\/wp\/v2\/tags?post=139036"}],"curies":[{"name":"wp","href":"https:\/\/api.w.org\/{rel}","templated":true}]}}