{"id":139039,"date":"2026-09-04T12:33:36","date_gmt":"2026-09-04T16:33:36","guid":{"rendered":"https:\/\/lasprimeras.com.do\/?p=139039"},"modified":"2026-09-04T12:33:38","modified_gmt":"2026-09-04T16:33:38","slug":"ponen-en-circulacion-despues-de-trujillo-un-lustro-convulso","status":"publish","type":"post","link":"https:\/\/lasprimeras.com.do\/index.php\/2026\/09\/04\/ponen-en-circulacion-despues-de-trujillo-un-lustro-convulso\/","title":{"rendered":"Ponen en circulaci\u00f3n \u201cDespu\u00e9s de Trujillo. Un lustro convulso\u201d"},"content":{"rendered":"\n<p class=\"wp-block-paragraph\">SANTO DOMINGO.= Historiadores destacaron el valor del libro _\u201cDespu\u00e9s de Trujillo. Un lustro convulso 1961-1966\u201d_, de Antoliano Peralta Romero.<br>La obra fue puesta en circulaci\u00f3n este jueves.<\/p>\n\n\n\n<p class=\"wp-block-paragraph\">Aborda el per\u00edodo entre el ajusticiamiento de Trujillo y las elecciones de 1966.<\/p>\n\n\n\n<p class=\"wp-block-paragraph\">El autor recorre la transici\u00f3n pol\u00edtica, el gobierno de Juan Bosch y el golpe de 1963.<\/p>\n\n\n\n<p class=\"wp-block-paragraph\">Tambi\u00e9n el Triunvirato, la Revoluci\u00f3n de Abril de 1965 y la intervenci\u00f3n estadounidense.<\/p>\n\n\n\n<p class=\"wp-block-paragraph\">Cierra con las elecciones de 1966, ganadas por Joaqu\u00edn Balaguer.<\/p>\n\n\n\n<p class=\"wp-block-paragraph\">En la presentaci\u00f3n intervinieron Juan Daniel Balc\u00e1cer, Miguel Guerrero, Miguel Reyes S\u00e1nchez y Rafael Peralta Romero.<\/p>\n\n\n\n<p class=\"wp-block-paragraph\">Guerrero resalt\u00f3 el uso de la cronolog\u00eda, que facilita la lectura y evita confusiones.<\/p>\n\n\n\n<p class=\"wp-block-paragraph\">Dijo que el libro ayuda a entender hechos clave para comprender el pa\u00eds actual.<\/p>\n\n\n\n<p class=\"wp-block-paragraph\">Balc\u00e1cer destac\u00f3 que es una \u201chistoria del tiempo presente\u201d con testimonios de tres generaciones.<\/p>\n\n\n\n<p class=\"wp-block-paragraph\">Salud\u00f3 la publicaci\u00f3n del testimonio de Victoria Amiama Ti\u00f3, hermana de un conjurado del 30 de mayo.<\/p>\n\n\n\n<p class=\"wp-block-paragraph\">Narra por primera vez las penurias de familiares de los ajusticiadores de Trujillo.<\/p>\n\n\n\n<p class=\"wp-block-paragraph\">El libro incluye adem\u00e1s testimonios de Bonaparte Gautreaux, Rafael Chaljub, Rafael Gamundi, Milagros Ortiz Bosch y Fafa Taveras.<\/p>\n\n\n\n<p class=\"wp-block-paragraph\">Reyes S\u00e1nchez, presidente de la Academia de la Historia, valor\u00f3 la obra como \u201cbien escrita y documentada\u201d.<\/p>\n\n\n\n<p class=\"wp-block-paragraph\">Dijo que aporta una nueva mirada a episodios claves de la historia nacional.<\/p>\n\n\n\n<p class=\"wp-block-paragraph\">*Sobre el autor*<\/p>\n\n\n\n<p class=\"wp-block-paragraph\">Antoliano Peralta Romero es abogado y escritor nacido en Miches. Fue consultor jur\u00eddico del Poder Ejecutivo 2020-2026 y hoy es ministro de Justicia.<\/p>\n\n\n\n<p class=\"wp-block-paragraph\">Ha publicado obras jur\u00eddicas y ahora incursiona en la historia con este an\u00e1lisis de cinco a\u00f1os decisivos para la democracia dominicana.<\/p>\n","protected":false},"excerpt":{"rendered":"<p>SANTO DOMINGO.= Historiadores destacaron el valor del libro _\u201cDespu\u00e9s de Trujillo. Un lustro convulso 1961-1966\u201d_, de Antoliano Peralta Romero.La obra fue puesta en circulaci\u00f3n este jueves. Aborda el per\u00edodo entre&hellip;<\/p>\n","protected":false},"author":10,"featured_media":139040,"comment_status":"open","ping_status":"open","sticky":false,"template":"","format":"standard","meta":{"content-type":"","_jetpack_newsletter_access":"","_jetpack_dont_email_post_to_subs":false,"_jetpack_newsletter_tier_id":0,"_jetpack_memberships_contains_paywalled_content":false,"_jetpack_feature_clip_id":0,"_jetpack_memberships_contains_paid_content":false,"footnotes":"","jetpack_post_was_ever_published":false},"categories":[84],"tags":[6086],"class_list":["post-139039","post","type-post","status-publish","format-standard","has-post-thumbnail","hentry","category-entretenimiento","tag-antoliano-peralta-romero"],"jetpack-related-posts":[{"id":100059,"url":"https:\/\/lasprimeras.com.do\/index.php\/2025\/05\/30\/30-de-mayo-es-el-dia-de-la-libertad\/","url_meta":{"origin":139039,"position":0},"title":"30 de mayo es el D\u00eda de la Libertad","author":"Nelson Feliz","date":"30 de mayo de 2025","format":false,"excerpt":"No podemos olvidar jam\u00e1s aquel tiempo en el que el terror era predominante, dice el PLD sobre la tiran\u00eda de Trujillo En el 64 aniversario del ajusticiamiento del tirano, Rafael Le\u00f3nidas Trujillo, el Partido de la Liberaci\u00f3n Dominicana (PLD), reafirm\u00f3 el compromiso asumido en sus 51 a\u00f1os de existencia de\u2026","rel":"","context":"En \u00abHISTORIA\u00bb","block_context":{"text":"HISTORIA","link":"https:\/\/lasprimeras.com.do\/index.php\/category\/historia\/"},"img":{"alt_text":"","src":"https:\/\/i0.wp.com\/lasprimeras.com.do\/wp-content\/uploads\/2025\/05\/30-de-mayo-es-el-Dia-de-la-Libertad.jpg?resize=350%2C200&ssl=1","width":350,"height":200,"srcset":"https:\/\/i0.wp.com\/lasprimeras.com.do\/wp-content\/uploads\/2025\/05\/30-de-mayo-es-el-Dia-de-la-Libertad.jpg?resize=350%2C200&ssl=1 1x, https:\/\/i0.wp.com\/lasprimeras.com.do\/wp-content\/uploads\/2025\/05\/30-de-mayo-es-el-Dia-de-la-Libertad.jpg?resize=525%2C300&ssl=1 1.5x, https:\/\/i0.wp.com\/lasprimeras.com.do\/wp-content\/uploads\/2025\/05\/30-de-mayo-es-el-Dia-de-la-Libertad.jpg?resize=700%2C400&ssl=1 2x"},"classes":[]},{"id":136861,"url":"https:\/\/lasprimeras.com.do\/index.php\/2026\/08\/09\/el-pasaporte-de-trujillo-una-pieza-historica\/","url_meta":{"origin":139039,"position":1},"title":"El pasaporte de Trujillo. Una pieza hist\u00f3rica","author":"Nelson Feliz","date":"9 de agosto de 2026","format":false,"excerpt":"Eduardo Iv\u00e1n Le\u00f3n Duarte En 2023, mientras trabajaba como coordinador general del Museo Nacional de Historia y Geograf\u00eda, encontr\u00e9 dentro de una caja sin catalogar, envuelto en pl\u00e1stico (y sorprendentemente en excelente estado de conservaci\u00f3n), el pasaporte diplom\u00e1tico utilizado por el dictador Rafael Le\u00f3nidas Trujillo a partir de noviembre de\u2026","rel":"","context":"En \u00abHISTORIA\u00bb","block_context":{"text":"HISTORIA","link":"https:\/\/lasprimeras.com.do\/index.php\/category\/historia\/"},"img":{"alt_text":"","src":"https:\/\/i0.wp.com\/lasprimeras.com.do\/wp-content\/uploads\/2026\/08\/765854978_10163011158969249_6458313526871686852_n.jpg?resize=350%2C200&ssl=1","width":350,"height":200,"srcset":"https:\/\/i0.wp.com\/lasprimeras.com.do\/wp-content\/uploads\/2026\/08\/765854978_10163011158969249_6458313526871686852_n.jpg?resize=350%2C200&ssl=1 1x, https:\/\/i0.wp.com\/lasprimeras.com.do\/wp-content\/uploads\/2026\/08\/765854978_10163011158969249_6458313526871686852_n.jpg?resize=525%2C300&ssl=1 1.5x"},"classes":[]},{"id":100040,"url":"https:\/\/lasprimeras.com.do\/index.php\/2025\/05\/30\/arma-usada-por-el-teniente-amado-garcia-en-el-ajusticiamiento-de-trujillo\/","url_meta":{"origin":139039,"position":2},"title":"Arma usada por el teniente Amado Garcia en el ajusticiamiento de Trujillo","author":"Nelson Feliz","date":"30 de mayo de 2025","format":false,"excerpt":"Por primera vez se muestra la foto del arma usada por el teniente Amado Garc\u00eda Guerrero en el ajusticiamiento de Trujillo la noche del 30 de mayo de 1961. Se trata de un fusil M1 Garand de fabricaci\u00f3n belga, cuya foto fue suministrada por Kin S\u00e1nchez Fern\u00e1ndez en una conferencia\u2026","rel":"","context":"En \u00abENTRETENIMIENTO\u00bb","block_context":{"text":"ENTRETENIMIENTO","link":"https:\/\/lasprimeras.com.do\/index.php\/category\/entretenimiento\/"},"img":{"alt_text":"Amado Garc\u00eda Guerrero","src":"https:\/\/i0.wp.com\/lasprimeras.com.do\/wp-content\/uploads\/2025\/05\/Amado-Garcia-Guerrero.jpg?resize=350%2C200&ssl=1","width":350,"height":200,"srcset":"https:\/\/i0.wp.com\/lasprimeras.com.do\/wp-content\/uploads\/2025\/05\/Amado-Garcia-Guerrero.jpg?resize=350%2C200&ssl=1 1x, https:\/\/i0.wp.com\/lasprimeras.com.do\/wp-content\/uploads\/2025\/05\/Amado-Garcia-Guerrero.jpg?resize=525%2C300&ssl=1 1.5x, https:\/\/i0.wp.com\/lasprimeras.com.do\/wp-content\/uploads\/2025\/05\/Amado-Garcia-Guerrero.jpg?resize=700%2C400&ssl=1 2x"},"classes":[]},{"id":100171,"url":"https:\/\/lasprimeras.com.do\/index.php\/2025\/06\/02\/efemerides-patrias-rinde-homenaje-al-teniente-amado-garcia-guerrero\/","url_meta":{"origin":139039,"position":3},"title":"Efem\u00e9rides Patrias rinde homenaje al teniente Amado Garc\u00eda Guerrero","author":"Nelson Feliz","date":"2 de junio de 2025","format":false,"excerpt":"Resalta el decreto patri\u00f3tico para Juancito Rodr\u00edguez. La Comisi\u00f3n Permanente de Efem\u00e9rides Patrias, junto con la Fundaci\u00f3n H\u00e9roes del 30 de mayo y la Fundaci\u00f3n Hermanos de la Maza, recordaron al teniente Amado Garc\u00eda Guerrero, en el 64 aniversario de su vil asesinato perpetrado por la maquinaria de terror de\u2026","rel":"","context":"En \u00abNACIONALES\u00bb","block_context":{"text":"NACIONALES","link":"https:\/\/lasprimeras.com.do\/index.php\/category\/nacionales\/"},"img":{"alt_text":"Juan Pablo Uribe entrega la medalla a directivos de las fundaciones patri\u00f3ticas.","src":"https:\/\/i0.wp.com\/lasprimeras.com.do\/wp-content\/uploads\/2025\/06\/Juan-Pablo-Uribe-entrega-la-medalla-a-directivos-de-las-fundaciones-patrioticas.jpg?resize=350%2C200&ssl=1","width":350,"height":200,"srcset":"https:\/\/i0.wp.com\/lasprimeras.com.do\/wp-content\/uploads\/2025\/06\/Juan-Pablo-Uribe-entrega-la-medalla-a-directivos-de-las-fundaciones-patrioticas.jpg?resize=350%2C200&ssl=1 1x, https:\/\/i0.wp.com\/lasprimeras.com.do\/wp-content\/uploads\/2025\/06\/Juan-Pablo-Uribe-entrega-la-medalla-a-directivos-de-las-fundaciones-patrioticas.jpg?resize=525%2C300&ssl=1 1.5x, https:\/\/i0.wp.com\/lasprimeras.com.do\/wp-content\/uploads\/2025\/06\/Juan-Pablo-Uribe-entrega-la-medalla-a-directivos-de-las-fundaciones-patrioticas.jpg?resize=700%2C400&ssl=1 2x"},"classes":[]},{"id":117530,"url":"https:\/\/lasprimeras.com.do\/index.php\/2025\/12\/11\/ramfis-trujillo-visita-nyc-y-providencia-anuncia-megaton-de-empadronamiento-para-este-domingo\/","url_meta":{"origin":139039,"position":4},"title":"Ramfis Trujillo visita NYC y Providencia; anuncia \u00abmegat\u00f3n de empadronamiento\u00bb para este domingo","author":"Nelson Feliz","date":"11 de diciembre de 2025","format":false,"excerpt":"https:\/\/www.youtube.com\/watch?v=vvD7zqUs7ro Por Ram\u00f3n Mercedes NUEVA YORK.- El presidente del Partido Esperanza Democr\u00e1tica (PED), Ramfis Dom\u00ednguez Trujillo, visit\u00f3 el pasado fin de semana esta ciudad y el estado de Rhode Island, reuni\u00e9ndose con dirigentes, militantes y simpatizantes de su organizaci\u00f3n, con empresarios, l\u00edderes comunitarios y representantes de otros sectores para reafirmar\u2026","rel":"","context":"En \u00abPOLITICA\u00bb","block_context":{"text":"POLITICA","link":"https:\/\/lasprimeras.com.do\/index.php\/category\/politica\/"},"img":{"alt_text":"Ramfis Trujillo visita NYC y Providencia, megat\u00f3n de empadronamiento","src":"https:\/\/i0.wp.com\/lasprimeras.com.do\/wp-content\/uploads\/2025\/12\/WhatsApp-Image-2025-12-11-at-5.58.47-AM-1.jpeg?resize=350%2C200&ssl=1","width":350,"height":200,"srcset":"https:\/\/i0.wp.com\/lasprimeras.com.do\/wp-content\/uploads\/2025\/12\/WhatsApp-Image-2025-12-11-at-5.58.47-AM-1.jpeg?resize=350%2C200&ssl=1 1x, https:\/\/i0.wp.com\/lasprimeras.com.do\/wp-content\/uploads\/2025\/12\/WhatsApp-Image-2025-12-11-at-5.58.47-AM-1.jpeg?resize=525%2C300&ssl=1 1.5x"},"classes":[]},{"id":131377,"url":"https:\/\/lasprimeras.com.do\/index.php\/2026\/05\/21\/celebran-en-ee-uu-que-el-ped-figure-en-cuarto-lugar-entre-41-partidos-en-rd\/","url_meta":{"origin":139039,"position":5},"title":"Celebran en EE. UU. que el PED figure en cuarto lugar entre 41 partidos en RD","author":"Nelson Feliz","date":"21 de mayo de 2026","format":false,"excerpt":"Por Ram\u00f3n Mercedes NUEVA YORK.- Dirigentes del Partido Esperanza Democr\u00e1tica (PED) en Estados Unidos, liderados por Ramfis Dom\u00ednguez Trujillo, celebran en diversos estados de la circunscripci\u00f3n 1-USA que la organizaci\u00f3n pol\u00edtica ha sido se\u00f1alada por la encuesta Gallup como la cuarta fuerza pol\u00edtica en la Rep\u00fablica Dominicana, entre las 41\u2026","rel":"","context":"En \u00abLA VOZ DE LA DIASPORA\u00bb","block_context":{"text":"LA VOZ DE LA DIASPORA","link":"https:\/\/lasprimeras.com.do\/index.php\/category\/la-voz-de-la-diaspora\/"},"img":{"alt_text":"","src":"https:\/\/i0.wp.com\/lasprimeras.com.do\/wp-content\/uploads\/2026\/05\/IMG-20260521-WA0042.jpg?resize=350%2C200&ssl=1","width":350,"height":200},"classes":[]}],"jetpack_sharing_enabled":true,"jetpack_featured_media_url":"https:\/\/lasprimeras.com.do\/wp-content\/uploads\/2026\/09\/IMG-20260904-WA0465.jpg","_links":{"self":[{"href":"https:\/\/lasprimeras.com.do\/index.php\/wp-json\/wp\/v2\/posts\/139039","targetHints":{"allow":["GET"]}}],"collection":[{"href":"https:\/\/lasprimeras.com.do\/index.php\/wp-json\/wp\/v2\/posts"}],"about":[{"href":"https:\/\/lasprimeras.com.do\/index.php\/wp-json\/wp\/v2\/types\/post"}],"author":[{"embeddable":true,"href":"https:\/\/lasprimeras.com.do\/index.php\/wp-json\/wp\/v2\/users\/10"}],"replies":[{"embeddable":true,"href":"https:\/\/lasprimeras.com.do\/index.php\/wp-json\/wp\/v2\/comments?post=139039"}],"version-history":[{"count":1,"href":"https:\/\/lasprimeras.com.do\/index.php\/wp-json\/wp\/v2\/posts\/139039\/revisions"}],"predecessor-version":[{"id":139041,"href":"https:\/\/lasprimeras.com.do\/index.php\/wp-json\/wp\/v2\/posts\/139039\/revisions\/139041"}],"wp:featuredmedia":[{"embeddable":true,"href":"https:\/\/lasprimeras.com.do\/index.php\/wp-json\/wp\/v2\/media\/139040"}],"wp:attachment":[{"href":"https:\/\/lasprimeras.com.do\/index.php\/wp-json\/wp\/v2\/media?parent=139039"}],"wp:term":[{"taxonomy":"category","embeddable":true,"href":"https:\/\/lasprimeras.com.do\/index.php\/wp-json\/wp\/v2\/categories?post=139039"},{"taxonomy":"post_tag","embeddable":true,"href":"https:\/\/lasprimeras.com.do\/index.php\/wp-json\/wp\/v2\/tags?post=139039"}],"curies":[{"name":"wp","href":"https:\/\/api.w.org\/{rel}","templated":true}]}}