{"id":139042,"date":"2026-09-04T15:57:46","date_gmt":"2026-09-04T19:57:46","guid":{"rendered":"https:\/\/lasprimeras.com.do\/?p=139042"},"modified":"2026-09-04T15:57:48","modified_gmt":"2026-09-04T19:57:48","slug":"nelson-javier-celebra-27-anos-de-el-show-de-nelson-y-destaca-el-poder-de-la-television","status":"publish","type":"post","link":"https:\/\/lasprimeras.com.do\/index.php\/2026\/09\/04\/nelson-javier-celebra-27-anos-de-el-show-de-nelson-y-destaca-el-poder-de-la-television\/","title":{"rendered":"Nelson Javier celebra 27 a\u00f1os de \u201cEl Show de Nelson\u201d y destaca el poder de la televisi\u00f3n"},"content":{"rendered":"\n<p class=\"wp-block-paragraph\">Santiago.- Con emoci\u00f3n y palabras de agradecimiento, la leyenda de la comunicaci\u00f3n Nelson Javier \u201cEl Cocodrilo\u201d, celebr\u00f3 este jueves los 27 a\u00f1os de su programa \u201cEl Show de Nelson\u201d, una trayectoria que lo ha consolidado como una de las figuras de mayor permanencia en la televisi\u00f3n dominicana.<\/p>\n\n\n\n<p class=\"wp-block-paragraph\">La celebraci\u00f3n se realiz\u00f3 en el Centro de Convenciones y Cultura Dominicana de la Universidad Tecnol\u00f3gica de Santiago (UTESA) y reuni\u00f3 a comunicadores, periodistas, artistas, propietarios de medios de comunicaci\u00f3n e invitados especiales.<\/p>\n\n\n\n<p class=\"wp-block-paragraph\">Actualmente, \u201cEl Show de Nelson\u201d se transmite por Teleuni\u00f3n, canal 16, y durante sus 27 a\u00f1os ha logrado mantenerse en la televisi\u00f3n, combinando entretenimiento, comunicaci\u00f3n y contacto directo con la ciudadan\u00eda.<\/p>\n","protected":false},"excerpt":{"rendered":"<p>Santiago.- Con emoci\u00f3n y palabras de agradecimiento, la leyenda de la comunicaci\u00f3n Nelson Javier \u201cEl Cocodrilo\u201d, celebr\u00f3 este jueves los 27 a\u00f1os de su programa \u201cEl Show de Nelson\u201d, una&hellip;<\/p>\n","protected":false},"author":3,"featured_media":139045,"comment_status":"open","ping_status":"open","sticky":false,"template":"","format":"standard","meta":{"content-type":"","_jetpack_newsletter_access":"","_jetpack_dont_email_post_to_subs":false,"_jetpack_newsletter_tier_id":0,"_jetpack_memberships_contains_paywalled_content":false,"_jetpack_feature_clip_id":0,"_jetpack_memberships_contains_paid_content":false,"footnotes":"","jetpack_post_was_ever_published":false},"categories":[630],"tags":[],"class_list":["post-139042","post","type-post","status-publish","format-standard","has-post-thumbnail","hentry","category-deportes"],"jetpack-related-posts":[{"id":91264,"url":"https:\/\/lasprimeras.com.do\/index.php\/2024\/11\/15\/mala-fe-enfrenta-a-roberto-geronimo\/","url_meta":{"origin":139042,"position":0},"title":"Mala Fe enfrenta a Roberto Geronimo","author":"Nelson Feliz","date":"15 de noviembre de 2024","format":false,"excerpt":"El polifac\u00e9tico artista le reclama al periodista: \u201cAcroarte no ha valorado el merengue de Nueva York\u201d NUUEVA YORK. - El merenguero dominicano radicado en esta ciudad \u201c Mala Fe\u201d, cuyo nombre de pila es Javier Guti\u00e9rrez, le reclam\u00f3 que la Asociaci\u00f3n de Cronistas de Arte no valorado el aporte de\u2026","rel":"","context":"En \u00abENTRETENIMIENTO\u00bb","block_context":{"text":"ENTRETENIMIENTO","link":"https:\/\/lasprimeras.com.do\/index.php\/category\/entretenimiento\/"},"img":{"alt_text":"","src":"https:\/\/i0.wp.com\/lasprimeras.com.do\/wp-content\/uploads\/2024\/11\/Mala-Fe.jpg?resize=350%2C200&ssl=1","width":350,"height":200,"srcset":"https:\/\/i0.wp.com\/lasprimeras.com.do\/wp-content\/uploads\/2024\/11\/Mala-Fe.jpg?resize=350%2C200&ssl=1 1x, https:\/\/i0.wp.com\/lasprimeras.com.do\/wp-content\/uploads\/2024\/11\/Mala-Fe.jpg?resize=525%2C300&ssl=1 1.5x, https:\/\/i0.wp.com\/lasprimeras.com.do\/wp-content\/uploads\/2024\/11\/Mala-Fe.jpg?resize=700%2C400&ssl=1 2x"},"classes":[]},{"id":55527,"url":"https:\/\/lasprimeras.com.do\/index.php\/2023\/07\/23\/fard-celebra-75-aniversario-con-emocionante-show-aereo-en-san-isidro\/","url_meta":{"origin":139042,"position":1},"title":"FARD celebra 75 aniversario con emocionante show\u00a0a\u00e9reo en San Isidro","author":"Nelson Feliz","date":"23 de julio de 2023","format":false,"excerpt":"La Fuerza A\u00e9rea de la Rep\u00fablica Dominicana present\u00f3 este s\u00e1bado el emocionante show a\u00e9reo de aeromodelismo Radio Control sobre San Isidro, enmarcado dentro de las celebraciones del 75 aniversario de la Fuerza A\u00e9rea de Rep\u00fablica Dominicana. La actividad, que llev\u00f3 como nombre \u201cRadio Control sobre San Isidro\u201d inici\u00f3 a las\u2026","rel":"","context":"En \u00abNACIONALES\u00bb","block_context":{"text":"NACIONALES","link":"https:\/\/lasprimeras.com.do\/index.php\/category\/nacionales\/"},"img":{"alt_text":"","src":"https:\/\/i0.wp.com\/lasprimeras.com.do\/wp-content\/uploads\/2023\/07\/FARD-4.jpg?resize=350%2C200&ssl=1","width":350,"height":200,"srcset":"https:\/\/i0.wp.com\/lasprimeras.com.do\/wp-content\/uploads\/2023\/07\/FARD-4.jpg?resize=350%2C200&ssl=1 1x, https:\/\/i0.wp.com\/lasprimeras.com.do\/wp-content\/uploads\/2023\/07\/FARD-4.jpg?resize=525%2C300&ssl=1 1.5x, https:\/\/i0.wp.com\/lasprimeras.com.do\/wp-content\/uploads\/2023\/07\/FARD-4.jpg?resize=700%2C400&ssl=1 2x"},"classes":[]},{"id":88588,"url":"https:\/\/lasprimeras.com.do\/index.php\/2024\/08\/31\/somos-de-quisqueya-celebrara-su-xviii-aniversario-en-casa-del-mar\/","url_meta":{"origin":139042,"position":2},"title":"Somos de Quisqueya celebrar\u00e1 su XVIII aniversario en Casa del Mar","author":"Nelson Feliz","date":"31 de agosto de 2024","format":false,"excerpt":"Vikiana \u201cLa Maidita\u201d; Marcel \u201c Piel Morena\u201d; Fausto \u201cErol\u201d D\u00edaz; Dj Anthony; L Marcriaoo, Ballet Folcl\u00f3rico Ramona Torres y muchos m\u00e1s. Por: Aquiles Rojas La destacada periodista Jenny G\u00f3mez, dio a conocer este domingo que su programa, Somos de Quisqueya \u201c estar\u00e1 celebrando 18 aniversario con artistas de la talla\u2026","rel":"","context":"En \u00abENTRETENIMIENTO\u00bb","block_context":{"text":"ENTRETENIMIENTO","link":"https:\/\/lasprimeras.com.do\/index.php\/category\/entretenimiento\/"},"img":{"alt_text":"somos de quisqueya","src":"https:\/\/i0.wp.com\/lasprimeras.com.do\/wp-content\/uploads\/2024\/08\/somos-de-quisqueya.jpg?resize=350%2C200&ssl=1","width":350,"height":200,"srcset":"https:\/\/i0.wp.com\/lasprimeras.com.do\/wp-content\/uploads\/2024\/08\/somos-de-quisqueya.jpg?resize=350%2C200&ssl=1 1x, https:\/\/i0.wp.com\/lasprimeras.com.do\/wp-content\/uploads\/2024\/08\/somos-de-quisqueya.jpg?resize=525%2C300&ssl=1 1.5x, https:\/\/i0.wp.com\/lasprimeras.com.do\/wp-content\/uploads\/2024\/08\/somos-de-quisqueya.jpg?resize=700%2C400&ssl=1 2x"},"classes":[]},{"id":61451,"url":"https:\/\/lasprimeras.com.do\/index.php\/2023\/09\/27\/nelson-cruz-jugara-con-gigantes-y-luego-definira-su-futuro\/","url_meta":{"origin":139042,"position":3},"title":"Nelson Cruz jugar\u00e1 con Gigantes y luego definir\u00e1 su futuro","author":"Nelson Feliz","date":"27 de septiembre de 2023","format":false,"excerpt":"Nelson Cruz tiene 43 a\u00f1os, solo Rich Hill (que naci\u00f3 tres meses y 20 d\u00edas antes ese 1980) fue mayor que \u00e9l entre los casi 1,700 peloteros que han desfilado por las Grandes Ligas esta temporada. Pero el toletero montecriste\u00f1o no tiene claro en que el pasado tres de julio\u2026","rel":"","context":"En \u00abSin categor\u00eda\u00bb","block_context":{"text":"Sin categor\u00eda","link":"https:\/\/lasprimeras.com.do\/index.php\/category\/sin-categoria\/"},"img":{"alt_text":"Nelson Cruz","src":"https:\/\/i0.wp.com\/lasprimeras.com.do\/wp-content\/uploads\/2023\/09\/Nelson-Cruz.jpg?resize=350%2C200&ssl=1","width":350,"height":200,"srcset":"https:\/\/i0.wp.com\/lasprimeras.com.do\/wp-content\/uploads\/2023\/09\/Nelson-Cruz.jpg?resize=350%2C200&ssl=1 1x, https:\/\/i0.wp.com\/lasprimeras.com.do\/wp-content\/uploads\/2023\/09\/Nelson-Cruz.jpg?resize=525%2C300&ssl=1 1.5x, https:\/\/i0.wp.com\/lasprimeras.com.do\/wp-content\/uploads\/2023\/09\/Nelson-Cruz.jpg?resize=700%2C400&ssl=1 2x"},"classes":[]},{"id":92257,"url":"https:\/\/lasprimeras.com.do\/index.php\/2024\/12\/28\/reporteros-graficos-reconocen-a-nelson-gutierrez-por-trayectoria-y-aporte-a-la-clase\/","url_meta":{"origin":139042,"position":4},"title":"Reporteros gr\u00e1ficos reconocen a Nelson Guti\u00e9rrez por trayectoria y aporte a la clase","author":"Nelson Feliz","date":"28 de diciembre de 2024","format":false,"excerpt":"El C\u00edrculo de Reporteros Gr\u00e1ficos de Televisi\u00f3n, reconoci\u00f3 Nelson Guti\u00e9rrez, presidente del Colegio Dominicano de Locutores (CDL), por su apoyo y contribuci\u00f3n al gremio, as\u00ed como en la defensa del trabajo de sus miembros. Tras recibir la placa de reconocimiento, de manos del presidente del gremio, Corpus Montero, el tambi\u00e9n\u2026","rel":"","context":"En \u00abSin categor\u00eda\u00bb","block_context":{"text":"Sin categor\u00eda","link":"https:\/\/lasprimeras.com.do\/index.php\/category\/sin-categoria\/"},"img":{"alt_text":"Corpus Montero","src":"https:\/\/i0.wp.com\/lasprimeras.com.do\/wp-content\/uploads\/2025\/01\/Corpus-Montero.jpg?resize=350%2C200&ssl=1","width":350,"height":200,"srcset":"https:\/\/i0.wp.com\/lasprimeras.com.do\/wp-content\/uploads\/2025\/01\/Corpus-Montero.jpg?resize=350%2C200&ssl=1 1x, https:\/\/i0.wp.com\/lasprimeras.com.do\/wp-content\/uploads\/2025\/01\/Corpus-Montero.jpg?resize=525%2C300&ssl=1 1.5x, https:\/\/i0.wp.com\/lasprimeras.com.do\/wp-content\/uploads\/2025\/01\/Corpus-Montero.jpg?resize=700%2C400&ssl=1 2x"},"classes":[]},{"id":86842,"url":"https:\/\/lasprimeras.com.do\/index.php\/2024\/08\/02\/rnn-canal-27-prende-senal-digital-y-cesa-transmision-analogica\/","url_meta":{"origin":139042,"position":5},"title":"RNN Canal 27 prende se\u00f1al digital y cesa transmisi\u00f3n anal\u00f3gica","author":"Nelson Feliz","date":"2 de agosto de 2024","format":false,"excerpt":"La televisora, Red Nacional de Noticias, canal 27, se acogi\u00f3 al mandato del Instituto Nacional de las Telecomunicaciones-INDOTEL-\u00a0 y ces\u00f3 sus transmisiones anal\u00f3gicas, para las zonas de Santo Domingo, San Crist\u00f3bal y zona Este. A partir de este jueves la televisora, cumpliendo con ese mandato, inici\u00f3 sus transmisiones en digital,\u2026","rel":"","context":"En \u00abSin categor\u00eda\u00bb","block_context":{"text":"Sin categor\u00eda","link":"https:\/\/lasprimeras.com.do\/index.php\/category\/sin-categoria\/"},"img":{"alt_text":"RNN Canal 27","src":"https:\/\/i0.wp.com\/lasprimeras.com.do\/wp-content\/uploads\/2024\/08\/RNN-Canal-27-1.jpg?resize=350%2C200&ssl=1","width":350,"height":200,"srcset":"https:\/\/i0.wp.com\/lasprimeras.com.do\/wp-content\/uploads\/2024\/08\/RNN-Canal-27-1.jpg?resize=350%2C200&ssl=1 1x, https:\/\/i0.wp.com\/lasprimeras.com.do\/wp-content\/uploads\/2024\/08\/RNN-Canal-27-1.jpg?resize=525%2C300&ssl=1 1.5x"},"classes":[]}],"jetpack_sharing_enabled":true,"jetpack_featured_media_url":"https:\/\/lasprimeras.com.do\/wp-content\/uploads\/2026\/09\/WhatsApp-Image-2026-09-03-at-11.17.51-PM-1-860x484-1.jpeg","_links":{"self":[{"href":"https:\/\/lasprimeras.com.do\/index.php\/wp-json\/wp\/v2\/posts\/139042","targetHints":{"allow":["GET"]}}],"collection":[{"href":"https:\/\/lasprimeras.com.do\/index.php\/wp-json\/wp\/v2\/posts"}],"about":[{"href":"https:\/\/lasprimeras.com.do\/index.php\/wp-json\/wp\/v2\/types\/post"}],"author":[{"embeddable":true,"href":"https:\/\/lasprimeras.com.do\/index.php\/wp-json\/wp\/v2\/users\/3"}],"replies":[{"embeddable":true,"href":"https:\/\/lasprimeras.com.do\/index.php\/wp-json\/wp\/v2\/comments?post=139042"}],"version-history":[{"count":1,"href":"https:\/\/lasprimeras.com.do\/index.php\/wp-json\/wp\/v2\/posts\/139042\/revisions"}],"predecessor-version":[{"id":139046,"href":"https:\/\/lasprimeras.com.do\/index.php\/wp-json\/wp\/v2\/posts\/139042\/revisions\/139046"}],"wp:featuredmedia":[{"embeddable":true,"href":"https:\/\/lasprimeras.com.do\/index.php\/wp-json\/wp\/v2\/media\/139045"}],"wp:attachment":[{"href":"https:\/\/lasprimeras.com.do\/index.php\/wp-json\/wp\/v2\/media?parent=139042"}],"wp:term":[{"taxonomy":"category","embeddable":true,"href":"https:\/\/lasprimeras.com.do\/index.php\/wp-json\/wp\/v2\/categories?post=139042"},{"taxonomy":"post_tag","embeddable":true,"href":"https:\/\/lasprimeras.com.do\/index.php\/wp-json\/wp\/v2\/tags?post=139042"}],"curies":[{"name":"wp","href":"https:\/\/api.w.org\/{rel}","templated":true}]}}