{"id":139055,"date":"2026-09-04T22:12:34","date_gmt":"2026-09-05T02:12:34","guid":{"rendered":"https:\/\/lasprimeras.com.do\/?p=139055"},"modified":"2026-09-04T22:12:39","modified_gmt":"2026-09-05T02:12:39","slug":"gobierno-congela-combustibles-y-destina-rd-1294-5-millones-en-subsidios","status":"publish","type":"post","link":"https:\/\/lasprimeras.com.do\/index.php\/2026\/09\/04\/gobierno-congela-combustibles-y-destina-rd-1294-5-millones-en-subsidios\/","title":{"rendered":"Gobierno congela combustibles y destina RD 1,294.5 millones en subsidios"},"content":{"rendered":"\n<p class=\"wp-block-paragraph\"><strong>Con aportes de hasta RD 101.91 por gal\u00f3n y superando ya los RD 30,000 millones en lo que va de a\u00f1o.<\/strong><\/p>\n\n\n\n<p class=\"wp-block-paragraph\"><strong>Santo Domingo.- <\/strong>El Ministerio de Industria, Comercio y Mipymes (MICM) inform\u00f3 que el Gobierno dominicano destin\u00f3 otros RD 1,294.5 millones en subsidios a los combustibles para seguir contrarrestando el aumento de los derivados del petr\u00f3leo en el mercado internacional, subsidiando con hasta RD 101.91 por cada gal\u00f3n que compran los consumidores.<\/p>\n\n\n\n<p class=\"wp-block-paragraph\">Para la semana del 5 al 11 de septiembre, se mantendr\u00e1n sin variaci\u00f3n los precios de la gasolina regular y premium, del gasoil regular y \u00f3ptimo, as\u00ed como del GLP y el gas natural.<\/p>\n\n\n\n<p class=\"wp-block-paragraph\">Con los precios para esta semana, se mantienen los fijados el pasado 13 de junio, cuando se anunci\u00f3 el periodo de congelamiento por 90 d\u00edas, como parte del Plan Anticrisis para mantener la estabilidad de la econom\u00eda nacional y de los bolsillos de los m\u00e1s vulnerables.<\/p>\n\n\n\n<p class=\"wp-block-paragraph\">El costo de refinar petr\u00f3leo WTI y convertirlo en gasoil pas\u00f3 desde el 27 de febrero del 2026 cuando rondaba los 25.95 d\u00f3lares a 75.65 d\u00f3lares, al cierre del 31 de agosto de este a\u00f1o y llegando a tener picos de hasta 114 d\u00f3lares por barril en dicho periodo.<\/p>\n\n\n\n<p class=\"wp-block-paragraph\">La retenci\u00f3n de hasta 8 millones de barriles diarios en el estrecho de Ormuz distorsion\u00f3 la f\u00f3rmula de paridad de importaci\u00f3n (PPI), empujando el costo del gasoil refinado a casi 110 d\u00f3lares por barril a inicios de septiembre.<\/p>\n\n\n\n<p class=\"wp-block-paragraph\">Sin embargo solo recibir\u00e1n un reajuste al alza el avtur, con unos RD 12.28 por gal\u00f3n, el kerosene RD 13.50, el fuel o\u00edl #6 sube RD 1.47 y el fuel o\u00edl #1, sube RD 1.43.<\/p>\n\n\n\n<p class=\"wp-block-paragraph\">Con los precios para esta semana, el Gobierno subsidia a cada gal\u00f3n que consumen los dominicanos con RD 20.31 en el GLP, RD 24.12 en la gasolina premium, RD 42.68 en la gasolina regular, RD 94.31 en el gasoil regular y RD 101.91 en el gasoil \u00f3ptimo.<\/p>\n\n\n\n<p class=\"wp-block-paragraph\">Con el subsidio que el Gobierno ha destinado para esta semana, en lo que va de a\u00f1o, el monto destinado supera los RD 30,000 millones.<\/p>\n\n\n\n<p class=\"wp-block-paragraph\">Para la semana del 5 al 11 de septiembre, el Ministerio de Industria, Comercio y Mipymes dispone que los combustibles se comercialicen a los siguientes precios:<\/p>\n\n\n\n<p class=\"wp-block-paragraph\">Gasolina premium se vender\u00e1 a RD 341.10 por gal\u00f3n mantiene su precio.<\/p>\n\n\n\n<p class=\"wp-block-paragraph\">Gasolina regular RD 310.50 por gal\u00f3n mantiene su precio.<\/p>\n\n\n\n<p class=\"wp-block-paragraph\">Gasoil regular RD 262.80 por gal\u00f3n mantiene su precio.<\/p>\n\n\n\n<p class=\"wp-block-paragraph\">Gasoil \u00f3ptimo RD 293.10 por gal\u00f3n mantiene su precio.<\/p>\n\n\n\n<p class=\"wp-block-paragraph\">Avtur RD 303.50 por gal\u00f3n sube RD 12.28.<\/p>\n\n\n\n<p class=\"wp-block-paragraph\">Kerosene RD 343.20 por gal\u00f3n sube RD 13.50.<\/p>\n\n\n\n<p class=\"wp-block-paragraph\">Fuel o\u00edl #6 RD$167.73 por gal\u00f3n sube RD 1.47.<\/p>\n\n\n\n<p class=\"wp-block-paragraph\">Fuel o\u00edl 1%S RD$197.41 por gal\u00f3n sube RD$1.43.<\/p>\n\n\n\n<p class=\"wp-block-paragraph\">Gas licuado de petr\u00f3leo (GLP) RD$135.20 por gal\u00f3n mantiene su precio.<\/p>\n\n\n\n<p class=\"wp-block-paragraph\">Gas natural RD 43.97 por m3 mantiene su precio.<\/p>\n\n\n\n<p class=\"wp-block-paragraph\">La tasa de cambio promedio semanal es de RD 58.85, seg\u00fan las publicaciones diarias del Banco Central.<\/p>\n","protected":false},"excerpt":{"rendered":"<p>Con aportes de hasta RD 101.91 por gal\u00f3n y superando ya los RD 30,000 millones en lo que va de a\u00f1o. Santo Domingo.- El Ministerio de Industria, Comercio y Mipymes&hellip;<\/p>\n","protected":false},"author":10,"featured_media":56177,"comment_status":"open","ping_status":"open","sticky":false,"template":"","format":"standard","meta":{"content-type":"","_jetpack_newsletter_access":"","_jetpack_dont_email_post_to_subs":false,"_jetpack_newsletter_tier_id":0,"_jetpack_memberships_contains_paywalled_content":false,"_jetpack_feature_clip_id":0,"_jetpack_memberships_contains_paid_content":false,"footnotes":"","jetpack_post_was_ever_published":false},"categories":[39],"tags":[1599,624,30018,171,3551,5945],"class_list":["post-139055","post","type-post","status-publish","format-standard","has-post-thumbnail","hentry","category-economia","tag-alzas","tag-combustibles","tag-congela","tag-gobierno","tag-internacionales","tag-subsidios"],"jetpack-related-posts":[{"id":135069,"url":"https:\/\/lasprimeras.com.do\/index.php\/2026\/07\/17\/gobierno-congela-los-combustibles-y-destina-rd-875-3-millones-en-subsidios\/","url_meta":{"origin":139055,"position":0},"title":"Gobierno congela los combustibles y destina RD 875.3 millones en subsidios","author":"Nelson Feliz","date":"17 de julio de 2026","format":false,"excerpt":"La medida busca contener el impacto del incremento registrado en los precios internacionales del petr\u00f3leo y sus derivados durante la \u00faltima semana. Santo Domingo.\u2013 El Ministerio de Industria, Comercio y Mipymes (MICM), inform\u00f3 que se mantendr\u00e1n sin variaci\u00f3n los precios de los principales combustibles, para la semana del 18 al\u2026","rel":"","context":"En \u00abECONOM\u00cdA\u00bb","block_context":{"text":"ECONOM\u00cdA","link":"https:\/\/lasprimeras.com.do\/index.php\/category\/economia\/"},"img":{"alt_text":"","src":"https:\/\/i0.wp.com\/lasprimeras.com.do\/wp-content\/uploads\/2026\/04\/Precios-de-combustibles-en-los-10-estados-donde-residen-mas-dominicanos-en-EE.-UU.jpg?resize=350%2C200&ssl=1","width":350,"height":200,"srcset":"https:\/\/i0.wp.com\/lasprimeras.com.do\/wp-content\/uploads\/2026\/04\/Precios-de-combustibles-en-los-10-estados-donde-residen-mas-dominicanos-en-EE.-UU.jpg?resize=350%2C200&ssl=1 1x, https:\/\/i0.wp.com\/lasprimeras.com.do\/wp-content\/uploads\/2026\/04\/Precios-de-combustibles-en-los-10-estados-donde-residen-mas-dominicanos-en-EE.-UU.jpg?resize=525%2C300&ssl=1 1.5x"},"classes":[]},{"id":124711,"url":"https:\/\/lasprimeras.com.do\/index.php\/2026\/03\/16\/el-gobierno-anuncia-subsidios-de-rd-1189-8-millones-para-frenar-aumentos-de-los-combustibles\/","url_meta":{"origin":139055,"position":1},"title":"El Gobierno anuncia subsidios de RD 1,189.8 millones para frenar aumentos de los combustibles","author":"Nelson Feliz","date":"16 de marzo de 2026","format":false,"excerpt":"El MICM congela el GLP y asume un macrosubsidio que limita el reajuste en gasolinas y gasoil a RD 5.00 En respuesta a la volatilidad extrema de los mercados petroleros, provocada por la escalada b\u00e9lica en Medio Oriente, el Gobierno dominicano ratific\u00f3 este viernes su pol\u00edtica de protecci\u00f3n social con\u2026","rel":"","context":"En \u00abECONOM\u00cdA\u00bb","block_context":{"text":"ECONOM\u00cdA","link":"https:\/\/lasprimeras.com.do\/index.php\/category\/economia\/"},"img":{"alt_text":"","src":"https:\/\/i0.wp.com\/lasprimeras.com.do\/wp-content\/uploads\/2026\/03\/1001398117.jpg?resize=350%2C200&ssl=1","width":350,"height":200,"srcset":"https:\/\/i0.wp.com\/lasprimeras.com.do\/wp-content\/uploads\/2026\/03\/1001398117.jpg?resize=350%2C200&ssl=1 1x, https:\/\/i0.wp.com\/lasprimeras.com.do\/wp-content\/uploads\/2026\/03\/1001398117.jpg?resize=525%2C300&ssl=1 1.5x, https:\/\/i0.wp.com\/lasprimeras.com.do\/wp-content\/uploads\/2026\/03\/1001398117.jpg?resize=700%2C400&ssl=1 2x, https:\/\/i0.wp.com\/lasprimeras.com.do\/wp-content\/uploads\/2026\/03\/1001398117.jpg?resize=1050%2C600&ssl=1 3x"},"classes":[]},{"id":128617,"url":"https:\/\/lasprimeras.com.do\/index.php\/2026\/04\/25\/gobierno-congela-los-precios-de-los-combustibles\/","url_meta":{"origin":139055,"position":2},"title":"Gobierno congela los precios de los combustibles","author":"Nelson Feliz","date":"25 de abril de 2026","format":false,"excerpt":"Los precios de los combustibles para el mes de abril solo experimentaron variaci\u00f3n una vez El ministro de Industria, Comercio y Mipymes, Eduardo Sanz Lovat\u00f3n, anunci\u00f3 que para los d\u00edas del 24 de abril al 1 de mayo los precios de los combustibles continuar\u00e1n sin variaci\u00f3n. \u201cLos combustibles esta semana\u2026","rel":"","context":"En \u00abECONOM\u00cdA\u00bb","block_context":{"text":"ECONOM\u00cdA","link":"https:\/\/lasprimeras.com.do\/index.php\/category\/economia\/"},"img":{"alt_text":"Combustible","src":"https:\/\/i0.wp.com\/lasprimeras.com.do\/wp-content\/uploads\/2024\/06\/Combustible.jpg?resize=350%2C200&ssl=1","width":350,"height":200,"srcset":"https:\/\/i0.wp.com\/lasprimeras.com.do\/wp-content\/uploads\/2024\/06\/Combustible.jpg?resize=350%2C200&ssl=1 1x, https:\/\/i0.wp.com\/lasprimeras.com.do\/wp-content\/uploads\/2024\/06\/Combustible.jpg?resize=525%2C300&ssl=1 1.5x, https:\/\/i0.wp.com\/lasprimeras.com.do\/wp-content\/uploads\/2024\/06\/Combustible.jpg?resize=700%2C400&ssl=1 2x"},"classes":[]},{"id":79678,"url":"https:\/\/lasprimeras.com.do\/index.php\/2024\/03\/30\/gobierno-congela-otra-vez-los-precios-de-combustibles-de-mayor-uso\/","url_meta":{"origin":139055,"position":3},"title":"Gobierno congela otra vez los precios de combustibles de mayor uso","author":"BIMARY DE JES\u00daS Matos","date":"30 de marzo de 2024","format":false,"excerpt":"Santo Domingo.\u2013 El Gobierno dominicano congel\u00f3 para la pr\u00f3xima semana otra vez los precios de los combatibles de mayor uso. As\u00ed lo inform\u00f3 este viernes el Ministerio de Industria, Comercio y Mipymes (MICM), quien dijo que los precios de los combustibles, que estar\u00e1n subsidiados durante este periodo, son los siguientes:\u2026","rel":"","context":"En \u00abPORTADA\u00bb","block_context":{"text":"PORTADA","link":"https:\/\/lasprimeras.com.do\/index.php\/category\/portada\/"},"img":{"alt_text":"","src":"https:\/\/i0.wp.com\/lasprimeras.com.do\/wp-content\/uploads\/2024\/03\/1-millon-de-jovenes-votaran-en-las-elecciones-municipales-2-12.webp?resize=350%2C200&ssl=1","width":350,"height":200},"classes":[]},{"id":65424,"url":"https:\/\/lasprimeras.com.do\/index.php\/2023\/10\/28\/subsidio-de-rd317-8-millones-para-evitar-alzas-de-combustibles\/","url_meta":{"origin":139055,"position":4},"title":"Subsidio de RD$317.8 millones para evitar alzas de combustibles","author":"BIMARY DE JES\u00daS Matos","date":"28 de octubre de 2023","format":false,"excerpt":"Santo Domingo.-El Gobierno dominicano acumula RD$5,811.2 millones en 14 semanas, destinados a paliar las alzas bruscas de los combustibles que podr\u00edan afectar a los consumidores. Este esfuerzo -se ha dicho- ha sido un pilar fundamental en la estrategia del presidente Luis Abinader para proteger la econom\u00eda de los ciudadanos y\u2026","rel":"","context":"En \u00abPORTADA\u00bb","block_context":{"text":"PORTADA","link":"https:\/\/lasprimeras.com.do\/index.php\/category\/portada\/"},"img":{"alt_text":"","src":"https:\/\/i0.wp.com\/lasprimeras.com.do\/wp-content\/uploads\/2023\/10\/8_Nacionales_15_1p01.webp?resize=350%2C200&ssl=1","width":350,"height":200,"srcset":"https:\/\/i0.wp.com\/lasprimeras.com.do\/wp-content\/uploads\/2023\/10\/8_Nacionales_15_1p01.webp?resize=350%2C200&ssl=1 1x, https:\/\/i0.wp.com\/lasprimeras.com.do\/wp-content\/uploads\/2023\/10\/8_Nacionales_15_1p01.webp?resize=525%2C300&ssl=1 1.5x, https:\/\/i0.wp.com\/lasprimeras.com.do\/wp-content\/uploads\/2023\/10\/8_Nacionales_15_1p01.webp?resize=700%2C400&ssl=1 2x"},"classes":[]},{"id":92097,"url":"https:\/\/lasprimeras.com.do\/index.php\/2024\/12\/27\/gobierno-evita-alza-combustibles-con-un-subsidio-de-235-millones\/","url_meta":{"origin":139055,"position":5},"title":"Gobierno evita alza combustibles con un subsidio de 235 millones","author":"Nelson Feliz","date":"27 de diciembre de 2024","format":false,"excerpt":"El Gobierno de Rep\u00fablica Dominicana dispuso este viernes un subsidio de 235 millones de pesos para bajar el precio de varios combustibles y mantener sin variaci\u00f3n los cuatro de uso masivo, durante la semana del 28 de diciembre 2024 al 03 de enero 2025. El viceministro de Comercio Interno, Ram\u00f3n\u2026","rel":"","context":"En \u00abECONOM\u00cdA\u00bb","block_context":{"text":"ECONOM\u00cdA","link":"https:\/\/lasprimeras.com.do\/index.php\/category\/economia\/"},"img":{"alt_text":"combustibles","src":"https:\/\/i0.wp.com\/lasprimeras.com.do\/wp-content\/uploads\/2023\/07\/combustibles-1.jpg?resize=350%2C200&ssl=1","width":350,"height":200,"srcset":"https:\/\/i0.wp.com\/lasprimeras.com.do\/wp-content\/uploads\/2023\/07\/combustibles-1.jpg?resize=350%2C200&ssl=1 1x, https:\/\/i0.wp.com\/lasprimeras.com.do\/wp-content\/uploads\/2023\/07\/combustibles-1.jpg?resize=525%2C300&ssl=1 1.5x, https:\/\/i0.wp.com\/lasprimeras.com.do\/wp-content\/uploads\/2023\/07\/combustibles-1.jpg?resize=700%2C400&ssl=1 2x"},"classes":[]}],"jetpack_sharing_enabled":true,"jetpack_featured_media_url":"https:\/\/lasprimeras.com.do\/wp-content\/uploads\/2023\/07\/combustibles-1.jpg","_links":{"self":[{"href":"https:\/\/lasprimeras.com.do\/index.php\/wp-json\/wp\/v2\/posts\/139055","targetHints":{"allow":["GET"]}}],"collection":[{"href":"https:\/\/lasprimeras.com.do\/index.php\/wp-json\/wp\/v2\/posts"}],"about":[{"href":"https:\/\/lasprimeras.com.do\/index.php\/wp-json\/wp\/v2\/types\/post"}],"author":[{"embeddable":true,"href":"https:\/\/lasprimeras.com.do\/index.php\/wp-json\/wp\/v2\/users\/10"}],"replies":[{"embeddable":true,"href":"https:\/\/lasprimeras.com.do\/index.php\/wp-json\/wp\/v2\/comments?post=139055"}],"version-history":[{"count":1,"href":"https:\/\/lasprimeras.com.do\/index.php\/wp-json\/wp\/v2\/posts\/139055\/revisions"}],"predecessor-version":[{"id":139056,"href":"https:\/\/lasprimeras.com.do\/index.php\/wp-json\/wp\/v2\/posts\/139055\/revisions\/139056"}],"wp:featuredmedia":[{"embeddable":true,"href":"https:\/\/lasprimeras.com.do\/index.php\/wp-json\/wp\/v2\/media\/56177"}],"wp:attachment":[{"href":"https:\/\/lasprimeras.com.do\/index.php\/wp-json\/wp\/v2\/media?parent=139055"}],"wp:term":[{"taxonomy":"category","embeddable":true,"href":"https:\/\/lasprimeras.com.do\/index.php\/wp-json\/wp\/v2\/categories?post=139055"},{"taxonomy":"post_tag","embeddable":true,"href":"https:\/\/lasprimeras.com.do\/index.php\/wp-json\/wp\/v2\/tags?post=139055"}],"curies":[{"name":"wp","href":"https:\/\/api.w.org\/{rel}","templated":true}]}}