{"id":139060,"date":"2026-09-04T22:33:22","date_gmt":"2026-09-05T02:33:22","guid":{"rendered":"https:\/\/lasprimeras.com.do\/?p=139060"},"modified":"2026-09-04T22:33:24","modified_gmt":"2026-09-05T02:33:24","slug":"eted-anuncia-trabajos-de-mantenimiento-en-linea-69-kv-pimentel-macoris-en-la-provincia-duarte","status":"publish","type":"post","link":"https:\/\/lasprimeras.com.do\/index.php\/2026\/09\/04\/eted-anuncia-trabajos-de-mantenimiento-en-linea-69-kv-pimentel-macoris-en-la-provincia-duarte\/","title":{"rendered":"ETED anuncia trabajos de mantenimiento en l\u00ednea 69 kV Pimentel-Macor\u00eds en la provincia Duarte"},"content":{"rendered":"\n<p class=\"wp-block-paragraph\"><strong>Los trabajos se realizar\u00e1n este s\u00e1bado 5, en horario de 8:00 a. m. a 9:00 a. m., y posteriormente, de 5:00 p. m. a 6:00 p. m.<\/strong><\/p>\n\n\n\n<p class=\"wp-block-paragraph\"><strong>Santo Domingo.-<\/strong> La Empresa de Transmisi\u00f3n El\u00e9ctrica Dominicana (ETED) informa que realizar\u00e1 trabajos de adecuaci\u00f3n en la l\u00ednea de transmisi\u00f3n 69 kV Pimentel\u2013Macor\u00eds, con el objetivo de fortalecer la confiabilidad y seguridad de la infraestructura el\u00e9ctrica, este s\u00e1bado 5 de septiembre.<\/p>\n\n\n\n<p class=\"wp-block-paragraph\">Las labores consistir\u00e1n en la apertura del jumper KPF del lado de la planta Nestl\u00e9, en horario de 8:00 a. m. a 9:00 a. m., y posteriormente, de 5:00 p. m. a 6:00 p. m., se efectuar\u00e1 el cierre de jumper KPF codal planta Nestl\u00e9.<\/p>\n\n\n\n<p class=\"wp-block-paragraph\">Durante la ejecuci\u00f3n de estos trabajos, se ver\u00e1 afectado temporalmente el suministro el\u00e9ctrico en Guiza, La Mesa, La Pe\u00f1a, Demajagual Arriba, La Bajada, Patao, El Llano, San Felipe Abajo, Los Bracitos, Guan\u00e1bano, La Vereda de Dichoso, Palmarito, Judas, El Mamey y La Estancia, pertenecientes a la provincia Duarte.<\/p>\n\n\n\n<p class=\"wp-block-paragraph\">Asimismo, de manera transitoria se ver\u00e1 afectado Grupo Ramos S.F.M. (La Sirena San Francisco de Macor\u00eds), mientras que la planta Nestl\u00e9 ser\u00e1 afectada durante la intervenci\u00f3n.<\/p>\n\n\n\n<p class=\"wp-block-paragraph\">La ETED agradece la comprensi\u00f3n de la ciudadan\u00eda durante la ejecuci\u00f3n de estos trabajos y reitera que estas acciones forman parte de su plan de mantenimiento y modernizaci\u00f3n de la red de transmisi\u00f3n nacional, orientado a continuar fortaleciendo la estabilidad y eficiencia del sistema el\u00e9ctrico, como habilitador de la transici\u00f3n energ\u00e9tica y digital de la Rep\u00fablica Dominicana.<\/p>\n","protected":false},"excerpt":{"rendered":"<p>Los trabajos se realizar\u00e1n este s\u00e1bado 5, en horario de 8:00 a. m. a 9:00 a. m., y posteriormente, de 5:00 p. m. a 6:00 p. m. Santo Domingo.- La&hellip;<\/p>\n","protected":false},"author":10,"featured_media":139068,"comment_status":"open","ping_status":"open","sticky":false,"template":"","format":"standard","meta":{"content-type":"","_jetpack_newsletter_access":"","_jetpack_dont_email_post_to_subs":false,"_jetpack_newsletter_tier_id":0,"_jetpack_memberships_contains_paywalled_content":false,"_jetpack_feature_clip_id":0,"_jetpack_memberships_contains_paid_content":false,"footnotes":"","jetpack_post_was_ever_published":false},"categories":[35],"tags":[5134,36303,5715,36302],"class_list":["post-139060","post","type-post","status-publish","format-standard","has-post-thumbnail","hentry","category-nacionales","tag-eted","tag-linea-69-kv-pimentel-macoris","tag-provincia-duarte","tag-trabajos-de-mantenimiento"],"jetpack-related-posts":[{"id":138658,"url":"https:\/\/lasprimeras.com.do\/index.php\/2026\/08\/31\/eted-ejecutara-esta-semana-trabajos-programados-de-mantenimiento-preventivo\/","url_meta":{"origin":139060,"position":0},"title":"ETED ejecutar\u00e1 esta semana trabajos programados de mantenimiento preventivo","author":"Nelson Feliz","date":"31 de agosto de 2026","format":false,"excerpt":"Los trabajos abarcar\u00e1n desde el martes 1 de septiembre hasta el viernes 4. Santo Domingo.- La Empresa de Transmisi\u00f3n El\u00e9ctrica Dominicana (ETED) ejecutar\u00e1 este martes 1, mi\u00e9rcoles 2 y viernes 4 de septiembre trabajos de mantenimiento preventivo y reemplazo de estructuras en diferentes l\u00edneas de transmisi\u00f3n del pa\u00eds, como parte\u2026","rel":"","context":"En \u00abNACIONALES\u00bb","block_context":{"text":"NACIONALES","link":"https:\/\/lasprimeras.com.do\/index.php\/category\/nacionales\/"},"img":{"alt_text":"","src":"https:\/\/i0.wp.com\/lasprimeras.com.do\/wp-content\/uploads\/2026\/08\/mantenimiento-preventivo.jpg?resize=350%2C200&ssl=1","width":350,"height":200,"srcset":"https:\/\/i0.wp.com\/lasprimeras.com.do\/wp-content\/uploads\/2026\/08\/mantenimiento-preventivo.jpg?resize=350%2C200&ssl=1 1x, https:\/\/i0.wp.com\/lasprimeras.com.do\/wp-content\/uploads\/2026\/08\/mantenimiento-preventivo.jpg?resize=525%2C300&ssl=1 1.5x, https:\/\/i0.wp.com\/lasprimeras.com.do\/wp-content\/uploads\/2026\/08\/mantenimiento-preventivo.jpg?resize=700%2C400&ssl=1 2x"},"classes":[]},{"id":134302,"url":"https:\/\/lasprimeras.com.do\/index.php\/2026\/07\/09\/eted-anuncia-jornadas-de-mantenimiento-en-la-red-de-transmision-electrica\/","url_meta":{"origin":139060,"position":1},"title":"ETED anuncia jornadas de mantenimiento en la red de transmisi\u00f3n el\u00e9ctrica","author":"Nelson Feliz","date":"9 de julio de 2026","format":false,"excerpt":"Los trabajos se realizar\u00e1n desde hoy hasta el viernes. Santo Domingo.- La Empresa de Transmisi\u00f3n El\u00e9ctrica Dominicana (ETED) realiza programa de mantenimiento preventivo y reemplazo de estructuras desde hoy mi\u00e9rcoles 8 al viernes 10 de este mes, con el prop\u00f3sito de fortalecer la red de transmisi\u00f3n y garantizar un sistema\u2026","rel":"","context":"En \u00abNACIONALES\u00bb","block_context":{"text":"NACIONALES","link":"https:\/\/lasprimeras.com.do\/index.php\/category\/nacionales\/"},"img":{"alt_text":"","src":"https:\/\/i0.wp.com\/lasprimeras.com.do\/wp-content\/uploads\/2026\/07\/eted.jpg?resize=350%2C200&ssl=1","width":350,"height":200,"srcset":"https:\/\/i0.wp.com\/lasprimeras.com.do\/wp-content\/uploads\/2026\/07\/eted.jpg?resize=350%2C200&ssl=1 1x, https:\/\/i0.wp.com\/lasprimeras.com.do\/wp-content\/uploads\/2026\/07\/eted.jpg?resize=525%2C300&ssl=1 1.5x, https:\/\/i0.wp.com\/lasprimeras.com.do\/wp-content\/uploads\/2026\/07\/eted.jpg?resize=700%2C400&ssl=1 2x"},"classes":[]},{"id":137427,"url":"https:\/\/lasprimeras.com.do\/index.php\/2026\/08\/16\/eted-reemplazara-estructuras-en-la-linea-69-kv-pimentel-hatillo-este-lunes\/","url_meta":{"origin":139060,"position":2},"title":"ETED reemplazar\u00e1 estructuras en la l\u00ednea 69 kV Pimentel\u2013Hatillo, este lunes","author":"Nelson Feliz","date":"16 de agosto de 2026","format":false,"excerpt":"Santo Domingo = La Empresa de Transmisi\u00f3n El\u00e9ctrica Dominicana (ETED) contin\u00faa fortaleciendo la infraestructura que sostiene el Sistema El\u00e9ctrico Nacional Interconectado (SENI), con la ejecuci\u00f3n este lunes de trabajos de reemplazo de estructuras por deterioro en la l\u00ednea de transmisi\u00f3n 69 kV Pimentel\u2013Hatillo. Las labores se desarrollar\u00e1n de 9:00 a.\u2026","rel":"","context":"En \u00abNACIONALES\u00bb","block_context":{"text":"NACIONALES","link":"https:\/\/lasprimeras.com.do\/index.php\/category\/nacionales\/"},"img":{"alt_text":"","src":"https:\/\/i0.wp.com\/lasprimeras.com.do\/wp-content\/uploads\/2026\/08\/IMG-20260816-WA0825.jpg?resize=350%2C200&ssl=1","width":350,"height":200,"srcset":"https:\/\/i0.wp.com\/lasprimeras.com.do\/wp-content\/uploads\/2026\/08\/IMG-20260816-WA0825.jpg?resize=350%2C200&ssl=1 1x, https:\/\/i0.wp.com\/lasprimeras.com.do\/wp-content\/uploads\/2026\/08\/IMG-20260816-WA0825.jpg?resize=525%2C300&ssl=1 1.5x, https:\/\/i0.wp.com\/lasprimeras.com.do\/wp-content\/uploads\/2026\/08\/IMG-20260816-WA0825.jpg?resize=700%2C400&ssl=1 2x, https:\/\/i0.wp.com\/lasprimeras.com.do\/wp-content\/uploads\/2026\/08\/IMG-20260816-WA0825.jpg?resize=1050%2C600&ssl=1 3x, https:\/\/i0.wp.com\/lasprimeras.com.do\/wp-content\/uploads\/2026\/08\/IMG-20260816-WA0825.jpg?resize=1400%2C800&ssl=1 4x"},"classes":[]},{"id":138039,"url":"https:\/\/lasprimeras.com.do\/index.php\/2026\/08\/24\/eted-fortalece-red-de-transmision-electrica-con-jornadas-de-mantenimiento-y-reemplazo-de-estructuras\/","url_meta":{"origin":139060,"position":3},"title":"ETED fortalece red de transmisi\u00f3n el\u00e9ctrica con jornadas de mantenimiento y reemplazo de estructuras","author":"Nelson Feliz","date":"24 de agosto de 2026","format":false,"excerpt":"Los trabajos se desarrollar\u00e1n este martes 25 y jueves 27 de agosto en l\u00edneas de transmisi\u00f3n de las provincias Mar\u00eda Trinidad S\u00e1nchez, San Juan y Santiago Santo Domingo.- La Empresa de Transmisi\u00f3n El\u00e9ctrica Dominicana (ETED) realizar\u00e1 este martes 25 y jueves 27 de agosto jornadas de mantenimiento preventivo y reemplazo\u2026","rel":"","context":"En \u00abPORTADA\u00bb","block_context":{"text":"PORTADA","link":"https:\/\/lasprimeras.com.do\/index.php\/category\/portada\/"},"img":{"alt_text":"","src":"https:\/\/i0.wp.com\/lasprimeras.com.do\/wp-content\/uploads\/2026\/08\/ETED.jpg?resize=350%2C200&ssl=1","width":350,"height":200,"srcset":"https:\/\/i0.wp.com\/lasprimeras.com.do\/wp-content\/uploads\/2026\/08\/ETED.jpg?resize=350%2C200&ssl=1 1x, https:\/\/i0.wp.com\/lasprimeras.com.do\/wp-content\/uploads\/2026\/08\/ETED.jpg?resize=525%2C300&ssl=1 1.5x, https:\/\/i0.wp.com\/lasprimeras.com.do\/wp-content\/uploads\/2026\/08\/ETED.jpg?resize=700%2C400&ssl=1 2x"},"classes":[]},{"id":104113,"url":"https:\/\/lasprimeras.com.do\/index.php\/2025\/07\/21\/eted-dara-mantenimiento-este-martes-en-linea-de-transmision-y-subestacion-electrica\/","url_meta":{"origin":139060,"position":4},"title":"ETED dar\u00e1 mantenimiento este martes en l\u00ednea de transmisi\u00f3n y subestaci\u00f3n el\u00e9ctrica","author":"Nelson Feliz","date":"21 de julio de 2025","format":false,"excerpt":"La Empresa de Transmisi\u00f3n El\u00e9ctrica Dominicana (ETED) inform\u00f3 que este martes realizar\u00e1 trabajos programados de mantenimiento en la l\u00ednea de transmisi\u00f3n 69 kV Pimentel \u2013 San Francisco de Macor\u00eds y en la subestaci\u00f3n 69 kV Boca Chica \u2013 SPM, como parte de su compromiso con el fortalecimiento del servicio de\u2026","rel":"","context":"En \u00abNACIONALES\u00bb","block_context":{"text":"NACIONALES","link":"https:\/\/lasprimeras.com.do\/index.php\/category\/nacionales\/"},"img":{"alt_text":"ETED","src":"https:\/\/i0.wp.com\/lasprimeras.com.do\/wp-content\/uploads\/2023\/10\/ETED-4.jpg?resize=350%2C200&ssl=1","width":350,"height":200,"srcset":"https:\/\/i0.wp.com\/lasprimeras.com.do\/wp-content\/uploads\/2023\/10\/ETED-4.jpg?resize=350%2C200&ssl=1 1x, https:\/\/i0.wp.com\/lasprimeras.com.do\/wp-content\/uploads\/2023\/10\/ETED-4.jpg?resize=525%2C300&ssl=1 1.5x, https:\/\/i0.wp.com\/lasprimeras.com.do\/wp-content\/uploads\/2023\/10\/ETED-4.jpg?resize=700%2C400&ssl=1 2x"},"classes":[]},{"id":130104,"url":"https:\/\/lasprimeras.com.do\/index.php\/2026\/05\/10\/eted-desarrolla-jornadas-tecnicas-en-distintas-provincias-del-pais\/","url_meta":{"origin":139060,"position":5},"title":"ETED desarrolla jornadas t\u00e9cnicas en distintas provincias del pa\u00eds","author":"Nelson Feliz","date":"10 de mayo de 2026","format":false,"excerpt":"La Empresa de Transmisi\u00f3n El\u00e9ctrica Dominicana (ETED) informa que continuar\u00e1 desarrollando trabajos programados de mantenimiento preventivo, adecuaciones t\u00e9cnicas y reemplazo de estructuras en distintas l\u00edneas y subestaciones del pa\u00eds, como parte de las acciones orientadas a fortalecer la estabilidad, seguridad y eficiencia del sistema el\u00e9ctrico nacional. Este lunes 11 de\u2026","rel":"","context":"En \u00abNACIONALES\u00bb","block_context":{"text":"NACIONALES","link":"https:\/\/lasprimeras.com.do\/index.php\/category\/nacionales\/"},"img":{"alt_text":"","src":"https:\/\/i0.wp.com\/lasprimeras.com.do\/wp-content\/uploads\/2026\/05\/ETED.jpg?resize=350%2C200&ssl=1","width":350,"height":200,"srcset":"https:\/\/i0.wp.com\/lasprimeras.com.do\/wp-content\/uploads\/2026\/05\/ETED.jpg?resize=350%2C200&ssl=1 1x, https:\/\/i0.wp.com\/lasprimeras.com.do\/wp-content\/uploads\/2026\/05\/ETED.jpg?resize=525%2C300&ssl=1 1.5x, https:\/\/i0.wp.com\/lasprimeras.com.do\/wp-content\/uploads\/2026\/05\/ETED.jpg?resize=700%2C400&ssl=1 2x"},"classes":[]}],"jetpack_sharing_enabled":true,"jetpack_featured_media_url":"https:\/\/lasprimeras.com.do\/wp-content\/uploads\/2026\/09\/linea-de-transmision.jpg","_links":{"self":[{"href":"https:\/\/lasprimeras.com.do\/index.php\/wp-json\/wp\/v2\/posts\/139060","targetHints":{"allow":["GET"]}}],"collection":[{"href":"https:\/\/lasprimeras.com.do\/index.php\/wp-json\/wp\/v2\/posts"}],"about":[{"href":"https:\/\/lasprimeras.com.do\/index.php\/wp-json\/wp\/v2\/types\/post"}],"author":[{"embeddable":true,"href":"https:\/\/lasprimeras.com.do\/index.php\/wp-json\/wp\/v2\/users\/10"}],"replies":[{"embeddable":true,"href":"https:\/\/lasprimeras.com.do\/index.php\/wp-json\/wp\/v2\/comments?post=139060"}],"version-history":[{"count":1,"href":"https:\/\/lasprimeras.com.do\/index.php\/wp-json\/wp\/v2\/posts\/139060\/revisions"}],"predecessor-version":[{"id":139069,"href":"https:\/\/lasprimeras.com.do\/index.php\/wp-json\/wp\/v2\/posts\/139060\/revisions\/139069"}],"wp:featuredmedia":[{"embeddable":true,"href":"https:\/\/lasprimeras.com.do\/index.php\/wp-json\/wp\/v2\/media\/139068"}],"wp:attachment":[{"href":"https:\/\/lasprimeras.com.do\/index.php\/wp-json\/wp\/v2\/media?parent=139060"}],"wp:term":[{"taxonomy":"category","embeddable":true,"href":"https:\/\/lasprimeras.com.do\/index.php\/wp-json\/wp\/v2\/categories?post=139060"},{"taxonomy":"post_tag","embeddable":true,"href":"https:\/\/lasprimeras.com.do\/index.php\/wp-json\/wp\/v2\/tags?post=139060"}],"curies":[{"name":"wp","href":"https:\/\/api.w.org\/{rel}","templated":true}]}}