{"id":139065,"date":"2026-09-04T22:32:28","date_gmt":"2026-09-05T02:32:28","guid":{"rendered":"https:\/\/lasprimeras.com.do\/?p=139065"},"modified":"2026-09-04T22:32:29","modified_gmt":"2026-09-05T02:32:29","slug":"luis-abinader-inaugura-carretera-boca-de-chavon-tras-mas-de-25-anos-de-espera","status":"publish","type":"post","link":"https:\/\/lasprimeras.com.do\/index.php\/2026\/09\/04\/luis-abinader-inaugura-carretera-boca-de-chavon-tras-mas-de-25-anos-de-espera\/","title":{"rendered":"Luis Abinader inaugura carretera Boca de Chav\u00f3n tras m\u00e1s de 25 a\u00f1os de espera"},"content":{"rendered":"\n<p class=\"wp-block-paragraph\">La Altagracia.\u2013 El presidente Luis Abinader inaugur\u00f3 este viernes la reconstrucci\u00f3n de la carretera Cruce Autov\u00eda del Coral\u2013Boca de Chav\u00f3n, en el municipio de San Rafael del Yuma, una obra reclamada durante m\u00e1s de 25 a\u00f1os por residentes de la zona.<\/p>\n\n\n\n<p class=\"wp-block-paragraph\">La intervenci\u00f3n, ejecutada por el Ministerio de Obras P\u00fablicas y Comunicaciones (MOPC), abarc\u00f3 m\u00e1s de 5.5 kil\u00f3metros de asfaltado y fortaleci\u00f3 la conexi\u00f3n con la Autov\u00eda del Coral, facilitando el desplazamiento de residentes, comerciantes, agricultores y pescadores.<\/p>\n\n\n\n<p class=\"wp-block-paragraph\">De acuerdo con las autoridades, la obra tambi\u00e9n incluye calles asfaltadas, iluminaci\u00f3n y aceras para m\u00e1s de 3,500 residentes de Boca de Chav\u00f3n, adem\u00e1s de mejoras orientadas a fortalecer la seguridad vial y el acceso hacia otros puntos de la provincia.<\/p>\n","protected":false},"excerpt":{"rendered":"<p>La Altagracia.\u2013 El presidente Luis Abinader inaugur\u00f3 este viernes la reconstrucci\u00f3n de la carretera Cruce Autov\u00eda del Coral\u2013Boca de Chav\u00f3n, en el municipio de San Rafael del Yuma, una obra&hellip;<\/p>\n","protected":false},"author":3,"featured_media":139066,"comment_status":"open","ping_status":"open","sticky":false,"template":"","format":"standard","meta":{"content-type":"","_jetpack_newsletter_access":"","_jetpack_dont_email_post_to_subs":false,"_jetpack_newsletter_tier_id":0,"_jetpack_memberships_contains_paywalled_content":false,"_jetpack_feature_clip_id":0,"_jetpack_memberships_contains_paid_content":false,"footnotes":"","jetpack_post_was_ever_published":false},"categories":[35],"tags":[36304,67,3777],"class_list":["post-139065","post","type-post","status-publish","format-standard","has-post-thumbnail","hentry","category-nacionales","tag-autovia-2","tag-luis-abinader","tag-mopc"],"jetpack-related-posts":[{"id":126659,"url":"https:\/\/lasprimeras.com.do\/index.php\/2026\/04\/04\/christian-nodal-se-presentara-esta-noche-en-alto-de-chavon\/","url_meta":{"origin":139065,"position":0},"title":"Christian Nodal se presentara esta noche en Alto de Chav\u00f3n","author":"Nelson Feliz","date":"4 de abril de 2026","format":false,"excerpt":"Nodal ya est\u00e1 en RD para su concierto esta noche en Chav\u00f3n Por Shawell Pe\u00f1a El cantante mexicano Christian Nodal ya se encuentra en el pa\u00eds para su presentaci\u00f3n de esta noche en el anfiteatro de Altos de Chav\u00f3n, en La Romana, dentro de la tradicional cartelera art\u00edstica de S\u00e1bado\u2026","rel":"","context":"En \u00abENTRETENIMIENTO\u00bb","block_context":{"text":"ENTRETENIMIENTO","link":"https:\/\/lasprimeras.com.do\/index.php\/category\/entretenimiento\/"},"img":{"alt_text":"","src":"https:\/\/i0.wp.com\/lasprimeras.com.do\/wp-content\/uploads\/2026\/04\/nodal.jpg?resize=350%2C200&ssl=1","width":350,"height":200,"srcset":"https:\/\/i0.wp.com\/lasprimeras.com.do\/wp-content\/uploads\/2026\/04\/nodal.jpg?resize=350%2C200&ssl=1 1x, https:\/\/i0.wp.com\/lasprimeras.com.do\/wp-content\/uploads\/2026\/04\/nodal.jpg?resize=525%2C300&ssl=1 1.5x, https:\/\/i0.wp.com\/lasprimeras.com.do\/wp-content\/uploads\/2026\/04\/nodal.jpg?resize=700%2C400&ssl=1 2x"},"classes":[]},{"id":126632,"url":"https:\/\/lasprimeras.com.do\/index.php\/2026\/04\/04\/miembros-de-la-defensa-civil-buscan-un-adolescente-arrastrado-rio-chavon-el-jueves\/","url_meta":{"origin":139065,"position":1},"title":"Miembros de la Defensa Civil buscan un adolescente arrastrado r\u00edo Chav\u00f3n el jueves","author":"Nelson Feliz","date":"4 de abril de 2026","format":false,"excerpt":"Por Ali N\u00fa\u00f1ez HIG\u00dcEY.- Miembros de la Defensa Civil buscan a un adolescente de 17 a\u00f1os desaparecido desde el pasado Jueves Santo, luego de ser arrastrado por el r\u00edo Chav\u00f3n, en la comunidad Chav\u00f3n Arriba. Se trata de Pablo Melo Ram\u00edrez quien habr\u00eda intentado cruzar el afluente junto a otros\u2026","rel":"","context":"En \u00abNACIONALES\u00bb","block_context":{"text":"NACIONALES","link":"https:\/\/lasprimeras.com.do\/index.php\/category\/nacionales\/"},"img":{"alt_text":"Miembros de la Defensa Civil buscan a Pablo Melo Ram\u00edrez, arrastrado por las aguas del r\u00edo Chav\u00f3n el Jueves Santo del 2026.","src":"https:\/\/i0.wp.com\/lasprimeras.com.do\/wp-content\/uploads\/2026\/04\/Rio-Chavon.jpg?resize=350%2C200&ssl=1","width":350,"height":200,"srcset":"https:\/\/i0.wp.com\/lasprimeras.com.do\/wp-content\/uploads\/2026\/04\/Rio-Chavon.jpg?resize=350%2C200&ssl=1 1x, https:\/\/i0.wp.com\/lasprimeras.com.do\/wp-content\/uploads\/2026\/04\/Rio-Chavon.jpg?resize=525%2C300&ssl=1 1.5x, https:\/\/i0.wp.com\/lasprimeras.com.do\/wp-content\/uploads\/2026\/04\/Rio-Chavon.jpg?resize=700%2C400&ssl=1 2x"},"classes":[]},{"id":132212,"url":"https:\/\/lasprimeras.com.do\/index.php\/2026\/05\/29\/presidente-abinader-inaugura-carretera-enriquillo-el-higuero-en-barahona\/","url_meta":{"origin":139065,"position":2},"title":"Presidente Abinader inaugura carretera Enriquillo\u2013El Hig\u00fcero en Barahona","author":"Nelson Feliz","date":"29 de mayo de 2026","format":false,"excerpt":"Eduardo Estrella, destaca visi\u00f3n y seguimiento permanente del presidente Abinader para transformar el sur con obras que acercan desarrollo y oportunidades Barahona.\u2013 El presidente Luis Abinader inaugur\u00f3 este viernes la carretera Enriquillo\u2013El Hig\u00fcero, una obra de 13.5 kil\u00f3metros ejecutada a trav\u00e9s del Ministerio de Obras P\u00fablicas y Comunicaciones (MOPC), que\u2026","rel":"","context":"En \u00abNACIONALES\u00bb","block_context":{"text":"NACIONALES","link":"https:\/\/lasprimeras.com.do\/index.php\/category\/nacionales\/"},"img":{"alt_text":"","src":"https:\/\/i0.wp.com\/lasprimeras.com.do\/wp-content\/uploads\/2026\/05\/Luis-Abinader-14.jpg?resize=350%2C200&ssl=1","width":350,"height":200,"srcset":"https:\/\/i0.wp.com\/lasprimeras.com.do\/wp-content\/uploads\/2026\/05\/Luis-Abinader-14.jpg?resize=350%2C200&ssl=1 1x, https:\/\/i0.wp.com\/lasprimeras.com.do\/wp-content\/uploads\/2026\/05\/Luis-Abinader-14.jpg?resize=525%2C300&ssl=1 1.5x, https:\/\/i0.wp.com\/lasprimeras.com.do\/wp-content\/uploads\/2026\/05\/Luis-Abinader-14.jpg?resize=700%2C400&ssl=1 2x"},"classes":[]},{"id":123105,"url":"https:\/\/lasprimeras.com.do\/index.php\/2026\/02\/25\/abinader-entrega-la-carretera-bayaguana-el-puerto-eje-clave-de-integracion-regional\/","url_meta":{"origin":139065,"position":3},"title":"Abinader entrega la carretera Bayaguana\u2013El Puerto, eje clave de integraci\u00f3n regional","author":"Nelson Feliz","date":"25 de febrero de 2026","format":false,"excerpt":"La carretera forma parte del corredor de 103 kil\u00f3metros que articular\u00e1 Hato Mayor con Cevicos a trav\u00e9s de El Puerto, Bayaguana y Monte Plata El presidente Luis Abinader inaugur\u00f3 este mi\u00e9rcoles la carretera Bayaguana\u2013El Puerto, una obra que responde a una deuda hist\u00f3rica con comunidades que por d\u00e9cadas vieron limitado\u2026","rel":"","context":"En \u00abNACIONALES\u00bb","block_context":{"text":"NACIONALES","link":"https:\/\/lasprimeras.com.do\/index.php\/category\/nacionales\/"},"img":{"alt_text":"Luis Abinader","src":"https:\/\/i0.wp.com\/lasprimeras.com.do\/wp-content\/uploads\/2026\/02\/Luis-Abinader-3-2.jpg?resize=350%2C200&ssl=1","width":350,"height":200,"srcset":"https:\/\/i0.wp.com\/lasprimeras.com.do\/wp-content\/uploads\/2026\/02\/Luis-Abinader-3-2.jpg?resize=350%2C200&ssl=1 1x, https:\/\/i0.wp.com\/lasprimeras.com.do\/wp-content\/uploads\/2026\/02\/Luis-Abinader-3-2.jpg?resize=525%2C300&ssl=1 1.5x, https:\/\/i0.wp.com\/lasprimeras.com.do\/wp-content\/uploads\/2026\/02\/Luis-Abinader-3-2.jpg?resize=700%2C400&ssl=1 2x"},"classes":[]},{"id":137836,"url":"https:\/\/lasprimeras.com.do\/index.php\/2026\/08\/21\/abinader-inaugurara-obras-de-infraestructura-vial-y-un-techado-este-sabado-en-independencia\/","url_meta":{"origin":139065,"position":4},"title":"Abinader inaugurar\u00e1 obras de infraestructura vial y un techado este s\u00e1bado en Independencia","author":"Nelson Feliz","date":"21 de agosto de 2026","format":false,"excerpt":"Tambi\u00e9n inaugurar\u00e1, en Barahona, la carretera Cabral-Polo, el remozamiento del edificio de Medio Ambiente y la primera etapa del Centro Tecnol\u00f3gico Hotel Escuela Guarocuya. Santo Domingo.- El presidente Luis Abinader viajar\u00e1 este s\u00e1bado a las provincias Independencia y Barahona, donde encabezar\u00e1 una serie de inauguraciones de obras de infraestructura vial,\u2026","rel":"","context":"En \u00abPORTADA\u00bb","block_context":{"text":"PORTADA","link":"https:\/\/lasprimeras.com.do\/index.php\/category\/portada\/"},"img":{"alt_text":"Luis Abinader","src":"https:\/\/i0.wp.com\/lasprimeras.com.do\/wp-content\/uploads\/2026\/07\/Luis-Abinader-1.jpg?resize=350%2C200&ssl=1","width":350,"height":200,"srcset":"https:\/\/i0.wp.com\/lasprimeras.com.do\/wp-content\/uploads\/2026\/07\/Luis-Abinader-1.jpg?resize=350%2C200&ssl=1 1x, https:\/\/i0.wp.com\/lasprimeras.com.do\/wp-content\/uploads\/2026\/07\/Luis-Abinader-1.jpg?resize=525%2C300&ssl=1 1.5x, https:\/\/i0.wp.com\/lasprimeras.com.do\/wp-content\/uploads\/2026\/07\/Luis-Abinader-1.jpg?resize=700%2C400&ssl=1 2x"},"classes":[]},{"id":128712,"url":"https:\/\/lasprimeras.com.do\/index.php\/2026\/04\/26\/abinader-inaugura-carretera-mata-bonita-los-memisos-de-13-8-kilometros-en-las-gordas-nagua\/","url_meta":{"origin":139065,"position":5},"title":"Abinader inaugura carretera Mata Bonita\u2013Los Memisos de 13.8 kil\u00f3metros en Las Gordas- Nagua","author":"Nelson Feliz","date":"26 de abril de 2026","format":false,"excerpt":"El presidente Luis Abinader inaugur\u00f3 este domingo la carretera Mata Bonita\u2013Los Memisos, de 13.8 kil\u00f3metros de longitud, en el distrito municipal de Las Gordas, municipio de Nagua, construida por la Empresa de Generaci\u00f3n Hidroel\u00e9ctrica Dominicana (EGEHID), dando respuesta a un reclamo de m\u00e1s de 50 a\u00f1os de las comunidades de\u2026","rel":"","context":"En \u00abECONOM\u00cdA\u00bb","block_context":{"text":"ECONOM\u00cdA","link":"https:\/\/lasprimeras.com.do\/index.php\/category\/economia\/"},"img":{"alt_text":"","src":"https:\/\/i0.wp.com\/lasprimeras.com.do\/wp-content\/uploads\/2026\/04\/Luis-Abinader-3-1.jpg?resize=350%2C200&ssl=1","width":350,"height":200,"srcset":"https:\/\/i0.wp.com\/lasprimeras.com.do\/wp-content\/uploads\/2026\/04\/Luis-Abinader-3-1.jpg?resize=350%2C200&ssl=1 1x, https:\/\/i0.wp.com\/lasprimeras.com.do\/wp-content\/uploads\/2026\/04\/Luis-Abinader-3-1.jpg?resize=525%2C300&ssl=1 1.5x, https:\/\/i0.wp.com\/lasprimeras.com.do\/wp-content\/uploads\/2026\/04\/Luis-Abinader-3-1.jpg?resize=700%2C400&ssl=1 2x"},"classes":[]}],"jetpack_sharing_enabled":true,"jetpack_featured_media_url":"https:\/\/lasprimeras.com.do\/wp-content\/uploads\/2026\/09\/Foto-web_1-1.webp","_links":{"self":[{"href":"https:\/\/lasprimeras.com.do\/index.php\/wp-json\/wp\/v2\/posts\/139065","targetHints":{"allow":["GET"]}}],"collection":[{"href":"https:\/\/lasprimeras.com.do\/index.php\/wp-json\/wp\/v2\/posts"}],"about":[{"href":"https:\/\/lasprimeras.com.do\/index.php\/wp-json\/wp\/v2\/types\/post"}],"author":[{"embeddable":true,"href":"https:\/\/lasprimeras.com.do\/index.php\/wp-json\/wp\/v2\/users\/3"}],"replies":[{"embeddable":true,"href":"https:\/\/lasprimeras.com.do\/index.php\/wp-json\/wp\/v2\/comments?post=139065"}],"version-history":[{"count":1,"href":"https:\/\/lasprimeras.com.do\/index.php\/wp-json\/wp\/v2\/posts\/139065\/revisions"}],"predecessor-version":[{"id":139067,"href":"https:\/\/lasprimeras.com.do\/index.php\/wp-json\/wp\/v2\/posts\/139065\/revisions\/139067"}],"wp:featuredmedia":[{"embeddable":true,"href":"https:\/\/lasprimeras.com.do\/index.php\/wp-json\/wp\/v2\/media\/139066"}],"wp:attachment":[{"href":"https:\/\/lasprimeras.com.do\/index.php\/wp-json\/wp\/v2\/media?parent=139065"}],"wp:term":[{"taxonomy":"category","embeddable":true,"href":"https:\/\/lasprimeras.com.do\/index.php\/wp-json\/wp\/v2\/categories?post=139065"},{"taxonomy":"post_tag","embeddable":true,"href":"https:\/\/lasprimeras.com.do\/index.php\/wp-json\/wp\/v2\/tags?post=139065"}],"curies":[{"name":"wp","href":"https:\/\/api.w.org\/{rel}","templated":true}]}}