{"id":139070,"date":"2026-09-04T22:36:34","date_gmt":"2026-09-05T02:36:34","guid":{"rendered":"https:\/\/lasprimeras.com.do\/?p=139070"},"modified":"2026-09-04T22:36:36","modified_gmt":"2026-09-05T02:36:36","slug":"lorena-ochoa-debuta-en-teeth-of-the-dog-y-comparte-su-experiencia-con-jovenes-golfistas-en-casa-de-campo","status":"publish","type":"post","link":"https:\/\/lasprimeras.com.do\/index.php\/2026\/09\/04\/lorena-ochoa-debuta-en-teeth-of-the-dog-y-comparte-su-experiencia-con-jovenes-golfistas-en-casa-de-campo\/","title":{"rendered":"Lorena Ochoa debuta en Teeth of the Dog y comparte su experiencia con j\u00f3venes golfistas en Casa de Campo"},"content":{"rendered":"\n<p class=\"wp-block-paragraph\">La leyenda mexicana del golf femenino Lorena Ochoa vivi\u00f3 este viernes una jornada especial en Casa de Campo Resort &amp; Villas, donde jug\u00f3 por primera vez en Teeth of the Dog\u00ae, el ic\u00f3nico campo dise\u00f1ado por Pete Dye y considerado uno de los grandes referentes del golf mundial.<\/p>\n\n\n\n<p class=\"wp-block-paragraph\">Ochoa, ex n\u00famero uno del ranking mundial y ganadora de dos Majors, particip\u00f3 en una cl\u00ednica de golf para invitados especiales, encabezada por el ministro de Turismo de Rep\u00fablica Dominicana, David Collado; el vicepresidente ejecutivo de Central Romana Corporation, Leo Matos; y el presidente de Casa de Campo Resort &amp; Villas, Andr\u00e9s Pichardo Rosenberg.<\/p>\n\n\n\n<p class=\"wp-block-paragraph\">Durante el encuentro fueron destacados algunos de los principales logros que marcaron la carrera de la golfista mexicana, entre ellos sus 27 t\u00edtulos en el circuito de la LPGA, as\u00ed como su hist\u00f3rica permanencia de 158 semanas consecutivas como n\u00famero uno del mundo y su ingreso al Sal\u00f3n de la Fama del Golf Mundial.<\/p>\n","protected":false},"excerpt":{"rendered":"<p>La leyenda mexicana del golf femenino Lorena Ochoa vivi\u00f3 este viernes una jornada especial en Casa de Campo Resort &amp; Villas, donde jug\u00f3 por primera vez en Teeth of the&hellip;<\/p>\n","protected":false},"author":3,"featured_media":139071,"comment_status":"open","ping_status":"open","sticky":false,"template":"","format":"standard","meta":{"content-type":"","_jetpack_newsletter_access":"","_jetpack_dont_email_post_to_subs":false,"_jetpack_newsletter_tier_id":0,"_jetpack_memberships_contains_paywalled_content":false,"_jetpack_feature_clip_id":0,"_jetpack_memberships_contains_paid_content":false,"footnotes":"","jetpack_post_was_ever_published":false},"categories":[630],"tags":[17586],"class_list":["post-139070","post","type-post","status-publish","format-standard","has-post-thumbnail","hentry","category-deportes","tag-golf"],"jetpack-related-posts":[{"id":124570,"url":"https:\/\/lasprimeras.com.do\/index.php\/2026\/03\/13\/la-romana-abinader-inaugura-remodelacion-de-teeth-of-the-dog\/","url_meta":{"origin":139070,"position":0},"title":"La Romana: Abinader inaugura remodelaci\u00f3n de Teeth of the Dog","author":"Nelson Feliz","date":"13 de marzo de 2026","format":false,"excerpt":"El presidente Luis Abinader particip\u00f3 en la reapertura del ic\u00f3nico campo de golf Teeth of the Dog, ubicado en Casa de Campo Resort & Villas, cuya restauraci\u00f3n implic\u00f3 una inversi\u00f3n de 15 millones de d\u00f3lares y refuerza la confianza en el pa\u00eds como destino de inversi\u00f3n de clase mundial, adem\u00e1s\u2026","rel":"","context":"En \u00abPORTADA\u00bb","block_context":{"text":"PORTADA","link":"https:\/\/lasprimeras.com.do\/index.php\/category\/portada\/"},"img":{"alt_text":"","src":"https:\/\/i0.wp.com\/lasprimeras.com.do\/wp-content\/uploads\/2026\/03\/Luis-Abinader-5-1.jpg?resize=350%2C200&ssl=1","width":350,"height":200,"srcset":"https:\/\/i0.wp.com\/lasprimeras.com.do\/wp-content\/uploads\/2026\/03\/Luis-Abinader-5-1.jpg?resize=350%2C200&ssl=1 1x, https:\/\/i0.wp.com\/lasprimeras.com.do\/wp-content\/uploads\/2026\/03\/Luis-Abinader-5-1.jpg?resize=525%2C300&ssl=1 1.5x, https:\/\/i0.wp.com\/lasprimeras.com.do\/wp-content\/uploads\/2026\/03\/Luis-Abinader-5-1.jpg?resize=700%2C400&ssl=1 2x"},"classes":[]},{"id":49167,"url":"https:\/\/lasprimeras.com.do\/index.php\/2023\/05\/08\/amchamdr-celebrara-xxiii-edicion-del-torneo-de-golf-ambassadors-cup\/","url_meta":{"origin":139070,"position":1},"title":"AMCHAMDR celebrar\u00e1 XXIII edici\u00f3n del torneo de golf Ambassador\u2019s Cup","author":"prenxa100","date":"8 de mayo de 2023","format":false,"excerpt":"SANTO DOMINGO.- La C\u00e1mara Americana de Comercio de la Rep\u00fablica Dominicana anunci\u00f3 la celebraci\u00f3n de la vig\u00e9simo tercera (XXIII) edici\u00f3n de su emblem\u00e1tico torneo de golf Charles T. Manatt Memorial Ambassador\u2019s Cup. El evento, que re\u00fane cada a\u00f1o a amantes del golf (en su mayor\u00eda empresarios, altos ejecutivos, diplom\u00e1ticos y\u2026","rel":"","context":"En \u00abSin categor\u00eda\u00bb","block_context":{"text":"Sin categor\u00eda","link":"https:\/\/lasprimeras.com.do\/index.php\/category\/sin-categoria\/"},"img":{"alt_text":"","src":"","width":0,"height":0},"classes":[]},{"id":68442,"url":"https:\/\/lasprimeras.com.do\/index.php\/2023\/11\/24\/pga-ocean-incorporara-tecnologia-en-su-academia-golf\/","url_meta":{"origin":139070,"position":2},"title":"PGA Ocean incorporara tecnolog\u00eda en su academia golf","author":"Nelson Feliz","date":"24 de noviembre de 2023","format":false,"excerpt":"\u25cf Con la reciente instalaci\u00f3n del radar Trackman, la Academia se posiciona como una de las m\u00e1s tecnol\u00f3gicas del pa\u00eds \u25cf La Academia est\u00e1 dirigida por el profesor y miembro de la PGA of Am\u00e9rica, Iv\u00e1n Merino, que cuenta con una basta trayectoria y experiencia en la ense\u00f1anza del golf.\u2026","rel":"","context":"En \u00abSin categor\u00eda\u00bb","block_context":{"text":"Sin categor\u00eda","link":"https:\/\/lasprimeras.com.do\/index.php\/category\/sin-categoria\/"},"img":{"alt_text":"Grupo Pi\u00f1ero","src":"https:\/\/i0.wp.com\/lasprimeras.com.do\/wp-content\/uploads\/2023\/11\/Grupo-Pinero-1.jpg?resize=350%2C200&ssl=1","width":350,"height":200,"srcset":"https:\/\/i0.wp.com\/lasprimeras.com.do\/wp-content\/uploads\/2023\/11\/Grupo-Pinero-1.jpg?resize=350%2C200&ssl=1 1x, https:\/\/i0.wp.com\/lasprimeras.com.do\/wp-content\/uploads\/2023\/11\/Grupo-Pinero-1.jpg?resize=525%2C300&ssl=1 1.5x, https:\/\/i0.wp.com\/lasprimeras.com.do\/wp-content\/uploads\/2023\/11\/Grupo-Pinero-1.jpg?resize=700%2C400&ssl=1 2x"},"classes":[]},{"id":94095,"url":"https:\/\/lasprimeras.com.do\/index.php\/2025\/02\/25\/tour-de-campeones-2025-la-nueva-era-del-golf-en-republica-dominicana\/","url_meta":{"origin":139070,"position":3},"title":"Tour de Campeones 2025: la nueva era del golf en Rep\u00fablica Dominicana","author":"Nelson Feliz","date":"25 de febrero de 2025","format":false,"excerpt":"Con cinco paradas y una gran final en los campos m\u00e1s prestigiosos del pa\u00eds, la jornada deportiva se desarrollar\u00e1 de marzo a noviembre de 2025, brindando a los participantes una experiencia donde la pasi\u00f3n por el golf se combina con la exclusividad. El Tour de Campeones 2025 promete convertirse en\u2026","rel":"","context":"En \u00abDEPORTES\u00bb","block_context":{"text":"DEPORTES","link":"https:\/\/lasprimeras.com.do\/index.php\/category\/deportes\/"},"img":{"alt_text":"Carlos De Linares, Alejandro Jovine Tarazona y Jesu\u0301s Dura\u0301n","src":"https:\/\/i0.wp.com\/lasprimeras.com.do\/wp-content\/uploads\/2025\/02\/Carlos-De-Linares-Alejandro-Jovine-Tarazona-y-Jesus-Duran.jpg?resize=350%2C200&ssl=1","width":350,"height":200,"srcset":"https:\/\/i0.wp.com\/lasprimeras.com.do\/wp-content\/uploads\/2025\/02\/Carlos-De-Linares-Alejandro-Jovine-Tarazona-y-Jesus-Duran.jpg?resize=350%2C200&ssl=1 1x, https:\/\/i0.wp.com\/lasprimeras.com.do\/wp-content\/uploads\/2025\/02\/Carlos-De-Linares-Alejandro-Jovine-Tarazona-y-Jesus-Duran.jpg?resize=525%2C300&ssl=1 1.5x, https:\/\/i0.wp.com\/lasprimeras.com.do\/wp-content\/uploads\/2025\/02\/Carlos-De-Linares-Alejandro-Jovine-Tarazona-y-Jesus-Duran.jpg?resize=700%2C400&ssl=1 2x"},"classes":[]},{"id":79293,"url":"https:\/\/lasprimeras.com.do\/index.php\/2024\/03\/25\/fedogolf-y-mastercard-banreservas-anuncian-campeonatos-nacionales\/","url_meta":{"origin":139070,"position":4},"title":"Fedogolf y Mastercard Banreservas anuncian Campeonatos Nacionales","author":"Nelson Feliz","date":"25 de marzo de 2024","format":false,"excerpt":"La Federaci\u00f3n Dominicana de Golf, con el auspicio de\u00a0M\u00e1sterCard\u00a0Banreservas, anunciaron la celebraci\u00f3n de los Campeonatos Nacionales Stroke Play (juego por golpes) en su versi\u00f3n n\u00famero 57, a celebrarse del 30 de mayo al 2 de junio del presente a\u00f1o, en los campos de golf Dientes de Perro, The Links y\u2026","rel":"","context":"En \u00abSin categor\u00eda\u00bb","block_context":{"text":"Sin categor\u00eda","link":"https:\/\/lasprimeras.com.do\/index.php\/category\/sin-categoria\/"},"img":{"alt_text":"Enrique Valverde y Luis Jos\u00e9 Placeres, junto a directivos del Banreservas","src":"https:\/\/i0.wp.com\/lasprimeras.com.do\/wp-content\/uploads\/2024\/03\/Enrique-Valverde-y-Luis-Jose-Placeres-junto-a-directivos-del-Banreservas.jpg?resize=350%2C200&ssl=1","width":350,"height":200,"srcset":"https:\/\/i0.wp.com\/lasprimeras.com.do\/wp-content\/uploads\/2024\/03\/Enrique-Valverde-y-Luis-Jose-Placeres-junto-a-directivos-del-Banreservas.jpg?resize=350%2C200&ssl=1 1x, https:\/\/i0.wp.com\/lasprimeras.com.do\/wp-content\/uploads\/2024\/03\/Enrique-Valverde-y-Luis-Jose-Placeres-junto-a-directivos-del-Banreservas.jpg?resize=525%2C300&ssl=1 1.5x, https:\/\/i0.wp.com\/lasprimeras.com.do\/wp-content\/uploads\/2024\/03\/Enrique-Valverde-y-Luis-Jose-Placeres-junto-a-directivos-del-Banreservas.jpg?resize=700%2C400&ssl=1 2x"},"classes":[]},{"id":67155,"url":"https:\/\/lasprimeras.com.do\/index.php\/2023\/11\/13\/con-200-jugadores-cap-cana-cierra-tradicional-torneo-de-golf\/","url_meta":{"origin":139070,"position":5},"title":"Con 200 jugadores Cap Cana cierra tradicional torneo de golf","author":"BIMARY DE JES\u00daS Matos","date":"13 de noviembre de 2023","format":false,"excerpt":"CAP CANA, Rep\u00fablica Dominicana. \u2013 En una noche a ritmo de rock\u00b4n roll y bailes al estilo americano, Cap Cana cerr\u00f3 el tradicional torneo de golf, celebrado a beneficio de la fundaci\u00f3n Forjando un Futuro y en conmemoraci\u00f3n del aniversario del Punta Espada Golf Course. \u201cIt\u00b4s a Road Trip\u201d fue\u2026","rel":"","context":"En \u00abSin categor\u00eda\u00bb","block_context":{"text":"Sin categor\u00eda","link":"https:\/\/lasprimeras.com.do\/index.php\/category\/sin-categoria\/"},"img":{"alt_text":"","src":"https:\/\/i0.wp.com\/lasprimeras.com.do\/wp-content\/uploads\/2023\/11\/valentin-11-2.jpg?resize=350%2C200&ssl=1","width":350,"height":200},"classes":[]}],"jetpack_sharing_enabled":true,"jetpack_featured_media_url":"https:\/\/lasprimeras.com.do\/wp-content\/uploads\/2026\/09\/lorena-ochoa-debuta-en-teeth-of-the-dog-y-comparte-su-experiencia-con-jovenes-go-20260905-020045-btfZ.webp","_links":{"self":[{"href":"https:\/\/lasprimeras.com.do\/index.php\/wp-json\/wp\/v2\/posts\/139070","targetHints":{"allow":["GET"]}}],"collection":[{"href":"https:\/\/lasprimeras.com.do\/index.php\/wp-json\/wp\/v2\/posts"}],"about":[{"href":"https:\/\/lasprimeras.com.do\/index.php\/wp-json\/wp\/v2\/types\/post"}],"author":[{"embeddable":true,"href":"https:\/\/lasprimeras.com.do\/index.php\/wp-json\/wp\/v2\/users\/3"}],"replies":[{"embeddable":true,"href":"https:\/\/lasprimeras.com.do\/index.php\/wp-json\/wp\/v2\/comments?post=139070"}],"version-history":[{"count":1,"href":"https:\/\/lasprimeras.com.do\/index.php\/wp-json\/wp\/v2\/posts\/139070\/revisions"}],"predecessor-version":[{"id":139072,"href":"https:\/\/lasprimeras.com.do\/index.php\/wp-json\/wp\/v2\/posts\/139070\/revisions\/139072"}],"wp:featuredmedia":[{"embeddable":true,"href":"https:\/\/lasprimeras.com.do\/index.php\/wp-json\/wp\/v2\/media\/139071"}],"wp:attachment":[{"href":"https:\/\/lasprimeras.com.do\/index.php\/wp-json\/wp\/v2\/media?parent=139070"}],"wp:term":[{"taxonomy":"category","embeddable":true,"href":"https:\/\/lasprimeras.com.do\/index.php\/wp-json\/wp\/v2\/categories?post=139070"},{"taxonomy":"post_tag","embeddable":true,"href":"https:\/\/lasprimeras.com.do\/index.php\/wp-json\/wp\/v2\/tags?post=139070"}],"curies":[{"name":"wp","href":"https:\/\/api.w.org\/{rel}","templated":true}]}}