{"id":139073,"date":"2026-09-04T22:48:33","date_gmt":"2026-09-05T02:48:33","guid":{"rendered":"https:\/\/lasprimeras.com.do\/?p=139073"},"modified":"2026-09-04T22:48:35","modified_gmt":"2026-09-05T02:48:35","slug":"abinader-destaca-avances-del-gobierno-en-mecanizacion-agricola","status":"publish","type":"post","link":"https:\/\/lasprimeras.com.do\/index.php\/2026\/09\/04\/abinader-destaca-avances-del-gobierno-en-mecanizacion-agricola\/","title":{"rendered":"Abinader destaca avances del Gobierno en mecanizaci\u00f3n agr\u00edcola"},"content":{"rendered":"\n<p class=\"wp-block-paragraph\"><strong>El mandatario informa negociaciones con el Gobierno de Estados Unidos para proteger la producci\u00f3n nacional de arroz.<\/strong><\/p>\n\n\n\n<p class=\"wp-block-paragraph\"><strong>Punta Cana.-<\/strong> El presidente Luis Abinader reafirm\u00f3 el compromiso del Gobierno con la transformaci\u00f3n y modernizaci\u00f3n del sector agropecuario, mediante el impulso a la mecanizaci\u00f3n, la innovaci\u00f3n y la formaci\u00f3n de capital humano, con el prop\u00f3sito de fortalecer la producci\u00f3n nacional y hacer m\u00e1s productivo y competitivo el campo dominicano.<\/p>\n\n\n\n<p class=\"wp-block-paragraph\">Durante su participaci\u00f3n en el XXVIII Encuentro de L\u00edderes del Sector Agropecuario, organizado por la Junta Agroempresarial Dominicana (JAD), el mandatario resalt\u00f3 la importancia de mantener un di\u00e1logo permanente entre el Gobierno y los productores, al considerar que sus recomendaciones sirven de gu\u00eda para la definici\u00f3n de pol\u00edticas p\u00fablicas orientadas al desarrollo del campo dominicano.<\/p>\n\n\n\n<p class=\"wp-block-paragraph\">En ese contexto, el presidente Abinader inform\u00f3 que el arroz se ha convertido en uno de los principales puntos de negociaci\u00f3n con las autoridades de Estados Unidos en las conversaciones sobre las tarifas, debido a la importancia estrat\u00e9gica de este sector para la econom\u00eda, el abastecimiento interno y la seguridad alimentaria de la Rep\u00fablica Dominicana.<\/p>\n\n\n\n<p class=\"wp-block-paragraph\">\u201cEstamos negociando acuerdos en ese sentido, siempre defendiendo el inter\u00e9s nacional y convencidos de lo que m\u00e1s le conviene, no solamente a los productores y agricultores, sino tambi\u00e9n al pueblo dominicano\u201d, sostuvo el jefe de Estado, al se\u00f1alar que la Rep\u00fablica Dominicana tambi\u00e9n debe proteger aquellos sectores productivos estrat\u00e9gicos para el inter\u00e9s nacional.<\/p>\n\n\n\n<p class=\"wp-block-paragraph\">El mandatario explic\u00f3 que, junto al Ministerio de Agricultura, el Gobierno desarrolla programas de mecanizaci\u00f3n dirigidos a lograr una producci\u00f3n m\u00e1s eficiente y productiva, con metas de corto, mediano y largo plazo.<\/p>\n\n\n\n<p class=\"wp-block-paragraph\">Agreg\u00f3 que estas iniciativas buscan mitigar de manera significativa la necesidad de mano de obra extranjera en las labores agr\u00edcolas.<\/p>\n\n\n\n<p class=\"wp-block-paragraph\">Abinader tambi\u00e9n cit\u00f3 entre las prioridades del sector la formaci\u00f3n de t\u00e9cnicos y especialistas, la investigaci\u00f3n, el acceso al agua y la alianza permanente entre el Estado, la academia y el sector productivo.<\/p>\n\n\n\n<p class=\"wp-block-paragraph\">Asimismo, resalt\u00f3 la necesidad de incentivar la formaci\u00f3n de nuevos profesionales de las ciencias agr\u00edcolas y generar oportunidades para que los j\u00f3venes puedan vincularse con la producci\u00f3n.<\/p>\n\n\n\n<p class=\"wp-block-paragraph\">Ante los efectos de la sequ\u00eda y la variabilidad clim\u00e1tica, el presidente llam\u00f3 a trabajar de manera conjunta para mitigar sus impactos sobre el sector agropecuario y fortalecer la capacidad de respuesta del pa\u00eds frente a los fen\u00f3menos asociados al cambio clim\u00e1tico.<\/p>\n\n\n\n<p class=\"wp-block-paragraph\">El jefe de Estado record\u00f3 que la experiencia durante la pandemia de COVID-19 evidenci\u00f3 la importancia estrat\u00e9gica de contar con una producci\u00f3n nacional s\u00f3lida para enfrentar las dificultades internacionales de abastecimiento.<\/p>\n\n\n\n<p class=\"wp-block-paragraph\">\u201cPudimos resistir el COVID por la producci\u00f3n nacional\u201d, afirm\u00f3 el presidente Abinader, al reiterar que para su gobierno es fundamental y estrat\u00e9gico defender la producci\u00f3n nacional, manteniendo al mismo tiempo el equilibrio de la econom\u00eda.<\/p>\n\n\n\n<p class=\"wp-block-paragraph\"><strong>JAD re\u00fane a m\u00e1s de 700 productores por el<\/strong><\/p>\n\n\n\n<p class=\"wp-block-paragraph\">El presidente de la Junta Agroempresarial Dominicana (JAD), Osmar Ben\u00edtez, inform\u00f3 que el encuentro reuni\u00f3 a m\u00e1s de 700 productores de diferentes provincias del pa\u00eds, quienes participaron en un espacio destinado al intercambio de experiencias y al an\u00e1lisis de los principales desaf\u00edos de la agropecuaria nacional.<\/p>\n\n\n\n<p class=\"wp-block-paragraph\">Ben\u00edtez destac\u00f3, adem\u00e1s, la capacitaci\u00f3n de m\u00e1s de 40 j\u00f3venes en el manejo de drones aplicados al riego agr\u00edcola, como parte de las iniciativas orientadas a impulsar la mecanizaci\u00f3n, la innovaci\u00f3n y la incorporaci\u00f3n de nuevas tecnolog\u00edas al campo dominicano.<\/p>\n\n\n\n<p class=\"wp-block-paragraph\">Asimismo, resalt\u00f3 el aporte de los programas sociales impulsados por el Gobierno en beneficio del sector agr\u00edcola y sus comunidades, al tiempo que reiter\u00f3 la importancia de continuar fortaleciendo la articulaci\u00f3n entre el sector productivo y las instituciones p\u00fablicas.<\/p>\n\n\n\n<p class=\"wp-block-paragraph\">Durante la actividad, el presidente del Consejo de Directores de la JAD, Roberto Serrano, entreg\u00f3 al presidente Abinader las conclusiones y recomendaciones emanadas del encuentro, como insumo para el fortalecimiento de las pol\u00edticas p\u00fablicas dirigidas al desarrollo agropecuario.<\/p>\n\n\n\n<p class=\"wp-block-paragraph\"><strong>Agricultura apuesta al capital humano y la mecanizaci\u00f3n<\/strong><\/p>\n\n\n\n<p class=\"wp-block-paragraph\">El ministro de Agricultura, Francisco Oliverio Espaillat Bencosme, advirti\u00f3 que garantizar el relevo generacional constituye uno de los principales desaf\u00edos para asegurar el futuro de la agropecuaria dominicana.<\/p>\n\n\n\n<p class=\"wp-block-paragraph\">Afirm\u00f3 que el pa\u00eds debe crear las condiciones para que los j\u00f3venes vuelvan a visualizar el campo como una oportunidad de desarrollo, innovaci\u00f3n, emprendimiento y prosperidad.<\/p>\n\n\n\n<p class=\"wp-block-paragraph\">Espaillat Bencosme sostuvo que la transformaci\u00f3n del sector ya no puede descansar exclusivamente en factores tradicionales como tierra, agua, cr\u00e9dito, semillas, fertilizantes y mercados, debido a que las nuevas realidades demandan colocar el capital humano, la mecanizaci\u00f3n, la innovaci\u00f3n y el conocimiento en el centro de la estrategia para construir una agricultura m\u00e1s productiva, rentable y competitiva.<\/p>\n\n\n\n<p class=\"wp-block-paragraph\">El funcionario se\u00f1al\u00f3 que el Programa Nacional de Mecanizaci\u00f3n (Pronamec) representa un punto de partida para transformar la manera de producir, reducir la dependencia de mano de obra, disminuir costos, aumentar la productividad, mejorar la rentabilidad de los productores y elevar la competitividad del campo dominicano.<\/p>\n\n\n\n<p class=\"wp-block-paragraph\">Inform\u00f3 que el Ministerio de Agricultura desarrolla acciones para fortalecer el capital humano y revel\u00f3 que 315 t\u00e9cnicos y profesionales han sido incorporados a cinco programas de formaci\u00f3n especializada mediante alianzas con universidades nacionales e internacionales y organismos de cooperaci\u00f3n.<\/p>\n\n\n\n<p class=\"wp-block-paragraph\">\u201cLa transformaci\u00f3n tecnol\u00f3gica sostenible requiere una transformaci\u00f3n igualmente profunda de nuestro capital humano\u201d, sostuvo el ministro.<\/p>\n\n\n\n<p class=\"wp-block-paragraph\">Espaillat Bencosme plante\u00f3 que atraer nuevamente a los j\u00f3venes hacia el campo requiere presentarles una agricultura en la que puedan operar maquinaria de \u00faltima generaci\u00f3n, utilizar drones, interpretar datos, administrar sistemas de riego inteligente, trabajar con agricultura de precisi\u00f3n y desarrollar empresas agropecuarias competitivas.<\/p>\n\n\n\n<p class=\"wp-block-paragraph\">Afirm\u00f3 que la Rep\u00fablica Dominicana avanza hacia una nueva etapa de su desarrollo agropecuario, basada en una \u201cagricultura del conocimiento\u201d, capaz de producir m\u00e1s y mejor, con menores costos, mayor eficiencia, tecnolog\u00eda, sostenibilidad y recursos humanos preparados.<\/p>\n\n\n\n<p class=\"wp-block-paragraph\">\u201cLa mecanizaci\u00f3n, la innovaci\u00f3n y la formaci\u00f3n de nuestra gente no son opciones. Son condiciones indispensables para competir y sobrevivir en la agricultura del siglo XXI\u201d, concluy\u00f3.<\/p>\n\n\n\n<p class=\"wp-block-paragraph\"><strong>MICM destaca modernizaci\u00f3n y avances log\u00edsticos<\/strong><\/p>\n\n\n\n<p class=\"wp-block-paragraph\">El ministro de Industria, Comercio y Mipymes (MICM), Eduardo Sanz Lovat\u00f3n, destac\u00f3 el impacto de las pol\u00edticas impulsadas por el presidente Luis Abinader en la modernizaci\u00f3n y fortalecimiento de la agroindustria dominicana, sector que calific\u00f3 como estrat\u00e9gico para la soberan\u00eda alimentaria y el desarrollo econ\u00f3mico del pa\u00eds.<\/p>\n\n\n\n<p class=\"wp-block-paragraph\">Sanz Lovat\u00f3n resalt\u00f3 el proceso de mecanizaci\u00f3n y modernizaci\u00f3n de la industria, acompa\u00f1ado de mayores facilidades de financiamiento a trav\u00e9s del Banco Agr\u00edcola, el programa Pro-Pyme, Banreservas y otras iniciativas.<\/p>\n\n\n\n<p class=\"wp-block-paragraph\">Se\u00f1al\u00f3 que estas acciones han contribuido a que las exportaciones agroindustriales superen los USD 10,000 millones, dentro de un total de exportaciones cercano a los USD 14,000 millones, con un crecimiento superior al 28 % entre 2019 y 2026.<\/p>\n\n\n\n<p class=\"wp-block-paragraph\">\u201cLa prioridad de la gesti\u00f3n del presidente Luis Abinader ha sido modernizar y eficientizar todos los renglones econ\u00f3micos en los que participa la agroindustria\u201d, afirm\u00f3.<\/p>\n\n\n\n<p class=\"wp-block-paragraph\">El funcionario tambi\u00e9n destac\u00f3 los avances en materia log\u00edstica y se\u00f1al\u00f3 que las reformas implementadas han reducido significativamente el tiempo de permanencia de los contenedores en los puertos, hasta situarlo en menos de 24 horas.<\/p>\n\n\n\n<p class=\"wp-block-paragraph\">Asimismo, resalt\u00f3 la incorporaci\u00f3n de tecnolog\u00eda de \u00faltima generaci\u00f3n para la inspecci\u00f3n de mercanc\u00edas, mediante nuevos equipos de rayos X que permiten revisar actualmente alrededor del 96 % de las mercanc\u00edas que entran y salen del pa\u00eds.<\/p>\n\n\n\n<p class=\"wp-block-paragraph\">\u201cEl liderazgo y la presencia de Luis Abinader Corona han puesto a la Rep\u00fablica Dominicana en el mapa log\u00edstico mundial\u201d, sostuvo Sanz Lovat\u00f3n.<\/p>\n\n\n\n<p class=\"wp-block-paragraph\">El XXVIII Encuentro de L\u00edderes del Sector Agropecuario se celebr\u00f3 bajo el lema \u201cCapital Humano y Formaci\u00f3n: Los Desaf\u00edos para la Transformaci\u00f3n Competitiva de la Agropecuaria y la Agroindustria Dominicana\u201d.<\/p>\n\n\n\n<p class=\"wp-block-paragraph\">En la actividad tambi\u00e9n participaron el ministro de Educaci\u00f3n, Luis Miguel De Camps; el ministro de Educaci\u00f3n Superior, Ciencia y Tecnolog\u00eda (Mescyt), Rafael Santos Bad\u00eda; el administrador general del Banco Agr\u00edcola de la Rep\u00fablica Dominicana, Fernando Dur\u00e1n; el expresidente Hip\u00f3lito Mej\u00eda; y el director ejecutivo del Instituto del Tabaco (Intabaco), Iv\u00e1n Hern\u00e1ndez Guzm\u00e1n, entre otras autoridades y representantes del sector agropecuario.<\/p>\n","protected":false},"excerpt":{"rendered":"<p>El mandatario informa negociaciones con el Gobierno de Estados Unidos para proteger la producci\u00f3n nacional de arroz. Punta Cana.- El presidente Luis Abinader reafirm\u00f3 el compromiso del Gobierno con la&hellip;<\/p>\n","protected":false},"author":10,"featured_media":139074,"comment_status":"open","ping_status":"open","sticky":false,"template":"","format":"standard","meta":{"content-type":"","_jetpack_newsletter_access":"","_jetpack_dont_email_post_to_subs":false,"_jetpack_newsletter_tier_id":0,"_jetpack_memberships_contains_paywalled_content":false,"_jetpack_feature_clip_id":0,"_jetpack_memberships_contains_paid_content":false,"footnotes":"","jetpack_post_was_ever_published":false},"categories":[25],"tags":[1192,34302,957,171,67,36307,36305,28007,36306],"class_list":["post-139073","post","type-post","status-publish","format-standard","has-post-thumbnail","hentry","category-portada","tag-avances","tag-dependencia","tag-disminuir","tag-gobierno","tag-luis-abinader","tag-mano-de-obra-extranjera","tag-mecanizacion-agricola","tag-productividad","tag-reducir-costos"],"jetpack-related-posts":[{"id":127943,"url":"https:\/\/lasprimeras.com.do\/index.php\/2026\/04\/17\/abinader-llama-consensuar-acciones-para-continuar-fortalecimiento-y-modernizacion-de-la-agropecuaria\/","url_meta":{"origin":139073,"position":0},"title":"Abinader llama consensuar acciones para continuar fortalecimiento y modernizaci\u00f3n de la agropecuaria","author":"Nelson Feliz","date":"17 de abril de 2026","format":false,"excerpt":"Ministro de Agricultura, Francisco Oliverio Espaillat, dice que una de sus principales prioridades ser\u00e1 la mecanizaci\u00f3n agr\u00edcola, como v\u00eda para reducir costos, mejorar la eficiencia y elevar la producci\u00f3n El presidente Luis Abinader hizo un llamado a todos los actores del sector agropecuario a trabajar de manera coordinada y articulada,\u2026","rel":"","context":"En \u00abECONOM\u00cdA\u00bb","block_context":{"text":"ECONOM\u00cdA","link":"https:\/\/lasprimeras.com.do\/index.php\/category\/economia\/"},"img":{"alt_text":"","src":"https:\/\/i0.wp.com\/lasprimeras.com.do\/wp-content\/uploads\/2026\/04\/luis-1-1.jpg?resize=350%2C200&ssl=1","width":350,"height":200,"srcset":"https:\/\/i0.wp.com\/lasprimeras.com.do\/wp-content\/uploads\/2026\/04\/luis-1-1.jpg?resize=350%2C200&ssl=1 1x, https:\/\/i0.wp.com\/lasprimeras.com.do\/wp-content\/uploads\/2026\/04\/luis-1-1.jpg?resize=525%2C300&ssl=1 1.5x, https:\/\/i0.wp.com\/lasprimeras.com.do\/wp-content\/uploads\/2026\/04\/luis-1-1.jpg?resize=700%2C400&ssl=1 2x"},"classes":[]},{"id":130646,"url":"https:\/\/lasprimeras.com.do\/index.php\/2026\/05\/15\/abinader-destaca-fortaleza-del-campo-dominicano-y-reafirma-apoyo-a-los-agricultores\/","url_meta":{"origin":139073,"position":1},"title":"Abinader destaca fortaleza del campo dominicano y reafirma apoyo a los agricultores","author":"Nelson Feliz","date":"15 de mayo de 2026","format":false,"excerpt":"Llama a seguir trabajando unidos para enfrentar los desaf\u00edos internacionales y garantizar la estabilidad alimentaria y econ\u00f3mica del pa\u00eds Ministro de Agricultura afirma que la transformaci\u00f3n del agro es una obligaci\u00f3n nacional y reconocen a 15 mujeres productoras por sus aportes al desarrollo del sector En el marco de la\u2026","rel":"","context":"En \u00abECONOM\u00cdA\u00bb","block_context":{"text":"ECONOM\u00cdA","link":"https:\/\/lasprimeras.com.do\/index.php\/category\/economia\/"},"img":{"alt_text":"","src":"https:\/\/i0.wp.com\/lasprimeras.com.do\/wp-content\/uploads\/2026\/05\/IMG-20260515-WA0546-scaled.jpg?resize=350%2C200&ssl=1","width":350,"height":200,"srcset":"https:\/\/i0.wp.com\/lasprimeras.com.do\/wp-content\/uploads\/2026\/05\/IMG-20260515-WA0546-scaled.jpg?resize=350%2C200&ssl=1 1x, https:\/\/i0.wp.com\/lasprimeras.com.do\/wp-content\/uploads\/2026\/05\/IMG-20260515-WA0546-scaled.jpg?resize=525%2C300&ssl=1 1.5x, https:\/\/i0.wp.com\/lasprimeras.com.do\/wp-content\/uploads\/2026\/05\/IMG-20260515-WA0546-scaled.jpg?resize=700%2C400&ssl=1 2x, https:\/\/i0.wp.com\/lasprimeras.com.do\/wp-content\/uploads\/2026\/05\/IMG-20260515-WA0546-scaled.jpg?resize=1050%2C600&ssl=1 3x, https:\/\/i0.wp.com\/lasprimeras.com.do\/wp-content\/uploads\/2026\/05\/IMG-20260515-WA0546-scaled.jpg?resize=1400%2C800&ssl=1 4x"},"classes":[]},{"id":124494,"url":"https:\/\/lasprimeras.com.do\/index.php\/2026\/03\/13\/abinader-proyecta-al-campo-dominicano-hacia-el-futuro-con-la-apertura-de-la-38-feria-agropecuaria-nacional-2026\/","url_meta":{"origin":139073,"position":2},"title":"Abinader proyecta al campo dominicano hacia el futuro con la apertura de la 38 Feria Agropecuaria Nacional 2026","author":"Nelson Feliz","date":"13 de marzo de 2026","format":false,"excerpt":"Con la presencia del presidente Luis Abinader, el Patronato Nacional de Ganaderos inaugur\u00f3 la 38.\u00aa Feria Agropecuaria Nacional, un evento que este a\u00f1o pone especial \u00e9nfasis en la mecanizaci\u00f3n del campo dominicano y en el uso de tecnolog\u00edas para impulsar la productividad del sector agropecuario. La ceremonia se celebr\u00f3 en\u2026","rel":"","context":"En \u00abECONOM\u00cdA\u00bb","block_context":{"text":"ECONOM\u00cdA","link":"https:\/\/lasprimeras.com.do\/index.php\/category\/economia\/"},"img":{"alt_text":"","src":"https:\/\/i0.wp.com\/lasprimeras.com.do\/wp-content\/uploads\/2026\/03\/feria.jpg?resize=350%2C200&ssl=1","width":350,"height":200,"srcset":"https:\/\/i0.wp.com\/lasprimeras.com.do\/wp-content\/uploads\/2026\/03\/feria.jpg?resize=350%2C200&ssl=1 1x, https:\/\/i0.wp.com\/lasprimeras.com.do\/wp-content\/uploads\/2026\/03\/feria.jpg?resize=525%2C300&ssl=1 1.5x, https:\/\/i0.wp.com\/lasprimeras.com.do\/wp-content\/uploads\/2026\/03\/feria.jpg?resize=700%2C400&ssl=1 2x"},"classes":[]},{"id":63506,"url":"https:\/\/lasprimeras.com.do\/index.php\/2023\/10\/12\/abinader-impulsara-un-amplio-programa-de-mecanizacion-para-reducir-contratacion-de-mano-de-obra-extranjera\/","url_meta":{"origin":139073,"position":3},"title":"Abinader impulsar\u00e1 un amplio programa de mecanizaci\u00f3n para reducir contrataci\u00f3n de mano de obra extranjera","author":"Nelson Feliz","date":"12 de octubre de 2023","format":false,"excerpt":"Presidenta de ACOPROVI define a Abinader con un presidente viviendista por el impulso que ha dado a este sector, en su gesti\u00f3n de Gobierno. El presidente Luis Abinader particip\u00f3 en la octava edici\u00f3n de la Mesa de la Vivienda de la Asociaci\u00f3n Dominicana de Constructores y Promotores de Viviendas (ACOPROVI),\u2026","rel":"","context":"En \u00abECONOM\u00cdA\u00bb","block_context":{"text":"ECONOM\u00cdA","link":"https:\/\/lasprimeras.com.do\/index.php\/category\/economia\/"},"img":{"alt_text":"Luis Abinader","src":"https:\/\/i0.wp.com\/lasprimeras.com.do\/wp-content\/uploads\/2023\/10\/Luis-Abinader-10.jpg?resize=350%2C200&ssl=1","width":350,"height":200,"srcset":"https:\/\/i0.wp.com\/lasprimeras.com.do\/wp-content\/uploads\/2023\/10\/Luis-Abinader-10.jpg?resize=350%2C200&ssl=1 1x, https:\/\/i0.wp.com\/lasprimeras.com.do\/wp-content\/uploads\/2023\/10\/Luis-Abinader-10.jpg?resize=525%2C300&ssl=1 1.5x, https:\/\/i0.wp.com\/lasprimeras.com.do\/wp-content\/uploads\/2023\/10\/Luis-Abinader-10.jpg?resize=700%2C400&ssl=1 2x"},"classes":[]},{"id":115842,"url":"https:\/\/lasprimeras.com.do\/index.php\/2025\/11\/25\/abinader-entrega-maquinarias-de-ultima-generacion-en-produccion-de-arroz-al-ministerio-de-agricultura\/","url_meta":{"origin":139073,"position":4},"title":"Abinader entrega maquinarias de \u00faltima generaci\u00f3n en producci\u00f3n de arroz al Ministerio de Agricultura","author":"Nelson Feliz","date":"25 de noviembre de 2025","format":false,"excerpt":"Decenas de maquinarias para mejorar el riego y la producci\u00f3n con una inversi\u00f3n que supera los RD$100 millones de pesos En el marco del Proyecto de Agricultura Resiliente que se ejecuta con apoyo del Banco Mundial y la Organizaci\u00f3n de las Naciones Unidas para la Alimentaci\u00f3n y la Agricultura (FAO)\u2026","rel":"","context":"En \u00abECONOM\u00cdA\u00bb","block_context":{"text":"ECONOM\u00cdA","link":"https:\/\/lasprimeras.com.do\/index.php\/category\/economia\/"},"img":{"alt_text":"Luis Abinader","src":"https:\/\/i0.wp.com\/lasprimeras.com.do\/wp-content\/uploads\/2025\/11\/Luis-Abinader-6-1.jpg?resize=350%2C200&ssl=1","width":350,"height":200,"srcset":"https:\/\/i0.wp.com\/lasprimeras.com.do\/wp-content\/uploads\/2025\/11\/Luis-Abinader-6-1.jpg?resize=350%2C200&ssl=1 1x, https:\/\/i0.wp.com\/lasprimeras.com.do\/wp-content\/uploads\/2025\/11\/Luis-Abinader-6-1.jpg?resize=525%2C300&ssl=1 1.5x, https:\/\/i0.wp.com\/lasprimeras.com.do\/wp-content\/uploads\/2025\/11\/Luis-Abinader-6-1.jpg?resize=700%2C400&ssl=1 2x"},"classes":[]},{"id":137252,"url":"https:\/\/lasprimeras.com.do\/index.php\/2026\/08\/14\/abinader-insta-a-agricultores-a-tecnificarse-y-sustituir-mano-de-obra-extranjera\/","url_meta":{"origin":139073,"position":5},"title":"Abinader insta a agricultores a tecnificarse y sustituir mano de obra extranjera","author":"Nelson Feliz","date":"14 de agosto de 2026","format":false,"excerpt":"Encabeza lanzamiento de programa de mecanizaci\u00f3n agr\u00edcola para transformar procesos productivos y elevar la productividad, adem\u00e1s de reducir costos y dependencia de mano de obra extranjera. San Juan.- El presidente Luis Abinader lanz\u00f3 el Programa Nacional de Mecanizaci\u00f3n (Pronamec), que busca transformar los procesos productivos, reducir costos, elevar la productividad\u2026","rel":"","context":"En \u00abPORTADA\u00bb","block_context":{"text":"PORTADA","link":"https:\/\/lasprimeras.com.do\/index.php\/category\/portada\/"},"img":{"alt_text":"","src":"https:\/\/i0.wp.com\/lasprimeras.com.do\/wp-content\/uploads\/2026\/08\/Luis-Abinader-2.jpg?resize=350%2C200&ssl=1","width":350,"height":200,"srcset":"https:\/\/i0.wp.com\/lasprimeras.com.do\/wp-content\/uploads\/2026\/08\/Luis-Abinader-2.jpg?resize=350%2C200&ssl=1 1x, https:\/\/i0.wp.com\/lasprimeras.com.do\/wp-content\/uploads\/2026\/08\/Luis-Abinader-2.jpg?resize=525%2C300&ssl=1 1.5x, https:\/\/i0.wp.com\/lasprimeras.com.do\/wp-content\/uploads\/2026\/08\/Luis-Abinader-2.jpg?resize=700%2C400&ssl=1 2x"},"classes":[]}],"jetpack_sharing_enabled":true,"jetpack_featured_media_url":"https:\/\/lasprimeras.com.do\/wp-content\/uploads\/2026\/09\/Luis-Abinader.jpg","_links":{"self":[{"href":"https:\/\/lasprimeras.com.do\/index.php\/wp-json\/wp\/v2\/posts\/139073","targetHints":{"allow":["GET"]}}],"collection":[{"href":"https:\/\/lasprimeras.com.do\/index.php\/wp-json\/wp\/v2\/posts"}],"about":[{"href":"https:\/\/lasprimeras.com.do\/index.php\/wp-json\/wp\/v2\/types\/post"}],"author":[{"embeddable":true,"href":"https:\/\/lasprimeras.com.do\/index.php\/wp-json\/wp\/v2\/users\/10"}],"replies":[{"embeddable":true,"href":"https:\/\/lasprimeras.com.do\/index.php\/wp-json\/wp\/v2\/comments?post=139073"}],"version-history":[{"count":1,"href":"https:\/\/lasprimeras.com.do\/index.php\/wp-json\/wp\/v2\/posts\/139073\/revisions"}],"predecessor-version":[{"id":139075,"href":"https:\/\/lasprimeras.com.do\/index.php\/wp-json\/wp\/v2\/posts\/139073\/revisions\/139075"}],"wp:featuredmedia":[{"embeddable":true,"href":"https:\/\/lasprimeras.com.do\/index.php\/wp-json\/wp\/v2\/media\/139074"}],"wp:attachment":[{"href":"https:\/\/lasprimeras.com.do\/index.php\/wp-json\/wp\/v2\/media?parent=139073"}],"wp:term":[{"taxonomy":"category","embeddable":true,"href":"https:\/\/lasprimeras.com.do\/index.php\/wp-json\/wp\/v2\/categories?post=139073"},{"taxonomy":"post_tag","embeddable":true,"href":"https:\/\/lasprimeras.com.do\/index.php\/wp-json\/wp\/v2\/tags?post=139073"}],"curies":[{"name":"wp","href":"https:\/\/api.w.org\/{rel}","templated":true}]}}