{"id":139076,"date":"2026-09-04T13:52:00","date_gmt":"2026-09-04T17:52:00","guid":{"rendered":"https:\/\/lasprimeras.com.do\/?p=139076"},"modified":"2026-09-04T22:58:20","modified_gmt":"2026-09-05T02:58:20","slug":"raquel-pena-destaca-el-mercado-de-valores-como-aliado-para-impulsar-la-inversion-y-el-desarrollo-del-pais","status":"publish","type":"post","link":"https:\/\/lasprimeras.com.do\/index.php\/2026\/09\/04\/raquel-pena-destaca-el-mercado-de-valores-como-aliado-para-impulsar-la-inversion-y-el-desarrollo-del-pais\/","title":{"rendered":"Raquel Pe\u00f1a destaca el mercado de valores como aliado para impulsar la inversi\u00f3n y el desarrollo del pa\u00eds"},"content":{"rendered":"\n<p class=\"wp-block-paragraph\">Pe\u00f1a ofreci\u00f3 estas declaraciones durante la inauguraci\u00f3n de la IV Expo Mercado de Valores 2026.<\/p>\n\n\n\n<p class=\"wp-block-paragraph\">Santo Domingo.- La vicepresidenta de la Rep\u00fablica, Raquel Pe\u00f1a, inaugur\u00f3 este viernes la IV Expo Mercado de Valores 2026, una iniciativa de la Superintendencia del Mercado de Valores (SIMV) que acerca a los dominicanos a las oportunidades de inversi\u00f3n y muestra el creciente papel del mercado de capitales en el financiamiento del desarrollo nacional.<\/p>\n\n\n\n<p class=\"wp-block-paragraph\">Durante las palabras centrales del acto inaugural, Pe\u00f1a destac\u00f3 el creciente inter\u00e9s de los dominicanos por conocer y participar en el mercado de valores, as\u00ed como la importancia de continuar ampliando el acceso de la poblaci\u00f3n a estos instrumentos.<\/p>\n\n\n\n<p class=\"wp-block-paragraph\">La vicepresidenta atribuy\u00f3 la evoluci\u00f3n del sector a la confianza que ha generado la estabilidad econ\u00f3mica del pa\u00eds y al fortalecimiento del marco institucional que acompa\u00f1a su crecimiento.<\/p>\n\n\n\n<p class=\"wp-block-paragraph\">\u201cEl mercado de valores es una herramienta para movilizar capital, financiar desarrollo, ampliar oportunidades y, sobre todo, para transformar confianza en futuro\u201d, expres\u00f3 Pe\u00f1a.<\/p>\n\n\n\n<p class=\"wp-block-paragraph\">En ese sentido, destac\u00f3 la importancia de que el mercado de capitales acompa\u00f1e las aspiraciones de desarrollo trazadas por el gobierno del presidente Luis Abinader a trav\u00e9s de Meta RD 2036, que tiene entre sus principales objetivos duplicar el producto interno bruto real del pa\u00eds para ese a\u00f1o.<\/p>\n\n\n\n<p class=\"wp-block-paragraph\">El superintendente del Mercado de Valores, Ernesto Bournigal, inform\u00f3 que las emisiones privadas, los fondos de inversi\u00f3n y los fideicomisos de oferta p\u00fablica superaron los RD 595,000 millones a julio de 2026, reflejo del crecimiento alcanzado por el mercado de valores dominicano.<\/p>\n\n\n\n<p class=\"wp-block-paragraph\">Bournigal indic\u00f3 adem\u00e1s que, a trav\u00e9s de los fondos de inversi\u00f3n, se han financiado alrededor de 280 proyectos vinculados a m\u00e1s de 57,500 empleos directos y cerca de 4,800 indirectos.<\/p>\n\n\n\n<p class=\"wp-block-paragraph\">De su lado, el ministro de la Presidencia, Jos\u00e9 Ignacio Paliza, se\u00f1al\u00f3 que el fortalecimiento del mercado de capitales constituye una pieza importante para ampliar las oportunidades de inversi\u00f3n y respaldar las transformaciones econ\u00f3micas contempladas en Meta RD 2036.<\/p>\n\n\n\n<p class=\"wp-block-paragraph\">La jornada inaugural reuni\u00f3 a representantes del mercado de capitales y del sector financiero, junto con autoridades y especialistas, para analizar las necesidades de inversi\u00f3n asociadas a Meta RD 2036 y el potencial del mercado de valores como fuente de financiamiento.<\/p>\n\n\n\n<p class=\"wp-block-paragraph\">Jornada abierta al p\u00fablico este s\u00e1bado 5 de septiembre<\/p>\n\n\n\n<p class=\"wp-block-paragraph\">La Expo Mercado de Valores 2026 continuar\u00e1 este s\u00e1bado 5 de septiembre con una jornada gratuita y abierta al p\u00fablico, en el Santo Domingo Marriott Hotel Piantini, a partir de las 8:30 de la ma\u00f1ana.<\/p>\n\n\n\n<p class=\"wp-block-paragraph\">La programaci\u00f3n est\u00e1 orientada a acercar la inversi\u00f3n a quienes desean conocer c\u00f3mo funciona el mercado de valores y las alternativas disponibles para comenzar a construir patrimonio.<\/p>\n\n\n\n<p class=\"wp-block-paragraph\">Durante el d\u00eda, se desarrollar\u00e1n conferencias y conversatorios sobre c\u00f3mo iniciarse en la inversi\u00f3n, finanzas familiares, inteligencia artificial aplicada a las finanzas y otras herramientas para tomar decisiones financieras informadas.<\/p>\n\n\n\n<p class=\"wp-block-paragraph\">Entre las actividades figuran las conferencias \u201cQuiero invertir\u2026 \u00bfPor d\u00f3nde empiezo?\u201d, \u201cConoce tus opciones\u201d, \u201cPor qu\u00e9 vale la pena invertir\u201d y \u201cFamilia, finanzas e inversi\u00f3n\u201d, adem\u00e1s de un conversatorio sobre inteligencia artificial y asesor\u00eda financiera.<\/p>\n\n\n\n<p class=\"wp-block-paragraph\">Meta RD 2036 constituye la hoja de ruta impulsada por el Gobierno dominicano para duplicar el PIB real del pa\u00eds al 2036 y avanzar hacia mayores niveles de desarrollo.<\/p>\n\n\n\n<p class=\"wp-block-paragraph\">Entre sus objetivos se encuentran la creaci\u00f3n de 1.7 millones de nuevos empleos, la eliminaci\u00f3n de la pobreza extrema y alcanzar el grado de inversi\u00f3n.<\/p>\n","protected":false},"excerpt":{"rendered":"<p>Pe\u00f1a ofreci\u00f3 estas declaraciones durante la inauguraci\u00f3n de la IV Expo Mercado de Valores 2026. Santo Domingo.- La vicepresidenta de la Rep\u00fablica, Raquel Pe\u00f1a, inaugur\u00f3 este viernes la IV Expo&hellip;<\/p>\n","protected":false},"author":10,"featured_media":139077,"comment_status":"open","ping_status":"open","sticky":false,"template":"","format":"standard","meta":{"content-type":"","_jetpack_newsletter_access":"","_jetpack_dont_email_post_to_subs":false,"_jetpack_newsletter_tier_id":0,"_jetpack_memberships_contains_paywalled_content":false,"_jetpack_feature_clip_id":0,"_jetpack_memberships_contains_paid_content":false,"footnotes":"","jetpack_post_was_ever_published":false},"categories":[25],"tags":[363,2765,35063,2873,2874],"class_list":["post-139076","post","type-post","status-publish","format-standard","has-post-thumbnail","hentry","category-portada","tag-desarrollo","tag-inversion","tag-mercado-de-valores","tag-raquel-pena","tag-vicepresidenta"],"jetpack-related-posts":[{"id":111192,"url":"https:\/\/lasprimeras.com.do\/index.php\/2025\/10\/06\/raquel-pena-apoya-emprendedores-locales-y-marcas-nacionales-en-la-feria-expo-cibao-2025\/","url_meta":{"origin":139076,"position":0},"title":"Raquel Pe\u00f1a apoya emprendedores locales y marcas nacionales en la feria Expo Cibao 2025","author":"Nelson Feliz","date":"6 de octubre de 2025","format":false,"excerpt":"La vicepresidenta reafirm\u00f3 el respaldo del Gobierno al dinamismo econ\u00f3mico del Cibao y destac\u00f3 la fuerza productiva de la regi\u00f3n como orgullo nacional. La vicepresidenta de la Rep\u00fablica, Raquel Pe\u00f1a, recorri\u00f3 la Expo Cibao 2025 en apoyo a los peque\u00f1os, medianos y grandes empresarios que exhiben sus productos, innovaciones y\u2026","rel":"","context":"En \u00abECONOM\u00cdA\u00bb","block_context":{"text":"ECONOM\u00cdA","link":"https:\/\/lasprimeras.com.do\/index.php\/category\/economia\/"},"img":{"alt_text":"","src":"https:\/\/i0.wp.com\/lasprimeras.com.do\/wp-content\/uploads\/2025\/10\/Raquel-Pena-2.jpg?resize=350%2C200&ssl=1","width":350,"height":200,"srcset":"https:\/\/i0.wp.com\/lasprimeras.com.do\/wp-content\/uploads\/2025\/10\/Raquel-Pena-2.jpg?resize=350%2C200&ssl=1 1x, https:\/\/i0.wp.com\/lasprimeras.com.do\/wp-content\/uploads\/2025\/10\/Raquel-Pena-2.jpg?resize=525%2C300&ssl=1 1.5x, https:\/\/i0.wp.com\/lasprimeras.com.do\/wp-content\/uploads\/2025\/10\/Raquel-Pena-2.jpg?resize=700%2C400&ssl=1 2x"},"classes":[]},{"id":120890,"url":"https:\/\/lasprimeras.com.do\/index.php\/2026\/01\/29\/vicepresidenta-raquel-pena-y-embajadora-leah-campos-coinciden-en-la-vision-de-santiago-como-motor-del-desarrollo-nacional\/","url_meta":{"origin":139076,"position":1},"title":"Vicepresidenta Raquel Pe\u00f1a y embajadora Leah Campos coinciden en la visi\u00f3n de Santiago como motor del desarrollo nacional","author":"Nelson Feliz","date":"29 de enero de 2026","format":false,"excerpt":"_La diplom\u00e1tica estadounidense destac\u00f3 el potencial productivo del Cibao durante una conferencia a la que asisti\u00f3 la vicepresidenta como invitada especial._ La vicepresidenta de la Rep\u00fablica, Raquel Pe\u00f1a, asisti\u00f3 como invitada especial a la conferencia \u201cSantiago como coraz\u00f3n productivo\u201d, ofrecida por la embajadora de los Estados Unidos en la Rep\u00fablica\u2026","rel":"","context":"En \u00abSin categor\u00eda\u00bb","block_context":{"text":"Sin categor\u00eda","link":"https:\/\/lasprimeras.com.do\/index.php\/category\/sin-categoria\/"},"img":{"alt_text":"","src":"https:\/\/i0.wp.com\/lasprimeras.com.do\/wp-content\/uploads\/2026\/01\/IMG-20260128-WA1010-scaled.jpg?resize=350%2C200&ssl=1","width":350,"height":200,"srcset":"https:\/\/i0.wp.com\/lasprimeras.com.do\/wp-content\/uploads\/2026\/01\/IMG-20260128-WA1010-scaled.jpg?resize=350%2C200&ssl=1 1x, https:\/\/i0.wp.com\/lasprimeras.com.do\/wp-content\/uploads\/2026\/01\/IMG-20260128-WA1010-scaled.jpg?resize=525%2C300&ssl=1 1.5x, https:\/\/i0.wp.com\/lasprimeras.com.do\/wp-content\/uploads\/2026\/01\/IMG-20260128-WA1010-scaled.jpg?resize=700%2C400&ssl=1 2x, https:\/\/i0.wp.com\/lasprimeras.com.do\/wp-content\/uploads\/2026\/01\/IMG-20260128-WA1010-scaled.jpg?resize=1050%2C600&ssl=1 3x, https:\/\/i0.wp.com\/lasprimeras.com.do\/wp-content\/uploads\/2026\/01\/IMG-20260128-WA1010-scaled.jpg?resize=1400%2C800&ssl=1 4x"},"classes":[]},{"id":132924,"url":"https:\/\/lasprimeras.com.do\/index.php\/2026\/06\/08\/expo-mango-2026-consolida-su-impacto-en-negocios-ventas-cultura-y-proyeccion-internacional\/","url_meta":{"origin":139076,"position":2},"title":"Expo Mango 2026 consolida su impacto en negocios, ventas, cultura y proyecci\u00f3n internacional","author":"Nelson Feliz","date":"8 de junio de 2026","format":false,"excerpt":"M\u00e1s de un centenar de empresas agroindustriales, exportadoras y de servicios participaron en la feria, propiciando encuentros comerciales, fortaleciendo las mesas de negocios y generando nuevas oportunidades de inversi\u00f3n Ban\u00ed, Peravia. \u2013 La feria Expo Mango 2026 cerr\u00f3 con resultados que consolidan a Ban\u00ed como la \u201cCapital del Mango\u201d y\u2026","rel":"","context":"En \u00abECONOM\u00cdA\u00bb","block_context":{"text":"ECONOM\u00cdA","link":"https:\/\/lasprimeras.com.do\/index.php\/category\/economia\/"},"img":{"alt_text":"Expo Mango 2026 consolida su impacto en negocios, ventas, cultura y proyecci\u00f3n internacional","src":"https:\/\/i0.wp.com\/lasprimeras.com.do\/wp-content\/uploads\/2026\/06\/WhatsApp-Image-2026-06-08-at-1.32.16-PM.jpeg?resize=350%2C200&ssl=1","width":350,"height":200,"srcset":"https:\/\/i0.wp.com\/lasprimeras.com.do\/wp-content\/uploads\/2026\/06\/WhatsApp-Image-2026-06-08-at-1.32.16-PM.jpeg?resize=350%2C200&ssl=1 1x, https:\/\/i0.wp.com\/lasprimeras.com.do\/wp-content\/uploads\/2026\/06\/WhatsApp-Image-2026-06-08-at-1.32.16-PM.jpeg?resize=525%2C300&ssl=1 1.5x, https:\/\/i0.wp.com\/lasprimeras.com.do\/wp-content\/uploads\/2026\/06\/WhatsApp-Image-2026-06-08-at-1.32.16-PM.jpeg?resize=700%2C400&ssl=1 2x, https:\/\/i0.wp.com\/lasprimeras.com.do\/wp-content\/uploads\/2026\/06\/WhatsApp-Image-2026-06-08-at-1.32.16-PM.jpeg?resize=1050%2C600&ssl=1 3x"},"classes":[]},{"id":51694,"url":"https:\/\/lasprimeras.com.do\/index.php\/2023\/06\/02\/vicepresidenta-de-la-republica-encabeza-inicio-cuarta-version-de-la-feria-expo-provisiones-2023\/","url_meta":{"origin":139076,"position":3},"title":"Vicepresidenta de la Rep\u00fablica encabeza inicio cuarta versi\u00f3n de la feria Expo Provisiones 2023","author":"prenxa100","date":"2 de junio de 2023","format":false,"excerpt":"Santo Domingo-. El Consejo Nacional del Comercio en Provisiones (CNCP), junto a la vicepresidenta de la Rep\u00fablica, Raquel Pe\u00f1a, dejaron iniciada la cuarta edici\u00f3n de la Feria Expo Provisiones 2023, que este a\u00f1o lleva el lema \u201cAportando valor junto a las Industrias y MIPYMES\u201d, y que est\u00e1 dedicada al Grupo\u2026","rel":"","context":"En \u00abECONOM\u00cdA\u00bb","block_context":{"text":"ECONOM\u00cdA","link":"https:\/\/lasprimeras.com.do\/index.php\/category\/economia\/"},"img":{"alt_text":"","src":"","width":0,"height":0},"classes":[]},{"id":134921,"url":"https:\/\/lasprimeras.com.do\/index.php\/2026\/07\/17\/rd-reune-lideres-del-mercado-de-valores-iberoamericano-para-fortalecer-cooperacion-regulatoria\/","url_meta":{"origin":139076,"position":4},"title":"RD re\u00fane l\u00edderes del mercado de valores iberoamericano para fortalecer cooperaci\u00f3n regulatoria","author":"Nelson Feliz","date":"17 de julio de 2026","format":false,"excerpt":"Autoridades de Panam\u00e1, Rep\u00fablica Dominicana, Bolivia, Brasil, Chile, Costa Rica, Ecuador, El Salvador, Espa\u00f1a, Guatemala, Honduras, Paraguay, Per\u00fa, Portugal y Uruguay participan en la XXVII Reuni\u00f3n Anual de Autoridades del Consejo del Instituto Iberoamericano de Mercados de Valores (IIMV) 2026. SANTO DOMINGO.- La Rep\u00fablica Dominicana se convirti\u00f3 en el centro\u2026","rel":"","context":"En \u00abECONOM\u00cdA\u00bb","block_context":{"text":"ECONOM\u00cdA","link":"https:\/\/lasprimeras.com.do\/index.php\/category\/economia\/"},"img":{"alt_text":"Superintendencia del Mercado de Valores","src":"https:\/\/i0.wp.com\/lasprimeras.com.do\/wp-content\/uploads\/2026\/07\/Superintendencia-del-Mercado-de-Valores-1.jpg?resize=350%2C200&ssl=1","width":350,"height":200,"srcset":"https:\/\/i0.wp.com\/lasprimeras.com.do\/wp-content\/uploads\/2026\/07\/Superintendencia-del-Mercado-de-Valores-1.jpg?resize=350%2C200&ssl=1 1x, https:\/\/i0.wp.com\/lasprimeras.com.do\/wp-content\/uploads\/2026\/07\/Superintendencia-del-Mercado-de-Valores-1.jpg?resize=525%2C300&ssl=1 1.5x, https:\/\/i0.wp.com\/lasprimeras.com.do\/wp-content\/uploads\/2026\/07\/Superintendencia-del-Mercado-de-Valores-1.jpg?resize=700%2C400&ssl=1 2x"},"classes":[]},{"id":100312,"url":"https:\/\/lasprimeras.com.do\/index.php\/2025\/06\/05\/raquel-pena-celebra-junto-al-conep-62-anos-de-aporte-al-desarrollo-nacional\/","url_meta":{"origin":139076,"position":5},"title":"Raquel Pe\u00f1a celebra junto al CONEP 62 a\u00f1os de aporte al desarrollo nacional","author":"Nelson Feliz","date":"5 de junio de 2025","format":false,"excerpt":"En el acto se present\u00f3 una nueva plataforma de indicadores y se reafirm\u00f3 el compromiso con la estabilidad y el crecimiento del pa\u00eds.\u00a0El Consejo Nacional de la Empresa Privada (CONEP) celebr\u00f3 este mi\u00e9rcoles su 62 aniversario y el D\u00eda Nacional de la Empresa Privada con un acto que cont\u00f3 con\u2026","rel":"","context":"En \u00abECONOM\u00cdA\u00bb","block_context":{"text":"ECONOM\u00cdA","link":"https:\/\/lasprimeras.com.do\/index.php\/category\/economia\/"},"img":{"alt_text":"Raquel Pe\u00f1a","src":"https:\/\/i0.wp.com\/lasprimeras.com.do\/wp-content\/uploads\/2025\/06\/Raquel-Pena-1.jpg?resize=350%2C200&ssl=1","width":350,"height":200,"srcset":"https:\/\/i0.wp.com\/lasprimeras.com.do\/wp-content\/uploads\/2025\/06\/Raquel-Pena-1.jpg?resize=350%2C200&ssl=1 1x, https:\/\/i0.wp.com\/lasprimeras.com.do\/wp-content\/uploads\/2025\/06\/Raquel-Pena-1.jpg?resize=525%2C300&ssl=1 1.5x, https:\/\/i0.wp.com\/lasprimeras.com.do\/wp-content\/uploads\/2025\/06\/Raquel-Pena-1.jpg?resize=700%2C400&ssl=1 2x"},"classes":[]}],"jetpack_sharing_enabled":true,"jetpack_featured_media_url":"https:\/\/lasprimeras.com.do\/wp-content\/uploads\/2026\/09\/Raquel-Pena.jpg","_links":{"self":[{"href":"https:\/\/lasprimeras.com.do\/index.php\/wp-json\/wp\/v2\/posts\/139076","targetHints":{"allow":["GET"]}}],"collection":[{"href":"https:\/\/lasprimeras.com.do\/index.php\/wp-json\/wp\/v2\/posts"}],"about":[{"href":"https:\/\/lasprimeras.com.do\/index.php\/wp-json\/wp\/v2\/types\/post"}],"author":[{"embeddable":true,"href":"https:\/\/lasprimeras.com.do\/index.php\/wp-json\/wp\/v2\/users\/10"}],"replies":[{"embeddable":true,"href":"https:\/\/lasprimeras.com.do\/index.php\/wp-json\/wp\/v2\/comments?post=139076"}],"version-history":[{"count":1,"href":"https:\/\/lasprimeras.com.do\/index.php\/wp-json\/wp\/v2\/posts\/139076\/revisions"}],"predecessor-version":[{"id":139078,"href":"https:\/\/lasprimeras.com.do\/index.php\/wp-json\/wp\/v2\/posts\/139076\/revisions\/139078"}],"wp:featuredmedia":[{"embeddable":true,"href":"https:\/\/lasprimeras.com.do\/index.php\/wp-json\/wp\/v2\/media\/139077"}],"wp:attachment":[{"href":"https:\/\/lasprimeras.com.do\/index.php\/wp-json\/wp\/v2\/media?parent=139076"}],"wp:term":[{"taxonomy":"category","embeddable":true,"href":"https:\/\/lasprimeras.com.do\/index.php\/wp-json\/wp\/v2\/categories?post=139076"},{"taxonomy":"post_tag","embeddable":true,"href":"https:\/\/lasprimeras.com.do\/index.php\/wp-json\/wp\/v2\/tags?post=139076"}],"curies":[{"name":"wp","href":"https:\/\/api.w.org\/{rel}","templated":true}]}}