{"id":139083,"date":"2026-09-04T23:52:35","date_gmt":"2026-09-05T03:52:35","guid":{"rendered":"https:\/\/lasprimeras.com.do\/?p=139083"},"modified":"2026-09-04T23:52:47","modified_gmt":"2026-09-05T03:52:47","slug":"johnny-pujols-iniciara-jornada-de-esfuerzos-concentrados-en-sdn","status":"publish","type":"post","link":"https:\/\/lasprimeras.com.do\/index.php\/2026\/09\/04\/johnny-pujols-iniciara-jornada-de-esfuerzos-concentrados-en-sdn\/","title":{"rendered":"Johnny Pujols iniciara jornada de Esfuerzos Concentrados en SDN"},"content":{"rendered":"\n<p class=\"wp-block-paragraph\"><strong>Johnny Pujols, secretario general del PLD, dejar\u00e1 iniciada la jornada nacional de Esfuerzos Concentrados con un acto en el municipio Santo Domingo Norte.<\/strong><\/p>\n\n\n\n<p class=\"wp-block-paragraph\">Santo Domingo Norte.-. El Secretario General del Partido de la Liberaci\u00f3n Dominicana (PLD) Johnny Pujols, en compa\u00f1\u00eda de una representaci\u00f3n de la Secretar\u00eda de Enlaces y Comunicaci\u00f3n Interna dejar\u00e1 iniciado la jornada nacional de Esfuerzos Concentrados de esa organizaci\u00f3n programada para este s\u00e1bado.<\/p>\n\n\n\n<p class=\"wp-block-paragraph\">Pujols estar\u00e1 presente a partir de las 3.30 de la tarde en el municipio Santo Domingo Norte en la Calle 2da del sector 10 y medio pr\u00f3ximo a la avenida Hermanas Mirabal y a la estaci\u00f3n del Metro de Santo Domingo Gregorio Urbano Gilbert.<\/p>\n\n\n\n<p class=\"wp-block-paragraph\">Al igual que Pujols, a esa misma hora los dirigentes en los municipios, distritos municipales y circunscripciones electorales formalizar\u00e1n el inicio de la actividad, conformando las diferentes comisiones y trazando la ruta para visitar los hogares del lugar seleccionado para el esfuerzo concentrado.<\/p>\n\n\n\n<p class=\"wp-block-paragraph\">Luego de la apertura los dirigentes del PLD, encabezado por su Secretario General, volver\u00e1n a reunirse a las 5:30 p.m. en el sector capitalino San Carlos, espec\u00edficamente en la parte de esa popular barriada conocida como las cinco esquinas para pasar balance a la jornada realizada<\/p>\n\n\n\n<p class=\"wp-block-paragraph\">El Partido de la Liberaci\u00f3n Dominicana (PLD) est\u00e1 convocando a sus miembros, militantes y dirigentes a participar de manera activa y entusiasta en la jornada nacional de Esfuerzos Concentrados este s\u00e1bado (5 de septiembre) en todo el territorio nacional.<\/p>\n","protected":false},"excerpt":{"rendered":"<p>Johnny Pujols, secretario general del PLD, dejar\u00e1 iniciada la jornada nacional de Esfuerzos Concentrados con un acto en el municipio Santo Domingo Norte. Santo Domingo Norte.-. El Secretario General del&hellip;<\/p>\n","protected":false},"author":10,"featured_media":139084,"comment_status":"open","ping_status":"open","sticky":false,"template":"","format":"standard","meta":{"content-type":"","_jetpack_newsletter_access":"","_jetpack_dont_email_post_to_subs":false,"_jetpack_newsletter_tier_id":0,"_jetpack_memberships_contains_paywalled_content":false,"_jetpack_feature_clip_id":0,"_jetpack_memberships_contains_paid_content":false,"footnotes":"","jetpack_post_was_ever_published":false},"categories":[25],"tags":[36310,4341,281,2092],"class_list":["post-139083","post","type-post","status-publish","format-standard","has-post-thumbnail","hentry","category-portada","tag-esfuerzos-concentrados","tag-johnny-pujols","tag-jornada","tag-sdn"],"jetpack-related-posts":[{"id":136807,"url":"https:\/\/lasprimeras.com.do\/index.php\/2026\/08\/08\/johnny-pujols-resalta-alto-nivel-de-simpatia-hacia-el-pld-video\/","url_meta":{"origin":139083,"position":0},"title":"Johnny Pujols resalta alto nivel de simpat\u00eda hacia el PLD | Video","author":"Nelson Feliz","date":"8 de agosto de 2026","format":false,"excerpt":"Santo Domingo = Notoria movilizaci\u00f3n del PLD en todo el territorio nacional llevando el mensaje esperanzador al pueblo dominicano que sufre las calamidades del gobierno del PRMJohnny Pujols, Secretario General del Partido de la Liberaci\u00f3n Dominicana (PLD), dio el banderazo de inicio a la jornada de Esfuerzos Concentrados organizada por\u2026","rel":"","context":"En \u00abPORTADA\u00bb","block_context":{"text":"PORTADA","link":"https:\/\/lasprimeras.com.do\/index.php\/category\/portada\/"},"img":{"alt_text":"","src":"https:\/\/i0.wp.com\/lasprimeras.com.do\/wp-content\/uploads\/2026\/08\/35766651-4165-4bee-8d06-e1fe1f657321-768x475-1.jpeg?resize=350%2C200&ssl=1","width":350,"height":200,"srcset":"https:\/\/i0.wp.com\/lasprimeras.com.do\/wp-content\/uploads\/2026\/08\/35766651-4165-4bee-8d06-e1fe1f657321-768x475-1.jpeg?resize=350%2C200&ssl=1 1x, https:\/\/i0.wp.com\/lasprimeras.com.do\/wp-content\/uploads\/2026\/08\/35766651-4165-4bee-8d06-e1fe1f657321-768x475-1.jpeg?resize=525%2C300&ssl=1 1.5x, https:\/\/i0.wp.com\/lasprimeras.com.do\/wp-content\/uploads\/2026\/08\/35766651-4165-4bee-8d06-e1fe1f657321-768x475-1.jpeg?resize=700%2C400&ssl=1 2x"},"classes":[]},{"id":111049,"url":"https:\/\/lasprimeras.com.do\/index.php\/2025\/10\/03\/johnny-pujols-supervision-de-implementacion-de-linea-organizativa-del-pld-en-sdn\/","url_meta":{"origin":139083,"position":1},"title":"Johnny Pujols: Supervisi\u00f3n de Implementaci\u00f3n de L\u00ednea Organizativa del PLD en SDN","author":"Nelson Feliz","date":"3 de octubre de 2025","format":false,"excerpt":"Pujols encabezar\u00e1 reuniones y encuentros este s\u00e1bado en el municipio Santo Domingo Norte. El secretario general del Partido de la Liberaci\u00f3n Dominicana (PLD), Johnny Pujols, agotar\u00e1 este s\u00e1bado una jornada de evaluaci\u00f3n de la implementaci\u00f3n de la L\u00ednea Organizativa y Electoral (LOE) en la Circunscripci\u00f3n Electoral Seis (6) de la\u2026","rel":"","context":"En \u00abPOLITICA\u00bb","block_context":{"text":"POLITICA","link":"https:\/\/lasprimeras.com.do\/index.php\/category\/politica\/"},"img":{"alt_text":"","src":"https:\/\/i0.wp.com\/lasprimeras.com.do\/wp-content\/uploads\/2025\/10\/Johnny-Pujols.jpg?resize=350%2C200&ssl=1","width":350,"height":200,"srcset":"https:\/\/i0.wp.com\/lasprimeras.com.do\/wp-content\/uploads\/2025\/10\/Johnny-Pujols.jpg?resize=350%2C200&ssl=1 1x, https:\/\/i0.wp.com\/lasprimeras.com.do\/wp-content\/uploads\/2025\/10\/Johnny-Pujols.jpg?resize=525%2C300&ssl=1 1.5x, https:\/\/i0.wp.com\/lasprimeras.com.do\/wp-content\/uploads\/2025\/10\/Johnny-Pujols.jpg?resize=700%2C400&ssl=1 2x"},"classes":[]},{"id":121039,"url":"https:\/\/lasprimeras.com.do\/index.php\/2026\/01\/30\/danilo-medina-y-johnny-pujols-encabezaran-asamblea-peledeista-en-sdn\/","url_meta":{"origin":139083,"position":2},"title":"Danilo Medina y Johnny Pujols encabezaran asamblea pelede\u00edsta en SDN","author":"Nelson Feliz","date":"30 de enero de 2026","format":false,"excerpt":"El ex presidente Danilo Medina, presidente del Partido de la Liberaci\u00f3n Dominicana (PLD), y Johnny Pujols, secretario general, estar\u00e1n encabezando la asamblea de miembros y militantes de la organizaci\u00f3n el pr\u00f3ximo domingo en el municipio Santo Domingo Norte. La direcci\u00f3n del Partido de la Liberaci\u00f3n Dominicana en la Circunscripci\u00f3n 6\u2026","rel":"","context":"En \u00abPOLITICA\u00bb","block_context":{"text":"POLITICA","link":"https:\/\/lasprimeras.com.do\/index.php\/category\/politica\/"},"img":{"alt_text":"","src":"https:\/\/i0.wp.com\/lasprimeras.com.do\/wp-content\/uploads\/2025\/10\/Danilo-Medina-y-Johnny-Pujols.jpeg?resize=350%2C200&ssl=1","width":350,"height":200,"srcset":"https:\/\/i0.wp.com\/lasprimeras.com.do\/wp-content\/uploads\/2025\/10\/Danilo-Medina-y-Johnny-Pujols.jpeg?resize=350%2C200&ssl=1 1x, https:\/\/i0.wp.com\/lasprimeras.com.do\/wp-content\/uploads\/2025\/10\/Danilo-Medina-y-Johnny-Pujols.jpeg?resize=525%2C300&ssl=1 1.5x, https:\/\/i0.wp.com\/lasprimeras.com.do\/wp-content\/uploads\/2025\/10\/Danilo-Medina-y-Johnny-Pujols.jpeg?resize=700%2C400&ssl=1 2x, https:\/\/i0.wp.com\/lasprimeras.com.do\/wp-content\/uploads\/2025\/10\/Danilo-Medina-y-Johnny-Pujols.jpeg?resize=1050%2C600&ssl=1 3x"},"classes":[]},{"id":111948,"url":"https:\/\/lasprimeras.com.do\/index.php\/2025\/10\/15\/centenares-de-jovenes-seran-juramentados-en-el-pld-en-el-santo-domingo-oriental\/","url_meta":{"origin":139083,"position":3},"title":"Centenares de j\u00f3venes ser\u00e1n juramentados en el PLD en el Santo Domingo Oriental","author":"Nelson Feliz","date":"15 de octubre de 2025","format":false,"excerpt":"El Partido de la Liberaci\u00f3n Dominicana (PLD) ocupa el segundo lugar en la aceptaci\u00f3n de los electores nacionales, explica Johnny Pujols. El Secretario General del Partido de la Liberaci\u00f3n Dominicana (PLD), Johnny Pujols, al valorar el entusiasmo y el dinamismo que se manifiesta en el municipio Santo Domingo Oriental con\u2026","rel":"","context":"En \u00abPOLITICA\u00bb","block_context":{"text":"POLITICA","link":"https:\/\/lasprimeras.com.do\/index.php\/category\/politica\/"},"img":{"alt_text":"","src":"https:\/\/i0.wp.com\/lasprimeras.com.do\/wp-content\/uploads\/2025\/10\/PLD-2.jpg?resize=350%2C200&ssl=1","width":350,"height":200,"srcset":"https:\/\/i0.wp.com\/lasprimeras.com.do\/wp-content\/uploads\/2025\/10\/PLD-2.jpg?resize=350%2C200&ssl=1 1x, https:\/\/i0.wp.com\/lasprimeras.com.do\/wp-content\/uploads\/2025\/10\/PLD-2.jpg?resize=525%2C300&ssl=1 1.5x, https:\/\/i0.wp.com\/lasprimeras.com.do\/wp-content\/uploads\/2025\/10\/PLD-2.jpg?resize=700%2C400&ssl=1 2x"},"classes":[]},{"id":124542,"url":"https:\/\/lasprimeras.com.do\/index.php\/2026\/03\/13\/secretario-general-del-pld-inaugura-este-sabado-nuevos-locales-en-los-alcarrizos-y-pantoja\/","url_meta":{"origin":139083,"position":4},"title":"Secretario General del PLD inaugura este s\u00e1bado nuevos locales en Los Alcarrizos y Pantoja","author":"Nelson Feliz","date":"13 de marzo de 2026","format":false,"excerpt":"El PLD dejar\u00e1 en funcionamiento sus locales en el municipio Los Alcarrizos y el distrito municipal Pantoja. Johnny Pujols, Sec. Gral., encabezar\u00e1` sendos actos El Partido de la Liberaci\u00f3n Dominicana (PLD), program\u00f3 para este s\u00e1bado sendos actos inaugurales de locales de esa organizaci\u00f3n en el municipio Los Alcarrizos y en\u2026","rel":"","context":"En \u00abPOLITICA\u00bb","block_context":{"text":"POLITICA","link":"https:\/\/lasprimeras.com.do\/index.php\/category\/politica\/"},"img":{"alt_text":"Jhonny Pujols","src":"https:\/\/i0.wp.com\/lasprimeras.com.do\/wp-content\/uploads\/2026\/03\/Jhonny-Pujols.jpg?resize=350%2C200&ssl=1","width":350,"height":200,"srcset":"https:\/\/i0.wp.com\/lasprimeras.com.do\/wp-content\/uploads\/2026\/03\/Jhonny-Pujols.jpg?resize=350%2C200&ssl=1 1x, https:\/\/i0.wp.com\/lasprimeras.com.do\/wp-content\/uploads\/2026\/03\/Jhonny-Pujols.jpg?resize=525%2C300&ssl=1 1.5x, https:\/\/i0.wp.com\/lasprimeras.com.do\/wp-content\/uploads\/2026\/03\/Jhonny-Pujols.jpg?resize=700%2C400&ssl=1 2x"},"classes":[]},{"id":137881,"url":"https:\/\/lasprimeras.com.do\/index.php\/2026\/08\/22\/johnny-pujols-el-pld-se-fortalece-mientras-el-prm-va-en-picada-video\/","url_meta":{"origin":139083,"position":5},"title":"Johnny Pujols: El PLD se fortalece mientras el PRM va en picada | Video","author":"Nelson Feliz","date":"22 de agosto de 2026","format":false,"excerpt":"Pujols reiter\u00f3 que la principal alianza de esa organizaci\u00f3n es con el pueblo dominicano Bonao - Las comparaciones de la poblaci\u00f3n de su situaci\u00f3n personal en el actual gobierno con relaci\u00f3n a la gesti\u00f3n del PLD y del Presidente Danilo Medina es lo que le ha llevado a afirmar que\u2026","rel":"","context":"En \u00abPORTADA\u00bb","block_context":{"text":"PORTADA","link":"https:\/\/lasprimeras.com.do\/index.php\/category\/portada\/"},"img":{"alt_text":"Johnny Pujols","src":"https:\/\/i0.wp.com\/lasprimeras.com.do\/wp-content\/uploads\/2026\/08\/Johnny-Pujols-1.jpeg?resize=350%2C200&ssl=1","width":350,"height":200,"srcset":"https:\/\/i0.wp.com\/lasprimeras.com.do\/wp-content\/uploads\/2026\/08\/Johnny-Pujols-1.jpeg?resize=350%2C200&ssl=1 1x, https:\/\/i0.wp.com\/lasprimeras.com.do\/wp-content\/uploads\/2026\/08\/Johnny-Pujols-1.jpeg?resize=525%2C300&ssl=1 1.5x, https:\/\/i0.wp.com\/lasprimeras.com.do\/wp-content\/uploads\/2026\/08\/Johnny-Pujols-1.jpeg?resize=700%2C400&ssl=1 2x"},"classes":[]}],"jetpack_sharing_enabled":true,"jetpack_featured_media_url":"https:\/\/lasprimeras.com.do\/wp-content\/uploads\/2026\/09\/Johnny-Pujols.jpg","_links":{"self":[{"href":"https:\/\/lasprimeras.com.do\/index.php\/wp-json\/wp\/v2\/posts\/139083","targetHints":{"allow":["GET"]}}],"collection":[{"href":"https:\/\/lasprimeras.com.do\/index.php\/wp-json\/wp\/v2\/posts"}],"about":[{"href":"https:\/\/lasprimeras.com.do\/index.php\/wp-json\/wp\/v2\/types\/post"}],"author":[{"embeddable":true,"href":"https:\/\/lasprimeras.com.do\/index.php\/wp-json\/wp\/v2\/users\/10"}],"replies":[{"embeddable":true,"href":"https:\/\/lasprimeras.com.do\/index.php\/wp-json\/wp\/v2\/comments?post=139083"}],"version-history":[{"count":1,"href":"https:\/\/lasprimeras.com.do\/index.php\/wp-json\/wp\/v2\/posts\/139083\/revisions"}],"predecessor-version":[{"id":139085,"href":"https:\/\/lasprimeras.com.do\/index.php\/wp-json\/wp\/v2\/posts\/139083\/revisions\/139085"}],"wp:featuredmedia":[{"embeddable":true,"href":"https:\/\/lasprimeras.com.do\/index.php\/wp-json\/wp\/v2\/media\/139084"}],"wp:attachment":[{"href":"https:\/\/lasprimeras.com.do\/index.php\/wp-json\/wp\/v2\/media?parent=139083"}],"wp:term":[{"taxonomy":"category","embeddable":true,"href":"https:\/\/lasprimeras.com.do\/index.php\/wp-json\/wp\/v2\/categories?post=139083"},{"taxonomy":"post_tag","embeddable":true,"href":"https:\/\/lasprimeras.com.do\/index.php\/wp-json\/wp\/v2\/tags?post=139083"}],"curies":[{"name":"wp","href":"https:\/\/api.w.org\/{rel}","templated":true}]}}