{"id":139086,"date":"2026-09-04T23:59:50","date_gmt":"2026-09-05T03:59:50","guid":{"rendered":"https:\/\/lasprimeras.com.do\/?p=139086"},"modified":"2026-09-04T23:59:54","modified_gmt":"2026-09-05T03:59:54","slug":"visitas-del-pld-a-los-hogares-dominicanos-este-sabado","status":"publish","type":"post","link":"https:\/\/lasprimeras.com.do\/index.php\/2026\/09\/04\/visitas-del-pld-a-los-hogares-dominicanos-este-sabado\/","title":{"rendered":"Visitas del PLD a los hogares dominicanos este s\u00e1bado"},"content":{"rendered":"\n<p class=\"wp-block-paragraph\"><strong>Miembros y militantes del PLD preparados para participar este s\u00e1bado en la Jornada Nacional de Esfuerzos Concentrados.<\/strong><\/p>\n\n\n\n<p class=\"wp-block-paragraph\">Miembros, militantes y dirigentes del Partido de la Liberaci\u00f3n Dominicana (PLD) est\u00e1n preparados para participar este s\u00e1bado en la Tercera Jornada Nacional de Esfuerzos Concentrados programada para ser realizada en todas las demarcaciones del territorio nacional.<\/p>\n\n\n\n<p class=\"wp-block-paragraph\">En reuniones preparatorias las direcciones municipales, de distritos municipales y circunscripciones electorales han preparado el esquema a desarrollar en los espacios escogidos para ejecutar el tradicional m\u00e9todo de trabajo del PLD.<\/p>\n\n\n\n<p class=\"wp-block-paragraph\">La membres\u00eda del PLD est\u00e1 motivada a participar en esta encomienda de contacto directo con la poblaci\u00f3n promoviendo sus propuestas pol\u00edticas y, en el caso de este s\u00e1bado, identificando y captando nuevos simpatizantes para afiliarlos al Partido.<\/p>\n\n\n\n<p class=\"wp-block-paragraph\">La hora acordada para iniciar la Jornada Nacional de Esfuerzos Concentrados del PLD es las tres de la tarde en los puntos acordados previamente por los organismos de direcci\u00f3n partidaria.<\/p>\n\n\n\n<p class=\"wp-block-paragraph\">Las comisiones y brigadas designadas llevar\u00e1n consigo una serie de formularios que permitir\u00e1n la evaluaci\u00f3n de los resultados de la tarea asignada.<\/p>\n","protected":false},"excerpt":{"rendered":"<p>Miembros y militantes del PLD preparados para participar este s\u00e1bado en la Jornada Nacional de Esfuerzos Concentrados. Miembros, militantes y dirigentes del Partido de la Liberaci\u00f3n Dominicana (PLD) est\u00e1n preparados&hellip;<\/p>\n","protected":false},"author":10,"featured_media":139087,"comment_status":"open","ping_status":"open","sticky":false,"template":"","format":"standard","meta":{"content-type":"","_jetpack_newsletter_access":"","_jetpack_dont_email_post_to_subs":false,"_jetpack_newsletter_tier_id":0,"_jetpack_memberships_contains_paywalled_content":false,"_jetpack_feature_clip_id":0,"_jetpack_memberships_contains_paid_content":false,"footnotes":"","jetpack_post_was_ever_published":false},"categories":[16559],"tags":[1944,35300,36311],"class_list":["post-139086","post","type-post","status-publish","format-standard","has-post-thumbnail","hentry","category-politica","tag-este-sabado","tag-hogares-dominicanos","tag-visitas-del-pld"],"jetpack-related-posts":[{"id":138943,"url":"https:\/\/lasprimeras.com.do\/index.php\/2026\/09\/03\/peledeistas-llevaran-este-sabado-un-mensaje-de-esperanza-casa-por-casa\/","url_meta":{"origin":139086,"position":0},"title":"Pelede\u00edstas llevar\u00e1n este s\u00e1bado un mensaje de esperanza casa por casa","author":"Nelson Feliz","date":"3 de septiembre de 2026","format":false,"excerpt":"El PLD preparado para la visita a los hogares dominicanos en la Jornada Nacional de Esfuerzos Concentrados Santo Domingo = El Partido de la Liberaci\u00f3n Dominicana (PLD) motiv\u00f3 a sus miembros, militantes y dirigentes a participar de manera activa y entusiasta en la jornada nacional de Esfuerzos Concentrados convocada para\u2026","rel":"","context":"En \u00abPORTADA\u00bb","block_context":{"text":"PORTADA","link":"https:\/\/lasprimeras.com.do\/index.php\/category\/portada\/"},"img":{"alt_text":"","src":"https:\/\/i0.wp.com\/lasprimeras.com.do\/wp-content\/uploads\/2026\/09\/4d0fd289-4580-465e-9f44-dd32aa4e9197.jpg?resize=350%2C200&ssl=1","width":350,"height":200,"srcset":"https:\/\/i0.wp.com\/lasprimeras.com.do\/wp-content\/uploads\/2026\/09\/4d0fd289-4580-465e-9f44-dd32aa4e9197.jpg?resize=350%2C200&ssl=1 1x, https:\/\/i0.wp.com\/lasprimeras.com.do\/wp-content\/uploads\/2026\/09\/4d0fd289-4580-465e-9f44-dd32aa4e9197.jpg?resize=525%2C300&ssl=1 1.5x, https:\/\/i0.wp.com\/lasprimeras.com.do\/wp-content\/uploads\/2026\/09\/4d0fd289-4580-465e-9f44-dd32aa4e9197.jpg?resize=700%2C400&ssl=1 2x, https:\/\/i0.wp.com\/lasprimeras.com.do\/wp-content\/uploads\/2026\/09\/4d0fd289-4580-465e-9f44-dd32aa4e9197.jpg?resize=1050%2C600&ssl=1 3x"},"classes":[]},{"id":136215,"url":"https:\/\/lasprimeras.com.do\/index.php\/2026\/08\/01\/pld-prepara-su-segunda-jornada-nacional-de-esfuerzos-concentrados\/","url_meta":{"origin":139086,"position":1},"title":"PLD prepara su segunda jornada nacional de Esfuerzos Concentrados","author":"Nelson Feliz","date":"1 de agosto de 2026","format":false,"excerpt":"SANTO DOMINGO - El Partido de la Liberaci\u00f3n Dominicana (PLD) convoc\u00f3 para el s\u00e1bado 8 de agosto a la segunda jornada nacional de Esfuerzos Concentrados, iniciativa con la que la organizaci\u00f3n se mantiene movilizada y en contacto con la poblaci\u00f3n llevando un mensaje institucional partidario y esperanzador. La ratificaci\u00f3n de\u2026","rel":"","context":"En \u00abPOLITICA\u00bb","block_context":{"text":"POLITICA","link":"https:\/\/lasprimeras.com.do\/index.php\/category\/politica\/"},"img":{"alt_text":"","src":"https:\/\/i0.wp.com\/lasprimeras.com.do\/wp-content\/uploads\/2026\/08\/Ruben-Bichara.jpg?resize=350%2C200&ssl=1","width":350,"height":200,"srcset":"https:\/\/i0.wp.com\/lasprimeras.com.do\/wp-content\/uploads\/2026\/08\/Ruben-Bichara.jpg?resize=350%2C200&ssl=1 1x, https:\/\/i0.wp.com\/lasprimeras.com.do\/wp-content\/uploads\/2026\/08\/Ruben-Bichara.jpg?resize=525%2C300&ssl=1 1.5x, https:\/\/i0.wp.com\/lasprimeras.com.do\/wp-content\/uploads\/2026\/08\/Ruben-Bichara.jpg?resize=700%2C400&ssl=1 2x"},"classes":[]},{"id":136678,"url":"https:\/\/lasprimeras.com.do\/index.php\/2026\/08\/06\/conap-llama-a-preservar-la-institucionalidad-en-jornada-nacional-del-pld\/","url_meta":{"origin":139086,"position":2},"title":"CONAP llama a preservar la institucionalidad en jornada nacional del PLD","author":"Nelson Feliz","date":"6 de agosto de 2026","format":false,"excerpt":"Dirigentes y militantes deben desarrollar los Esfuerzos Concentrados con disciplina, respeto y apego a los s\u00edmbolos institucionales del partido. SANTO DOMINGO - La Comisi\u00f3n Organizadora de la Consulta Interna del Partido de la Liberaci\u00f3n Dominicana (CONAP-2026) llam\u00f3 a la dirigencia y militancia pelede\u00edsta a desarrollar con estricto apego a la\u2026","rel":"","context":"En \u00abPOLITICA\u00bb","block_context":{"text":"POLITICA","link":"https:\/\/lasprimeras.com.do\/index.php\/category\/politica\/"},"img":{"alt_text":"","src":"https:\/\/i0.wp.com\/lasprimeras.com.do\/wp-content\/uploads\/2026\/08\/CONAP.jpg?resize=350%2C200&ssl=1","width":350,"height":200,"srcset":"https:\/\/i0.wp.com\/lasprimeras.com.do\/wp-content\/uploads\/2026\/08\/CONAP.jpg?resize=350%2C200&ssl=1 1x, https:\/\/i0.wp.com\/lasprimeras.com.do\/wp-content\/uploads\/2026\/08\/CONAP.jpg?resize=525%2C300&ssl=1 1.5x, https:\/\/i0.wp.com\/lasprimeras.com.do\/wp-content\/uploads\/2026\/08\/CONAP.jpg?resize=700%2C400&ssl=1 2x"},"classes":[]},{"id":139083,"url":"https:\/\/lasprimeras.com.do\/index.php\/2026\/09\/04\/johnny-pujols-iniciara-jornada-de-esfuerzos-concentrados-en-sdn\/","url_meta":{"origin":139086,"position":3},"title":"Johnny Pujols iniciara jornada de Esfuerzos Concentrados en SDN","author":"Nelson Feliz","date":"4 de septiembre de 2026","format":false,"excerpt":"Johnny Pujols, secretario general del PLD, dejar\u00e1 iniciada la jornada nacional de Esfuerzos Concentrados con un acto en el municipio Santo Domingo Norte. Santo Domingo Norte.-. El Secretario General del Partido de la Liberaci\u00f3n Dominicana (PLD) Johnny Pujols, en compa\u00f1\u00eda de una representaci\u00f3n de la Secretar\u00eda de Enlaces y Comunicaci\u00f3n\u2026","rel":"","context":"En \u00abPORTADA\u00bb","block_context":{"text":"PORTADA","link":"https:\/\/lasprimeras.com.do\/index.php\/category\/portada\/"},"img":{"alt_text":"Johnny Pujols","src":"https:\/\/i0.wp.com\/lasprimeras.com.do\/wp-content\/uploads\/2026\/09\/Johnny-Pujols.jpg?resize=350%2C200&ssl=1","width":350,"height":200,"srcset":"https:\/\/i0.wp.com\/lasprimeras.com.do\/wp-content\/uploads\/2026\/09\/Johnny-Pujols.jpg?resize=350%2C200&ssl=1 1x, https:\/\/i0.wp.com\/lasprimeras.com.do\/wp-content\/uploads\/2026\/09\/Johnny-Pujols.jpg?resize=525%2C300&ssl=1 1.5x, https:\/\/i0.wp.com\/lasprimeras.com.do\/wp-content\/uploads\/2026\/09\/Johnny-Pujols.jpg?resize=700%2C400&ssl=1 2x"},"classes":[]},{"id":136807,"url":"https:\/\/lasprimeras.com.do\/index.php\/2026\/08\/08\/johnny-pujols-resalta-alto-nivel-de-simpatia-hacia-el-pld-video\/","url_meta":{"origin":139086,"position":4},"title":"Johnny Pujols resalta alto nivel de simpat\u00eda hacia el PLD | Video","author":"Nelson Feliz","date":"8 de agosto de 2026","format":false,"excerpt":"Santo Domingo = Notoria movilizaci\u00f3n del PLD en todo el territorio nacional llevando el mensaje esperanzador al pueblo dominicano que sufre las calamidades del gobierno del PRMJohnny Pujols, Secretario General del Partido de la Liberaci\u00f3n Dominicana (PLD), dio el banderazo de inicio a la jornada de Esfuerzos Concentrados organizada por\u2026","rel":"","context":"En \u00abPORTADA\u00bb","block_context":{"text":"PORTADA","link":"https:\/\/lasprimeras.com.do\/index.php\/category\/portada\/"},"img":{"alt_text":"","src":"https:\/\/i0.wp.com\/lasprimeras.com.do\/wp-content\/uploads\/2026\/08\/35766651-4165-4bee-8d06-e1fe1f657321-768x475-1.jpeg?resize=350%2C200&ssl=1","width":350,"height":200,"srcset":"https:\/\/i0.wp.com\/lasprimeras.com.do\/wp-content\/uploads\/2026\/08\/35766651-4165-4bee-8d06-e1fe1f657321-768x475-1.jpeg?resize=350%2C200&ssl=1 1x, https:\/\/i0.wp.com\/lasprimeras.com.do\/wp-content\/uploads\/2026\/08\/35766651-4165-4bee-8d06-e1fe1f657321-768x475-1.jpeg?resize=525%2C300&ssl=1 1.5x, https:\/\/i0.wp.com\/lasprimeras.com.do\/wp-content\/uploads\/2026\/08\/35766651-4165-4bee-8d06-e1fe1f657321-768x475-1.jpeg?resize=700%2C400&ssl=1 2x"},"classes":[]},{"id":134496,"url":"https:\/\/lasprimeras.com.do\/index.php\/2026\/07\/11\/miles-de-hogares-son-visitados-este-sabado-por-el-pld\/","url_meta":{"origin":139086,"position":5},"title":"Miles de hogares son visitados este s\u00e1bado por el PLD","author":"Nelson Feliz","date":"11 de julio de 2026","format":false,"excerpt":"Una avalancha de nuevos miembros llegan al PLD en la jornada de Esfuerzos concentrados realizados este s\u00e1bado. Con un alto nivel de participaci\u00f3n y entusiasmo, el Partido de la Liberaci\u00f3n Dominicana (PLD) desarroll\u00f3 este s\u00e1bado la jornada nacional de \u201cEsfuerzos Concentrados\u201d mediante la cual cientos de comisiones de miembros y\u2026","rel":"","context":"En \u00abPOLITICA\u00bb","block_context":{"text":"POLITICA","link":"https:\/\/lasprimeras.com.do\/index.php\/category\/politica\/"},"img":{"alt_text":"","src":"https:\/\/i0.wp.com\/lasprimeras.com.do\/wp-content\/uploads\/2026\/07\/PLD.jpg?resize=350%2C200&ssl=1","width":350,"height":200,"srcset":"https:\/\/i0.wp.com\/lasprimeras.com.do\/wp-content\/uploads\/2026\/07\/PLD.jpg?resize=350%2C200&ssl=1 1x, https:\/\/i0.wp.com\/lasprimeras.com.do\/wp-content\/uploads\/2026\/07\/PLD.jpg?resize=525%2C300&ssl=1 1.5x, https:\/\/i0.wp.com\/lasprimeras.com.do\/wp-content\/uploads\/2026\/07\/PLD.jpg?resize=700%2C400&ssl=1 2x"},"classes":[]}],"jetpack_sharing_enabled":true,"jetpack_featured_media_url":"https:\/\/lasprimeras.com.do\/wp-content\/uploads\/2026\/09\/Visitas-del-PLD-a-los-hogares-dominicanos.jpg","_links":{"self":[{"href":"https:\/\/lasprimeras.com.do\/index.php\/wp-json\/wp\/v2\/posts\/139086","targetHints":{"allow":["GET"]}}],"collection":[{"href":"https:\/\/lasprimeras.com.do\/index.php\/wp-json\/wp\/v2\/posts"}],"about":[{"href":"https:\/\/lasprimeras.com.do\/index.php\/wp-json\/wp\/v2\/types\/post"}],"author":[{"embeddable":true,"href":"https:\/\/lasprimeras.com.do\/index.php\/wp-json\/wp\/v2\/users\/10"}],"replies":[{"embeddable":true,"href":"https:\/\/lasprimeras.com.do\/index.php\/wp-json\/wp\/v2\/comments?post=139086"}],"version-history":[{"count":1,"href":"https:\/\/lasprimeras.com.do\/index.php\/wp-json\/wp\/v2\/posts\/139086\/revisions"}],"predecessor-version":[{"id":139088,"href":"https:\/\/lasprimeras.com.do\/index.php\/wp-json\/wp\/v2\/posts\/139086\/revisions\/139088"}],"wp:featuredmedia":[{"embeddable":true,"href":"https:\/\/lasprimeras.com.do\/index.php\/wp-json\/wp\/v2\/media\/139087"}],"wp:attachment":[{"href":"https:\/\/lasprimeras.com.do\/index.php\/wp-json\/wp\/v2\/media?parent=139086"}],"wp:term":[{"taxonomy":"category","embeddable":true,"href":"https:\/\/lasprimeras.com.do\/index.php\/wp-json\/wp\/v2\/categories?post=139086"},{"taxonomy":"post_tag","embeddable":true,"href":"https:\/\/lasprimeras.com.do\/index.php\/wp-json\/wp\/v2\/tags?post=139086"}],"curies":[{"name":"wp","href":"https:\/\/api.w.org\/{rel}","templated":true}]}}