{"id":139089,"date":"2026-09-05T00:08:58","date_gmt":"2026-09-05T04:08:58","guid":{"rendered":"https:\/\/lasprimeras.com.do\/?p=139089"},"modified":"2026-09-05T00:09:09","modified_gmt":"2026-09-05T04:09:09","slug":"leonel-fernandez-agotara-amplia-agenda-en-azua-san-juan-y-elias-pina-este-fin-de-semana","status":"publish","type":"post","link":"https:\/\/lasprimeras.com.do\/index.php\/2026\/09\/05\/leonel-fernandez-agotara-amplia-agenda-en-azua-san-juan-y-elias-pina-este-fin-de-semana\/","title":{"rendered":"Leonel Fern\u00e1ndez agotar\u00e1 amplia agenda en Azua, San Juan y El\u00edas Pi\u00f1a este fin de semana"},"content":{"rendered":"\n<p class=\"wp-block-paragraph\">El presidente de la Fuerza del Pueblo sostendr\u00e1 encuentros con sectores productivos, econ\u00f3micos y sociales, encabezar\u00e1 juramentaciones de nuevos miembros y se reunir\u00e1 con dirigentes de la organizaci\u00f3n.<\/p>\n\n\n\n<p class=\"wp-block-paragraph\">SANTO DOMINGO.\u2013 El presidente del partido Fuerza del Pueblo (FP), Leonel Fern\u00e1ndez, desarrollar\u00e1 este s\u00e1bado 5 y domingo 6 de septiembre una amplia agenda de actividades en las provincias Azua, San Juan y El\u00edas Pi\u00f1a, que incluir\u00e1 encuentros con sectores productivos, econ\u00f3micos, comerciales y sociales, as\u00ed como actos de juramentaci\u00f3n de nuevos miembros de la organizaci\u00f3n.<\/p>\n\n\n\n<p class=\"wp-block-paragraph\">Fern\u00e1ndez iniciar\u00e1 su recorrido el s\u00e1bado en la provincia de Azua, donde saludar\u00e1 a empresarios de la zona, para posteriormente trasladarse a San Juan, como parte de una ruta que lo llevar\u00e1 por distintos puntos de la regi\u00f3n Sur.<\/p>\n\n\n\n<p class=\"wp-block-paragraph\">Durante su paso por San Juan, el exmandatario realizar\u00e1 una visita a un proyecto de producci\u00f3n agropecuaria, previo a continuar hacia la provincia El\u00edas Pi\u00f1a.<\/p>\n\n\n\n<p class=\"wp-block-paragraph\">En el municipio de Comendador, Fern\u00e1ndez sostendr\u00e1 un encuentro con representantes de los sectores productivos, econ\u00f3micos, comerciales y sociales de la provincia, con quienes intercambiar\u00e1 impresiones sobre la situaci\u00f3n de la zona y sus principales desaf\u00edos.<\/p>\n\n\n\n<p class=\"wp-block-paragraph\">Posteriormente, el l\u00edder de la Fuerza del Pueblo encabezar\u00e1 en el Pabell\u00f3n de Combates de Comendador un acto de juramentaci\u00f3n de nuevos miembros que pasar\u00e1n a formar parte de la organizaci\u00f3n pol\u00edtica.<\/p>\n\n\n\n<p class=\"wp-block-paragraph\">Desde El\u00edas Pi\u00f1a, Fern\u00e1ndez se trasladar\u00e1 al municipio de Las Matas de Farf\u00e1n, provincia San Juan, donde encabezar\u00e1 una segunda juramentaci\u00f3n de nuevos integrantes de la Fuerza del Pueblo, esta vez en el Club Farf\u00e1n, Inc.<\/p>\n\n\n\n<p class=\"wp-block-paragraph\">La agenda continuar\u00e1 el domingo en San Juan de la Maguana con un desayuno-encuentro con representantes de los sectores productivos, como parte de los contactos que viene desarrollando el expresidente con distintos segmentos de la sociedad.<\/p>\n\n\n\n<p class=\"wp-block-paragraph\">M\u00e1s adelante, Fern\u00e1ndez encabezar\u00e1 la juramentaci\u00f3n provincial de nuevos miembros de la Fuerza del Pueblo, que tendr\u00e1 lugar en la Asociaci\u00f3n de Productores de San Juan, donde ser\u00e1n incorporados nuevos integrantes a las filas de la organizaci\u00f3n.<\/p>\n\n\n\n<p class=\"wp-block-paragraph\">El recorrido de Fern\u00e1ndez concluir\u00e1 en la provincia de Azua, donde encabezar\u00e1 una asamblea con dirigentes de la Fuerza del Pueblo para pasar balance al cumplimiento de las metas establecidas dentro del Plan Nacional para la Victoria Electoral.<\/p>\n","protected":false},"excerpt":{"rendered":"<p>El presidente de la Fuerza del Pueblo sostendr\u00e1 encuentros con sectores productivos, econ\u00f3micos y sociales, encabezar\u00e1 juramentaciones de nuevos miembros y se reunir\u00e1 con dirigentes de la organizaci\u00f3n. SANTO DOMINGO.\u2013&hellip;<\/p>\n","protected":false},"author":10,"featured_media":130247,"comment_status":"open","ping_status":"open","sticky":false,"template":"","format":"standard","meta":{"content-type":"","_jetpack_newsletter_access":"","_jetpack_dont_email_post_to_subs":false,"_jetpack_newsletter_tier_id":0,"_jetpack_memberships_contains_paywalled_content":false,"_jetpack_feature_clip_id":0,"_jetpack_memberships_contains_paid_content":false,"footnotes":"","jetpack_post_was_ever_published":false},"categories":[16559],"tags":[51],"class_list":["post-139089","post","type-post","status-publish","format-standard","has-post-thumbnail","hentry","category-politica","tag-leonel-fernandez"],"jetpack-related-posts":[{"id":65938,"url":"https:\/\/lasprimeras.com.do\/index.php\/2023\/11\/01\/leonel-hara-recorrido-por-el-sur-del-pais-en-apoyo-a-candidatos-y-candidatas-este-fin-de-semana\/","url_meta":{"origin":139089,"position":0},"title":"Leonel har\u00e1 recorrido por el Sur del pa\u00eds en apoyo a candidatos y candidatas este fin de semana","author":"Nelson Feliz","date":"1 de noviembre de 2023","format":false,"excerpt":"El presidente del partido Fuerza del Pueblo (FP), Leonel Fern\u00e1ndez, sale este fin de semana a las calles del Sur, para apoyar a los candidatos y candidatas de la organizaci\u00f3n que lidera. El tambi\u00e9n candidato presidencial de la Fuerza del Pueblo iniciar\u00e1 el recorrido el s\u00e1bado 4 de noviembre, con\u2026","rel":"","context":"En \u00abPORTADA\u00bb","block_context":{"text":"PORTADA","link":"https:\/\/lasprimeras.com.do\/index.php\/category\/portada\/"},"img":{"alt_text":"Leonel Fernandez","src":"https:\/\/i0.wp.com\/lasprimeras.com.do\/wp-content\/uploads\/2023\/11\/Leonel-Fernandez-2.jpg?resize=350%2C200&ssl=1","width":350,"height":200,"srcset":"https:\/\/i0.wp.com\/lasprimeras.com.do\/wp-content\/uploads\/2023\/11\/Leonel-Fernandez-2.jpg?resize=350%2C200&ssl=1 1x, https:\/\/i0.wp.com\/lasprimeras.com.do\/wp-content\/uploads\/2023\/11\/Leonel-Fernandez-2.jpg?resize=525%2C300&ssl=1 1.5x, https:\/\/i0.wp.com\/lasprimeras.com.do\/wp-content\/uploads\/2023\/11\/Leonel-Fernandez-2.jpg?resize=700%2C400&ssl=1 2x"},"classes":[]},{"id":66233,"url":"https:\/\/lasprimeras.com.do\/index.php\/2023\/11\/05\/leonel-el-gobierno-del-prm-no-tiene-capacidad-para-gerenciar-crisis\/","url_meta":{"origin":139089,"position":1},"title":"Leonel: El gobierno del PRM no tiene capacidad para gerenciar crisis","author":"Nelson Feliz","date":"5 de noviembre de 2023","format":false,"excerpt":"El presidente y candidato presidencial de la Fuerza del Pueblo, doctor Leonel Fern\u00e1ndez expres\u00f3 que el Gobierno no tiene capacidad para administrar o gerenciar una crisis; la emoci\u00f3n est\u00e1 por encima de la raz\u00f3n. Mediante un encuentro con comerciantes de El\u00edas Pi\u00f1a, Fern\u00e1ndez manifest\u00f3 que emocionalmente, usted no logra nada,\u2026","rel":"","context":"En \u00abPORTADA\u00bb","block_context":{"text":"PORTADA","link":"https:\/\/lasprimeras.com.do\/index.php\/category\/portada\/"},"img":{"alt_text":"Leonel Fernandez","src":"https:\/\/i0.wp.com\/lasprimeras.com.do\/wp-content\/uploads\/2023\/11\/Leonel-Fernandez-4.jpg?resize=350%2C200&ssl=1","width":350,"height":200,"srcset":"https:\/\/i0.wp.com\/lasprimeras.com.do\/wp-content\/uploads\/2023\/11\/Leonel-Fernandez-4.jpg?resize=350%2C200&ssl=1 1x, https:\/\/i0.wp.com\/lasprimeras.com.do\/wp-content\/uploads\/2023\/11\/Leonel-Fernandez-4.jpg?resize=525%2C300&ssl=1 1.5x, https:\/\/i0.wp.com\/lasprimeras.com.do\/wp-content\/uploads\/2023\/11\/Leonel-Fernandez-4.jpg?resize=700%2C400&ssl=1 2x"},"classes":[]},{"id":49628,"url":"https:\/\/lasprimeras.com.do\/index.php\/2023\/05\/12\/leonel-va-este-fin-de-semana-a-barahona-azua-y-peravia\/","url_meta":{"origin":139089,"position":2},"title":"Leonel va este fin de semana a Barahona, Azua y Peravia","author":"prenxa100","date":"12 de mayo de 2023","format":false,"excerpt":"Dirigentes de la Fuerza del Pueblo se despliegan en todo el pa\u00eds. Por Wilson P\u00e9rez Santo Domingo.- Despu\u00e9s de su regreso al pa\u00eds este jueves, el presidente de la Fuerza del Pueblo, Leonel Fern\u00e1ndez, estar\u00e1 este fin de semana en varias provincias del Sur, en actividades que van desde juramentaciones\u2026","rel":"","context":"En \u00abPORTADA\u00bb","block_context":{"text":"PORTADA","link":"https:\/\/lasprimeras.com.do\/index.php\/category\/portada\/"},"img":{"alt_text":"","src":"","width":0,"height":0},"classes":[]},{"id":66356,"url":"https:\/\/lasprimeras.com.do\/index.php\/2023\/11\/06\/caravana-en-las-calles-de-san-juan-en-respaldo-a-leonel\/","url_meta":{"origin":139089,"position":3},"title":"Caravana en las calles de San Juan en respaldo a Leonel","author":"BIMARY DE JES\u00daS Matos","date":"6 de noviembre de 2023","format":false,"excerpt":"San Juan.- Leonel Fern\u00e1ndez encabez\u00f3 este domingo una caravana por los barrios del municipio de San Juan de la Maguana. Los habitantes de estos sectores respondieron al paso del l\u00edder pol\u00edtico por sus calles, saliendo con art\u00edculos verdes y aleg\u00f3ricos al partido que ha simbolizado la esperanza de la Rep\u00fablica\u2026","rel":"","context":"En \u00abSin categor\u00eda\u00bb","block_context":{"text":"Sin categor\u00eda","link":"https:\/\/lasprimeras.com.do\/index.php\/category\/sin-categoria\/"},"img":{"alt_text":"","src":"https:\/\/i0.wp.com\/lasprimeras.com.do\/wp-content\/uploads\/2023\/11\/WhatsApp-Image-2023-11-06-at-3.12.25-PM-1.jpeg?resize=350%2C200&ssl=1","width":350,"height":200,"srcset":"https:\/\/i0.wp.com\/lasprimeras.com.do\/wp-content\/uploads\/2023\/11\/WhatsApp-Image-2023-11-06-at-3.12.25-PM-1.jpeg?resize=350%2C200&ssl=1 1x, https:\/\/i0.wp.com\/lasprimeras.com.do\/wp-content\/uploads\/2023\/11\/WhatsApp-Image-2023-11-06-at-3.12.25-PM-1.jpeg?resize=525%2C300&ssl=1 1.5x"},"classes":[]},{"id":129341,"url":"https:\/\/lasprimeras.com.do\/index.php\/2026\/05\/02\/agenda-de-leonel-fernandez-encabezara-actividades-este-sabado-y-domingo-en-barahona\/","url_meta":{"origin":139089,"position":4},"title":"Agenda de Leonel Fern\u00e1ndez: encabezar\u00e1 actividades este s\u00e1bado y domingo en Barahona","author":"Nelson Feliz","date":"2 de mayo de 2026","format":false,"excerpt":"El l\u00edder pol\u00edtico desarrollar\u00e1 visitas, encuentros con comunicadores y encabezar\u00e1 el acto principal de juramentaci\u00f3n este domingo en horas de la ma\u00f1ana. El presidente del partido Fuerza del Pueblo (FP), Leonel Fern\u00e1ndez, encabezar\u00e1 este s\u00e1bado 2 y domingo 3 de mayo una agenda de actividades en la provincia de Barahona,\u2026","rel":"","context":"En \u00abPOLITICA\u00bb","block_context":{"text":"POLITICA","link":"https:\/\/lasprimeras.com.do\/index.php\/category\/politica\/"},"img":{"alt_text":"","src":"https:\/\/i0.wp.com\/lasprimeras.com.do\/wp-content\/uploads\/2026\/05\/Leonel-Fernandez-03.jpg?resize=350%2C200&ssl=1","width":350,"height":200,"srcset":"https:\/\/i0.wp.com\/lasprimeras.com.do\/wp-content\/uploads\/2026\/05\/Leonel-Fernandez-03.jpg?resize=350%2C200&ssl=1 1x, https:\/\/i0.wp.com\/lasprimeras.com.do\/wp-content\/uploads\/2026\/05\/Leonel-Fernandez-03.jpg?resize=525%2C300&ssl=1 1.5x, https:\/\/i0.wp.com\/lasprimeras.com.do\/wp-content\/uploads\/2026\/05\/Leonel-Fernandez-03.jpg?resize=700%2C400&ssl=1 2x"},"classes":[]},{"id":66274,"url":"https:\/\/lasprimeras.com.do\/index.php\/2023\/11\/05\/caravana-multitudinaria-reune-miles-en-las-calles-de-san-juan-en-respaldo-a-leonel\/","url_meta":{"origin":139089,"position":5},"title":"Caravana multitudinaria re\u00fane miles en las calles de San Juan en respaldo a Leonel","author":"Nelson Feliz","date":"5 de noviembre de 2023","format":false,"excerpt":"Marcha caravana recorri\u00f3 principales barrios del municipio cabecera El presidente del partido Fuerza del Pueblo, Leonel Fern\u00e1ndez, encabez\u00f3 este domingo una caravana multitudinaria por los barrios del municipio de San Juan de la Maguana. La gente se tir\u00f3 a la calle en una mezcla de alegr\u00eda y esperanza. Los habitantes\u2026","rel":"","context":"En \u00abPORTADA\u00bb","block_context":{"text":"PORTADA","link":"https:\/\/lasprimeras.com.do\/index.php\/category\/portada\/"},"img":{"alt_text":"Leonel Fern\u00e1ndez","src":"https:\/\/i0.wp.com\/lasprimeras.com.do\/wp-content\/uploads\/2023\/11\/Leonel-Fernandez-6.jpg?resize=350%2C200&ssl=1","width":350,"height":200,"srcset":"https:\/\/i0.wp.com\/lasprimeras.com.do\/wp-content\/uploads\/2023\/11\/Leonel-Fernandez-6.jpg?resize=350%2C200&ssl=1 1x, https:\/\/i0.wp.com\/lasprimeras.com.do\/wp-content\/uploads\/2023\/11\/Leonel-Fernandez-6.jpg?resize=525%2C300&ssl=1 1.5x, https:\/\/i0.wp.com\/lasprimeras.com.do\/wp-content\/uploads\/2023\/11\/Leonel-Fernandez-6.jpg?resize=700%2C400&ssl=1 2x"},"classes":[]}],"jetpack_sharing_enabled":true,"jetpack_featured_media_url":"https:\/\/lasprimeras.com.do\/wp-content\/uploads\/2026\/05\/Leonel-Fernandez.jpg","_links":{"self":[{"href":"https:\/\/lasprimeras.com.do\/index.php\/wp-json\/wp\/v2\/posts\/139089","targetHints":{"allow":["GET"]}}],"collection":[{"href":"https:\/\/lasprimeras.com.do\/index.php\/wp-json\/wp\/v2\/posts"}],"about":[{"href":"https:\/\/lasprimeras.com.do\/index.php\/wp-json\/wp\/v2\/types\/post"}],"author":[{"embeddable":true,"href":"https:\/\/lasprimeras.com.do\/index.php\/wp-json\/wp\/v2\/users\/10"}],"replies":[{"embeddable":true,"href":"https:\/\/lasprimeras.com.do\/index.php\/wp-json\/wp\/v2\/comments?post=139089"}],"version-history":[{"count":1,"href":"https:\/\/lasprimeras.com.do\/index.php\/wp-json\/wp\/v2\/posts\/139089\/revisions"}],"predecessor-version":[{"id":139090,"href":"https:\/\/lasprimeras.com.do\/index.php\/wp-json\/wp\/v2\/posts\/139089\/revisions\/139090"}],"wp:featuredmedia":[{"embeddable":true,"href":"https:\/\/lasprimeras.com.do\/index.php\/wp-json\/wp\/v2\/media\/130247"}],"wp:attachment":[{"href":"https:\/\/lasprimeras.com.do\/index.php\/wp-json\/wp\/v2\/media?parent=139089"}],"wp:term":[{"taxonomy":"category","embeddable":true,"href":"https:\/\/lasprimeras.com.do\/index.php\/wp-json\/wp\/v2\/categories?post=139089"},{"taxonomy":"post_tag","embeddable":true,"href":"https:\/\/lasprimeras.com.do\/index.php\/wp-json\/wp\/v2\/tags?post=139089"}],"curies":[{"name":"wp","href":"https:\/\/api.w.org\/{rel}","templated":true}]}}