{"id":139100,"date":"2026-09-05T08:56:25","date_gmt":"2026-09-05T12:56:25","guid":{"rendered":"https:\/\/lasprimeras.com.do\/?p=139100"},"modified":"2026-09-05T08:56:25","modified_gmt":"2026-09-05T12:56:25","slug":"leonel-fernandez-visitara-azua-san-juan-y-elias-pina-el-fin-de-semana","status":"publish","type":"post","link":"https:\/\/lasprimeras.com.do\/index.php\/2026\/09\/05\/leonel-fernandez-visitara-azua-san-juan-y-elias-pina-el-fin-de-semana\/","title":{"rendered":"Leonel Fern\u00e1ndez visitar\u00e1 Azua, San Juan y El\u00edas Pi\u00f1a el fin de semana"},"content":{"rendered":"\n<p class=\"wp-block-paragraph\">El presidente de la Fuerza del Pueblo (FP), Leonel Fern\u00e1ndez, desarrolla este s\u00e1bado 5 y domingo 6 de septiembre una agenda de encuentros con sectores productivos, econ\u00f3micos, comerciales y sociales de las provincias Azua, San Juan y El\u00edas Pi\u00f1a.<\/p>\n\n\n\n<p class=\"wp-block-paragraph\">El recorrido incluir\u00e1 reuniones con representantes de distintos sectores, visitas a proyectos agropecuarios y varios actos de juramentaci\u00f3n de nuevos miembros de la organizaci\u00f3n pol\u00edtica.<\/p>\n\n\n\n<p class=\"wp-block-paragraph\">Fern\u00e1ndez iniciar\u00e1 el s\u00e1bado su recorrido en Azua, donde sostendr\u00e1 un encuentro con empresarios de la zona, antes de trasladarse a San Juan para visitar un proyecto de producci\u00f3n agropecuaria.<\/p>\n\n\n\n<p class=\"wp-block-paragraph\">Posteriormente, viajar\u00e1 a la provincia El\u00edas Pi\u00f1a, donde en el municipio de Comendador se reunir\u00e1 con representantes de los sectores productivos, econ\u00f3micos, comerciales y sociales. El encuentro servir\u00e1 para intercambiar impresiones sobre la situaci\u00f3n de la provincia y sus principales desaf\u00edos.<\/p>\n\n\n\n<p class=\"wp-block-paragraph\">Luego, el expresidente encabezar\u00e1 en el Pabell\u00f3n de Combates de Comendador un acto de juramentaci\u00f3n de nuevos integrantes de la Fuerza del Pueblo.<\/p>\n","protected":false},"excerpt":{"rendered":"<p>El presidente de la Fuerza del Pueblo (FP), Leonel Fern\u00e1ndez, desarrolla este s\u00e1bado 5 y domingo 6 de septiembre una agenda de encuentros con sectores productivos, econ\u00f3micos, comerciales y sociales&hellip;<\/p>\n","protected":false},"author":3,"featured_media":139101,"comment_status":"open","ping_status":"open","sticky":false,"template":"","format":"standard","meta":{"content-type":"","_jetpack_newsletter_access":"","_jetpack_dont_email_post_to_subs":false,"_jetpack_newsletter_tier_id":0,"_jetpack_memberships_contains_paywalled_content":false,"_jetpack_feature_clip_id":0,"_jetpack_memberships_contains_paid_content":false,"footnotes":"","jetpack_post_was_ever_published":false},"categories":[16559],"tags":[36281,51],"class_list":["post-139100","post","type-post","status-publish","format-standard","has-post-thumbnail","hentry","category-politica","tag-fuerzadelpueblo","tag-leonel-fernandez"],"jetpack-related-posts":[{"id":139089,"url":"https:\/\/lasprimeras.com.do\/index.php\/2026\/09\/05\/leonel-fernandez-agotara-amplia-agenda-en-azua-san-juan-y-elias-pina-este-fin-de-semana\/","url_meta":{"origin":139100,"position":0},"title":"Leonel Fern\u00e1ndez agotar\u00e1 amplia agenda en Azua, San Juan y El\u00edas Pi\u00f1a este fin de semana","author":"Nelson Feliz","date":"5 de septiembre de 2026","format":false,"excerpt":"El presidente de la Fuerza del Pueblo sostendr\u00e1 encuentros con sectores productivos, econ\u00f3micos y sociales, encabezar\u00e1 juramentaciones de nuevos miembros y se reunir\u00e1 con dirigentes de la organizaci\u00f3n. SANTO DOMINGO.\u2013 El presidente del partido Fuerza del Pueblo (FP), Leonel Fern\u00e1ndez, desarrollar\u00e1 este s\u00e1bado 5 y domingo 6 de septiembre una\u2026","rel":"","context":"En \u00abPOLITICA\u00bb","block_context":{"text":"POLITICA","link":"https:\/\/lasprimeras.com.do\/index.php\/category\/politica\/"},"img":{"alt_text":"Leonel Fern\u00e1ndez","src":"https:\/\/i0.wp.com\/lasprimeras.com.do\/wp-content\/uploads\/2026\/05\/Leonel-Fernandez.jpg?resize=350%2C200&ssl=1","width":350,"height":200,"srcset":"https:\/\/i0.wp.com\/lasprimeras.com.do\/wp-content\/uploads\/2026\/05\/Leonel-Fernandez.jpg?resize=350%2C200&ssl=1 1x, https:\/\/i0.wp.com\/lasprimeras.com.do\/wp-content\/uploads\/2026\/05\/Leonel-Fernandez.jpg?resize=525%2C300&ssl=1 1.5x, https:\/\/i0.wp.com\/lasprimeras.com.do\/wp-content\/uploads\/2026\/05\/Leonel-Fernandez.jpg?resize=700%2C400&ssl=1 2x"},"classes":[]},{"id":66233,"url":"https:\/\/lasprimeras.com.do\/index.php\/2023\/11\/05\/leonel-el-gobierno-del-prm-no-tiene-capacidad-para-gerenciar-crisis\/","url_meta":{"origin":139100,"position":1},"title":"Leonel: El gobierno del PRM no tiene capacidad para gerenciar crisis","author":"Nelson Feliz","date":"5 de noviembre de 2023","format":false,"excerpt":"El presidente y candidato presidencial de la Fuerza del Pueblo, doctor Leonel Fern\u00e1ndez expres\u00f3 que el Gobierno no tiene capacidad para administrar o gerenciar una crisis; la emoci\u00f3n est\u00e1 por encima de la raz\u00f3n. Mediante un encuentro con comerciantes de El\u00edas Pi\u00f1a, Fern\u00e1ndez manifest\u00f3 que emocionalmente, usted no logra nada,\u2026","rel":"","context":"En \u00abPORTADA\u00bb","block_context":{"text":"PORTADA","link":"https:\/\/lasprimeras.com.do\/index.php\/category\/portada\/"},"img":{"alt_text":"Leonel Fernandez","src":"https:\/\/i0.wp.com\/lasprimeras.com.do\/wp-content\/uploads\/2023\/11\/Leonel-Fernandez-4.jpg?resize=350%2C200&ssl=1","width":350,"height":200,"srcset":"https:\/\/i0.wp.com\/lasprimeras.com.do\/wp-content\/uploads\/2023\/11\/Leonel-Fernandez-4.jpg?resize=350%2C200&ssl=1 1x, https:\/\/i0.wp.com\/lasprimeras.com.do\/wp-content\/uploads\/2023\/11\/Leonel-Fernandez-4.jpg?resize=525%2C300&ssl=1 1.5x, https:\/\/i0.wp.com\/lasprimeras.com.do\/wp-content\/uploads\/2023\/11\/Leonel-Fernandez-4.jpg?resize=700%2C400&ssl=1 2x"},"classes":[]},{"id":65938,"url":"https:\/\/lasprimeras.com.do\/index.php\/2023\/11\/01\/leonel-hara-recorrido-por-el-sur-del-pais-en-apoyo-a-candidatos-y-candidatas-este-fin-de-semana\/","url_meta":{"origin":139100,"position":2},"title":"Leonel har\u00e1 recorrido por el Sur del pa\u00eds en apoyo a candidatos y candidatas este fin de semana","author":"Nelson Feliz","date":"1 de noviembre de 2023","format":false,"excerpt":"El presidente del partido Fuerza del Pueblo (FP), Leonel Fern\u00e1ndez, sale este fin de semana a las calles del Sur, para apoyar a los candidatos y candidatas de la organizaci\u00f3n que lidera. El tambi\u00e9n candidato presidencial de la Fuerza del Pueblo iniciar\u00e1 el recorrido el s\u00e1bado 4 de noviembre, con\u2026","rel":"","context":"En \u00abPORTADA\u00bb","block_context":{"text":"PORTADA","link":"https:\/\/lasprimeras.com.do\/index.php\/category\/portada\/"},"img":{"alt_text":"Leonel Fernandez","src":"https:\/\/i0.wp.com\/lasprimeras.com.do\/wp-content\/uploads\/2023\/11\/Leonel-Fernandez-2.jpg?resize=350%2C200&ssl=1","width":350,"height":200,"srcset":"https:\/\/i0.wp.com\/lasprimeras.com.do\/wp-content\/uploads\/2023\/11\/Leonel-Fernandez-2.jpg?resize=350%2C200&ssl=1 1x, https:\/\/i0.wp.com\/lasprimeras.com.do\/wp-content\/uploads\/2023\/11\/Leonel-Fernandez-2.jpg?resize=525%2C300&ssl=1 1.5x, https:\/\/i0.wp.com\/lasprimeras.com.do\/wp-content\/uploads\/2023\/11\/Leonel-Fernandez-2.jpg?resize=700%2C400&ssl=1 2x"},"classes":[]},{"id":66356,"url":"https:\/\/lasprimeras.com.do\/index.php\/2023\/11\/06\/caravana-en-las-calles-de-san-juan-en-respaldo-a-leonel\/","url_meta":{"origin":139100,"position":3},"title":"Caravana en las calles de San Juan en respaldo a Leonel","author":"BIMARY DE JES\u00daS Matos","date":"6 de noviembre de 2023","format":false,"excerpt":"San Juan.- Leonel Fern\u00e1ndez encabez\u00f3 este domingo una caravana por los barrios del municipio de San Juan de la Maguana. Los habitantes de estos sectores respondieron al paso del l\u00edder pol\u00edtico por sus calles, saliendo con art\u00edculos verdes y aleg\u00f3ricos al partido que ha simbolizado la esperanza de la Rep\u00fablica\u2026","rel":"","context":"En \u00abSin categor\u00eda\u00bb","block_context":{"text":"Sin categor\u00eda","link":"https:\/\/lasprimeras.com.do\/index.php\/category\/sin-categoria\/"},"img":{"alt_text":"","src":"https:\/\/i0.wp.com\/lasprimeras.com.do\/wp-content\/uploads\/2023\/11\/WhatsApp-Image-2023-11-06-at-3.12.25-PM-1.jpeg?resize=350%2C200&ssl=1","width":350,"height":200,"srcset":"https:\/\/i0.wp.com\/lasprimeras.com.do\/wp-content\/uploads\/2023\/11\/WhatsApp-Image-2023-11-06-at-3.12.25-PM-1.jpeg?resize=350%2C200&ssl=1 1x, https:\/\/i0.wp.com\/lasprimeras.com.do\/wp-content\/uploads\/2023\/11\/WhatsApp-Image-2023-11-06-at-3.12.25-PM-1.jpeg?resize=525%2C300&ssl=1 1.5x"},"classes":[]},{"id":66274,"url":"https:\/\/lasprimeras.com.do\/index.php\/2023\/11\/05\/caravana-multitudinaria-reune-miles-en-las-calles-de-san-juan-en-respaldo-a-leonel\/","url_meta":{"origin":139100,"position":4},"title":"Caravana multitudinaria re\u00fane miles en las calles de San Juan en respaldo a Leonel","author":"Nelson Feliz","date":"5 de noviembre de 2023","format":false,"excerpt":"Marcha caravana recorri\u00f3 principales barrios del municipio cabecera El presidente del partido Fuerza del Pueblo, Leonel Fern\u00e1ndez, encabez\u00f3 este domingo una caravana multitudinaria por los barrios del municipio de San Juan de la Maguana. La gente se tir\u00f3 a la calle en una mezcla de alegr\u00eda y esperanza. Los habitantes\u2026","rel":"","context":"En \u00abPORTADA\u00bb","block_context":{"text":"PORTADA","link":"https:\/\/lasprimeras.com.do\/index.php\/category\/portada\/"},"img":{"alt_text":"Leonel Fern\u00e1ndez","src":"https:\/\/i0.wp.com\/lasprimeras.com.do\/wp-content\/uploads\/2023\/11\/Leonel-Fernandez-6.jpg?resize=350%2C200&ssl=1","width":350,"height":200,"srcset":"https:\/\/i0.wp.com\/lasprimeras.com.do\/wp-content\/uploads\/2023\/11\/Leonel-Fernandez-6.jpg?resize=350%2C200&ssl=1 1x, https:\/\/i0.wp.com\/lasprimeras.com.do\/wp-content\/uploads\/2023\/11\/Leonel-Fernandez-6.jpg?resize=525%2C300&ssl=1 1.5x, https:\/\/i0.wp.com\/lasprimeras.com.do\/wp-content\/uploads\/2023\/11\/Leonel-Fernandez-6.jpg?resize=700%2C400&ssl=1 2x"},"classes":[]},{"id":79660,"url":"https:\/\/lasprimeras.com.do\/index.php\/2024\/03\/29\/comandante-general-del-ejercito-supervisa-la-frontera-sur-y-noroeste-del-pais\/","url_meta":{"origin":139100,"position":5},"title":"Comandante General del Ej\u00e9rcito supervisa la frontera sur y noroeste del pa\u00eds","author":"Nelson Feliz","date":"29 de marzo de 2024","format":false,"excerpt":"Por Mart\u00edn Restituyo El Comandante General del Ej\u00e9rcito, Mayor General Carlos Antonio Fern\u00e1ndez Onofre, realiz\u00f3 un recorrido de supervisi\u00f3n por las unidades militares ubicadas en el \u00e1rea de responsabilidad de la 3ra. Brigada de Infanter\u00eda que abarca las provincias de El\u00edas Pi\u00f1a, San Juan, Azua y San Jos\u00e9 de Ocoa.\u2026","rel":"","context":"En \u00abMILITARES\u00bb","block_context":{"text":"MILITARES","link":"https:\/\/lasprimeras.com.do\/index.php\/category\/militares\/"},"img":{"alt_text":"Carlos Antonio Fern\u00e1ndez Onofre","src":"https:\/\/i0.wp.com\/lasprimeras.com.do\/wp-content\/uploads\/2024\/03\/Carlos-Antonio-Fernandez-Onofre-1-1.jpg?resize=350%2C200&ssl=1","width":350,"height":200,"srcset":"https:\/\/i0.wp.com\/lasprimeras.com.do\/wp-content\/uploads\/2024\/03\/Carlos-Antonio-Fernandez-Onofre-1-1.jpg?resize=350%2C200&ssl=1 1x, https:\/\/i0.wp.com\/lasprimeras.com.do\/wp-content\/uploads\/2024\/03\/Carlos-Antonio-Fernandez-Onofre-1-1.jpg?resize=525%2C300&ssl=1 1.5x"},"classes":[]}],"jetpack_sharing_enabled":true,"jetpack_featured_media_url":"https:\/\/lasprimeras.com.do\/wp-content\/uploads\/2026\/09\/WhatsApp-Image-2026-09-04-at-4.02.53-PM1.jpeg","_links":{"self":[{"href":"https:\/\/lasprimeras.com.do\/index.php\/wp-json\/wp\/v2\/posts\/139100","targetHints":{"allow":["GET"]}}],"collection":[{"href":"https:\/\/lasprimeras.com.do\/index.php\/wp-json\/wp\/v2\/posts"}],"about":[{"href":"https:\/\/lasprimeras.com.do\/index.php\/wp-json\/wp\/v2\/types\/post"}],"author":[{"embeddable":true,"href":"https:\/\/lasprimeras.com.do\/index.php\/wp-json\/wp\/v2\/users\/3"}],"replies":[{"embeddable":true,"href":"https:\/\/lasprimeras.com.do\/index.php\/wp-json\/wp\/v2\/comments?post=139100"}],"version-history":[{"count":1,"href":"https:\/\/lasprimeras.com.do\/index.php\/wp-json\/wp\/v2\/posts\/139100\/revisions"}],"predecessor-version":[{"id":139102,"href":"https:\/\/lasprimeras.com.do\/index.php\/wp-json\/wp\/v2\/posts\/139100\/revisions\/139102"}],"wp:featuredmedia":[{"embeddable":true,"href":"https:\/\/lasprimeras.com.do\/index.php\/wp-json\/wp\/v2\/media\/139101"}],"wp:attachment":[{"href":"https:\/\/lasprimeras.com.do\/index.php\/wp-json\/wp\/v2\/media?parent=139100"}],"wp:term":[{"taxonomy":"category","embeddable":true,"href":"https:\/\/lasprimeras.com.do\/index.php\/wp-json\/wp\/v2\/categories?post=139100"},{"taxonomy":"post_tag","embeddable":true,"href":"https:\/\/lasprimeras.com.do\/index.php\/wp-json\/wp\/v2\/tags?post=139100"}],"curies":[{"name":"wp","href":"https:\/\/api.w.org\/{rel}","templated":true}]}}