{"id":139103,"date":"2026-09-05T08:59:57","date_gmt":"2026-09-05T12:59:57","guid":{"rendered":"https:\/\/lasprimeras.com.do\/?p=139103"},"modified":"2026-09-05T08:59:59","modified_gmt":"2026-09-05T12:59:59","slug":"ee-uu-ataca-un-petrolero-irani-cerca-de-la-isla-de-jarg-segun-medios-iranies","status":"publish","type":"post","link":"https:\/\/lasprimeras.com.do\/index.php\/2026\/09\/05\/ee-uu-ataca-un-petrolero-irani-cerca-de-la-isla-de-jarg-segun-medios-iranies\/","title":{"rendered":"EE.UU. ataca un petrolero iran\u00ed cerca de la isla de Jarg, seg\u00fan medios iran\u00edes"},"content":{"rendered":"\n<p class=\"wp-block-paragraph\">Un petrolero iran\u00ed fue atacado este s\u00e1bado por cuatro misiles de Estados Unidos en las cercan\u00edas de la isla de Jarg, principal terminal petrolera del pa\u00eds persa, sin que se produjeran v\u00edctimas, inform\u00f3 la agencia Tasnim.<\/p>\n\n\n\n<p class=\"wp-block-paragraph\">\u201cUn petrolero iran\u00ed fue blanco de un ataque con misiles del ej\u00e9rcito estadounidense esta ma\u00f1ana a seis millas de la isla de Jarg\u201d, indic\u00f3 la agencia de noticias vinculada con la Guardia Revolucionaria, que cit\u00f3 como fuente a uno de sus corresponsales en la isla.<\/p>\n\n\n\n<p class=\"wp-block-paragraph\">Tasnim indic\u00f3 que no se han producido v\u00edctimas entre la tripulaci\u00f3n del petrolero, que est\u00e1 siendo evacuado tras el ataque.<\/p>\n","protected":false},"excerpt":{"rendered":"<p>Un petrolero iran\u00ed fue atacado este s\u00e1bado por cuatro misiles de Estados Unidos en las cercan\u00edas de la isla de Jarg, principal terminal petrolera del pa\u00eds persa, sin que se&hellip;<\/p>\n","protected":false},"author":3,"featured_media":139104,"comment_status":"open","ping_status":"open","sticky":false,"template":"","format":"standard","meta":{"content-type":"","_jetpack_newsletter_access":"","_jetpack_dont_email_post_to_subs":false,"_jetpack_newsletter_tier_id":0,"_jetpack_memberships_contains_paywalled_content":false,"_jetpack_feature_clip_id":0,"_jetpack_memberships_contains_paid_content":false,"footnotes":"","jetpack_post_was_ever_published":false},"categories":[16289],"tags":[1601,98,3499,28671],"class_list":["post-139103","post","type-post","status-publish","format-standard","has-post-thumbnail","hentry","category-internacionales","tag-ataque","tag-estados-unidos","tag-israel","tag-petroleros"],"jetpack-related-posts":[{"id":129986,"url":"https:\/\/lasprimeras.com.do\/index.php\/2026\/05\/08\/eeuu-dispara-contra-buques-petroleros-iranies-en-medio-de-tensiones-en-el-estrecho-de-ormuz\/","url_meta":{"origin":139103,"position":0},"title":"EEUU dispara contra buques petroleros iran\u00edes en medio de tensiones en el estrecho de Ormuz","author":"Nelson Feliz","date":"8 de mayo de 2026","format":false,"excerpt":"POR ADAM SCHRECK, BEN FINLEY and RUSS BYNUM DUB\u00c1I, Emiratos \u00c1rabes Unidos (AP) \u2014 El ej\u00e9rcito de Estados Unidos atac\u00f3 y dej\u00f3 fuera de servicio a dos buques petroleros iran\u00edes el viernes tras intercambiar fuego con fuerzas armadas de Ir\u00e1n en el estrecho de Ormuz. Por su parte, Emiratos \u00c1rabes\u2026","rel":"","context":"En \u00abINTERNACIONALES\u00bb","block_context":{"text":"INTERNACIONALES","link":"https:\/\/lasprimeras.com.do\/index.php\/category\/sin-categoria\/internacionales\/"},"img":{"alt_text":"","src":"https:\/\/i0.wp.com\/lasprimeras.com.do\/wp-content\/uploads\/2026\/05\/Estrecho-de-Ormuz-2.jpg?resize=350%2C200&ssl=1","width":350,"height":200,"srcset":"https:\/\/i0.wp.com\/lasprimeras.com.do\/wp-content\/uploads\/2026\/05\/Estrecho-de-Ormuz-2.jpg?resize=350%2C200&ssl=1 1x, https:\/\/i0.wp.com\/lasprimeras.com.do\/wp-content\/uploads\/2026\/05\/Estrecho-de-Ormuz-2.jpg?resize=525%2C300&ssl=1 1.5x, https:\/\/i0.wp.com\/lasprimeras.com.do\/wp-content\/uploads\/2026\/05\/Estrecho-de-Ormuz-2.jpg?resize=700%2C400&ssl=1 2x"},"classes":[]},{"id":129569,"url":"https:\/\/lasprimeras.com.do\/index.php\/2026\/05\/04\/eeuu-afirma-avances-en-reapertura-de-estrecho-de-ormuz-senala-que-2-buques-mercantes-lo-transitaron\/","url_meta":{"origin":139103,"position":1},"title":"EEUU afirma avances en reapertura de estrecho de Ormuz; se\u00f1ala que 2 buques mercantes lo transitaron","author":"Nelson Feliz","date":"4 de mayo de 2026","format":false,"excerpt":"POR ADAM SCHRECK and SAM METZ DUB\u00c1I, Emiratos \u00c1rabes Unidos (AP) \u2014 El ej\u00e9rcito de Estados Unidos indic\u00f3 el lunes que dos buques mercantes con bandera estadounidense transitaron con \u00e9xito el estrecho de Ormuz tras el inicio de un nuevo plan para restablecer el tr\u00e1fico. Ir\u00e1n ha cerrado de facto\u2026","rel":"","context":"En \u00abINTERNACIONALES\u00bb","block_context":{"text":"INTERNACIONALES","link":"https:\/\/lasprimeras.com.do\/index.php\/category\/sin-categoria\/internacionales\/"},"img":{"alt_text":"","src":"https:\/\/i0.wp.com\/lasprimeras.com.do\/wp-content\/uploads\/2026\/05\/carguero.jpg?resize=350%2C200&ssl=1","width":350,"height":200,"srcset":"https:\/\/i0.wp.com\/lasprimeras.com.do\/wp-content\/uploads\/2026\/05\/carguero.jpg?resize=350%2C200&ssl=1 1x, https:\/\/i0.wp.com\/lasprimeras.com.do\/wp-content\/uploads\/2026\/05\/carguero.jpg?resize=525%2C300&ssl=1 1.5x, https:\/\/i0.wp.com\/lasprimeras.com.do\/wp-content\/uploads\/2026\/05\/carguero.jpg?resize=700%2C400&ssl=1 2x"},"classes":[]},{"id":132464,"url":"https:\/\/lasprimeras.com.do\/index.php\/2026\/06\/02\/iran-lanza-misiles-y-eeuu-ataca-sitio-irani-luego-que-se-reportara-estancamiento-en-negociaciones\/","url_meta":{"origin":139103,"position":2},"title":"Ir\u00e1n lanza misiles y EEUU ataca sitio iran\u00ed luego que se reportara estancamiento en negociaciones","author":"Nelson Feliz","date":"2 de junio de 2026","format":false,"excerpt":"POR JON GAMBRELL, SAMY MAGDY and NASSER KARIMI DUB\u00c1I, Emiratos \u00c1rabes Unidos (AP) \u2014 El ej\u00e9rcito estadounidense dijo el martes que misiles iran\u00edes disparados contra Kuwait y Bar\u00e9in fallaron o fueron derribados, y que, en respuesta, Estados Unidos atac\u00f3 una instalaci\u00f3n de Ir\u00e1n. Ir\u00e1n hab\u00eda disparado misiles hacia Kuwait y\u2026","rel":"","context":"En \u00abINTERNACIONALES\u00bb","block_context":{"text":"INTERNACIONALES","link":"https:\/\/lasprimeras.com.do\/index.php\/category\/sin-categoria\/internacionales\/"},"img":{"alt_text":"negociaciones","src":"https:\/\/i0.wp.com\/lasprimeras.com.do\/wp-content\/uploads\/2026\/06\/negociaciones.jpg?resize=350%2C200&ssl=1","width":350,"height":200,"srcset":"https:\/\/i0.wp.com\/lasprimeras.com.do\/wp-content\/uploads\/2026\/06\/negociaciones.jpg?resize=350%2C200&ssl=1 1x, https:\/\/i0.wp.com\/lasprimeras.com.do\/wp-content\/uploads\/2026\/06\/negociaciones.jpg?resize=525%2C300&ssl=1 1.5x, https:\/\/i0.wp.com\/lasprimeras.com.do\/wp-content\/uploads\/2026\/06\/negociaciones.jpg?resize=700%2C400&ssl=1 2x"},"classes":[]},{"id":124606,"url":"https:\/\/lasprimeras.com.do\/index.php\/2026\/03\/15\/tras-ataques-a-recintos-petroleros-de-iran-una-lluvia-negra-toxica-pone-en-riesgo-a-la-poblacion\/","url_meta":{"origin":139103,"position":3},"title":"Tras ataques a recintos petroleros de Ir\u00e1n, una lluvia negra t\u00f3xica pone en riesgo a la poblaci\u00f3n","author":"Nelson Feliz","date":"15 de marzo de 2026","format":false,"excerpt":"POR TAMMY WEBBER Nubes de humo t\u00f3xico liberadas a la atm\u00f3sfera por ataques a\u00e9reos de Estados Unidos e Israel contra instalaciones petroleras iran\u00edes regresaron peligrosamente al suelo en forma de \u201clluvia negra\u201d, lo que llev\u00f3 a instituciones internacionales de salud a advertir sobre graves riesgos para la poblaci\u00f3n. Residentes en\u2026","rel":"","context":"En \u00abINTERNACIONALES\u00bb","block_context":{"text":"INTERNACIONALES","link":"https:\/\/lasprimeras.com.do\/index.php\/category\/sin-categoria\/internacionales\/"},"img":{"alt_text":"","src":"https:\/\/i0.wp.com\/lasprimeras.com.do\/wp-content\/uploads\/2026\/03\/nube-negra.jpg?resize=350%2C200&ssl=1","width":350,"height":200,"srcset":"https:\/\/i0.wp.com\/lasprimeras.com.do\/wp-content\/uploads\/2026\/03\/nube-negra.jpg?resize=350%2C200&ssl=1 1x, https:\/\/i0.wp.com\/lasprimeras.com.do\/wp-content\/uploads\/2026\/03\/nube-negra.jpg?resize=525%2C300&ssl=1 1.5x, https:\/\/i0.wp.com\/lasprimeras.com.do\/wp-content\/uploads\/2026\/03\/nube-negra.jpg?resize=700%2C400&ssl=1 2x"},"classes":[]},{"id":135546,"url":"https:\/\/lasprimeras.com.do\/index.php\/2026\/07\/24\/eeuu-ataca-otro-buque-mercante-que-intentaba-romper-el-bloqueo-de-los-puertos-iranies\/","url_meta":{"origin":139103,"position":4},"title":"EEUU ataca otro buque mercante que intentaba romper el bloqueo de los puertos iran\u00edes","author":"Nelson Feliz","date":"24 de julio de 2026","format":false,"excerpt":"POR JULIA FRANKEL, STELLA MARTANY and KONSTANTIN TOROPIN IRBIL, Irak (AP) \u2014 El ej\u00e9rcito estadounidense anunci\u00f3 el viernes que dispar\u00f3 contra otro buque mercante que intentaba romper su bloqueo de los puertos iran\u00edes, mientras Ir\u00e1n atac\u00f3 bastiones estadounidenses en torno al golfo P\u00e9rsico. Estados Unidos e Ir\u00e1n no han dado\u2026","rel":"","context":"En \u00abINTERNACIONALES\u00bb","block_context":{"text":"INTERNACIONALES","link":"https:\/\/lasprimeras.com.do\/index.php\/category\/sin-categoria\/internacionales\/"},"img":{"alt_text":"","src":"https:\/\/i0.wp.com\/lasprimeras.com.do\/wp-content\/uploads\/2026\/07\/puertos.jpg?resize=350%2C200&ssl=1","width":350,"height":200,"srcset":"https:\/\/i0.wp.com\/lasprimeras.com.do\/wp-content\/uploads\/2026\/07\/puertos.jpg?resize=350%2C200&ssl=1 1x, https:\/\/i0.wp.com\/lasprimeras.com.do\/wp-content\/uploads\/2026\/07\/puertos.jpg?resize=525%2C300&ssl=1 1.5x, https:\/\/i0.wp.com\/lasprimeras.com.do\/wp-content\/uploads\/2026\/07\/puertos.jpg?resize=700%2C400&ssl=1 2x"},"classes":[]},{"id":134835,"url":"https:\/\/lasprimeras.com.do\/index.php\/2026\/07\/17\/el-petroleo-de-texas-baja-un-0-82-pese-a-los-ultimos-ataques-entre-ee-uu-e-iran\/","url_meta":{"origin":139103,"position":5},"title":"El petr\u00f3leo de Texas baja un 0.82% pese a los \u00faltimos ataques entre EE.UU. e Ir\u00e1n","author":"Nelson Feliz","date":"17 de julio de 2026","format":false,"excerpt":"Por Agencia EFE El petr\u00f3leo intermedio de Texas (WTI, por sus siglas en ingl\u00e9s) baj\u00f3 este jueves un 0.82%, hasta US$78.95 el barril, pese al \u00faltimo intercambio de ataques entre Estados Unidos e Ir\u00e1n. Al t\u00e9rmino de la sesi\u00f3n, los contratos de futuros del WTI para el mes de agosto,\u2026","rel":"","context":"En \u00abECONOM\u00cdA\u00bb","block_context":{"text":"ECONOM\u00cdA","link":"https:\/\/lasprimeras.com.do\/index.php\/category\/economia\/"},"img":{"alt_text":"","src":"https:\/\/i0.wp.com\/lasprimeras.com.do\/wp-content\/uploads\/2026\/07\/TEXAS-PETRO.jpg?resize=350%2C200&ssl=1","width":350,"height":200,"srcset":"https:\/\/i0.wp.com\/lasprimeras.com.do\/wp-content\/uploads\/2026\/07\/TEXAS-PETRO.jpg?resize=350%2C200&ssl=1 1x, https:\/\/i0.wp.com\/lasprimeras.com.do\/wp-content\/uploads\/2026\/07\/TEXAS-PETRO.jpg?resize=525%2C300&ssl=1 1.5x, https:\/\/i0.wp.com\/lasprimeras.com.do\/wp-content\/uploads\/2026\/07\/TEXAS-PETRO.jpg?resize=700%2C400&ssl=1 2x"},"classes":[]}],"jetpack_sharing_enabled":true,"jetpack_featured_media_url":"https:\/\/lasprimeras.com.do\/wp-content\/uploads\/2026\/09\/a13971e072af4853ca2530b65ad95c419dc6fc60w-1140x694-1.jpg","_links":{"self":[{"href":"https:\/\/lasprimeras.com.do\/index.php\/wp-json\/wp\/v2\/posts\/139103","targetHints":{"allow":["GET"]}}],"collection":[{"href":"https:\/\/lasprimeras.com.do\/index.php\/wp-json\/wp\/v2\/posts"}],"about":[{"href":"https:\/\/lasprimeras.com.do\/index.php\/wp-json\/wp\/v2\/types\/post"}],"author":[{"embeddable":true,"href":"https:\/\/lasprimeras.com.do\/index.php\/wp-json\/wp\/v2\/users\/3"}],"replies":[{"embeddable":true,"href":"https:\/\/lasprimeras.com.do\/index.php\/wp-json\/wp\/v2\/comments?post=139103"}],"version-history":[{"count":1,"href":"https:\/\/lasprimeras.com.do\/index.php\/wp-json\/wp\/v2\/posts\/139103\/revisions"}],"predecessor-version":[{"id":139105,"href":"https:\/\/lasprimeras.com.do\/index.php\/wp-json\/wp\/v2\/posts\/139103\/revisions\/139105"}],"wp:featuredmedia":[{"embeddable":true,"href":"https:\/\/lasprimeras.com.do\/index.php\/wp-json\/wp\/v2\/media\/139104"}],"wp:attachment":[{"href":"https:\/\/lasprimeras.com.do\/index.php\/wp-json\/wp\/v2\/media?parent=139103"}],"wp:term":[{"taxonomy":"category","embeddable":true,"href":"https:\/\/lasprimeras.com.do\/index.php\/wp-json\/wp\/v2\/categories?post=139103"},{"taxonomy":"post_tag","embeddable":true,"href":"https:\/\/lasprimeras.com.do\/index.php\/wp-json\/wp\/v2\/tags?post=139103"}],"curies":[{"name":"wp","href":"https:\/\/api.w.org\/{rel}","templated":true}]}}