{"id":139109,"date":"2026-09-05T09:11:06","date_gmt":"2026-09-05T13:11:06","guid":{"rendered":"https:\/\/lasprimeras.com.do\/?p=139109"},"modified":"2026-09-05T09:13:15","modified_gmt":"2026-09-05T13:13:15","slug":"asonahores-y-travegali-firman-acuerdo-para-fortalecer-el-turismo-accesible-en-rd","status":"publish","type":"post","link":"https:\/\/lasprimeras.com.do\/index.php\/2026\/09\/05\/asonahores-y-travegali-firman-acuerdo-para-fortalecer-el-turismo-accesible-en-rd\/","title":{"rendered":"Asonahores y Travegali firman acuerdo para fortalecer el turismo accesible en RD"},"content":{"rendered":"\n<p class=\"wp-block-paragraph\">RD.-La Asociaci\u00f3n de Hoteles y Turismo de la Rep\u00fablica Dominicana (Asonahores) y Travegali firmaron un acuerdo de cooperaci\u00f3n para fortalecer el desarrollo del turismo accesible en el pa\u00eds, mediante iniciativas que promuevan destinos, eventos y experiencias inclusivas y ampl\u00eden las oportunidades de participaci\u00f3n de viajeros con distintas necesidades de accesibilidad.<\/p>\n\n\n\n<p class=\"wp-block-paragraph\">El acuerdo establece un marco de colaboraci\u00f3n para identificar e implementar acciones orientadas a garantizar una mayor participaci\u00f3n del p\u00fablico en los eventos organizados por Asonahores, mediante la creaci\u00f3n de entornos accesibles y seguros que contribuyan a mejorar la experiencia de los participantes y fortalecer el impacto social de estas iniciativas.<\/p>\n\n\n\n<p class=\"wp-block-paragraph\">La alianza procura, adem\u00e1s, que las inversiones y adecuaciones realizadas en materia de accesibilidad trasciendan la celebraci\u00f3n de los eventos y se conviertan en un legado sostenible para las ciudades sede, permiti\u00e9ndoles fortalecer y comercializar una oferta tur\u00edstica preparada para recibir a un mercado m\u00e1s amplio, que incluye personas en situaci\u00f3n de discapacidad, adultos mayores, familias numerosas y viajeros con movilidad reducida.<\/p>\n\n\n\n<p class=\"wp-block-paragraph\">Juan Bancalari, presidente de Asonahores, destac\u00f3 que avanzar hacia una oferta tur\u00edstica m\u00e1s accesible representa tanto un compromiso con la inclusi\u00f3n como una oportunidad para elevar la competitividad de Rep\u00fablica Dominicana frente a las nuevas demandas del mercado internacional.<\/p>\n\n\n\n<p class=\"wp-block-paragraph\">\u201cUn destino competitivo debe tener la capacidad de recibir y ofrecer experiencias de calidad a todas las personas. La accesibilidad es parte de la evoluci\u00f3n que necesita nuestra oferta tur\u00edstica y requiere el compromiso de toda la cadena de valor. Con esta alianza buscamos continuar impulsando una industria m\u00e1s inclusiva, al tiempo que ampliamos las oportunidades para atraer nuevos segmentos de viajeros y fortalecer el posicionamiento de Rep\u00fablica Dominicana en los mercados internacionales\u201d, afirm\u00f3.<\/p>\n\n\n\n<p class=\"wp-block-paragraph\">De su lado, Rafael Blanco Tejera, presidente de Travegali, destac\u00f3 que la colaboraci\u00f3n permitir\u00e1 avanzar hacia una visi\u00f3n en la que la accesibilidad forme parte de la planificaci\u00f3n y del desarrollo de la oferta tur\u00edstica desde su concepci\u00f3n.<\/p>\n\n\n\n<p class=\"wp-block-paragraph\">\u201cEl turismo accesible no debe entenderse como una adaptaci\u00f3n posterior, sino como una oportunidad para dise\u00f1ar destinos y experiencias capaces de recibir a todos. Rep\u00fablica Dominicana tiene las condiciones para convertirse en un referente regional e internacional en esta materia, y esta alianza con Asonahores permitir\u00e1 trabajar junto al sector tur\u00edstico para que la accesibilidad se traduzca en mejores experiencias para los visitantes<\/p>\n\n\n\n<p class=\"wp-block-paragraph\"><\/p>\n","protected":false},"excerpt":{"rendered":"<p>RD.-La Asociaci\u00f3n de Hoteles y Turismo de la Rep\u00fablica Dominicana (Asonahores) y Travegali firmaron un acuerdo de cooperaci\u00f3n para fortalecer el desarrollo del turismo accesible en el pa\u00eds, mediante iniciativas&hellip;<\/p>\n","protected":false},"author":3,"featured_media":139110,"comment_status":"open","ping_status":"open","sticky":false,"template":"","format":"standard","meta":{"content-type":"","_jetpack_newsletter_access":"","_jetpack_dont_email_post_to_subs":false,"_jetpack_newsletter_tier_id":0,"_jetpack_memberships_contains_paywalled_content":false,"_jetpack_feature_clip_id":0,"_jetpack_memberships_contains_paid_content":false,"footnotes":"","jetpack_post_was_ever_published":false},"categories":[376],"tags":[521,50,4613,375],"class_list":["post-139109","post","type-post","status-publish","format-standard","has-post-thumbnail","hentry","category-turismo","tag-acuerdo","tag-alianza","tag-asonahores","tag-turismo"],"jetpack-related-posts":[{"id":132023,"url":"https:\/\/lasprimeras.com.do\/index.php\/2026\/05\/28\/infotep-y-asonahores-fortalecen-formacion-tecnica-en-turismo-y-gastronomia\/","url_meta":{"origin":139109,"position":0},"title":"Infotep y Asonahores fortalecen formaci\u00f3n t\u00e9cnica en turismo y gastronom\u00eda","author":"Nelson Feliz","date":"28 de mayo de 2026","format":false,"excerpt":"Hermanas Mirabal.- El Instituto Nacional de Formaci\u00f3n T\u00e9cnico Profesional (Infotep) y la Asociaci\u00f3n de Hoteles y Turismo de la Rep\u00fablica Dominicana (Asonahores) iniciaron conversaciones para desarrollar una alianza estrat\u00e9gica orientada a fortalecer competencias del talento humano y responder a las nuevas demandas del sector tur\u00edstico y gastron\u00f3mico del pa\u00eds. El\u2026","rel":"","context":"En \u00abTURISMO\u00bb","block_context":{"text":"TURISMO","link":"https:\/\/lasprimeras.com.do\/index.php\/category\/turismo\/"},"img":{"alt_text":"","src":"https:\/\/i0.wp.com\/lasprimeras.com.do\/wp-content\/uploads\/2026\/05\/infotep.jpg?resize=350%2C200&ssl=1","width":350,"height":200,"srcset":"https:\/\/i0.wp.com\/lasprimeras.com.do\/wp-content\/uploads\/2026\/05\/infotep.jpg?resize=350%2C200&ssl=1 1x, https:\/\/i0.wp.com\/lasprimeras.com.do\/wp-content\/uploads\/2026\/05\/infotep.jpg?resize=525%2C300&ssl=1 1.5x, https:\/\/i0.wp.com\/lasprimeras.com.do\/wp-content\/uploads\/2026\/05\/infotep.jpg?resize=700%2C400&ssl=1 2x, https:\/\/i0.wp.com\/lasprimeras.com.do\/wp-content\/uploads\/2026\/05\/infotep.jpg?resize=1050%2C600&ssl=1 3x"},"classes":[]},{"id":115808,"url":"https:\/\/lasprimeras.com.do\/index.php\/2025\/11\/25\/asonahores-reconoce-al-ministro-david-collado-por-su-gestion-y-legado-en-el-turismo-dominicano\/","url_meta":{"origin":139109,"position":1},"title":"Asonahores reconoce al ministro David Collado por su gesti\u00f3n y legado en el turismo dominicano","author":"Nelson Feliz","date":"25 de noviembre de 2025","format":false,"excerpt":"La distinci\u00f3n fue entregada durante el Foro de Inversi\u00f3n de Turismo Deportivo La Asociaci\u00f3n de Hoteles y Turismo de la Rep\u00fablica Dominicana (Asonahores) otorg\u00f3 este martes un reconocimiento al ministro de Turismo, David Collado, por la solidez de su gesti\u00f3n y el impacto de su legado en el fortalecimiento y\u2026","rel":"","context":"En \u00abTURISMO\u00bb","block_context":{"text":"TURISMO","link":"https:\/\/lasprimeras.com.do\/index.php\/category\/turismo\/"},"img":{"alt_text":"Paola Rainieri de D\u00edaz, el presidente de Asonahores, Juan Bancalari; el ministro David Collado y la vicepresidenta de Asonahores, Aguie Lendor.","src":"https:\/\/i0.wp.com\/lasprimeras.com.do\/wp-content\/uploads\/2025\/11\/asonahores.jpg?resize=350%2C200&ssl=1","width":350,"height":200,"srcset":"https:\/\/i0.wp.com\/lasprimeras.com.do\/wp-content\/uploads\/2025\/11\/asonahores.jpg?resize=350%2C200&ssl=1 1x, https:\/\/i0.wp.com\/lasprimeras.com.do\/wp-content\/uploads\/2025\/11\/asonahores.jpg?resize=525%2C300&ssl=1 1.5x, https:\/\/i0.wp.com\/lasprimeras.com.do\/wp-content\/uploads\/2025\/11\/asonahores.jpg?resize=700%2C400&ssl=1 2x"},"classes":[]},{"id":115831,"url":"https:\/\/lasprimeras.com.do\/index.php\/2025\/11\/25\/asonahores-reconoce-a-banreservas-por-sus-aportes-al-desarrollo-del-turismo-dominicano\/","url_meta":{"origin":139109,"position":2},"title":"Asonahores reconoce a Banreservas por sus aportes al desarrollo del turismo dominicano","author":"Nelson Feliz","date":"25 de noviembre de 2025","format":false,"excerpt":"Henry Fuentes, vicepresidente ejecutivo de AFP Reservas, recibe el reconocimiento de Juan Bancalari, presidente de Asonahores; en presencia del doctor Leonardo Aguilera, presidente ejecutivo de Banreservas; David Collado, ministro de Turismo; y Aguie Lendor, vicepresidente de esa asociaci\u00f3n en el Foro de Inversi\u00f3n Tur\u00edstica 2025.","rel":"","context":"En \u00abPORTADA\u00bb","block_context":{"text":"PORTADA","link":"https:\/\/lasprimeras.com.do\/index.php\/category\/portada\/"},"img":{"alt_text":"","src":"https:\/\/i0.wp.com\/lasprimeras.com.do\/wp-content\/uploads\/2025\/11\/reservas-1.jpg?resize=350%2C200&ssl=1","width":350,"height":200,"srcset":"https:\/\/i0.wp.com\/lasprimeras.com.do\/wp-content\/uploads\/2025\/11\/reservas-1.jpg?resize=350%2C200&ssl=1 1x, https:\/\/i0.wp.com\/lasprimeras.com.do\/wp-content\/uploads\/2025\/11\/reservas-1.jpg?resize=525%2C300&ssl=1 1.5x, https:\/\/i0.wp.com\/lasprimeras.com.do\/wp-content\/uploads\/2025\/11\/reservas-1.jpg?resize=700%2C400&ssl=1 2x"},"classes":[]},{"id":109142,"url":"https:\/\/lasprimeras.com.do\/index.php\/2025\/09\/14\/superate-participa-en-feria-comercial-de-asonahores\/","url_meta":{"origin":139109,"position":3},"title":"Sup\u00e9rate participa en feria comercial de ASONAHORES","author":"Nelson Feliz","date":"14 de septiembre de 2025","format":false,"excerpt":"Present\u00f3 los proyectos: Agricultura Familiar, Mujeres SUPER Emprendedoras y Manos Dominicanas. La\u00a0Direcci\u00f3n de Desarrollo Social Sup\u00e9rate particip\u00f3 enla\u00a0exposici\u00f3n comercial de la Asociaci\u00f3n de Hoteles y Turismo de la Rep\u00fablica Dominicana (ASONAHORES), en su edici\u00f3n 37,\u00a0una actividad que reuni\u00f3\u00a0\u00a0a m\u00e1s de 140 empresas tur\u00edsticas del pa\u00eds. Durante la jornada, la directora\u2026","rel":"","context":"En \u00abTURISMO\u00bb","block_context":{"text":"TURISMO","link":"https:\/\/lasprimeras.com.do\/index.php\/category\/turismo\/"},"img":{"alt_text":"","src":"https:\/\/i0.wp.com\/lasprimeras.com.do\/wp-content\/uploads\/2025\/09\/superate-1.jpg?resize=350%2C200&ssl=1","width":350,"height":200,"srcset":"https:\/\/i0.wp.com\/lasprimeras.com.do\/wp-content\/uploads\/2025\/09\/superate-1.jpg?resize=350%2C200&ssl=1 1x, https:\/\/i0.wp.com\/lasprimeras.com.do\/wp-content\/uploads\/2025\/09\/superate-1.jpg?resize=525%2C300&ssl=1 1.5x, https:\/\/i0.wp.com\/lasprimeras.com.do\/wp-content\/uploads\/2025\/09\/superate-1.jpg?resize=700%2C400&ssl=1 2x"},"classes":[]},{"id":53918,"url":"https:\/\/lasprimeras.com.do\/index.php\/2023\/07\/03\/acuerdo-entre-scotiabank-y-aderes-fortalecera-la-industria-gastronomica-nacional\/","url_meta":{"origin":139109,"position":4},"title":"Acuerdo entre Scotiabank y ADERES fortalecer\u00e1 la industria gastron\u00f3mica nacional","author":"Nelson Feliz","date":"3 de julio de 2023","format":false,"excerpt":"Scotiabank y la Asociaci\u00f3n Dominicana de Restaurantes (ADERES) formalizaron una alianza por los pr\u00f3ximos tres a\u00f1os, con el fin de promover y reconocer la industria gastron\u00f3mica dominicana mediante una serie de actividades a realizarse en el SDQ Gastron\u00f3mico, que abarca m\u00e1s de 160 restaurantes de Santo Domingo, Santiago y Punta\u2026","rel":"","context":"En \u00abECONOM\u00cdA\u00bb","block_context":{"text":"ECONOM\u00cdA","link":"https:\/\/lasprimeras.com.do\/index.php\/category\/economia\/"},"img":{"alt_text":"De izquierda a derecha_ Omar Cepeda, Gonzalo Gil y David Llibre","src":"https:\/\/i0.wp.com\/lasprimeras.com.do\/wp-content\/uploads\/2023\/07\/De-izquierda-a-derecha_-Omar-Cepeda-Gonzalo-Gil-y-David-Llibre.jpg?resize=350%2C200&ssl=1","width":350,"height":200,"srcset":"https:\/\/i0.wp.com\/lasprimeras.com.do\/wp-content\/uploads\/2023\/07\/De-izquierda-a-derecha_-Omar-Cepeda-Gonzalo-Gil-y-David-Llibre.jpg?resize=350%2C200&ssl=1 1x, https:\/\/i0.wp.com\/lasprimeras.com.do\/wp-content\/uploads\/2023\/07\/De-izquierda-a-derecha_-Omar-Cepeda-Gonzalo-Gil-y-David-Llibre.jpg?resize=525%2C300&ssl=1 1.5x, https:\/\/i0.wp.com\/lasprimeras.com.do\/wp-content\/uploads\/2023\/07\/De-izquierda-a-derecha_-Omar-Cepeda-Gonzalo-Gil-y-David-Llibre.jpg?resize=700%2C400&ssl=1 2x"},"classes":[]},{"id":139106,"url":"https:\/\/lasprimeras.com.do\/index.php\/2026\/09\/05\/expo-comercial-asonahores-cierra-con-cifras-record-y-mas-de-5000-visitantes-2\/","url_meta":{"origin":139109,"position":5},"title":"Expo Comercial Asonahores cierra con cifras r\u00e9cord y m\u00e1s de 5,000 visitantes","author":"BIMARY DE JES\u00daS Matos","date":"5 de septiembre de 2026","format":false,"excerpt":"Punta Cana, La Altagracia.\u2013 La XXXVIII Exposici\u00f3n Comercial de la Asociaci\u00f3n de Hoteles y Turismo de la Rep\u00fablica Dominicana (Asonahores) cerr\u00f3 su edici\u00f3n 2026 con cifras r\u00e9cord, al alcanzar 323 espacios ocupados por m\u00e1s de 200 empresas participantes y superar los 5,000 visitantes. Celebrada del 2 al 4 de septiembre\u2026","rel":"","context":"En \u00abNACIONALES\u00bb","block_context":{"text":"NACIONALES","link":"https:\/\/lasprimeras.com.do\/index.php\/category\/nacionales\/"},"img":{"alt_text":"","src":"https:\/\/i0.wp.com\/lasprimeras.com.do\/wp-content\/uploads\/2026\/09\/Copia-de-Copia-de-Post-de-Instagram-Feliz-Cumpleanos-Sencillo-Minimalista-Azul-1000-x-500-px-2026-09-04T151356.951-860x430-2.png?resize=350%2C200&ssl=1","width":350,"height":200,"srcset":"https:\/\/i0.wp.com\/lasprimeras.com.do\/wp-content\/uploads\/2026\/09\/Copia-de-Copia-de-Post-de-Instagram-Feliz-Cumpleanos-Sencillo-Minimalista-Azul-1000-x-500-px-2026-09-04T151356.951-860x430-2.png?resize=350%2C200&ssl=1 1x, https:\/\/i0.wp.com\/lasprimeras.com.do\/wp-content\/uploads\/2026\/09\/Copia-de-Copia-de-Post-de-Instagram-Feliz-Cumpleanos-Sencillo-Minimalista-Azul-1000-x-500-px-2026-09-04T151356.951-860x430-2.png?resize=525%2C300&ssl=1 1.5x, https:\/\/i0.wp.com\/lasprimeras.com.do\/wp-content\/uploads\/2026\/09\/Copia-de-Copia-de-Post-de-Instagram-Feliz-Cumpleanos-Sencillo-Minimalista-Azul-1000-x-500-px-2026-09-04T151356.951-860x430-2.png?resize=700%2C400&ssl=1 2x"},"classes":[]}],"jetpack_sharing_enabled":true,"jetpack_featured_media_url":"https:\/\/lasprimeras.com.do\/wp-content\/uploads\/2026\/09\/DSC01256-1536x1229-1.jpg","_links":{"self":[{"href":"https:\/\/lasprimeras.com.do\/index.php\/wp-json\/wp\/v2\/posts\/139109","targetHints":{"allow":["GET"]}}],"collection":[{"href":"https:\/\/lasprimeras.com.do\/index.php\/wp-json\/wp\/v2\/posts"}],"about":[{"href":"https:\/\/lasprimeras.com.do\/index.php\/wp-json\/wp\/v2\/types\/post"}],"author":[{"embeddable":true,"href":"https:\/\/lasprimeras.com.do\/index.php\/wp-json\/wp\/v2\/users\/3"}],"replies":[{"embeddable":true,"href":"https:\/\/lasprimeras.com.do\/index.php\/wp-json\/wp\/v2\/comments?post=139109"}],"version-history":[{"count":2,"href":"https:\/\/lasprimeras.com.do\/index.php\/wp-json\/wp\/v2\/posts\/139109\/revisions"}],"predecessor-version":[{"id":139113,"href":"https:\/\/lasprimeras.com.do\/index.php\/wp-json\/wp\/v2\/posts\/139109\/revisions\/139113"}],"wp:featuredmedia":[{"embeddable":true,"href":"https:\/\/lasprimeras.com.do\/index.php\/wp-json\/wp\/v2\/media\/139110"}],"wp:attachment":[{"href":"https:\/\/lasprimeras.com.do\/index.php\/wp-json\/wp\/v2\/media?parent=139109"}],"wp:term":[{"taxonomy":"category","embeddable":true,"href":"https:\/\/lasprimeras.com.do\/index.php\/wp-json\/wp\/v2\/categories?post=139109"},{"taxonomy":"post_tag","embeddable":true,"href":"https:\/\/lasprimeras.com.do\/index.php\/wp-json\/wp\/v2\/tags?post=139109"}],"curies":[{"name":"wp","href":"https:\/\/api.w.org\/{rel}","templated":true}]}}