{"id":139114,"date":"2026-09-05T09:21:56","date_gmt":"2026-09-05T13:21:56","guid":{"rendered":"https:\/\/lasprimeras.com.do\/?p=139114"},"modified":"2026-09-05T09:21:58","modified_gmt":"2026-09-05T13:21:58","slug":"dncd-decomisa-us-600-mil-a-colombiano-en-aeropuerto-de-las-americas","status":"publish","type":"post","link":"https:\/\/lasprimeras.com.do\/index.php\/2026\/09\/05\/dncd-decomisa-us-600-mil-a-colombiano-en-aeropuerto-de-las-americas\/","title":{"rendered":"DNCD decomisa US$ 600 mil a colombiano en Aeropuerto de Las Am\u00e9ricas"},"content":{"rendered":"\n<p class=\"wp-block-paragraph\">Las autoridades de aduanas en el aeropuerto Las Am\u00e9ricas, detuvieron a un pasajero de nacionalidad colombiana tras intentar salir del pa\u00eds, por el Aeropuerto Internacional de Las Am\u00e9ricas (AILA) con US$600,700 en efectivo y 647,000 pesos colombianos, dinero que no hab\u00eda sido declarado ante las autoridades aduaneras.<\/p>\n\n\n\n<p class=\"wp-block-paragraph\">El decomiso fue realizado por la Direcci\u00f3n General de Aduanas (DGA), en coordinaci\u00f3n con el Cuerpo Especializado en Seguridad Aeroportuaria y de la Aviaci\u00f3n Civil (CESAC) y la Unidad de Prevenci\u00f3n y Persecuci\u00f3n del Contrabando y el Tr\u00e1fico Il\u00edcito del Ministerio P\u00fablico.<\/p>\n\n\n\n<p class=\"wp-block-paragraph\">De acuerdo con las informaciones ofrecidas, el extranjero se dispon\u00eda a viajar con destino a Panam\u00e1 y llevaba ocultos en un bulto de mano US$599,700, mientras que otros US$1,000 los transportaba en sus bolsillos. Tambien tenia en su poder los 647,000 pesos colombianos.<\/p>\n\n\n\n<p class=\"wp-block-paragraph\">El monto ocupado en d\u00f3lares equivale, a la tasa de cambio indicada por las autoridades, a aproximadamente RD$35,981,930, una cantidad que, por superar el l\u00edmite establecido para el transporte de efectivo sin declaraci\u00f3n, debe ser reportada a las autoridades correspondientes.<\/p>\n\n\n\n<p class=\"wp-block-paragraph\"><\/p>\n","protected":false},"excerpt":{"rendered":"<p>Las autoridades de aduanas en el aeropuerto Las Am\u00e9ricas, detuvieron a un pasajero de nacionalidad colombiana tras intentar salir del pa\u00eds, por el Aeropuerto Internacional de Las Am\u00e9ricas (AILA) con&hellip;<\/p>\n","protected":false},"author":3,"featured_media":139115,"comment_status":"open","ping_status":"open","sticky":false,"template":"","format":"standard","meta":{"content-type":"","_jetpack_newsletter_access":"","_jetpack_dont_email_post_to_subs":false,"_jetpack_newsletter_tier_id":0,"_jetpack_memberships_contains_paywalled_content":false,"_jetpack_feature_clip_id":0,"_jetpack_memberships_contains_paid_content":false,"footnotes":"","jetpack_post_was_ever_published":false},"categories":[35],"tags":[226,517,3019,3707],"class_list":["post-139114","post","type-post","status-publish","format-standard","has-post-thumbnail","hentry","category-nacionales","tag-aila","tag-cesac","tag-dga","tag-dncd"],"jetpack-related-posts":[{"id":104466,"url":"https:\/\/lasprimeras.com.do\/index.php\/2025\/07\/24\/dga-confisca-us40-mil-a-viajero-de-eeuu\/","url_meta":{"origin":139114,"position":0},"title":"DGA confisca US$40 mil a viajero de EEUU","author":"Nelson Feliz","date":"24 de julio de 2025","format":false,"excerpt":"(Prensa Latina) La Direcci\u00f3n General de Aduanas (DGA) de la Rep\u00fablica Dominicana decomis\u00f3 m\u00e1s de 40 mil d\u00f3lares en el Aeropuerto Internacional de Las Am\u00e9ricas, en el equipaje de mano de un pasajero proveniente de Fort Lauderdale, Miami, inform\u00f3 hoy. El dinero, que el ciudadano no declar\u00f3 a las autoridades,\u2026","rel":"","context":"En \u00abECONOM\u00cdA\u00bb","block_context":{"text":"ECONOM\u00cdA","link":"https:\/\/lasprimeras.com.do\/index.php\/category\/economia\/"},"img":{"alt_text":"","src":"https:\/\/i0.wp.com\/lasprimeras.com.do\/wp-content\/uploads\/2025\/07\/Dolares-incautados.jpg?resize=350%2C200&ssl=1","width":350,"height":200,"srcset":"https:\/\/i0.wp.com\/lasprimeras.com.do\/wp-content\/uploads\/2025\/07\/Dolares-incautados.jpg?resize=350%2C200&ssl=1 1x, https:\/\/i0.wp.com\/lasprimeras.com.do\/wp-content\/uploads\/2025\/07\/Dolares-incautados.jpg?resize=525%2C300&ssl=1 1.5x"},"classes":[]},{"id":76984,"url":"https:\/\/lasprimeras.com.do\/index.php\/2024\/02\/16\/autoridades-policiales-aduanas-y-del-mp-ocupan-12-pistolas-municiones-y-otros-pertrechos-en-navarrete-y-sfm\/","url_meta":{"origin":139114,"position":1},"title":"Autoridades policiales, Aduanas y del MP ocupan 12 pistolas, municiones y otros pertrechos en Navarrete y SFM","author":"BIMARY DE JES\u00daS Matos","date":"16 de febrero de 2024","format":false,"excerpt":"Martin Restituyo SFM.-Los agentes de la Polic\u00eda Nacional, adscritos a la Divisi\u00f3n Especial de Investigaci\u00f3n de Delitos Transnacionales (DEIDET), la Direcci\u00f3n General de Aduanas (DGA), junto a miembros de la Direcci\u00f3n de Inteligencia del Estado Mayor (J2), ocuparon cinco pistolas que llegaron al pa\u00eds desde la ciudad de Miami, y\u2026","rel":"","context":"En \u00abPORTADA\u00bb","block_context":{"text":"PORTADA","link":"https:\/\/lasprimeras.com.do\/index.php\/category\/portada\/"},"img":{"alt_text":"","src":"https:\/\/i0.wp.com\/lasprimeras.com.do\/wp-content\/uploads\/2024\/02\/IMG-20240216-WA0069.jpg?resize=350%2C200&ssl=1","width":350,"height":200},"classes":[]},{"id":70191,"url":"https:\/\/lasprimeras.com.do\/index.php\/2023\/12\/09\/esperan-llegada-de-600-mil-visitantes-para-fiestas-de-fin-de-ano\/","url_meta":{"origin":139114,"position":2},"title":"Esperan llegada de 600 mil visitantes para fiestas de fin de a\u00f1o","author":"BIMARY DE JES\u00daS Matos","date":"9 de diciembre de 2023","format":false,"excerpt":"AEROPUERTO LAS AM\u00c9RICAS. -Aeropuertos Dominicanos Siglo XXI (AERODOM) espera la llegada de m\u00e1s de 600,000 viajeros, en su mayor\u00eda dominicanos ausentes para las fiestas de Navidad y fin de a\u00f1o. La informaci\u00f3n la ofreci\u00f3 la directora de Aerodom, Monika Infante de Henr\u00edquez, quien declar\u00f3 que este a\u00f1o se espera el\u2026","rel":"","context":"En \u00abPORTADA\u00bb","block_context":{"text":"PORTADA","link":"https:\/\/lasprimeras.com.do\/index.php\/category\/portada\/"},"img":{"alt_text":"","src":"https:\/\/i0.wp.com\/lasprimeras.com.do\/wp-content\/uploads\/2023\/12\/WhatsApp-Image-2023-12-07-at-7.22.09-PM-5.webp?resize=350%2C200&ssl=1","width":350,"height":200,"srcset":"https:\/\/i0.wp.com\/lasprimeras.com.do\/wp-content\/uploads\/2023\/12\/WhatsApp-Image-2023-12-07-at-7.22.09-PM-5.webp?resize=350%2C200&ssl=1 1x, https:\/\/i0.wp.com\/lasprimeras.com.do\/wp-content\/uploads\/2023\/12\/WhatsApp-Image-2023-12-07-at-7.22.09-PM-5.webp?resize=525%2C300&ssl=1 1.5x"},"classes":[]},{"id":119861,"url":"https:\/\/lasprimeras.com.do\/index.php\/2026\/01\/18\/dga-revela-que-las-exportaciones-hacia-haiti-crecieron-33-7-en-2025\/","url_meta":{"origin":139114,"position":3},"title":"DGA revela que las exportaciones hacia Hait\u00ed crecieron 33.7% en 2025","author":"Nelson Feliz","date":"18 de enero de 2026","format":false,"excerpt":"El valor exportado super\u00f3 los US$1,202 millones, seg\u00fan indican estad\u00edsticas de la Direcci\u00f3n General de Aduanas. Por Esteban Delgado Las exportaciones de Rep\u00fablica Dominicana hacia Hait\u00ed crecieron un 33,7% durante el a\u00f1o pasado, tras alcanzar un monto de US$1.202,9 millones, seg\u00fan indican estad\u00edsticas de la Direcci\u00f3n General de Aduanas. Desde\u2026","rel":"","context":"En \u00abECONOM\u00cdA\u00bb","block_context":{"text":"ECONOM\u00cdA","link":"https:\/\/lasprimeras.com.do\/index.php\/category\/economia\/"},"img":{"alt_text":"Exportaciones hacia Hait\u00ed","src":"https:\/\/i0.wp.com\/lasprimeras.com.do\/wp-content\/uploads\/2026\/01\/Exportaciones-hacia-Haiti.jpg?resize=350%2C200&ssl=1","width":350,"height":200,"srcset":"https:\/\/i0.wp.com\/lasprimeras.com.do\/wp-content\/uploads\/2026\/01\/Exportaciones-hacia-Haiti.jpg?resize=350%2C200&ssl=1 1x, https:\/\/i0.wp.com\/lasprimeras.com.do\/wp-content\/uploads\/2026\/01\/Exportaciones-hacia-Haiti.jpg?resize=525%2C300&ssl=1 1.5x, https:\/\/i0.wp.com\/lasprimeras.com.do\/wp-content\/uploads\/2026\/01\/Exportaciones-hacia-Haiti.jpg?resize=700%2C400&ssl=1 2x"},"classes":[]},{"id":118150,"url":"https:\/\/lasprimeras.com.do\/index.php\/2025\/12\/22\/dncd-arresta-dos-alemanes-e-incauta-28-paquetes-presumiblemente-de-cocaina-en-el-aila\/","url_meta":{"origin":139114,"position":4},"title":"DNCD arresta dos alemanes e incauta 28 paquetes presumiblemente de cocaina en el AILA","author":"Nelson Feliz","date":"22 de diciembre de 2025","format":false,"excerpt":"La detenci\u00f3n de los extranjeros se produjo en el aeropuerto de Punta Cana como parte del seguimiento al decomiso de 17 paquetes en el AILA. Agentes de la Direccion Nacional de Control de Drogas (DNCD) coordinados por miembros del Ministerio P\u00fablico, apoyados por el Cuerpo Especializado de Seguridad Aeroportuaria (CESAC)\u2026","rel":"","context":"En \u00abNACIONALES\u00bb","block_context":{"text":"NACIONALES","link":"https:\/\/lasprimeras.com.do\/index.php\/category\/nacionales\/"},"img":{"alt_text":"","src":"https:\/\/i0.wp.com\/lasprimeras.com.do\/wp-content\/uploads\/2025\/12\/drogas-1.jpg?resize=350%2C200&ssl=1","width":350,"height":200,"srcset":"https:\/\/i0.wp.com\/lasprimeras.com.do\/wp-content\/uploads\/2025\/12\/drogas-1.jpg?resize=350%2C200&ssl=1 1x, https:\/\/i0.wp.com\/lasprimeras.com.do\/wp-content\/uploads\/2025\/12\/drogas-1.jpg?resize=525%2C300&ssl=1 1.5x, https:\/\/i0.wp.com\/lasprimeras.com.do\/wp-content\/uploads\/2025\/12\/drogas-1.jpg?resize=700%2C400&ssl=1 2x"},"classes":[]},{"id":118527,"url":"https:\/\/lasprimeras.com.do\/index.php\/2025\/12\/30\/apresan-cuatro-personas-vinculadas-al-decomiso-de-ocho-paquetes-de-cocina-en-el-aila\/","url_meta":{"origin":139114,"position":5},"title":"Apresan cuatro personas vinculadas al decomiso de ocho paquetes de cocina en el AILA","author":"Nelson Feliz","date":"30 de diciembre de 2025","format":false,"excerpt":"Entre los detenidos figuran tres hombres y una mujer, todos empleados de l\u00edneas a\u00e9reas y compa\u00f1\u00edas que prestan servicio en la terminal. Agentes de la Direccion Nacional de Control de Drogas (DNCD) y miembros del Ministerio P\u00fablico, apoyados por efectivos del Cuerpo Especializado de Seguridad Aeroportuaria, (CESAC), arrestaron a cuatro\u2026","rel":"","context":"En \u00abMILITARES\u00bb","block_context":{"text":"MILITARES","link":"https:\/\/lasprimeras.com.do\/index.php\/category\/militares\/"},"img":{"alt_text":"presos","src":"https:\/\/i0.wp.com\/lasprimeras.com.do\/wp-content\/uploads\/2025\/12\/presos.jpg?resize=350%2C200&ssl=1","width":350,"height":200,"srcset":"https:\/\/i0.wp.com\/lasprimeras.com.do\/wp-content\/uploads\/2025\/12\/presos.jpg?resize=350%2C200&ssl=1 1x, https:\/\/i0.wp.com\/lasprimeras.com.do\/wp-content\/uploads\/2025\/12\/presos.jpg?resize=525%2C300&ssl=1 1.5x, https:\/\/i0.wp.com\/lasprimeras.com.do\/wp-content\/uploads\/2025\/12\/presos.jpg?resize=700%2C400&ssl=1 2x"},"classes":[]}],"jetpack_sharing_enabled":true,"jetpack_featured_media_url":"https:\/\/lasprimeras.com.do\/wp-content\/uploads\/2026\/09\/6a9b1d4211247.jpeg","_links":{"self":[{"href":"https:\/\/lasprimeras.com.do\/index.php\/wp-json\/wp\/v2\/posts\/139114","targetHints":{"allow":["GET"]}}],"collection":[{"href":"https:\/\/lasprimeras.com.do\/index.php\/wp-json\/wp\/v2\/posts"}],"about":[{"href":"https:\/\/lasprimeras.com.do\/index.php\/wp-json\/wp\/v2\/types\/post"}],"author":[{"embeddable":true,"href":"https:\/\/lasprimeras.com.do\/index.php\/wp-json\/wp\/v2\/users\/3"}],"replies":[{"embeddable":true,"href":"https:\/\/lasprimeras.com.do\/index.php\/wp-json\/wp\/v2\/comments?post=139114"}],"version-history":[{"count":1,"href":"https:\/\/lasprimeras.com.do\/index.php\/wp-json\/wp\/v2\/posts\/139114\/revisions"}],"predecessor-version":[{"id":139116,"href":"https:\/\/lasprimeras.com.do\/index.php\/wp-json\/wp\/v2\/posts\/139114\/revisions\/139116"}],"wp:featuredmedia":[{"embeddable":true,"href":"https:\/\/lasprimeras.com.do\/index.php\/wp-json\/wp\/v2\/media\/139115"}],"wp:attachment":[{"href":"https:\/\/lasprimeras.com.do\/index.php\/wp-json\/wp\/v2\/media?parent=139114"}],"wp:term":[{"taxonomy":"category","embeddable":true,"href":"https:\/\/lasprimeras.com.do\/index.php\/wp-json\/wp\/v2\/categories?post=139114"},{"taxonomy":"post_tag","embeddable":true,"href":"https:\/\/lasprimeras.com.do\/index.php\/wp-json\/wp\/v2\/tags?post=139114"}],"curies":[{"name":"wp","href":"https:\/\/api.w.org\/{rel}","templated":true}]}}