{"id":139117,"date":"2026-09-05T09:28:21","date_gmt":"2026-09-05T13:28:21","guid":{"rendered":"https:\/\/lasprimeras.com.do\/?p=139117"},"modified":"2026-09-05T09:28:22","modified_gmt":"2026-09-05T13:28:22","slug":"fuerza-del-pueblo-asegura-que-el-mayor-terrorista-ambiental-es-el-gobierno-del-prm","status":"publish","type":"post","link":"https:\/\/lasprimeras.com.do\/index.php\/2026\/09\/05\/fuerza-del-pueblo-asegura-que-el-mayor-terrorista-ambiental-es-el-gobierno-del-prm\/","title":{"rendered":"Fuerza del Pueblo asegura que el mayor \u201cterrorista ambiental\u201d es el Gobierno del PRM"},"content":{"rendered":"\n<p class=\"wp-block-paragraph\">Santo Domingo-El partido Fuerza del Pueblo (FP) asegur\u00f3 que el mayor \u201cterrorista ambiental\u201d de la Rep\u00fablica Dominicana es el propio Gobierno del Partido Revolucionario Moderno (PRM), al cuestionar las pol\u00edticas aplicadas por las actuales autoridades y considerar innecesario el decreto emitido por el Poder Ejecutivo para enfrentar determinados delitos contra el medioambiente.<\/p>\n\n\n\n<p class=\"wp-block-paragraph\">Mediante un comunicado, el secretario de Medio Ambiente de la Fuerza del Pueblo, ingeniero Pa\u00edno Abreu Collado cuestion\u00f3 que el Gobierno pretenda presentar como nuevas medidas que ya est\u00e1n contempladas en la legislaci\u00f3n dominicana. \u201c\u00bfQu\u00e9 busca el presidente Abinader prohibiendo por decreto lo que ya est\u00e1 prohibido en la ley?\u201d, expres\u00f3.<\/p>\n\n\n\n<p class=\"wp-block-paragraph\">Abreu se\u00f1al\u00f3 que el art\u00edculo 265 de la Ley 74-25, correspondiente al nuevo C\u00f3digo Penal, establece penas de entre 20 y 30 a\u00f1os de prisi\u00f3n mayor y multas de 30 a 40 salarios m\u00ednimos del sector p\u00fablico para quienes provoquen voluntariamente incendios que afecten bosques, reservas forestales, nacimientos de r\u00edos, parques nacionales y otras \u00e1reas protegidas.<\/p>\n\n\n\n<p class=\"wp-block-paragraph\">El dirigente pol\u00edtico sostuvo que el problema no radica en la falta de legislaci\u00f3n, sino en la capacidad de las autoridades para hacerla cumplir. Indic\u00f3 que entre 2020 y 2025 fueron reportados 2,558 incendios, gran parte de ellos provocados y que durante ese per\u00edodo se registraron 11,970 delitos correspondientes \u00fanicamente a tala de \u00e1rboles y vertederos improvisados.<\/p>\n","protected":false},"excerpt":{"rendered":"<p>Santo Domingo-El partido Fuerza del Pueblo (FP) asegur\u00f3 que el mayor \u201cterrorista ambiental\u201d de la Rep\u00fablica Dominicana es el propio Gobierno del Partido Revolucionario Moderno (PRM), al cuestionar las pol\u00edticas&hellip;<\/p>\n","protected":false},"author":3,"featured_media":139118,"comment_status":"open","ping_status":"open","sticky":false,"template":"","format":"standard","meta":{"content-type":"","_jetpack_newsletter_access":"","_jetpack_dont_email_post_to_subs":false,"_jetpack_newsletter_tier_id":0,"_jetpack_memberships_contains_paywalled_content":false,"_jetpack_feature_clip_id":0,"_jetpack_memberships_contains_paid_content":false,"footnotes":"","jetpack_post_was_ever_published":false},"categories":[16559],"tags":[36281,171,31],"class_list":["post-139117","post","type-post","status-publish","format-standard","has-post-thumbnail","hentry","category-politica","tag-fuerzadelpueblo","tag-gobierno","tag-prm"],"jetpack-related-posts":[{"id":103442,"url":"https:\/\/lasprimeras.com.do\/index.php\/2025\/07\/15\/fuerza-del-pueblo-propone-declarar-el-jardin-botanico-como-area-protegida-para-que-el-prm-no-lo-toque\/","url_meta":{"origin":139117,"position":0},"title":"Fuerza del Pueblo propone declarar el Jard\u00edn Bot\u00e1nico como \u00c1rea Protegida para que \u201cel PRM no lo toque\u201d","author":"Nelson Feliz","date":"15 de julio de 2025","format":false,"excerpt":"La organizaci\u00f3n asegura que Santo Domingo necesita m\u00e1s \u00e1reas verdes, no mutilar las que existen, y llama al Congreso a actuar. El titular de la Secretar\u00eda de Medio Ambiente de la Fuerza del Pueblo, ingeniero Paino Abreu Collado, advirti\u00f3 este martes que el Gobierno del PRM pretende intervenir el Jard\u00edn\u2026","rel":"","context":"En \u00abPOLITICA\u00bb","block_context":{"text":"POLITICA","link":"https:\/\/lasprimeras.com.do\/index.php\/category\/politica\/"},"img":{"alt_text":"","src":"https:\/\/i0.wp.com\/lasprimeras.com.do\/wp-content\/uploads\/2025\/07\/Paino-Abreu-Collado.jpg?resize=350%2C200&ssl=1","width":350,"height":200,"srcset":"https:\/\/i0.wp.com\/lasprimeras.com.do\/wp-content\/uploads\/2025\/07\/Paino-Abreu-Collado.jpg?resize=350%2C200&ssl=1 1x, https:\/\/i0.wp.com\/lasprimeras.com.do\/wp-content\/uploads\/2025\/07\/Paino-Abreu-Collado.jpg?resize=525%2C300&ssl=1 1.5x, https:\/\/i0.wp.com\/lasprimeras.com.do\/wp-content\/uploads\/2025\/07\/Paino-Abreu-Collado.jpg?resize=700%2C400&ssl=1 2x"},"classes":[]},{"id":136696,"url":"https:\/\/lasprimeras.com.do\/index.php\/2026\/08\/06\/fp-exige-transparencia-por-obras-del-gobierno-en-los-jardines-del-norte\/","url_meta":{"origin":139117,"position":1},"title":"FP exige transparencia por obras del Gobierno en Los Jardines del Norte","author":"Nelson Feliz","date":"6 de agosto de 2026","format":false,"excerpt":"_Paino Abreu advierte que el proyecto carece de licencia social y exige aclarar si cuenta con la autorizaci\u00f3n ambiental correspondiente._ Santo Domingo. El partido Fuerza del Pueblo (FP), exigi\u00f3 este jueves al Gobierno transparentar las obras viales que ejecuta en el entorno de la urbanizaci\u00f3n Los Jardines del Norte y\u2026","rel":"","context":"En \u00abPOLITICA\u00bb","block_context":{"text":"POLITICA","link":"https:\/\/lasprimeras.com.do\/index.php\/category\/politica\/"},"img":{"alt_text":"","src":"https:\/\/i0.wp.com\/lasprimeras.com.do\/wp-content\/uploads\/2026\/08\/IMG-20260806-WA0379-scaled.jpg?resize=350%2C200&ssl=1","width":350,"height":200,"srcset":"https:\/\/i0.wp.com\/lasprimeras.com.do\/wp-content\/uploads\/2026\/08\/IMG-20260806-WA0379-scaled.jpg?resize=350%2C200&ssl=1 1x, https:\/\/i0.wp.com\/lasprimeras.com.do\/wp-content\/uploads\/2026\/08\/IMG-20260806-WA0379-scaled.jpg?resize=525%2C300&ssl=1 1.5x, https:\/\/i0.wp.com\/lasprimeras.com.do\/wp-content\/uploads\/2026\/08\/IMG-20260806-WA0379-scaled.jpg?resize=700%2C400&ssl=1 2x, https:\/\/i0.wp.com\/lasprimeras.com.do\/wp-content\/uploads\/2026\/08\/IMG-20260806-WA0379-scaled.jpg?resize=1050%2C600&ssl=1 3x, https:\/\/i0.wp.com\/lasprimeras.com.do\/wp-content\/uploads\/2026\/08\/IMG-20260806-WA0379-scaled.jpg?resize=1400%2C800&ssl=1 4x"},"classes":[]},{"id":124384,"url":"https:\/\/lasprimeras.com.do\/index.php\/2026\/03\/11\/radhames-jimenez-cuestiona-al-prm-dice-es-una-plaga-y-nunca-bajo-combustibles\/","url_meta":{"origin":139117,"position":2},"title":"Radham\u00e9s Jim\u00e9nez cuestiona al PRM dice es una \u201cplaga\u201d y nunca baj\u00f3 combustibles","author":"Nelson Feliz","date":"11 de marzo de 2026","format":false,"excerpt":"El vicepresidente del partido Fuerza del Pueblo, Radham\u00e9s Jim\u00e9nez Pe\u00f1a, afirm\u00f3 que el gobierno del Partido Revolucionario Moderno se ha convertido en una \u201cplaga\u201d para la Rep\u00fablica Dominicana, al tiempo que cuestion\u00f3 que durante los \u00faltimos a\u00f1os, aun comprando petr\u00f3leo a precios internacionales m\u00e1s bajos, nunca redujeran el precio de\u2026","rel":"","context":"En \u00abPOLITICA\u00bb","block_context":{"text":"POLITICA","link":"https:\/\/lasprimeras.com.do\/index.php\/category\/politica\/"},"img":{"alt_text":"","src":"https:\/\/i0.wp.com\/lasprimeras.com.do\/wp-content\/uploads\/2026\/03\/combuston.jpg?resize=350%2C200&ssl=1","width":350,"height":200,"srcset":"https:\/\/i0.wp.com\/lasprimeras.com.do\/wp-content\/uploads\/2026\/03\/combuston.jpg?resize=350%2C200&ssl=1 1x, https:\/\/i0.wp.com\/lasprimeras.com.do\/wp-content\/uploads\/2026\/03\/combuston.jpg?resize=525%2C300&ssl=1 1.5x, https:\/\/i0.wp.com\/lasprimeras.com.do\/wp-content\/uploads\/2026\/03\/combuston.jpg?resize=700%2C400&ssl=1 2x, https:\/\/i0.wp.com\/lasprimeras.com.do\/wp-content\/uploads\/2026\/03\/combuston.jpg?resize=1050%2C600&ssl=1 3x"},"classes":[]},{"id":104518,"url":"https:\/\/lasprimeras.com.do\/index.php\/2025\/07\/24\/el-gobierno-le-da-un-arunazo-profundo-al-jardin-botanico-advierte-la-fuerza-del-pueblo\/","url_meta":{"origin":139117,"position":3},"title":"El Gobierno le da un \u201caru\u00f1azo profundo\u201d al Jard\u00edn Bot\u00e1nico, advierte la Fuerza del Pueblo","author":"Nelson Feliz","date":"24 de julio de 2025","format":false,"excerpt":"El partido Fuerza del Pueblo (FP), a trav\u00e9s del ingeniero Pa\u00edno Abreu Collado, secretario de Medio Ambiente de la organizaci\u00f3n, alert\u00f3 que, aunque el Gobierno asegura que el nuevo proyecto vial en la capital no penetrar\u00e1 los terrenos del Jard\u00edn Bot\u00e1nico, s\u00ed le provocar\u00e1 un \u201caru\u00f1azo profundo\u201d al arrebatarle el\u2026","rel":"","context":"En \u00abPOLITICA\u00bb","block_context":{"text":"POLITICA","link":"https:\/\/lasprimeras.com.do\/index.php\/category\/politica\/"},"img":{"alt_text":"","src":"https:\/\/i0.wp.com\/lasprimeras.com.do\/wp-content\/uploads\/2025\/07\/paino-abreu.jpg?resize=350%2C200&ssl=1","width":350,"height":200,"srcset":"https:\/\/i0.wp.com\/lasprimeras.com.do\/wp-content\/uploads\/2025\/07\/paino-abreu.jpg?resize=350%2C200&ssl=1 1x, https:\/\/i0.wp.com\/lasprimeras.com.do\/wp-content\/uploads\/2025\/07\/paino-abreu.jpg?resize=525%2C300&ssl=1 1.5x, https:\/\/i0.wp.com\/lasprimeras.com.do\/wp-content\/uploads\/2025\/07\/paino-abreu.jpg?resize=700%2C400&ssl=1 2x"},"classes":[]},{"id":133329,"url":"https:\/\/lasprimeras.com.do\/index.php\/2026\/06\/12\/leonel-rechaza-desde-madrid-nueva-reforma-fiscal-disfrazada-que-impulsa-el-prm\/","url_meta":{"origin":139117,"position":4},"title":"Leonel rechaza desde Madrid nueva reforma fiscal disfrazada que impulsa el PRM","author":"Nelson Feliz","date":"12 de junio de 2026","format":false,"excerpt":"_Presidente de FP subraya que no es momento de aumentar impuestos mientras la inflaci\u00f3n y el alto costo de la vida afectan a las familias dominicanas._ Madrid, Espa\u00f1a.\u2013 El presidente de la Fuerza del Pueblo (FP) y expresidente de la Rep\u00fablica Dominicana, Leonel Fern\u00e1ndez, rechaz\u00f3 desde Madrid lo que calific\u00f3\u2026","rel":"","context":"En \u00abECONOM\u00cdA\u00bb","block_context":{"text":"ECONOM\u00cdA","link":"https:\/\/lasprimeras.com.do\/index.php\/category\/economia\/"},"img":{"alt_text":"","src":"https:\/\/i0.wp.com\/lasprimeras.com.do\/wp-content\/uploads\/2026\/06\/IMG-20260612-WA0163.jpg?resize=350%2C200&ssl=1","width":350,"height":200,"srcset":"https:\/\/i0.wp.com\/lasprimeras.com.do\/wp-content\/uploads\/2026\/06\/IMG-20260612-WA0163.jpg?resize=350%2C200&ssl=1 1x, https:\/\/i0.wp.com\/lasprimeras.com.do\/wp-content\/uploads\/2026\/06\/IMG-20260612-WA0163.jpg?resize=525%2C300&ssl=1 1.5x, https:\/\/i0.wp.com\/lasprimeras.com.do\/wp-content\/uploads\/2026\/06\/IMG-20260612-WA0163.jpg?resize=700%2C400&ssl=1 2x, https:\/\/i0.wp.com\/lasprimeras.com.do\/wp-content\/uploads\/2026\/06\/IMG-20260612-WA0163.jpg?resize=1050%2C600&ssl=1 3x, https:\/\/i0.wp.com\/lasprimeras.com.do\/wp-content\/uploads\/2026\/06\/IMG-20260612-WA0163.jpg?resize=1400%2C800&ssl=1 4x"},"classes":[]},{"id":58641,"url":"https:\/\/lasprimeras.com.do\/index.php\/2023\/08\/26\/paino-abreu-sargazo-desnuda-incompetencia-e-ignorancia-del-gobierno-en-materia-ambiental\/","url_meta":{"origin":139117,"position":5},"title":"Pa\u00edno Abreu: Sargazo desnuda incompetencia e ignorancia del gobierno en materia ambiental","author":"Nelson Feliz","date":"26 de agosto de 2023","format":false,"excerpt":"El secretario de Medio Ambiente y Recursos Naturales de la Fuerza del Pueblo (FP), Pa\u00edno Abreu Collado, indic\u00f3 que el Gobierno se ha quemado con el sargazo, mostrando incompetencia, falta de planificaci\u00f3n y total desconocimiento para organizar una ruta de trabajo que ayude a gestionar el problema. Seg\u00fan Abreu Collado\u2026","rel":"","context":"En \u00abPORTADA\u00bb","block_context":{"text":"PORTADA","link":"https:\/\/lasprimeras.com.do\/index.php\/category\/portada\/"},"img":{"alt_text":"Pa\u00edno Abreu Collado","src":"https:\/\/i0.wp.com\/lasprimeras.com.do\/wp-content\/uploads\/2023\/08\/Paino-Abreu-Collado.jpg?resize=350%2C200&ssl=1","width":350,"height":200,"srcset":"https:\/\/i0.wp.com\/lasprimeras.com.do\/wp-content\/uploads\/2023\/08\/Paino-Abreu-Collado.jpg?resize=350%2C200&ssl=1 1x, https:\/\/i0.wp.com\/lasprimeras.com.do\/wp-content\/uploads\/2023\/08\/Paino-Abreu-Collado.jpg?resize=525%2C300&ssl=1 1.5x, https:\/\/i0.wp.com\/lasprimeras.com.do\/wp-content\/uploads\/2023\/08\/Paino-Abreu-Collado.jpg?resize=700%2C400&ssl=1 2x"},"classes":[]}],"jetpack_sharing_enabled":true,"jetpack_featured_media_url":"https:\/\/lasprimeras.com.do\/wp-content\/uploads\/2026\/09\/Fuerza-del-Pueblo.jpeg","_links":{"self":[{"href":"https:\/\/lasprimeras.com.do\/index.php\/wp-json\/wp\/v2\/posts\/139117","targetHints":{"allow":["GET"]}}],"collection":[{"href":"https:\/\/lasprimeras.com.do\/index.php\/wp-json\/wp\/v2\/posts"}],"about":[{"href":"https:\/\/lasprimeras.com.do\/index.php\/wp-json\/wp\/v2\/types\/post"}],"author":[{"embeddable":true,"href":"https:\/\/lasprimeras.com.do\/index.php\/wp-json\/wp\/v2\/users\/3"}],"replies":[{"embeddable":true,"href":"https:\/\/lasprimeras.com.do\/index.php\/wp-json\/wp\/v2\/comments?post=139117"}],"version-history":[{"count":1,"href":"https:\/\/lasprimeras.com.do\/index.php\/wp-json\/wp\/v2\/posts\/139117\/revisions"}],"predecessor-version":[{"id":139119,"href":"https:\/\/lasprimeras.com.do\/index.php\/wp-json\/wp\/v2\/posts\/139117\/revisions\/139119"}],"wp:featuredmedia":[{"embeddable":true,"href":"https:\/\/lasprimeras.com.do\/index.php\/wp-json\/wp\/v2\/media\/139118"}],"wp:attachment":[{"href":"https:\/\/lasprimeras.com.do\/index.php\/wp-json\/wp\/v2\/media?parent=139117"}],"wp:term":[{"taxonomy":"category","embeddable":true,"href":"https:\/\/lasprimeras.com.do\/index.php\/wp-json\/wp\/v2\/categories?post=139117"},{"taxonomy":"post_tag","embeddable":true,"href":"https:\/\/lasprimeras.com.do\/index.php\/wp-json\/wp\/v2\/tags?post=139117"}],"curies":[{"name":"wp","href":"https:\/\/api.w.org\/{rel}","templated":true}]}}