{"id":139123,"date":"2026-09-05T13:43:40","date_gmt":"2026-09-05T17:43:40","guid":{"rendered":"https:\/\/lasprimeras.com.do\/?p=139123"},"modified":"2026-09-05T13:43:50","modified_gmt":"2026-09-05T17:43:50","slug":"autoridades-ocupan-55-600-cigarrillos-durante-operativo-preventivo-en-capotillo","status":"publish","type":"post","link":"https:\/\/lasprimeras.com.do\/index.php\/2026\/09\/05\/autoridades-ocupan-55-600-cigarrillos-durante-operativo-preventivo-en-capotillo\/","title":{"rendered":"Autoridades ocupan 55, 600 cigarrillos durante operativo preventivo en Capotillo"},"content":{"rendered":"\n<p class=\"wp-block-paragraph\">Santo Domingo.-Agentes de la Polic\u00eda Nacional (PN) ocuparon 55,600 cigarrillos durante un operativo preventivo realizado en el sector Ensanche Capotillo, del Distrito Nacional, donde la mercanc\u00eda fue localizada en una vivienda abandonada.<\/p>\n\n\n\n<p class=\"wp-block-paragraph\">La intervenci\u00f3n se produjo cuando agentes realizaban labores de patrullaje por la calle Respaldo Jos\u00e9 Mart\u00ed, detr\u00e1s de una cancha deportiva.<\/p>\n\n\n\n<p class=\"wp-block-paragraph\">Durante el recorrido, los polic\u00edas localizaron seis sacos que conten\u00edan un total de 278 paquetes de cigarrillos de la marca Capital, cada uno compuesto por 10 cajetillas de 20 unidades.<\/p>\n","protected":false},"excerpt":{"rendered":"<p>Santo Domingo.-Agentes de la Polic\u00eda Nacional (PN) ocuparon 55,600 cigarrillos durante un operativo preventivo realizado en el sector Ensanche Capotillo, del Distrito Nacional, donde la mercanc\u00eda fue localizada en una&hellip;<\/p>\n","protected":false},"author":3,"featured_media":139124,"comment_status":"open","ping_status":"open","sticky":false,"template":"","format":"standard","meta":{"content-type":"","_jetpack_newsletter_access":"","_jetpack_dont_email_post_to_subs":false,"_jetpack_newsletter_tier_id":0,"_jetpack_memberships_contains_paywalled_content":false,"_jetpack_feature_clip_id":0,"_jetpack_memberships_contains_paid_content":false,"footnotes":"","jetpack_post_was_ever_published":false},"categories":[35],"tags":[949,6695],"class_list":["post-139123","post","type-post","status-publish","format-standard","has-post-thumbnail","hentry","category-nacionales","tag-autoridades","tag-policia-2"],"jetpack-related-posts":[{"id":56336,"url":"https:\/\/lasprimeras.com.do\/index.php\/2023\/07\/31\/ocupan-bebidas-presuntamente-adulteradas-y-cigarrillos-de-procedencia-ilegal\/","url_meta":{"origin":139123,"position":0},"title":"Ocupan bebidas presuntamente adulteradas y cigarrillos de procedencia ilegal","author":"Nelson Feliz","date":"31 de julio de 2023","format":false,"excerpt":"Por Mart\u00edn Restituyo Agentes de la Polic\u00eda Nacional, adscritos a la Direcci\u00f3n Central de Investigaci\u00f3n (DICRIM), en trabajo coordinaci\u00f3n con el Ministerio P\u00fablico, la Direcci\u00f3n Nacional de Control de Drogas (DNCD) y el Ej\u00e9rcito de Rep\u00fablica Dominicana (ERD), ocuparon mediante allanamiento 67 botellas con alcohol presuntamente adulterado, de diferentes marcas\u2026","rel":"","context":"En \u00abMILITARES\u00bb","block_context":{"text":"MILITARES","link":"https:\/\/lasprimeras.com.do\/index.php\/category\/militares\/"},"img":{"alt_text":"Polic\u00eda Nacional","src":"https:\/\/i0.wp.com\/lasprimeras.com.do\/wp-content\/uploads\/2023\/07\/ocupan.jpg?resize=350%2C200&ssl=1","width":350,"height":200,"srcset":"https:\/\/i0.wp.com\/lasprimeras.com.do\/wp-content\/uploads\/2023\/07\/ocupan.jpg?resize=350%2C200&ssl=1 1x, https:\/\/i0.wp.com\/lasprimeras.com.do\/wp-content\/uploads\/2023\/07\/ocupan.jpg?resize=525%2C300&ssl=1 1.5x, https:\/\/i0.wp.com\/lasprimeras.com.do\/wp-content\/uploads\/2023\/07\/ocupan.jpg?resize=700%2C400&ssl=1 2x"},"classes":[]},{"id":59300,"url":"https:\/\/lasprimeras.com.do\/index.php\/2023\/09\/01\/se-incautan-137-maquinas-tragamonedas-en-la-calle-42-de-capotillo\/","url_meta":{"origin":139123,"position":1},"title":"Se incautan 137 m\u00e1quinas tragamonedas en la calle 42 de Capotillo","author":"Nelson Feliz","date":"1 de septiembre de 2023","format":false,"excerpt":"-Desmantela 10 puntos de venta de drogas y apresa dos reconocidos microtraficantes de la zona. Por Martin Restituyo Agentes policiales pertenecientes al Departamento de Investigaci\u00f3n de Cr\u00edmenes y Delitos contra la Propiedad, de la Direcci\u00f3n Central de Investigaci\u00f3n (DICRIM), junto a un equipo de la Unidad SWAT, ocuparon un total\u2026","rel":"","context":"En \u00abMILITARES\u00bb","block_context":{"text":"MILITARES","link":"https:\/\/lasprimeras.com.do\/index.php\/category\/militares\/"},"img":{"alt_text":"Maquinas","src":"https:\/\/i0.wp.com\/lasprimeras.com.do\/wp-content\/uploads\/2023\/09\/Maquinas-1.jpg?resize=350%2C200&ssl=1","width":350,"height":200,"srcset":"https:\/\/i0.wp.com\/lasprimeras.com.do\/wp-content\/uploads\/2023\/09\/Maquinas-1.jpg?resize=350%2C200&ssl=1 1x, https:\/\/i0.wp.com\/lasprimeras.com.do\/wp-content\/uploads\/2023\/09\/Maquinas-1.jpg?resize=525%2C300&ssl=1 1.5x, https:\/\/i0.wp.com\/lasprimeras.com.do\/wp-content\/uploads\/2023\/09\/Maquinas-1.jpg?resize=700%2C400&ssl=1 2x"},"classes":[]},{"id":101774,"url":"https:\/\/lasprimeras.com.do\/index.php\/2025\/06\/26\/confiscan-4954-gramos-de-distintas-drogas-y-detienen-11-personas-en-capotillo\/","url_meta":{"origin":139123,"position":2},"title":"Confiscan 4,954 gramos de distintas drogas y detienen 11 personas en Capotillo","author":"Nelson Feliz","date":"26 de junio de 2025","format":false,"excerpt":"Agentes de la Direcci\u00f3n Nacional de Control de Drogas (DNCD) en conjunto con la Polic\u00eda Nacional, coordinados por el Ministerio P\u00fablico, desplegaron m\u00faltiples operaciones de interdicci\u00f3n en el sector de Capotillo, Distrito Nacional, donde arrestaron a varias personas e incautaron casi 5,000 gramos de distintos narc\u00f3ticos. Los agentes y polic\u00edas,\u2026","rel":"","context":"En \u00abMILITARES\u00bb","block_context":{"text":"MILITARES","link":"https:\/\/lasprimeras.com.do\/index.php\/category\/militares\/"},"img":{"alt_text":"","src":"https:\/\/i0.wp.com\/lasprimeras.com.do\/wp-content\/uploads\/2025\/06\/DNCD-2.jpg?resize=350%2C200&ssl=1","width":350,"height":200,"srcset":"https:\/\/i0.wp.com\/lasprimeras.com.do\/wp-content\/uploads\/2025\/06\/DNCD-2.jpg?resize=350%2C200&ssl=1 1x, https:\/\/i0.wp.com\/lasprimeras.com.do\/wp-content\/uploads\/2025\/06\/DNCD-2.jpg?resize=525%2C300&ssl=1 1.5x, https:\/\/i0.wp.com\/lasprimeras.com.do\/wp-content\/uploads\/2025\/06\/DNCD-2.jpg?resize=700%2C400&ssl=1 2x"},"classes":[]},{"id":65727,"url":"https:\/\/lasprimeras.com.do\/index.php\/2023\/10\/31\/pn-ocupa-mas-de-500-mil-cigarrillos-en-el-sector-el-tamarindo\/","url_meta":{"origin":139123,"position":3},"title":"PN ocupa m\u00e1s de 500 mil cigarrillos en el sector El Tamarindo","author":"Nelson Feliz","date":"31 de octubre de 2023","format":false,"excerpt":"Por Martin Restituyo Agentes policiales, adscritos a la Divisi\u00f3n de Tr\u00e1fico de Mercanc\u00edas, de la Direcci\u00f3n Central de Investigaci\u00f3n (Dicrim), junto al Ministerio P\u00fablico, ocuparon un total de 565,000 cigarrillos que fueron tra\u00eddos al pa\u00eds mediante contrabando. La mercanc\u00eda fue ocupada, mediante allanamiento en la calle Gregorio Garc\u00eda Castro del\u2026","rel":"","context":"En \u00abMILITARES\u00bb","block_context":{"text":"MILITARES","link":"https:\/\/lasprimeras.com.do\/index.php\/category\/militares\/"},"img":{"alt_text":"cigarrillos","src":"https:\/\/i0.wp.com\/lasprimeras.com.do\/wp-content\/uploads\/2023\/10\/cigarrillos-1.jpg?resize=350%2C200&ssl=1","width":350,"height":200,"srcset":"https:\/\/i0.wp.com\/lasprimeras.com.do\/wp-content\/uploads\/2023\/10\/cigarrillos-1.jpg?resize=350%2C200&ssl=1 1x, https:\/\/i0.wp.com\/lasprimeras.com.do\/wp-content\/uploads\/2023\/10\/cigarrillos-1.jpg?resize=525%2C300&ssl=1 1.5x, https:\/\/i0.wp.com\/lasprimeras.com.do\/wp-content\/uploads\/2023\/10\/cigarrillos-1.jpg?resize=700%2C400&ssl=1 2x"},"classes":[]},{"id":76428,"url":"https:\/\/lasprimeras.com.do\/index.php\/2024\/02\/10\/ejercito-de-rd-decomisa-mas-de-cuatro-millones-de-unidades-de-cigarrillos\/","url_meta":{"origin":139123,"position":4},"title":"Ej\u00e9rcito de RD decomisa m\u00e1s de cuatro millones de unidades de cigarrillos","author":"Nelson Feliz","date":"10 de febrero de 2024","format":false,"excerpt":"Por Wilson P\u00e9rez La Comandancia General del Ej\u00e9rcito de Rep\u00fablica Dominicana, a trav\u00e9s de la Direcci\u00f3n de Inteligencia G-2, entreg\u00f3 formalmente al Cuerpo Especializado de Control de Combustibles y Comercio de Mercanc\u00edas, (CECCOM), cuatro millones ochocientos cuarenta y ocho mil (4, 848,000.00) unidades de cigarrillos de diferentes marcas. Los cigarrillos\u2026","rel":"","context":"En \u00abNACIONALES\u00bb","block_context":{"text":"NACIONALES","link":"https:\/\/lasprimeras.com.do\/index.php\/category\/nacionales\/"},"img":{"alt_text":"cigarrillos","src":"https:\/\/i0.wp.com\/lasprimeras.com.do\/wp-content\/uploads\/2024\/02\/cigarrillos.jpg?resize=350%2C200&ssl=1","width":350,"height":200,"srcset":"https:\/\/i0.wp.com\/lasprimeras.com.do\/wp-content\/uploads\/2024\/02\/cigarrillos.jpg?resize=350%2C200&ssl=1 1x, https:\/\/i0.wp.com\/lasprimeras.com.do\/wp-content\/uploads\/2024\/02\/cigarrillos.jpg?resize=525%2C300&ssl=1 1.5x, https:\/\/i0.wp.com\/lasprimeras.com.do\/wp-content\/uploads\/2024\/02\/cigarrillos.jpg?resize=700%2C400&ssl=1 2x"},"classes":[]},{"id":58812,"url":"https:\/\/lasprimeras.com.do\/index.php\/2023\/08\/28\/apresan-un-hombre-y-una-mujer-por-contrabando-de-cigarrillos-en-santiago\/","url_meta":{"origin":139123,"position":5},"title":"Apresan un hombre y una mujer por contrabando de cigarrillos en Santiago","author":"Nelson Feliz","date":"28 de agosto de 2023","format":false,"excerpt":"-Les ocupan m\u00e1s de 1,175 paquetes de cigarrillos equivalentes a 235,400 unidades. Por Roberto P\u00e9rez Agentes policiales de servicio en el destacamento del municipio Licey Al Medio en Santiago, apresaron un hombre y una mujer, tras decomisarle m\u00e1s de 1,170 paquetes de cigarrillos de la marca capital, momentos en que\u2026","rel":"","context":"En \u00abMILITARES\u00bb","block_context":{"text":"MILITARES","link":"https:\/\/lasprimeras.com.do\/index.php\/category\/militares\/"},"img":{"alt_text":"cigarrillos de la marca capital","src":"https:\/\/i0.wp.com\/lasprimeras.com.do\/wp-content\/uploads\/2023\/08\/cigarrillos-de-la-marca-capital.jpg?resize=350%2C200&ssl=1","width":350,"height":200,"srcset":"https:\/\/i0.wp.com\/lasprimeras.com.do\/wp-content\/uploads\/2023\/08\/cigarrillos-de-la-marca-capital.jpg?resize=350%2C200&ssl=1 1x, https:\/\/i0.wp.com\/lasprimeras.com.do\/wp-content\/uploads\/2023\/08\/cigarrillos-de-la-marca-capital.jpg?resize=525%2C300&ssl=1 1.5x, https:\/\/i0.wp.com\/lasprimeras.com.do\/wp-content\/uploads\/2023\/08\/cigarrillos-de-la-marca-capital.jpg?resize=700%2C400&ssl=1 2x"},"classes":[]}],"jetpack_sharing_enabled":true,"jetpack_featured_media_url":"https:\/\/lasprimeras.com.do\/wp-content\/uploads\/2026\/09\/WhatsApp-Image-2026-09-05-at-8.47.36-AM.webp","_links":{"self":[{"href":"https:\/\/lasprimeras.com.do\/index.php\/wp-json\/wp\/v2\/posts\/139123","targetHints":{"allow":["GET"]}}],"collection":[{"href":"https:\/\/lasprimeras.com.do\/index.php\/wp-json\/wp\/v2\/posts"}],"about":[{"href":"https:\/\/lasprimeras.com.do\/index.php\/wp-json\/wp\/v2\/types\/post"}],"author":[{"embeddable":true,"href":"https:\/\/lasprimeras.com.do\/index.php\/wp-json\/wp\/v2\/users\/3"}],"replies":[{"embeddable":true,"href":"https:\/\/lasprimeras.com.do\/index.php\/wp-json\/wp\/v2\/comments?post=139123"}],"version-history":[{"count":2,"href":"https:\/\/lasprimeras.com.do\/index.php\/wp-json\/wp\/v2\/posts\/139123\/revisions"}],"predecessor-version":[{"id":139126,"href":"https:\/\/lasprimeras.com.do\/index.php\/wp-json\/wp\/v2\/posts\/139123\/revisions\/139126"}],"wp:featuredmedia":[{"embeddable":true,"href":"https:\/\/lasprimeras.com.do\/index.php\/wp-json\/wp\/v2\/media\/139124"}],"wp:attachment":[{"href":"https:\/\/lasprimeras.com.do\/index.php\/wp-json\/wp\/v2\/media?parent=139123"}],"wp:term":[{"taxonomy":"category","embeddable":true,"href":"https:\/\/lasprimeras.com.do\/index.php\/wp-json\/wp\/v2\/categories?post=139123"},{"taxonomy":"post_tag","embeddable":true,"href":"https:\/\/lasprimeras.com.do\/index.php\/wp-json\/wp\/v2\/tags?post=139123"}],"curies":[{"name":"wp","href":"https:\/\/api.w.org\/{rel}","templated":true}]}}