{"id":139127,"date":"2026-09-05T13:50:08","date_gmt":"2026-09-05T17:50:08","guid":{"rendered":"https:\/\/lasprimeras.com.do\/?p=139127"},"modified":"2026-09-05T13:50:09","modified_gmt":"2026-09-05T17:50:09","slug":"cae-avioneta-de-fumigacion-en-una-finca-de-montecristi","status":"publish","type":"post","link":"https:\/\/lasprimeras.com.do\/index.php\/2026\/09\/05\/cae-avioneta-de-fumigacion-en-una-finca-de-montecristi\/","title":{"rendered":"Cae avioneta de fumigaci\u00f3n en una finca de Montecristi"},"content":{"rendered":"\n<p class=\"wp-block-paragraph\">Santo Domingo.- Reportan la ca\u00edda de una aeronave utilizada para labores de fumigaci\u00f3n agr\u00edcola en una finca ubicada pr\u00f3ximo a la carreterita de Lora, en el distrito municipal de Hatillo Palma, municipio Guayub\u00edn, Montecristi.<\/p>\n\n\n\n<p class=\"wp-block-paragraph\">La aeronave era pilotada por \u00c1ngel Danilo Mat\u00edas Cabrera, conocido como \u201cGaby\u201d, quien, de acuerdo con datos preliminares, habr\u00eda sufrido el accidente tras una presunta colisi\u00f3n en el aire con un dron.<\/p>\n\n\n\n<p class=\"wp-block-paragraph\">El piloto result\u00f3 con fractura en un tobillo. Fue auxiliado en el lugar y posteriormente trasladado al Centro M\u00e9dico Uni\u00f3n M\u00e9dica del Norte, en Santiago, donde recibe atenci\u00f3n m\u00e9dica especializada.<\/p>\n\n\n\n<p class=\"wp-block-paragraph\">Las circunstancias que provocaron la ca\u00edda de la aeronave son investigadas por las autoridades, que buscan determinar qu\u00e9 ocurri\u00f3 y si la presunta colisi\u00f3n con el dron estuvo relacionada con el accidente.<\/p>\n","protected":false},"excerpt":{"rendered":"<p>Santo Domingo.- Reportan la ca\u00edda de una aeronave utilizada para labores de fumigaci\u00f3n agr\u00edcola en una finca ubicada pr\u00f3ximo a la carreterita de Lora, en el distrito municipal de Hatillo&hellip;<\/p>\n","protected":false},"author":3,"featured_media":139128,"comment_status":"open","ping_status":"open","sticky":false,"template":"","format":"standard","meta":{"content-type":"","_jetpack_newsletter_access":"","_jetpack_dont_email_post_to_subs":false,"_jetpack_newsletter_tier_id":0,"_jetpack_memberships_contains_paywalled_content":false,"_jetpack_feature_clip_id":0,"_jetpack_memberships_contains_paid_content":false,"footnotes":"","jetpack_post_was_ever_published":false},"categories":[35],"tags":[2954,16058],"class_list":["post-139127","post","type-post","status-publish","format-standard","has-post-thumbnail","hentry","category-nacionales","tag-avioneta","tag-finca"],"jetpack-related-posts":[{"id":120601,"url":"https:\/\/lasprimeras.com.do\/index.php\/2026\/01\/26\/piloto-resulta-ileso-tras-avioneta-de-fumigacion-caer-en-finca-de-hatillo-palma-en-montecristi\/","url_meta":{"origin":139127,"position":0},"title":"Piloto resulta ileso tras avioneta de fumigaci\u00f3n caer en finca de Hatillo Palma en Montecristi","author":"Nelson Feliz","date":"26 de enero de 2026","format":false,"excerpt":"La aeronave present\u00f3 una falla en el sistema de lubricaci\u00f3n. Por Javier Genao Momentos de tensi\u00f3n y alarma se vivieron luego de que una avioneta utilizada para labores de fumigaci\u00f3n agr\u00edcola se precipitara en una finca de la comunidad de Los R\u00edos, en el distrito municipal de Hatillo Palma, perteneciente\u2026","rel":"","context":"En \u00abNACIONALES\u00bb","block_context":{"text":"NACIONALES","link":"https:\/\/lasprimeras.com.do\/index.php\/category\/nacionales\/"},"img":{"alt_text":"El piloto, identificado como Jochy Espinal, fue auxiliado de inmediato y trasladado a un centro de salud de la zona.","src":"https:\/\/i0.wp.com\/lasprimeras.com.do\/wp-content\/uploads\/2026\/01\/avioneta.jpg?resize=350%2C200&ssl=1","width":350,"height":200,"srcset":"https:\/\/i0.wp.com\/lasprimeras.com.do\/wp-content\/uploads\/2026\/01\/avioneta.jpg?resize=350%2C200&ssl=1 1x, https:\/\/i0.wp.com\/lasprimeras.com.do\/wp-content\/uploads\/2026\/01\/avioneta.jpg?resize=525%2C300&ssl=1 1.5x, https:\/\/i0.wp.com\/lasprimeras.com.do\/wp-content\/uploads\/2026\/01\/avioneta.jpg?resize=700%2C400&ssl=1 2x"},"classes":[]},{"id":130924,"url":"https:\/\/lasprimeras.com.do\/index.php\/2026\/05\/17\/cuatro-pilotos-salvan-la-vida-tras-choque-aereo-en-idaho\/","url_meta":{"origin":139127,"position":1},"title":"Cuatro pilotos salvan la vida tras choque a\u00e9reo en Idaho","author":"Nelson Feliz","date":"17 de mayo de 2026","format":false,"excerpt":"Por REBECCA BOONE y MATTHEW BROWN BOISE, Idaho (AP) \u2014 Los cuatro miembros de la tripulaci\u00f3n se eyectaron a salvo despu\u00e9s de que dos aviones de la Armada chocaran y se estrellaran el domingo durante una exhibici\u00f3n a\u00e9rea en la base de la Fuerza A\u00e9rea Mountain Home, en el oeste\u2026","rel":"","context":"En \u00abINTERNACIONALES\u00bb","block_context":{"text":"INTERNACIONALES","link":"https:\/\/lasprimeras.com.do\/index.php\/category\/sin-categoria\/internacionales\/"},"img":{"alt_text":"","src":"https:\/\/i0.wp.com\/lasprimeras.com.do\/wp-content\/uploads\/2026\/05\/aviones.jpg?resize=350%2C200&ssl=1","width":350,"height":200},"classes":[]},{"id":75024,"url":"https:\/\/lasprimeras.com.do\/index.php\/2024\/01\/28\/siete-muertos-por-la-caida-de-una-avioneta-en-brasil\/","url_meta":{"origin":139127,"position":2},"title":"Siete muertos por la ca\u00edda de una avioneta en Brasil","author":"Nelson Feliz","date":"28 de enero de 2024","format":false,"excerpt":"El monomotor se accident\u00f3 hacia las 10:36 hora local (13:36 GMT) en una regi\u00f3n rural de Itapeva, un municipio en el extremo sur del estado de Minas Gerais y a unos 460 kil\u00f3metros de Belo Horizonte. R\u00edo de Janeiro, EFE.\u2013 Siete personas murieron este domingo como consecuencia de la ca\u00edda\u2026","rel":"","context":"En \u00abSin categor\u00eda\u00bb","block_context":{"text":"Sin categor\u00eda","link":"https:\/\/lasprimeras.com.do\/index.php\/category\/sin-categoria\/"},"img":{"alt_text":"AVIONETA","src":"https:\/\/i0.wp.com\/lasprimeras.com.do\/wp-content\/uploads\/2024\/01\/AVIONETA.jpg?resize=350%2C200&ssl=1","width":350,"height":200,"srcset":"https:\/\/i0.wp.com\/lasprimeras.com.do\/wp-content\/uploads\/2024\/01\/AVIONETA.jpg?resize=350%2C200&ssl=1 1x, https:\/\/i0.wp.com\/lasprimeras.com.do\/wp-content\/uploads\/2024\/01\/AVIONETA.jpg?resize=525%2C300&ssl=1 1.5x, https:\/\/i0.wp.com\/lasprimeras.com.do\/wp-content\/uploads\/2024\/01\/AVIONETA.jpg?resize=700%2C400&ssl=1 2x"},"classes":[]},{"id":122068,"url":"https:\/\/lasprimeras.com.do\/index.php\/2026\/02\/12\/congreso-por-reformas-de-seguridad-aerea-tras-choque-cerca-de-dc\/","url_meta":{"origin":139127,"position":3},"title":"Congreso por reformas de seguridad a\u00e9rea tras choque cerca de DC","author":"Nelson Feliz","date":"12 de febrero de 2026","format":false,"excerpt":"POR JOSH FUNK Senadores clave y familiares de las 67 personas fallecidas en un choque entre un avi\u00f3n de pasajeros y un helic\u00f3ptero del Ej\u00e9rcito cerca de la capital estadounidenses est\u00e1n convencidos de que los avanzados sistemas de localizaci\u00f3n de aeronaves recomendados por expertos desde hace casi dos d\u00e9cadas habr\u00edan\u2026","rel":"","context":"En \u00abINTERNACIONALES\u00bb","block_context":{"text":"INTERNACIONALES","link":"https:\/\/lasprimeras.com.do\/index.php\/category\/sin-categoria\/internacionales\/"},"img":{"alt_text":"","src":"https:\/\/i0.wp.com\/lasprimeras.com.do\/wp-content\/uploads\/2026\/02\/senadores-1.jpg?resize=350%2C200&ssl=1","width":350,"height":200,"srcset":"https:\/\/i0.wp.com\/lasprimeras.com.do\/wp-content\/uploads\/2026\/02\/senadores-1.jpg?resize=350%2C200&ssl=1 1x, https:\/\/i0.wp.com\/lasprimeras.com.do\/wp-content\/uploads\/2026\/02\/senadores-1.jpg?resize=525%2C300&ssl=1 1.5x, https:\/\/i0.wp.com\/lasprimeras.com.do\/wp-content\/uploads\/2026\/02\/senadores-1.jpg?resize=700%2C400&ssl=1 2x"},"classes":[]},{"id":109387,"url":"https:\/\/lasprimeras.com.do\/index.php\/2025\/09\/17\/al-menos-11-estudiantes-resultan-intoxicados-en-liceo-de-mao\/","url_meta":{"origin":139127,"position":4},"title":"Al menos 11 estudiantes resultan intoxicados en liceo de Mao","author":"Nelson Feliz","date":"17 de septiembre de 2025","format":false,"excerpt":"Los afectados se encuentran fuera de peligro. Al menos 11 estudiantes del liceo Leonidas Ricart, ubicado en el sector Hatico de Mao, provincia Valverde, resultaron intoxicados este mi\u00e9rcoles luego de que el propietario de una finca arrocera cercana al plantel aplic\u00f3 un qu\u00edmico. Los afectados recibieron asistencia inmediata de unidades\u2026","rel":"","context":"En \u00abNACIONALES\u00bb","block_context":{"text":"NACIONALES","link":"https:\/\/lasprimeras.com.do\/index.php\/category\/nacionales\/"},"img":{"alt_text":"","src":"https:\/\/i0.wp.com\/lasprimeras.com.do\/wp-content\/uploads\/2025\/09\/into.jpg?resize=350%2C200&ssl=1","width":350,"height":200},"classes":[]},{"id":98367,"url":"https:\/\/lasprimeras.com.do\/index.php\/2025\/05\/07\/un-caza-que-aterrizaba-en-un-portaaviones-de-eeuu-cae-al-agua-obligando-a-los-pilotos-a-eyectarse\/","url_meta":{"origin":139127,"position":5},"title":"Un caza que aterrizaba en un portaaviones de EEUU cae al agua, obligando a los pilotos a eyectarse","author":"Nelson Feliz","date":"7 de mayo de 2025","format":false,"excerpt":"DUB\u00c1I, Emiratos \u00c1rabes Unidos (AP) \u2014 Un avi\u00f3n de combate F\/A-18 que aterrizaba en el portaaviones USS Harry S. Truman en el mar Rojo cay\u00f3 al agua, lo que oblig\u00f3 a sus dos pilotos a eyectarse, indic\u00f3 un funcionario de defensa a The Associated Press el mi\u00e9rcoles. El incidente del\u2026","rel":"","context":"En \u00abINTERNACIONALES\u00bb","block_context":{"text":"INTERNACIONALES","link":"https:\/\/lasprimeras.com.do\/index.php\/category\/sin-categoria\/internacionales\/"},"img":{"alt_text":"","src":"https:\/\/i0.wp.com\/lasprimeras.com.do\/wp-content\/uploads\/2025\/05\/BUQUE.jpg?resize=350%2C200&ssl=1","width":350,"height":200,"srcset":"https:\/\/i0.wp.com\/lasprimeras.com.do\/wp-content\/uploads\/2025\/05\/BUQUE.jpg?resize=350%2C200&ssl=1 1x, https:\/\/i0.wp.com\/lasprimeras.com.do\/wp-content\/uploads\/2025\/05\/BUQUE.jpg?resize=525%2C300&ssl=1 1.5x, https:\/\/i0.wp.com\/lasprimeras.com.do\/wp-content\/uploads\/2025\/05\/BUQUE.jpg?resize=700%2C400&ssl=1 2x"},"classes":[]}],"jetpack_sharing_enabled":true,"jetpack_featured_media_url":"https:\/\/lasprimeras.com.do\/wp-content\/uploads\/2026\/09\/abinader-inaugura-carretera-boca-de-chavon-tras-mas-de-25-anos-de-espera-20260905-020151-XOQP-1200x675-1.avif","_links":{"self":[{"href":"https:\/\/lasprimeras.com.do\/index.php\/wp-json\/wp\/v2\/posts\/139127","targetHints":{"allow":["GET"]}}],"collection":[{"href":"https:\/\/lasprimeras.com.do\/index.php\/wp-json\/wp\/v2\/posts"}],"about":[{"href":"https:\/\/lasprimeras.com.do\/index.php\/wp-json\/wp\/v2\/types\/post"}],"author":[{"embeddable":true,"href":"https:\/\/lasprimeras.com.do\/index.php\/wp-json\/wp\/v2\/users\/3"}],"replies":[{"embeddable":true,"href":"https:\/\/lasprimeras.com.do\/index.php\/wp-json\/wp\/v2\/comments?post=139127"}],"version-history":[{"count":1,"href":"https:\/\/lasprimeras.com.do\/index.php\/wp-json\/wp\/v2\/posts\/139127\/revisions"}],"predecessor-version":[{"id":139129,"href":"https:\/\/lasprimeras.com.do\/index.php\/wp-json\/wp\/v2\/posts\/139127\/revisions\/139129"}],"wp:featuredmedia":[{"embeddable":true,"href":"https:\/\/lasprimeras.com.do\/index.php\/wp-json\/wp\/v2\/media\/139128"}],"wp:attachment":[{"href":"https:\/\/lasprimeras.com.do\/index.php\/wp-json\/wp\/v2\/media?parent=139127"}],"wp:term":[{"taxonomy":"category","embeddable":true,"href":"https:\/\/lasprimeras.com.do\/index.php\/wp-json\/wp\/v2\/categories?post=139127"},{"taxonomy":"post_tag","embeddable":true,"href":"https:\/\/lasprimeras.com.do\/index.php\/wp-json\/wp\/v2\/tags?post=139127"}],"curies":[{"name":"wp","href":"https:\/\/api.w.org\/{rel}","templated":true}]}}