{"id":139130,"date":"2026-09-05T14:02:24","date_gmt":"2026-09-05T18:02:24","guid":{"rendered":"https:\/\/lasprimeras.com.do\/?p=139130"},"modified":"2026-09-05T14:02:26","modified_gmt":"2026-09-05T18:02:26","slug":"propiel-enciende-el-glow-de-isla-con-nuevos-productos-en-days-to-shine-2026","status":"publish","type":"post","link":"https:\/\/lasprimeras.com.do\/index.php\/2026\/09\/05\/propiel-enciende-el-glow-de-isla-con-nuevos-productos-en-days-to-shine-2026\/","title":{"rendered":"Propiel enciende el \u201cglow de isla\u201d con nuevos productos en days to shine 2026"},"content":{"rendered":"\n<p class=\"wp-block-paragraph\">Santo Domingo.- .&nbsp; La marca dermocosm\u00e9tica dominicana Propiel presenta oficialmente su nuevo compendio de productos durante Days to Shine 2026, actividad que se celebra los d\u00edas 4 y 5 de septiembre en el Hotel El Embajador, como parte de su nueva campa\u00f1a \u201cGlow de Isla\u201d, una propuesta que celebra la identidad caribe\u00f1a y coloca en el centro las necesidades de una piel expuesta diariamente al sol, el calor, la humedad y otros factores propios del clima tropical.<\/p>\n\n\n\n<p class=\"wp-block-paragraph\">Bajo la premisa de que \u201chay un glow que solo tenemos los que vivimos aqu\u00ed\u201d, Propiel reafirma su apuesta por desarrollar productos concebidos desde Rep\u00fablica Dominicana y formulados para responder a las caracter\u00edsticas y necesidades de la piel del caribe.<\/p>\n\n\n\n<p class=\"wp-block-paragraph\">El lanzamiento constituye uno de los pasos m\u00e1s importantes en la evoluci\u00f3n del portafolio de la marca e incorpora nuevas productos orientadas a la protecci\u00f3n solar, hidrataci\u00f3n, recuperaci\u00f3n y cuidado de la piel, especialmente frente a las condiciones del entorno tropical.<\/p>\n\n\n\n<p class=\"wp-block-paragraph\">Entre las novedades se encuentran nuevas alternativas de protecci\u00f3n solar en spray y aceite, productos hidratantes y refrescantes, t\u00f3nicos faciales y soluciones de skin recovery y after sun, concebidas para acompa\u00f1ar la piel antes, durante y despu\u00e9s de la exposici\u00f3n al sol, el calor y otros factores que pueden sensibilizarla.<\/p>\n\n\n\n<p class=\"wp-block-paragraph\">M\u00e1s all\u00e1 de ampliar su cat\u00e1logo, Propiel busca abrir una conversaci\u00f3n sobre la importancia de desarrollar soluciones cosm\u00e9ticas que comprendan el contexto en el que vive el consumidor caribe\u00f1o.<\/p>\n\n\n\n<p class=\"wp-block-paragraph\">\u201cDurante a\u00f1os hemos consumido productos creados pensando en otros climas y otras realidades. En Propiel entendemos lo que significa vivir bajo el sol del Caribe, lidiar con el calor, el sudor, la humedad y la exposici\u00f3n solar durante pr\u00e1cticamente todo el a\u00f1o.<\/p>\n\n\n\n<p class=\"wp-block-paragraph\">Esta nueva l\u00ednea nace precisamente de ah\u00ed: de conocer la piel que vive aqu\u00ed\u201d, expres\u00f3 Jennifer Jim\u00e9nez, CEO y fundadora de Propiel.<\/p>\n\n\n\n<p class=\"wp-block-paragraph\">Esta visi\u00f3n se resume en uno de los principales mensajes de la campa\u00f1a: \u201cConocemos la piel que vive aqu\u00ed\u201d, concepto que acompa\u00f1ar\u00e1 la presentaci\u00f3n de los nuevos productos durante Days to Shine.<\/p>\n\n\n\n<p class=\"wp-block-paragraph\">La propuesta tambi\u00e9n conecta con la filosof\u00eda que ha caracterizado a Propiel desde sus inicios: promover el cuidado de la piel desde una perspectiva cercana, accesible y adaptada a las necesidades reales de sus consumidores.<\/p>\n\n\n\n<p class=\"wp-block-paragraph\">\u201cGlow de Isla\u201d: una celebraci\u00f3n de lo que somos<\/p>\n\n\n\n<p class=\"wp-block-paragraph\">La campa\u00f1a \u201cGlow de Isla\u201d parte de una idea cultural: el brillo del Caribe no proviene \u00fanicamente de un producto cosm\u00e9tico, sino tambi\u00e9n de la energ\u00eda, el clima, las costumbres y la identidad de quienes habitan la isla.<\/p>\n\n\n\n<p class=\"wp-block-paragraph\">Por esta raz\u00f3n, la comunicaci\u00f3n del lanzamiento incorpora elementos de la cotidianidad dominicana y c\u00f3digos propios de la cultura local para reivindicar ese \u201csaz\u00f3n que distingue al mar caribe.<\/p>\n\n\n\n<p class=\"wp-block-paragraph\">\u201cEl glow de isla no se importa. Se vive\u201d es una de las ideas centrales de la campa\u00f1a, que adem\u00e1s invita a los consumidores a construir su propia rutina de cuidado bajo el concepto \u201cBuild your glow. Layer by layer.\u201d<\/p>\n\n\n\n<p class=\"wp-block-paragraph\">Durante Days to Shine 2026, los d\u00edas 4 y 5 de septiembre en el Hotel El Embajador, Propiel llevar\u00e1 esta narrativa m\u00e1s all\u00e1 de la exhibici\u00f3n tradicional de productos, mediante experiencias dise\u00f1adas para generar interacci\u00f3n con los asistentes, entre ellas din\u00e1micas de cuidado personal, personalizaci\u00f3n, creaci\u00f3n de contenido, entrega de regalos y espacios de conversaci\u00f3n sobre el cuidado de la piel y el autoestima.<\/p>\n\n\n\n<p class=\"wp-block-paragraph\">El lanzamiento marca tambi\u00e9n una nueva etapa de crecimiento para la empresa dominicana, que contin\u00faa expandiendo su presencia en el mercado nacional y desarrollando, de manera paralela, su llegada a Estados Unidos.<\/p>\n\n\n\n<p class=\"wp-block-paragraph\">Actualmente, los productos Propiel se comercializan en distintas cadenas y establecimientos de Rep\u00fablica Dominicana, mientras la compa\u00f1\u00eda trabaja en ampliar su propuesta de cuidado dermocosm\u00e9tico con soluciones cada vez m\u00e1sespecializadas.<\/p>\n\n\n\n<p class=\"wp-block-paragraph\">Con estos nuevos lanzamientos, la marca busca consolidar un portafolio integral capaz de acompa\u00f1ar diferentes momentos de la rutina de cuidado de la piel, desde la limpieza y la hidrataci\u00f3n hasta la protecci\u00f3n solar y la recuperaci\u00f3n.<\/p>\n\n\n\n<p class=\"wp-block-paragraph\">\u201cQueremos demostrar que desde Rep\u00fablica Dominicana tambi\u00e9n podemos crear productos innovadores, competitivos y pensados espec\u00edficamente para nuestro consumidor. Glow de Isla es una celebraci\u00f3n de nuestra piel, de nuestra identidad y de nuestra capacidad de crear desde el Caribe para el mundo, agreg\u00f3 Jennifer.<\/p>\n\n\n\n<p class=\"wp-block-paragraph\">mundo\u201d, Los productos ser\u00e1n revelados oficialmente durante Days to Shine 2026, donde los asistentes podr\u00e1n conocer las nuevas f\u00f3rmulas, experimentar con los productos y descubrir la propuesta completa de \u201cGlow de isla\u201d<\/p>\n\n\n\n<p class=\"wp-block-paragraph\">Propiel Dominicana es una marca dermocosm\u00e9tica creada en Rep\u00fablica Dominicana con el prop\u00f3sito de promover el cuidado y la salud de la piel mediante productos desarrollados para atender necesidades reales y condiciones propias del clima tropical.<\/p>\n\n\n\n<p class=\"wp-block-paragraph\">Bajo el concepto \u201cEn oro de la piel sana\u201d, la marca ha construido una comunidad alrededor del autocuidado, la autoestima y una visi\u00f3n de belleza m\u00e1s cercana a la realidad de sus consumidores.<\/p>\n\n\n\n<p class=\"wp-block-paragraph\">Actualmente, Propiel contin\u00faa ampliando su portafolio y presencia comercial bajo una visi\u00f3n clara: crear cosm\u00e9tica caribe\u00f1a para pieles reales.<\/p>\n\n\n\n<figure class=\"wp-block-image size-full\"><img decoding=\"async\" width=\"960\" height=\"625\" src=\"https:\/\/lasprimeras.com.do\/wp-content\/uploads\/2026\/09\/WhatsApp-Image-2026-09-05-at-1.35.04-PM-1.jpeg\" alt=\"\" class=\"wp-image-139134\" srcset=\"https:\/\/lasprimeras.com.do\/wp-content\/uploads\/2026\/09\/WhatsApp-Image-2026-09-05-at-1.35.04-PM-1.jpeg 960w, https:\/\/lasprimeras.com.do\/wp-content\/uploads\/2026\/09\/WhatsApp-Image-2026-09-05-at-1.35.04-PM-1-300x195.jpeg 300w, https:\/\/lasprimeras.com.do\/wp-content\/uploads\/2026\/09\/WhatsApp-Image-2026-09-05-at-1.35.04-PM-1-768x500.jpeg 768w\" sizes=\"(max-width: 960px) 100vw, 960px\" \/><\/figure>\n\n\n\n<figure class=\"wp-block-image size-large\"><img decoding=\"async\" width=\"1024\" height=\"576\" src=\"https:\/\/lasprimeras.com.do\/wp-content\/uploads\/2026\/09\/WhatsApp-Image-2026-09-05-at-1.35.04-PM-1024x576.jpeg\" alt=\"\" class=\"wp-image-139133\" srcset=\"https:\/\/lasprimeras.com.do\/wp-content\/uploads\/2026\/09\/WhatsApp-Image-2026-09-05-at-1.35.04-PM-1024x576.jpeg 1024w, https:\/\/lasprimeras.com.do\/wp-content\/uploads\/2026\/09\/WhatsApp-Image-2026-09-05-at-1.35.04-PM-300x169.jpeg 300w, https:\/\/lasprimeras.com.do\/wp-content\/uploads\/2026\/09\/WhatsApp-Image-2026-09-05-at-1.35.04-PM-768x432.jpeg 768w, https:\/\/lasprimeras.com.do\/wp-content\/uploads\/2026\/09\/WhatsApp-Image-2026-09-05-at-1.35.04-PM-1536x864.jpeg 1536w, https:\/\/lasprimeras.com.do\/wp-content\/uploads\/2026\/09\/WhatsApp-Image-2026-09-05-at-1.35.04-PM.jpeg 1600w\" sizes=\"(max-width: 1024px) 100vw, 1024px\" \/><\/figure>\n\n\n\n<figure class=\"wp-block-video\"><video height=\"496\" style=\"aspect-ratio: 256 \/ 496;\" width=\"256\" controls src=\"https:\/\/lasprimeras.com.do\/wp-content\/uploads\/2026\/09\/WhatsApp-Video-2026-09-05-at-1.35.02-PM.mp4\"><\/video><\/figure>\n","protected":false},"excerpt":{"rendered":"<p>Santo Domingo.- .&nbsp; La marca dermocosm\u00e9tica dominicana Propiel presenta oficialmente su nuevo compendio de productos durante Days to Shine 2026, actividad que se celebra los d\u00edas 4 y 5 de&hellip;<\/p>\n","protected":false},"author":3,"featured_media":139132,"comment_status":"open","ping_status":"open","sticky":false,"template":"","format":"standard","meta":{"content-type":"","_jetpack_newsletter_access":"","_jetpack_dont_email_post_to_subs":false,"_jetpack_newsletter_tier_id":0,"_jetpack_memberships_contains_paywalled_content":false,"_jetpack_feature_clip_id":0,"_jetpack_memberships_contains_paid_content":false,"footnotes":"","jetpack_post_was_ever_published":false},"categories":[35],"tags":[6439],"class_list":["post-139130","post","type-post","status-publish","format-standard","has-post-thumbnail","hentry","category-nacionales","tag-propiel"],"jetpack-related-posts":[{"id":136937,"url":"https:\/\/lasprimeras.com.do\/index.php\/2026\/08\/10\/cerca-500-mil-dominicanos-asisten-al-desfile-de-manhattan-index-participa-y-fortalece-compromiso-con-la-comunidad\/","url_meta":{"origin":139130,"position":0},"title":"Cerca 500 mil dominicanos asisten al Desfile de Manhattan; INDEX participa y fortalece compromiso con la comunidad","author":"Nelson Feliz","date":"10 de agosto de 2026","format":false,"excerpt":"https:\/\/www.youtube.com\/watch?v=XIptjRJIu7A Por Ram\u00f3n Mercedes NUEVA YORK.- Cerca de medio mill\u00f3n de personas asistieron este domingo al Desfile Dominicano de Manhattan, celebrado bajo un sol radiante y altas temperaturas. Imper\u00f3 el orden durante la celebraci\u00f3n de la 44.a edici\u00f3n del desfile, que recorri\u00f3 la Sexta Avenida desde la calle 37 hasta\u2026","rel":"","context":"En \u00abLA VOZ DE LA DIASPORA\u00bb","block_context":{"text":"LA VOZ DE LA DIASPORA","link":"https:\/\/lasprimeras.com.do\/index.php\/category\/la-voz-de-la-diaspora\/"},"img":{"alt_text":"","src":"https:\/\/i0.wp.com\/lasprimeras.com.do\/wp-content\/uploads\/2026\/08\/IMG-20260810-WA0034.jpg?resize=350%2C200&ssl=1","width":350,"height":200},"classes":[]},{"id":136940,"url":"https:\/\/lasprimeras.com.do\/index.php\/2026\/08\/10\/cerca-500-mil-dominicanos-asisten-al-desfile-de-manhattan-index-participa-y-fortalece-compromiso-con-la-comunidad-2\/","url_meta":{"origin":139130,"position":1},"title":"Cerca 500 mil dominicanos asisten al Desfile de Manhattan; INDEX participa y fortalece compromiso con la comunidad","author":"Nelson Feliz","date":"10 de agosto de 2026","format":false,"excerpt":"https:\/\/www.youtube.com\/watch?v=XIptjRJIu7A Por Ram\u00f3n Mercedes NUEVA YORK.- Cerca de medio mill\u00f3n de personas asistieron este domingo al Desfile Dominicano de Manhattan, celebrado bajo un sol radiante y altas temperaturas. Imper\u00f3 el orden durante la celebraci\u00f3n de la 44.a edici\u00f3n del desfile, que recorri\u00f3 la Sexta Avenida desde la calle 37 hasta\u2026","rel":"","context":"En \u00abLA VOZ DE LA DIASPORA\u00bb","block_context":{"text":"LA VOZ DE LA DIASPORA","link":"https:\/\/lasprimeras.com.do\/index.php\/category\/la-voz-de-la-diaspora\/"},"img":{"alt_text":"","src":"https:\/\/i0.wp.com\/lasprimeras.com.do\/wp-content\/uploads\/2026\/08\/IMG-20260810-WA0034-1.jpg?resize=350%2C200&ssl=1","width":350,"height":200},"classes":[]},{"id":63092,"url":"https:\/\/lasprimeras.com.do\/index.php\/2023\/10\/10\/el-ataque-de-hamas-a-israel-lleva-a-corea-del-sur-a-considerar-suspender-el-acuerdo-militar-con-corea-del-norte\/","url_meta":{"origin":139130,"position":2},"title":"El ataque de Ham\u00e1s a Israel lleva a Corea del Sur a considerar suspender el acuerdo militar con Corea del Norte","author":"Nelson Feliz","date":"10 de octubre de 2023","format":false,"excerpt":"POR KIM TONG-HYUNG SE\u00daL, Corea del Sur (AP) \u2014 El ministro de Defensa de Corea del Sur dijo el martes que presionar\u00eda para suspender un acuerdo militar intercoreano de 2018 para reanudar la vigilancia de primera l\u00ednea sobre su rival Corea del Norte, mientras el ataque sorpresa a Israel por\u2026","rel":"","context":"En \u00abSin categor\u00eda\u00bb","block_context":{"text":"Sin categor\u00eda","link":"https:\/\/lasprimeras.com.do\/index.php\/category\/sin-categoria\/"},"img":{"alt_text":"Ataque","src":"https:\/\/i0.wp.com\/lasprimeras.com.do\/wp-content\/uploads\/2023\/10\/Ataque-2.jpg?resize=350%2C200&ssl=1","width":350,"height":200,"srcset":"https:\/\/i0.wp.com\/lasprimeras.com.do\/wp-content\/uploads\/2023\/10\/Ataque-2.jpg?resize=350%2C200&ssl=1 1x, https:\/\/i0.wp.com\/lasprimeras.com.do\/wp-content\/uploads\/2023\/10\/Ataque-2.jpg?resize=525%2C300&ssl=1 1.5x, https:\/\/i0.wp.com\/lasprimeras.com.do\/wp-content\/uploads\/2023\/10\/Ataque-2.jpg?resize=700%2C400&ssl=1 2x"},"classes":[]},{"id":135394,"url":"https:\/\/lasprimeras.com.do\/index.php\/2026\/07\/23\/adozona-y-cnzfe-trazan-en-unicaribe-la-ruta-hacia-zonas-francas-4-0\/","url_meta":{"origin":139130,"position":3},"title":"ADOZONA y CNZFE trazan en UNICARIBE la ruta hacia Zonas Francas 4.0","author":"Nelson Feliz","date":"23 de julio de 2026","format":false,"excerpt":"Autoridades del CNZFE y ADOZONA, junto al especialista internacional Juan Opertti, destacaron la estabilidad institucional, la capacidad exportadora, la innovaci\u00f3n y la formaci\u00f3n del talento como factores decisivos para ampliar la contribuci\u00f3n del sector a la Meta RD 2036 Santo Domingo, RD. La Universidad del Caribe, a trav\u00e9s de UNICARIBE\u2026","rel":"","context":"En \u00abPORTADA\u00bb","block_context":{"text":"PORTADA","link":"https:\/\/lasprimeras.com.do\/index.php\/category\/portada\/"},"img":{"alt_text":"","src":"https:\/\/i0.wp.com\/lasprimeras.com.do\/wp-content\/uploads\/2026\/07\/IMG-20260723-WA0179.jpg?resize=350%2C200&ssl=1","width":350,"height":200,"srcset":"https:\/\/i0.wp.com\/lasprimeras.com.do\/wp-content\/uploads\/2026\/07\/IMG-20260723-WA0179.jpg?resize=350%2C200&ssl=1 1x, https:\/\/i0.wp.com\/lasprimeras.com.do\/wp-content\/uploads\/2026\/07\/IMG-20260723-WA0179.jpg?resize=525%2C300&ssl=1 1.5x, https:\/\/i0.wp.com\/lasprimeras.com.do\/wp-content\/uploads\/2026\/07\/IMG-20260723-WA0179.jpg?resize=700%2C400&ssl=1 2x, https:\/\/i0.wp.com\/lasprimeras.com.do\/wp-content\/uploads\/2026\/07\/IMG-20260723-WA0179.jpg?resize=1050%2C600&ssl=1 3x, https:\/\/i0.wp.com\/lasprimeras.com.do\/wp-content\/uploads\/2026\/07\/IMG-20260723-WA0179.jpg?resize=1400%2C800&ssl=1 4x"},"classes":[]},{"id":127034,"url":"https:\/\/lasprimeras.com.do\/index.php\/2026\/04\/08\/nws-anuncio-frio-invernal-para-este-miercoles-en-el-area-triestatal-afectara-a-un-millon-de-dominicanos\/","url_meta":{"origin":139130,"position":4},"title":"NWS anunci\u00f3 fr\u00edo invernal para este mi\u00e9rcoles en el \u00e1rea triestatal; afectar\u00e1 a un mill\u00f3n de dominicanos","author":"Nelson Feliz","date":"8 de abril de 2026","format":false,"excerpt":"Por Ram\u00f3n Mercedes NUEVA YORK.-\u00a0El Servicio Meteorol\u00f3gico Nacional (NWS) de Estados Unidos anunci\u00f3, para la noche de este martes y durante todo el d\u00eda de este mi\u00e9rcoles, un fr\u00edo invernal, con temperaturas por debajo del punto de congelaci\u00f3n, que azotar\u00e1 este estado y otros aleda\u00f1os, con posibilidad de nieve ligera.\u2026","rel":"","context":"En \u00abCLIMA\u00bb","block_context":{"text":"CLIMA","link":"https:\/\/lasprimeras.com.do\/index.php\/category\/clima\/"},"img":{"alt_text":"","src":"https:\/\/i0.wp.com\/lasprimeras.com.do\/wp-content\/uploads\/2026\/04\/NWS-anuncio-frio-invernal-para-este-miercoles-en-el-area-triestatal_-afectara-a-un-millon-de-dominicanos.jpg?resize=350%2C200&ssl=1","width":350,"height":200},"classes":[]},{"id":115538,"url":"https:\/\/lasprimeras.com.do\/index.php\/2025\/11\/23\/grupo-de-valle-en-36-meses-desarrolla-el-primer-days-inn-by-wyndham-en-rd\/","url_meta":{"origin":139130,"position":5},"title":"Grupo De Valle en 36 meses desarrolla el primer Days Inn by Wyndham en RD","author":"Nelson Feliz","date":"23 de noviembre de 2025","format":false,"excerpt":"Grupo De Valle destac\u00f3 la importancia que representa para Juan Dolio la apertura del hotel Days Inn by Wyndham Juan Dolio, cuya inauguraci\u00f3n ser\u00e1 el pr\u00f3ximo 8 de diciembre. Wyndham Hotels & Resorts confirm\u00f3 en su sitio web oficial que el 8 de diciembre ser\u00e1 la fecha de apertura del\u2026","rel":"","context":"En \u00abTURISMO\u00bb","block_context":{"text":"TURISMO","link":"https:\/\/lasprimeras.com.do\/index.php\/category\/turismo\/"},"img":{"alt_text":"","src":"https:\/\/i0.wp.com\/lasprimeras.com.do\/wp-content\/uploads\/2025\/11\/Grupo-De-Valle.jpg?resize=350%2C200&ssl=1","width":350,"height":200,"srcset":"https:\/\/i0.wp.com\/lasprimeras.com.do\/wp-content\/uploads\/2025\/11\/Grupo-De-Valle.jpg?resize=350%2C200&ssl=1 1x, https:\/\/i0.wp.com\/lasprimeras.com.do\/wp-content\/uploads\/2025\/11\/Grupo-De-Valle.jpg?resize=525%2C300&ssl=1 1.5x, https:\/\/i0.wp.com\/lasprimeras.com.do\/wp-content\/uploads\/2025\/11\/Grupo-De-Valle.jpg?resize=700%2C400&ssl=1 2x, https:\/\/i0.wp.com\/lasprimeras.com.do\/wp-content\/uploads\/2025\/11\/Grupo-De-Valle.jpg?resize=1050%2C600&ssl=1 3x"},"classes":[]}],"jetpack_sharing_enabled":true,"jetpack_featured_media_url":"https:\/\/lasprimeras.com.do\/wp-content\/uploads\/2026\/09\/WhatsApp-Image-2026-09-05-at-1.35.03-PM-1.jpeg","_links":{"self":[{"href":"https:\/\/lasprimeras.com.do\/index.php\/wp-json\/wp\/v2\/posts\/139130","targetHints":{"allow":["GET"]}}],"collection":[{"href":"https:\/\/lasprimeras.com.do\/index.php\/wp-json\/wp\/v2\/posts"}],"about":[{"href":"https:\/\/lasprimeras.com.do\/index.php\/wp-json\/wp\/v2\/types\/post"}],"author":[{"embeddable":true,"href":"https:\/\/lasprimeras.com.do\/index.php\/wp-json\/wp\/v2\/users\/3"}],"replies":[{"embeddable":true,"href":"https:\/\/lasprimeras.com.do\/index.php\/wp-json\/wp\/v2\/comments?post=139130"}],"version-history":[{"count":1,"href":"https:\/\/lasprimeras.com.do\/index.php\/wp-json\/wp\/v2\/posts\/139130\/revisions"}],"predecessor-version":[{"id":139135,"href":"https:\/\/lasprimeras.com.do\/index.php\/wp-json\/wp\/v2\/posts\/139130\/revisions\/139135"}],"wp:featuredmedia":[{"embeddable":true,"href":"https:\/\/lasprimeras.com.do\/index.php\/wp-json\/wp\/v2\/media\/139132"}],"wp:attachment":[{"href":"https:\/\/lasprimeras.com.do\/index.php\/wp-json\/wp\/v2\/media?parent=139130"}],"wp:term":[{"taxonomy":"category","embeddable":true,"href":"https:\/\/lasprimeras.com.do\/index.php\/wp-json\/wp\/v2\/categories?post=139130"},{"taxonomy":"post_tag","embeddable":true,"href":"https:\/\/lasprimeras.com.do\/index.php\/wp-json\/wp\/v2\/tags?post=139130"}],"curies":[{"name":"wp","href":"https:\/\/api.w.org\/{rel}","templated":true}]}}