{"id":139139,"date":"2026-09-05T16:21:24","date_gmt":"2026-09-05T20:21:24","guid":{"rendered":"https:\/\/lasprimeras.com.do\/?p=139139"},"modified":"2026-09-05T16:21:44","modified_gmt":"2026-09-05T20:21:44","slug":"putin-se-reune-con-enviados-estadounidenses-en-el-kremlin","status":"publish","type":"post","link":"https:\/\/lasprimeras.com.do\/index.php\/2026\/09\/05\/putin-se-reune-con-enviados-estadounidenses-en-el-kremlin\/","title":{"rendered":"Putin se re\u00fane con enviados estadounidenses en el Kremlin"},"content":{"rendered":"\n<p class=\"wp-block-paragraph\"><strong>Steve Witkoff y Jared Kushner reanudan conversaciones sobre el fin de la guerra en Ucrania<\/strong><\/p>\n\n\n\n<p class=\"wp-block-paragraph\">Por The Associated Press<\/p>\n\n\n\n<p class=\"wp-block-paragraph\">El presidente ruso, Vladimir Putin, se reuni\u00f3 el s\u00e1bado en el Kremlin con los enviados estadounidenses Steve Witkoff y Jared Kushner para mantener conversaciones con el fin de intentar reactivar los esfuerzos estancados para poner fin a la guerra entre Rusia y Ucrania .<\/p>\n\n\n\n<p class=\"wp-block-paragraph\">La visita de los enviados se produjo en un momento en que ambas partes intensificaban los ataques a\u00e9reos.<\/p>\n\n\n\n<p class=\"wp-block-paragraph\">Tanto Putin como el presidente ucraniano, Volodymyr Zelenskyy, acordaron suspender los ataques contra las capitales del otro bando mientras se llevaban a cabo las conversaciones.<\/p>\n\n\n\n<p class=\"wp-block-paragraph\">La presi\u00f3n de Washington para poner fin a los combates ha perdido impulso, ya que la atenci\u00f3n de Estados Unidos se ha centrado durante los \u00faltimos seis meses en la guerra con Ir\u00e1n.<\/p>\n\n\n\n<p class=\"wp-block-paragraph\">La \u00faltima visita conocida a Mosc\u00fa de Witkoff y Kushner, yerno del presidente estadounidense Donald Trump, fue en enero, cuando tambi\u00e9n mantuvieron conversaciones con Putin en el Kremlin.<\/p>\n\n\n\n<p class=\"wp-block-paragraph\">Primer viaje a Kyiv para los emisarios estadounidenses.<\/p>\n\n\n\n<p class=\"wp-block-paragraph\">Seg\u00fan informaron funcionarios ucranianos, ambos enviados estadounidenses visitar\u00e1n tambi\u00e9n la capital de Ucrania, Kiev, por primera vez en el marco del proceso de paz, este domingo.<\/p>\n\n\n\n<p class=\"wp-block-paragraph\">Al inicio de la reuni\u00f3n en Mosc\u00fa, Putin pidi\u00f3 a Kushner y Witkoff que transmitieran sus mejores deseos y agradecimiento a Trump, y describi\u00f3 la situaci\u00f3n en Ucrania como &#8220;nada sencilla&#8221;.<\/p>\n\n\n\n<p class=\"wp-block-paragraph\">Las fuerzas rusas lanzaron una invasi\u00f3n a gran escala de Ucrania el 24 de febrero de 2022.<\/p>\n\n\n\n<p class=\"wp-block-paragraph\">&#8220;(El presidente ruso Vladimir) Putin ha ordenado que no se lleven a cabo ataques contra Kiev durante tres d\u00edas, a partir de la medianoche de hoy&#8221;, declar\u00f3 el portavoz presidencial Dmitry Peskov a la agencia de noticias rusa Tass.<\/p>\n\n\n\n<p class=\"wp-block-paragraph\">Zelenskyy afirm\u00f3 que Ucrania estaba preparada para suspender los ataques contra Mosc\u00fa hasta el lunes. A\u00f1adi\u00f3 que el s\u00e1bado por la tarde habl\u00f3 con la delegaci\u00f3n estadounidense tras su llegada a Mosc\u00fa.<\/p>\n\n\n\n<p class=\"wp-block-paragraph\">\u201cDesde ahora hasta el final del s\u00e1bado, as\u00ed como el domingo y el lunes, Ucrania est\u00e1 dispuesta a abstenerse de atacar Mosc\u00fa, y esperamos que los rusos hagan lo mismo con respecto a Kiev\u201d, dijo.<\/p>\n\n\n\n<p class=\"wp-block-paragraph\">Seg\u00fan inform\u00f3 TASS, los enviados estadounidenses fueron recibidos en el aeropuerto de Mosc\u00fa por el enviado ruso Kirill Dmitriev.<\/p>\n\n\n\n<p class=\"wp-block-paragraph\">Dmitriev comparti\u00f3 fotos de su encuentro con la delegaci\u00f3n estadounidense al desembarcar, junto con el mensaje: \u00abBienvenidos a Mosc\u00fa, pacificadores\u00bb.<\/p>\n\n\n\n<p class=\"wp-block-paragraph\">El proceso de paz se encuentra estancado.<\/p>\n\n\n\n<p class=\"wp-block-paragraph\">Ante el estancamiento de los esfuerzos de paz, Rusia ha intensificado sus ataques contra Kiev y otras ciudades con bombardeos incesantes que se prolongan hasta bien entrada la ma\u00f1ana, aprovechando la escasez de sistemas de defensa a\u00e9rea en Ucrania.<\/p>\n\n\n\n<p class=\"wp-block-paragraph\">El viernes, un dron ruso impact\u00f3 contra uno de los edificios gubernamentales m\u00e1s importantes de Kiev: la sede del Servicio de Seguridad de Ucrania, conocido como SBU, una de las agencias involucradas en la realizaci\u00f3n de operaciones de ataque en profundidad dentro de Rusia.<\/p>\n\n\n\n<p class=\"wp-block-paragraph\">Los ataques de largo alcance de Ucrania han alcanzado instalaciones militares rusas, refiner\u00edas de petr\u00f3leo y centros de comercio electr\u00f3nico, con el objetivo de socavar el esfuerzo b\u00e9lico y la econom\u00eda del Kremlin, as\u00ed como hacer que los ciudadanos comunes sientan las consecuencias de la guerra.<\/p>\n\n\n\n<p class=\"wp-block-paragraph\">Zelenskyy vincula los ataques rusos con la visita de los enviados. La guerra a\u00e9rea entre Rusia y Ucrania se ha intensificado a medida que las tropas luchan por avanzar a lo largo del frente de 1250 kil\u00f3metros (775 millas).<\/p>\n\n\n\n<p class=\"wp-block-paragraph\">Rusia ha estado utilizando recientemente drones de alta velocidad propulsados \u200b\u200bpor reactores , y el ulular recurrente de las sirenas antia\u00e9reas se ha convertido en parte de la vida cotidiana en Kiev.<\/p>\n\n\n\n<p class=\"wp-block-paragraph\">En una publicaci\u00f3n en redes sociales el s\u00e1bado, Zelenskyy afirm\u00f3 que Rusia hab\u00eda llevado a cabo ataques nocturnos en los aeropuertos internacionales de Kiev y Boryspil, y vincul\u00f3 el ataque con la visita prevista a Estados Unidos.<\/p>\n\n\n\n<p class=\"wp-block-paragraph\">\u201cEst\u00e1 claro que estos ataques rusos contra los aeropuertos son una reacci\u00f3n a las conversaciones y preparativos ante la posibilidad de que Estados Unidos utilice un avi\u00f3n para viajar a Ucrania\u201d, afirm\u00f3.<\/p>\n\n\n\n<p class=\"wp-block-paragraph\">\u201cHemos tomado nota de esta maniobra rusa y la pr\u00f3xima semana ajustaremos nuestra operaci\u00f3n en consecuencia con respecto al espacio a\u00e9reo ruso, que se ha vuelto peligroso debido a la presencia de nuestros drones y misiles. Por supuesto, no hay ni habr\u00e1 amenazas a la diplomacia por nuestra parte.\u201d<\/p>\n\n\n\n<p class=\"wp-block-paragraph\">Huelgas de 5 muertos en una planta industrial ucraniana<\/p>\n\n\n\n<p class=\"wp-block-paragraph\">Los ataques rusos causaron la muerte de cinco personas y dejaron cinco heridos en una instalaci\u00f3n industrial en la regi\u00f3n de Dnipropetrovsk, al sur de Ucrania, seg\u00fan inform\u00f3 Oleksandr Hanzha, jefe de la administraci\u00f3n militar local. Hanzha identific\u00f3 a los fallecidos como empleados de la planta.<\/p>\n\n\n\n<p class=\"wp-block-paragraph\">\u201cUn cerrajero, un electricista, un fontanero y un maquinista. Personas que ejerc\u00edan profesiones pac\u00edficas. Simplemente estaban cumpliendo con su turno. Estaban haciendo su trabajo cuando los misiles enemigos les arrebataron la vida\u201d, dijo.<\/p>\n\n\n\n<p class=\"wp-block-paragraph\">Un hombre de 62 a\u00f1os result\u00f3 herido y varias viviendas y un edificio de apartamentos sufrieron da\u00f1os en un ataque separado perpetrado en el distrito de Nikopol, en la misma regi\u00f3n, seg\u00fan inform\u00f3 Hanzha.<\/p>\n\n\n\n<p class=\"wp-block-paragraph\">En un comunicado emitido el s\u00e1bado, el Ministerio de Defensa de Rusia afirm\u00f3 haber llevado a cabo ataques contra dos plantas metal\u00fargicas en la regi\u00f3n, a las que describi\u00f3 como &#8220;importantes proveedores de productos met\u00e1licos para la producci\u00f3n militar de Ucrania&#8221;.<\/p>\n\n\n\n<p class=\"wp-block-paragraph\">Dos personas m\u00e1s resultaron heridas en un ataque ruso perpetrado durante la noche en la regi\u00f3n ucraniana de Kiev, seg\u00fan inform\u00f3 Tymur Tkachenko, jefe de la administraci\u00f3n militar regional.<\/p>\n\n\n\n<p class=\"wp-block-paragraph\">En el distrito de Boryspil, un incendio provocado por un ataque destruy\u00f3 parcialmente un edificio residencial de nueve plantas.<\/p>\n\n\n\n<p class=\"wp-block-paragraph\">Las fuerzas rusas tambi\u00e9n atacaron repetidamente con drones un centro comercial en la regi\u00f3n sure\u00f1a de Mykolaiv durante la noche, causando da\u00f1os a los locales comerciales e incendios, seg\u00fan informaron los servicios estatales de emergencia de Ucrania. Un hombre de 72 a\u00f1os y una joven de 17 resultaron heridos.<\/p>\n\n\n\n<p class=\"wp-block-paragraph\">Los equipos de emergencia que respondieron al ataque se vieron obligados repetidamente a retirarse a un lugar seguro debido a la amenaza de nuevos ataques, regresando siempre que las condiciones lo permit\u00edan, seg\u00fan informaron los servicios de emergencia.<\/p>\n\n\n\n<p class=\"wp-block-paragraph\">Rusia lanz\u00f3 misiles bal\u00edsticos desde las regiones de Rostov y Vor\u00f3nezh y despleg\u00f3 167 drones de ataque durante la noche, seg\u00fan inform\u00f3 la fuerza a\u00e9rea ucraniana.<\/p>\n\n\n\n<p class=\"wp-block-paragraph\">Entre los drones se encontraban aeronaves tipo Shahed \u2014aproximadamente la mitad de ellas a reacci\u00f3n\u2014, as\u00ed como drones Geran y se\u00f1uelos. Las defensas a\u00e9reas ucranianas derribaron o neutralizaron 128 drones, seg\u00fan la fuerza a\u00e9rea.<\/p>\n\n\n\n<p class=\"wp-block-paragraph\">En otro lugar, ataques ucranianos hirieron a tres personas, entre ellas una ni\u00f1a de 14 a\u00f1os, en la regi\u00f3n fronteriza rusa de Belgorod, seg\u00fan informaron las autoridades locales.<\/p>\n\n\n\n<p class=\"wp-block-paragraph\">El Ministerio de Defensa ruso declar\u00f3 que sus fuerzas hab\u00edan derribado 53 drones ucranianos durante la noche.<\/p>\n","protected":false},"excerpt":{"rendered":"<p>Steve Witkoff y Jared Kushner reanudan conversaciones sobre el fin de la guerra en Ucrania Por The Associated Press El presidente ruso, Vladimir Putin, se reuni\u00f3 el s\u00e1bado en el&hellip;<\/p>\n","protected":false},"author":10,"featured_media":139140,"comment_status":"open","ping_status":"open","sticky":false,"template":"","format":"standard","meta":{"content-type":"","_jetpack_newsletter_access":"","_jetpack_dont_email_post_to_subs":false,"_jetpack_newsletter_tier_id":0,"_jetpack_memberships_contains_paywalled_content":false,"_jetpack_feature_clip_id":0,"_jetpack_memberships_contains_paid_content":false,"footnotes":"","jetpack_post_was_ever_published":false},"categories":[16289],"tags":[1090,4367,17408,36316,6611,22981,1108,421],"class_list":["post-139139","post","type-post","status-publish","format-standard","has-post-thumbnail","hentry","category-internacionales","tag-conversaciones","tag-estadounidenses","tag-fin-de-la-guerra","tag-jared-kushner","tag-kremlin","tag-steve-witkoff","tag-ucrania","tag-vladimir-putin"],"jetpack-related-posts":[{"id":118088,"url":"https:\/\/lasprimeras.com.do\/index.php\/2025\/12\/21\/eeuu-conversaciones-con-ucrania-y-europa-sobre-el-fin-de-la-guerra-con-rusia-son-constructivas\/","url_meta":{"origin":139139,"position":0},"title":"EEUU: Conversaciones con Ucrania y Europa sobre el fin de la guerra con Rusia son \u201cconstructivas\u201d","author":"Nelson Feliz","date":"21 de diciembre de 2025","format":false,"excerpt":"De izquierda a derecha, el asesor presidencial ruso de pol\u00edtica exterior Yuri Ushakov, a la izquierda, Jared Kushner, yerno de presidente de Estados Unidos, el enviado especia de EEUU Steve Witkoff, al frente a la derecha y el director general del Fondo Ruso de Inversi\u00f3n Directa y representante presidencial de\u2026","rel":"","context":"En \u00abINTERNACIONALES\u00bb","block_context":{"text":"INTERNACIONALES","link":"https:\/\/lasprimeras.com.do\/index.php\/category\/sin-categoria\/internacionales\/"},"img":{"alt_text":"De izquierda a derecha, el asesor presidencial ruso de pol\u00edtica exterior Yuri Ushakov, a la izquierda, Jared Kushner, yerno de presidente de Estados Unidos, el enviado especia de EEUU Steve Witkoff, al frente a la derecha y el director general del Fondo Ruso de Inversi\u00f3n Directa y representante presidencial de Cooperaci\u00f3n Econ\u00f3mica e Inversi\u00f3n con Pa\u00edses extranjeros, Kirill Dmitriev, detr\u00e1s de Witkoff, a su llegada para reuniones con el presidente de Rusia, Vlad\u00edmir Putin, en el Kremlin, Mosc\u00fa, Rusia, el martes 2 de diciembre de 2025. (Alexander Kazakov, Sputnik, Kremlin Pool Foto via AP)","src":"https:\/\/i0.wp.com\/lasprimeras.com.do\/wp-content\/uploads\/2025\/12\/Conversaciones-con-Ucrania-y-Europa.jpg?resize=350%2C200&ssl=1","width":350,"height":200,"srcset":"https:\/\/i0.wp.com\/lasprimeras.com.do\/wp-content\/uploads\/2025\/12\/Conversaciones-con-Ucrania-y-Europa.jpg?resize=350%2C200&ssl=1 1x, https:\/\/i0.wp.com\/lasprimeras.com.do\/wp-content\/uploads\/2025\/12\/Conversaciones-con-Ucrania-y-Europa.jpg?resize=525%2C300&ssl=1 1.5x, https:\/\/i0.wp.com\/lasprimeras.com.do\/wp-content\/uploads\/2025\/12\/Conversaciones-con-Ucrania-y-Europa.jpg?resize=700%2C400&ssl=1 2x"},"classes":[]},{"id":116873,"url":"https:\/\/lasprimeras.com.do\/index.php\/2025\/12\/04\/putin-hay-puntos-en-la-propuesta-de-eeuu-para-el-fin-de-la-guerra-en-ucrania-que-son-inaceptables\/","url_meta":{"origin":139139,"position":1},"title":"Putin: hay puntos en la propuesta de EEUU para el fin de la guerra en Ucrania que son inaceptables","author":"Nelson Feliz","date":"4 de diciembre de 2025","format":false,"excerpt":"POR DASHA LITVINOVA RUSIA, AP- El presidente ruso Vladimir Putin declar\u00f3 que algunas propuestas incluidas en el plan de Estados Unidos para poner fin a la guerra en Ucrania son inaceptables para el Kremlin, lo que indica que cualquier posible acuerdo est\u00e1 lejos a\u00fan. El presidente estadounidense Donald Trump ha\u2026","rel":"","context":"En \u00abINTERNACIONALES\u00bb","block_context":{"text":"INTERNACIONALES","link":"https:\/\/lasprimeras.com.do\/index.php\/category\/sin-categoria\/internacionales\/"},"img":{"alt_text":"","src":"https:\/\/i0.wp.com\/lasprimeras.com.do\/wp-content\/uploads\/2025\/09\/Vladimir-Putin.jpg?resize=350%2C200&ssl=1","width":350,"height":200,"srcset":"https:\/\/i0.wp.com\/lasprimeras.com.do\/wp-content\/uploads\/2025\/09\/Vladimir-Putin.jpg?resize=350%2C200&ssl=1 1x, https:\/\/i0.wp.com\/lasprimeras.com.do\/wp-content\/uploads\/2025\/09\/Vladimir-Putin.jpg?resize=525%2C300&ssl=1 1.5x, https:\/\/i0.wp.com\/lasprimeras.com.do\/wp-content\/uploads\/2025\/09\/Vladimir-Putin.jpg?resize=700%2C400&ssl=1 2x"},"classes":[]},{"id":95383,"url":"https:\/\/lasprimeras.com.do\/index.php\/2025\/03\/13\/rusia-dice-haber-retomado-ciudad-en-kursk-asesor-de-putin-senala-que-una-tregua-ayudaria-a-kiev\/","url_meta":{"origin":139139,"position":2},"title":"Rusia dice haber retomado ciudad en Kursk, asesor de Putin se\u00f1ala que una tregua ayudar\u00eda a Kiev","author":"Nelson Feliz","date":"13 de marzo de 2025","format":false,"excerpt":"Las fuerzas rusas afirmaron el jueves que sus tropas han expulsado al ej\u00e9rcito ucraniano de la ciudad m\u00e1s grande de la regi\u00f3n fronteriza rusa de Kursk, mientras un alto funcionario del Kremlin dijo que un alto el fuego de 30 d\u00edas propuesto por Estados Unidos en la guerra, tres a\u00f1os\u2026","rel":"","context":"En \u00abINTERNACIONALES\u00bb","block_context":{"text":"INTERNACIONALES","link":"https:\/\/lasprimeras.com.do\/index.php\/category\/sin-categoria\/internacionales\/"},"img":{"alt_text":"","src":"https:\/\/i0.wp.com\/lasprimeras.com.do\/wp-content\/uploads\/2025\/03\/Vladimir-Putin-y-Valery-Gerasimov.png?resize=350%2C200&ssl=1","width":350,"height":200,"srcset":"https:\/\/i0.wp.com\/lasprimeras.com.do\/wp-content\/uploads\/2025\/03\/Vladimir-Putin-y-Valery-Gerasimov.png?resize=350%2C200&ssl=1 1x, https:\/\/i0.wp.com\/lasprimeras.com.do\/wp-content\/uploads\/2025\/03\/Vladimir-Putin-y-Valery-Gerasimov.png?resize=525%2C300&ssl=1 1.5x, https:\/\/i0.wp.com\/lasprimeras.com.do\/wp-content\/uploads\/2025\/03\/Vladimir-Putin-y-Valery-Gerasimov.png?resize=700%2C400&ssl=1 2x"},"classes":[]},{"id":116676,"url":"https:\/\/lasprimeras.com.do\/index.php\/2025\/12\/03\/zelenskiy-afirma-que-el-negociador-ucraniano-umerov-mantendra-conversaciones-en-bruselas\/","url_meta":{"origin":139139,"position":3},"title":"Zelenskiy afirma que el negociador ucraniano Umerov mantendr\u00e1 conversaciones en Bruselas","author":"Nelson Feliz","date":"3 de diciembre de 2025","format":false,"excerpt":"KIEV, 3 dic (Reuters) - El negociador ucraniano Rustem Umerov mantendr\u00e1 conversaciones el mi\u00e9rcoles en Bruselas con los asesores de seguridad nacional de los l\u00edderes europeos y luego visitar\u00e1 Estados Unidos, dijo el presidente ucraniano, Volodymyr Zelenskiy. Habl\u00f3 despu\u00e9s de que el enviado especial del presidente estadounidense Donald Trump, Steve\u2026","rel":"","context":"En \u00abINTERNACIONALES\u00bb","block_context":{"text":"INTERNACIONALES","link":"https:\/\/lasprimeras.com.do\/index.php\/category\/sin-categoria\/internacionales\/"},"img":{"alt_text":"Rustem Umerov","src":"https:\/\/i0.wp.com\/lasprimeras.com.do\/wp-content\/uploads\/2025\/12\/Rustem-Umerov.jpg?resize=350%2C200&ssl=1","width":350,"height":200,"srcset":"https:\/\/i0.wp.com\/lasprimeras.com.do\/wp-content\/uploads\/2025\/12\/Rustem-Umerov.jpg?resize=350%2C200&ssl=1 1x, https:\/\/i0.wp.com\/lasprimeras.com.do\/wp-content\/uploads\/2025\/12\/Rustem-Umerov.jpg?resize=525%2C300&ssl=1 1.5x, https:\/\/i0.wp.com\/lasprimeras.com.do\/wp-content\/uploads\/2025\/12\/Rustem-Umerov.jpg?resize=700%2C400&ssl=1 2x"},"classes":[]},{"id":95553,"url":"https:\/\/lasprimeras.com.do\/index.php\/2025\/03\/14\/putin-esta-de-acuerdo-en-principio-con-la-propuesta-de-alto-el-fuego-en-ucrania-y-dice-que-se-necesitan-mas-discusiones\/","url_meta":{"origin":139139,"position":4},"title":"Putin est\u00e1 de acuerdo en principio con la propuesta de alto el fuego en Ucrania y dice que se necesitan m\u00e1s discusiones","author":"Nelson Feliz","date":"14 de marzo de 2025","format":false,"excerpt":"El presidente ruso, Vladimir Putin, dijo el jueves que est\u00e1 de acuerdo en principio con la propuesta estadounidense de un alto el fuego de 30 d\u00edas en Ucrania, pero enfatiz\u00f3 que los t\u00e9rminos a\u00fan est\u00e1n por definirse y agreg\u00f3 que cualquier tregua debe allanar el camino hacia una paz duradera\u2026","rel":"","context":"En \u00abINTERNACIONALES\u00bb","block_context":{"text":"INTERNACIONALES","link":"https:\/\/lasprimeras.com.do\/index.php\/category\/sin-categoria\/internacionales\/"},"img":{"alt_text":"Vladimir Putin","src":"https:\/\/i0.wp.com\/lasprimeras.com.do\/wp-content\/uploads\/2025\/03\/Vladimir-Putin.png?resize=350%2C200&ssl=1","width":350,"height":200,"srcset":"https:\/\/i0.wp.com\/lasprimeras.com.do\/wp-content\/uploads\/2025\/03\/Vladimir-Putin.png?resize=350%2C200&ssl=1 1x, https:\/\/i0.wp.com\/lasprimeras.com.do\/wp-content\/uploads\/2025\/03\/Vladimir-Putin.png?resize=525%2C300&ssl=1 1.5x, https:\/\/i0.wp.com\/lasprimeras.com.do\/wp-content\/uploads\/2025\/03\/Vladimir-Putin.png?resize=700%2C400&ssl=1 2x"},"classes":[]},{"id":99197,"url":"https:\/\/lasprimeras.com.do\/index.php\/2025\/05\/19\/trump-espera-avanzar-en-un-alto-el-fuego-en-ucrania-en-llamadas-con-putin-y-zelenskyy\/","url_meta":{"origin":139139,"position":5},"title":"Trump espera avanzar en un alto el fuego en Ucrania en llamadas con Putin y Zelenskyy","author":"Nelson Feliz","date":"19 de mayo de 2025","format":false,"excerpt":"POR JOSH BOAK WASHINGTON (AP) \u2014 El presidente de Estados Unidos, Donald Trump, espera que las llamadas telef\u00f3nicas separadas el lunes con el l\u00edder ruso, Vlad\u00edmir Putin, y el presidente ucraniano, Volodymyr Zelenskyy, logren avances hacia un alto el fuego en la guerra en Ucrania. Trump expres\u00f3 sus esperanzas de\u2026","rel":"","context":"En \u00abINTERNACIONALES\u00bb","block_context":{"text":"INTERNACIONALES","link":"https:\/\/lasprimeras.com.do\/index.php\/category\/sin-categoria\/internacionales\/"},"img":{"alt_text":"Donald Trump vs Vlad\u00edmir Putin","src":"https:\/\/i0.wp.com\/lasprimeras.com.do\/wp-content\/uploads\/2025\/05\/Donald-Trump-vs-Vladimir-Putin.jpg?resize=350%2C200&ssl=1","width":350,"height":200,"srcset":"https:\/\/i0.wp.com\/lasprimeras.com.do\/wp-content\/uploads\/2025\/05\/Donald-Trump-vs-Vladimir-Putin.jpg?resize=350%2C200&ssl=1 1x, https:\/\/i0.wp.com\/lasprimeras.com.do\/wp-content\/uploads\/2025\/05\/Donald-Trump-vs-Vladimir-Putin.jpg?resize=525%2C300&ssl=1 1.5x, https:\/\/i0.wp.com\/lasprimeras.com.do\/wp-content\/uploads\/2025\/05\/Donald-Trump-vs-Vladimir-Putin.jpg?resize=700%2C400&ssl=1 2x"},"classes":[]}],"jetpack_sharing_enabled":true,"jetpack_featured_media_url":"https:\/\/lasprimeras.com.do\/wp-content\/uploads\/2026\/09\/putin-reunion.jpg","_links":{"self":[{"href":"https:\/\/lasprimeras.com.do\/index.php\/wp-json\/wp\/v2\/posts\/139139","targetHints":{"allow":["GET"]}}],"collection":[{"href":"https:\/\/lasprimeras.com.do\/index.php\/wp-json\/wp\/v2\/posts"}],"about":[{"href":"https:\/\/lasprimeras.com.do\/index.php\/wp-json\/wp\/v2\/types\/post"}],"author":[{"embeddable":true,"href":"https:\/\/lasprimeras.com.do\/index.php\/wp-json\/wp\/v2\/users\/10"}],"replies":[{"embeddable":true,"href":"https:\/\/lasprimeras.com.do\/index.php\/wp-json\/wp\/v2\/comments?post=139139"}],"version-history":[{"count":1,"href":"https:\/\/lasprimeras.com.do\/index.php\/wp-json\/wp\/v2\/posts\/139139\/revisions"}],"predecessor-version":[{"id":139141,"href":"https:\/\/lasprimeras.com.do\/index.php\/wp-json\/wp\/v2\/posts\/139139\/revisions\/139141"}],"wp:featuredmedia":[{"embeddable":true,"href":"https:\/\/lasprimeras.com.do\/index.php\/wp-json\/wp\/v2\/media\/139140"}],"wp:attachment":[{"href":"https:\/\/lasprimeras.com.do\/index.php\/wp-json\/wp\/v2\/media?parent=139139"}],"wp:term":[{"taxonomy":"category","embeddable":true,"href":"https:\/\/lasprimeras.com.do\/index.php\/wp-json\/wp\/v2\/categories?post=139139"},{"taxonomy":"post_tag","embeddable":true,"href":"https:\/\/lasprimeras.com.do\/index.php\/wp-json\/wp\/v2\/tags?post=139139"}],"curies":[{"name":"wp","href":"https:\/\/api.w.org\/{rel}","templated":true}]}}