{"id":139145,"date":"2026-09-05T16:38:23","date_gmt":"2026-09-05T20:38:23","guid":{"rendered":"https:\/\/lasprimeras.com.do\/?p=139145"},"modified":"2026-09-05T16:38:28","modified_gmt":"2026-09-05T20:38:28","slug":"iran-acusa-a-eeuu-de-atacar-un-petrolero-cerca-de-la-isla-kharg-y-otras-noticias-de-oriente-medio","status":"publish","type":"post","link":"https:\/\/lasprimeras.com.do\/index.php\/2026\/09\/05\/iran-acusa-a-eeuu-de-atacar-un-petrolero-cerca-de-la-isla-kharg-y-otras-noticias-de-oriente-medio\/","title":{"rendered":"Ir\u00e1n acusa a EEUU de atacar un petrolero cerca de la isla Kharg y otras noticias de Oriente Medio"},"content":{"rendered":"\n<p class=\"wp-block-paragraph\">POR THE ASSOCIATED PRESS<\/p>\n\n\n\n<p class=\"wp-block-paragraph\">Ir\u00e1n acus\u00f3 el s\u00e1bado a Estados Unidos de atacar un petrolero iran\u00ed cerca de la isla de Kharg, en el golfo P\u00e9rsico.<\/p>\n\n\n\n<p class=\"wp-block-paragraph\">La Casa Blanca no ha realizado comentarios al respecto, pero un nuevo ataque elevar\u00eda el riesgo de desencadenar una otra ronda de ataques iran\u00edes contra aliados e intereses de Washington en la regi\u00f3n.<\/p>\n\n\n\n<p class=\"wp-block-paragraph\">En Yemen, los rebeldes hut\u00edes respaldados por Ir\u00e1n acusaron al gobierno de matar a tres personas en un ataque, y operaciones israel\u00edes se cobraron la vida de tres personas en el sur de L\u00edbano.<\/p>\n\n\n\n<p class=\"wp-block-paragraph\">A continuaci\u00f3n, un vistazo a las \u00faltimas noticias en Oriente Medio.<\/p>\n\n\n\n<p class=\"wp-block-paragraph\">Ir\u00e1n acusa a Estados Unidos de atacar un petrolero<\/p>\n\n\n\n<p class=\"wp-block-paragraph\">La cadena p\u00fablica de la Rep\u00fablica Isl\u00e1mica report\u00f3 el s\u00e1bado que cuatro misiles estadounidenses impactaron en un petrolero a unos 10 kil\u00f3metros (seis millas) de la isla de Kharg. La tripulaci\u00f3n estaba siendo evacuada y no hubo v\u00edctimas, agreg\u00f3.<\/p>\n\n\n\n<p class=\"wp-block-paragraph\">El reporte no aport\u00f3 pruebas y no incluy\u00f3 declaraciones de funcionarios iran\u00edes. El Comando Central de Estados Unidos no respondi\u00f3 a una solicitud de comentarios.<\/p>\n\n\n\n<p class=\"wp-block-paragraph\">La isla de Kharg es la principal terminal de exportaci\u00f3n de petr\u00f3leo de Ir\u00e1n y un centro de importancia estrat\u00e9gica para los env\u00edos de crudo del pa\u00eds.<\/p>\n\n\n\n<p class=\"wp-block-paragraph\">Ha sido atacada repetidamente durante el conflicto con Estados Unidos, como cuando las fuerzas del Pent\u00e1gono alcanzaron instalaciones militares all\u00ed en marzo.<\/p>\n\n\n\n<p class=\"wp-block-paragraph\">El \u00faltimo reporte llega d\u00edas despu\u00e9s de que Washington reanudara los ataques contra objetivos iran\u00edes tras una pausa de un mes, mientras se intensifican los combates en torno al estrecho de Ormuz.<\/p>\n\n\n\n<p class=\"wp-block-paragraph\">Los hut\u00edes acusan al gobierno de Yemen de matar a tres personas<\/p>\n\n\n\n<p class=\"wp-block-paragraph\">Los rebeldes hut\u00edes, que cuentan con el respaldo de Teher\u00e1n, reportaron ataques a\u00e9reos de las fuerzas gubernamentales en el oeste y suroeste del pa\u00eds en los que fallecieron al menos tres personas.<\/p>\n\n\n\n<p class=\"wp-block-paragraph\">Los ataques del viernes en las provincias de Hodeida y Taiz se produjeron mientras el ej\u00e9rcito yemen\u00ed anunci\u00f3 que lanz\u00f3 m\u00e1s de 15 operaciones a\u00e9reas contra los hut\u00edes a lo largo de las l\u00edneas del frente en esas regiones.<\/p>\n\n\n\n<p class=\"wp-block-paragraph\">Las autoridades hut\u00edes en Hodeida explicaron que un padre y su hija murieron en un ataque contra su casa en el distrito sure\u00f1o de Jarahi.<\/p>\n\n\n\n<p class=\"wp-block-paragraph\">En Taiz, un bombardeo se cobr\u00f3 la vida de un hombre e hiri\u00f3 a otro, de acuerdo con el canal de noticias satelital al-Masira, controlado por los rebeldes.<\/p>\n\n\n\n<p class=\"wp-block-paragraph\">Los incidentes se producen en plena intensificaci\u00f3n de los combates entre los hut\u00edes y las fuerzas del gobierno reconocido internacionalmente a lo largo de la costa occidental de Yemen, cerca de una importante ruta de suministros.<\/p>\n\n\n\n<p class=\"wp-block-paragraph\">Ataques israel\u00edes causa tres muertos en L\u00edbano<\/p>\n\n\n\n<p class=\"wp-block-paragraph\">El Ministerio de Salud de L\u00edbano dijo el s\u00e1bado que ataques israel\u00edes mataron a tres personas e hirieron a casi dos docenas m\u00e1s en el sur del pa\u00eds y en el valle oriental de Bekaa.<\/p>\n\n\n\n<p class=\"wp-block-paragraph\">Por su parte, el ej\u00e9rcito de Israel se\u00f1al\u00f3 que atac\u00f3 posiciones de Hezbollah el viernes por la noche en respuesta a un dron disparado por el grupo pol\u00edtico-paramilitar hacia fuerzas israel\u00edes en el sur de L\u00edbano.<\/p>\n\n\n\n<p class=\"wp-block-paragraph\">El avi\u00f3n no tripulado fue interceptado y ning\u00fan soldado israel\u00ed result\u00f3 herido, a\u00f1adi\u00f3.<\/p>\n\n\n\n<p class=\"wp-block-paragraph\">L\u00edbano e Israel firmaron en junio un acuerdo marco mediado por Estados Unidos por el cual las fuerzas israel\u00edes deb\u00edan retirarse de las zonas que ocupan en el sur de L\u00edbano a cambio del desarme de Hezbollah, respaldado por Ir\u00e1n, pero, sobre el terreno, ha habido pocos avances en la implementaci\u00f3n del acuerdo.<\/p>\n\n\n\n<p class=\"wp-block-paragraph\">La \u00faltima guerra entre Israel y Hezbollah comenz\u00f3 cuando el grupo dispar\u00f3 cohetes contra territorio israel\u00ed d\u00edas despu\u00e9s de que Israel y Estados Unidos iniciaran su guerra contra Ir\u00e1n el 28 de febrero.<\/p>\n\n\n\n<p class=\"wp-block-paragraph\">Israel invadi\u00f3 L\u00edbano y desde entonces ocupa una amplia franja del sur del pa\u00eds.<\/p>\n\n\n\n<p class=\"wp-block-paragraph\">Hezbollah se ha opuesto radicalmente a las conversaciones directas entre L\u00edbano e Israel.<\/p>\n\n\n\n<hr class=\"wp-block-separator has-alpha-channel-opacity\"\/>\n\n\n\n<p class=\"wp-block-paragraph\">Esta historia fue traducida del ingl\u00e9s por un editor de AP con la ayuda de una herramienta de inteligencia artificial generativa.<\/p>\n","protected":false},"excerpt":{"rendered":"<p>POR THE ASSOCIATED PRESS Ir\u00e1n acus\u00f3 el s\u00e1bado a Estados Unidos de atacar un petrolero iran\u00ed cerca de la isla de Kharg, en el golfo P\u00e9rsico. La Casa Blanca no&hellip;<\/p>\n","protected":false},"author":10,"featured_media":139146,"comment_status":"open","ping_status":"open","sticky":false,"template":"","format":"standard","meta":{"content-type":"","_jetpack_newsletter_access":"","_jetpack_dont_email_post_to_subs":false,"_jetpack_newsletter_tier_id":0,"_jetpack_memberships_contains_paywalled_content":false,"_jetpack_feature_clip_id":0,"_jetpack_memberships_contains_paid_content":false,"footnotes":"","jetpack_post_was_ever_published":false},"categories":[16289],"tags":[2183,979,6186,36317,14491,30550],"class_list":["post-139145","post","type-post","status-publish","format-standard","has-post-thumbnail","hentry","category-internacionales","tag-atacar","tag-eeuu","tag-iran","tag-isla-kharg","tag-oriente-medio","tag-petrolero"],"jetpack-related-posts":[{"id":139136,"url":"https:\/\/lasprimeras.com.do\/index.php\/2026\/09\/05\/eeuu-ataca-tres-petroleros-iranies-tras-afirmar-que-buques-de-guerra-fueron-atacados-con-misiles-balisticos\/","url_meta":{"origin":139145,"position":0},"title":"EEUU ataca tres petroleros iran\u00edes tras afirmar que buques de guerra fueron atacados con misiles bal\u00edsticos","author":"Nelson Feliz","date":"5 de septiembre de 2026","format":false,"excerpt":"Por AMIR VAHDAT, TOQA EZZIDIN y CARA ANNA EL CAIRO (AP) \u2014 Fuerzas estadounidenses atacaron tres petroleros iran\u00edes despu\u00e9s de que buques de guerra de la Armada fueran atacados con misiles bal\u00edsticos, inform\u00f3 el ej\u00e9rcito estadounidense el s\u00e1bado, advirtiendo que, \"de ser necesario, destruir\u00eda la limitada y vulnerable flota petrolera\u2026","rel":"","context":"En \u00abINTERNACIONALES\u00bb","block_context":{"text":"INTERNACIONALES","link":"https:\/\/lasprimeras.com.do\/index.php\/category\/sin-categoria\/internacionales\/"},"img":{"alt_text":"","src":"https:\/\/i0.wp.com\/lasprimeras.com.do\/wp-content\/uploads\/2026\/09\/BOMBARDEOS.jpg?resize=350%2C200&ssl=1","width":350,"height":200,"srcset":"https:\/\/i0.wp.com\/lasprimeras.com.do\/wp-content\/uploads\/2026\/09\/BOMBARDEOS.jpg?resize=350%2C200&ssl=1 1x, https:\/\/i0.wp.com\/lasprimeras.com.do\/wp-content\/uploads\/2026\/09\/BOMBARDEOS.jpg?resize=525%2C300&ssl=1 1.5x, https:\/\/i0.wp.com\/lasprimeras.com.do\/wp-content\/uploads\/2026\/09\/BOMBARDEOS.jpg?resize=700%2C400&ssl=1 2x"},"classes":[]},{"id":126175,"url":"https:\/\/lasprimeras.com.do\/index.php\/2026\/03\/30\/trump-amenaza-con-destruir-la-infraestructura-civil-de-iran-si-no-se-llega-a-un-acuerdo-pronto\/","url_meta":{"origin":139145,"position":1},"title":"Trump amenaza con destruir la infraestructura civil de Ir\u00e1n si no se llega a un acuerdo \u201cpronto\u201d","author":"Nelson Feliz","date":"30 de marzo de 2026","format":false,"excerpt":"POR JON GAMBRELL, JOSH BOAK and MIKE CORDER DUB\u00c1I, Emiratos \u00c1rabes Unidos (AP) \u2014 El presidente de Estados Unidos, Donald Trump, amenaz\u00f3 el lunes con una destrucci\u00f3n generalizada de los recursos energ\u00e9ticos de Ir\u00e1n y dem\u00e1s infraestructura vital, incluidas plantas desalinizadoras que suministran agua potable, si no se alcanza \u201cpronto\u201d\u2026","rel":"","context":"En \u00abINTERNACIONALES\u00bb","block_context":{"text":"INTERNACIONALES","link":"https:\/\/lasprimeras.com.do\/index.php\/category\/sin-categoria\/internacionales\/"},"img":{"alt_text":"","src":"https:\/\/i0.wp.com\/lasprimeras.com.do\/wp-content\/uploads\/2026\/03\/BOMBARDEOS.jpg?resize=350%2C200&ssl=1","width":350,"height":200,"srcset":"https:\/\/i0.wp.com\/lasprimeras.com.do\/wp-content\/uploads\/2026\/03\/BOMBARDEOS.jpg?resize=350%2C200&ssl=1 1x, https:\/\/i0.wp.com\/lasprimeras.com.do\/wp-content\/uploads\/2026\/03\/BOMBARDEOS.jpg?resize=525%2C300&ssl=1 1.5x, https:\/\/i0.wp.com\/lasprimeras.com.do\/wp-content\/uploads\/2026\/03\/BOMBARDEOS.jpg?resize=700%2C400&ssl=1 2x"},"classes":[]},{"id":135546,"url":"https:\/\/lasprimeras.com.do\/index.php\/2026\/07\/24\/eeuu-ataca-otro-buque-mercante-que-intentaba-romper-el-bloqueo-de-los-puertos-iranies\/","url_meta":{"origin":139145,"position":2},"title":"EEUU ataca otro buque mercante que intentaba romper el bloqueo de los puertos iran\u00edes","author":"Nelson Feliz","date":"24 de julio de 2026","format":false,"excerpt":"POR JULIA FRANKEL, STELLA MARTANY and KONSTANTIN TOROPIN IRBIL, Irak (AP) \u2014 El ej\u00e9rcito estadounidense anunci\u00f3 el viernes que dispar\u00f3 contra otro buque mercante que intentaba romper su bloqueo de los puertos iran\u00edes, mientras Ir\u00e1n atac\u00f3 bastiones estadounidenses en torno al golfo P\u00e9rsico. Estados Unidos e Ir\u00e1n no han dado\u2026","rel":"","context":"En \u00abINTERNACIONALES\u00bb","block_context":{"text":"INTERNACIONALES","link":"https:\/\/lasprimeras.com.do\/index.php\/category\/sin-categoria\/internacionales\/"},"img":{"alt_text":"","src":"https:\/\/i0.wp.com\/lasprimeras.com.do\/wp-content\/uploads\/2026\/07\/puertos.jpg?resize=350%2C200&ssl=1","width":350,"height":200,"srcset":"https:\/\/i0.wp.com\/lasprimeras.com.do\/wp-content\/uploads\/2026\/07\/puertos.jpg?resize=350%2C200&ssl=1 1x, https:\/\/i0.wp.com\/lasprimeras.com.do\/wp-content\/uploads\/2026\/07\/puertos.jpg?resize=525%2C300&ssl=1 1.5x, https:\/\/i0.wp.com\/lasprimeras.com.do\/wp-content\/uploads\/2026\/07\/puertos.jpg?resize=700%2C400&ssl=1 2x"},"classes":[]},{"id":129986,"url":"https:\/\/lasprimeras.com.do\/index.php\/2026\/05\/08\/eeuu-dispara-contra-buques-petroleros-iranies-en-medio-de-tensiones-en-el-estrecho-de-ormuz\/","url_meta":{"origin":139145,"position":3},"title":"EEUU dispara contra buques petroleros iran\u00edes en medio de tensiones en el estrecho de Ormuz","author":"Nelson Feliz","date":"8 de mayo de 2026","format":false,"excerpt":"POR ADAM SCHRECK, BEN FINLEY and RUSS BYNUM DUB\u00c1I, Emiratos \u00c1rabes Unidos (AP) \u2014 El ej\u00e9rcito de Estados Unidos atac\u00f3 y dej\u00f3 fuera de servicio a dos buques petroleros iran\u00edes el viernes tras intercambiar fuego con fuerzas armadas de Ir\u00e1n en el estrecho de Ormuz. Por su parte, Emiratos \u00c1rabes\u2026","rel":"","context":"En \u00abINTERNACIONALES\u00bb","block_context":{"text":"INTERNACIONALES","link":"https:\/\/lasprimeras.com.do\/index.php\/category\/sin-categoria\/internacionales\/"},"img":{"alt_text":"","src":"https:\/\/i0.wp.com\/lasprimeras.com.do\/wp-content\/uploads\/2026\/05\/Estrecho-de-Ormuz-2.jpg?resize=350%2C200&ssl=1","width":350,"height":200,"srcset":"https:\/\/i0.wp.com\/lasprimeras.com.do\/wp-content\/uploads\/2026\/05\/Estrecho-de-Ormuz-2.jpg?resize=350%2C200&ssl=1 1x, https:\/\/i0.wp.com\/lasprimeras.com.do\/wp-content\/uploads\/2026\/05\/Estrecho-de-Ormuz-2.jpg?resize=525%2C300&ssl=1 1.5x, https:\/\/i0.wp.com\/lasprimeras.com.do\/wp-content\/uploads\/2026\/05\/Estrecho-de-Ormuz-2.jpg?resize=700%2C400&ssl=1 2x"},"classes":[]},{"id":75776,"url":"https:\/\/lasprimeras.com.do\/index.php\/2024\/02\/05\/biden-advierte-que-podria-tomar-medidas-adicionales-contra-militares-de-elite-iranies\/","url_meta":{"origin":139145,"position":4},"title":"Biden advierte que podr\u00eda tomar &#8220;medidas adicionales&#8221; contra militares de \u00e9lite iran\u00edes","author":"Nelson Feliz","date":"5 de febrero de 2024","format":false,"excerpt":"\"El presidente est\u00e1 decidido a responder con contundencia a los ataques contra nuestro pueblo\", se\u00f1al\u00f3 Jake Sullivan. Washington.-.El presidente de EE.UU., Joe Biden, se\u00f1al\u00f3 que para garantizar la seguridad de su pa\u00eds podr\u00eda adoptar medidas adicionales, incluso contra los Cuerpos de la Guardia Revolucionaria Isl\u00e1mica de Ir\u00e1n (CGRI), una rama\u2026","rel":"","context":"En \u00abSin categor\u00eda\u00bb","block_context":{"text":"Sin categor\u00eda","link":"https:\/\/lasprimeras.com.do\/index.php\/category\/sin-categoria\/"},"img":{"alt_text":"El presidente Joe Biden durante un discurso en la Sala Este de la Casa Blanca, el 19 de enero de 2024, en Washington.AP","src":"https:\/\/i0.wp.com\/lasprimeras.com.do\/wp-content\/uploads\/2024\/01\/Joe-Biden.jpeg?resize=350%2C200&ssl=1","width":350,"height":200,"srcset":"https:\/\/i0.wp.com\/lasprimeras.com.do\/wp-content\/uploads\/2024\/01\/Joe-Biden.jpeg?resize=350%2C200&ssl=1 1x, https:\/\/i0.wp.com\/lasprimeras.com.do\/wp-content\/uploads\/2024\/01\/Joe-Biden.jpeg?resize=525%2C300&ssl=1 1.5x, https:\/\/i0.wp.com\/lasprimeras.com.do\/wp-content\/uploads\/2024\/01\/Joe-Biden.jpeg?resize=700%2C400&ssl=1 2x"},"classes":[]},{"id":90628,"url":"https:\/\/lasprimeras.com.do\/index.php\/2024\/10\/26\/harris-dice-que-debe-haber-desescalada-en-oriente-medio-tras-ataque-de-israel-a-iran\/","url_meta":{"origin":139145,"position":5},"title":"Harris dice que debe haber desescalada en Oriente Medio tras ataque de Israel a Ir\u00e1n","author":"Nelson Feliz","date":"26 de octubre de 2024","format":false,"excerpt":"Washington, (EFE).- La vicepresidenta y candidata dem\u00f3crata, Kamala Harris, afirm\u00f3 este s\u00e1bado que Estados Unidos quiere ver una desescalada en la tensi\u00f3n en Oriente Medio, tras los ataques israel\u00edes lanzados esta madrugada contra Ir\u00e1n en represalia por una ofensiva anterior. Harris hizo estas declaraciones a la prensa tras su llegada\u2026","rel":"","context":"En \u00abSin categor\u00eda\u00bb","block_context":{"text":"Sin categor\u00eda","link":"https:\/\/lasprimeras.com.do\/index.php\/category\/sin-categoria\/"},"img":{"alt_text":"Kamala Harris","src":"https:\/\/i0.wp.com\/lasprimeras.com.do\/wp-content\/uploads\/2024\/10\/Kamala-Harris-6.jpg?resize=350%2C200&ssl=1","width":350,"height":200,"srcset":"https:\/\/i0.wp.com\/lasprimeras.com.do\/wp-content\/uploads\/2024\/10\/Kamala-Harris-6.jpg?resize=350%2C200&ssl=1 1x, https:\/\/i0.wp.com\/lasprimeras.com.do\/wp-content\/uploads\/2024\/10\/Kamala-Harris-6.jpg?resize=525%2C300&ssl=1 1.5x, https:\/\/i0.wp.com\/lasprimeras.com.do\/wp-content\/uploads\/2024\/10\/Kamala-Harris-6.jpg?resize=700%2C400&ssl=1 2x"},"classes":[]}],"jetpack_sharing_enabled":true,"jetpack_featured_media_url":"https:\/\/lasprimeras.com.do\/wp-content\/uploads\/2026\/09\/isla.jpg","_links":{"self":[{"href":"https:\/\/lasprimeras.com.do\/index.php\/wp-json\/wp\/v2\/posts\/139145","targetHints":{"allow":["GET"]}}],"collection":[{"href":"https:\/\/lasprimeras.com.do\/index.php\/wp-json\/wp\/v2\/posts"}],"about":[{"href":"https:\/\/lasprimeras.com.do\/index.php\/wp-json\/wp\/v2\/types\/post"}],"author":[{"embeddable":true,"href":"https:\/\/lasprimeras.com.do\/index.php\/wp-json\/wp\/v2\/users\/10"}],"replies":[{"embeddable":true,"href":"https:\/\/lasprimeras.com.do\/index.php\/wp-json\/wp\/v2\/comments?post=139145"}],"version-history":[{"count":1,"href":"https:\/\/lasprimeras.com.do\/index.php\/wp-json\/wp\/v2\/posts\/139145\/revisions"}],"predecessor-version":[{"id":139147,"href":"https:\/\/lasprimeras.com.do\/index.php\/wp-json\/wp\/v2\/posts\/139145\/revisions\/139147"}],"wp:featuredmedia":[{"embeddable":true,"href":"https:\/\/lasprimeras.com.do\/index.php\/wp-json\/wp\/v2\/media\/139146"}],"wp:attachment":[{"href":"https:\/\/lasprimeras.com.do\/index.php\/wp-json\/wp\/v2\/media?parent=139145"}],"wp:term":[{"taxonomy":"category","embeddable":true,"href":"https:\/\/lasprimeras.com.do\/index.php\/wp-json\/wp\/v2\/categories?post=139145"},{"taxonomy":"post_tag","embeddable":true,"href":"https:\/\/lasprimeras.com.do\/index.php\/wp-json\/wp\/v2\/tags?post=139145"}],"curies":[{"name":"wp","href":"https:\/\/api.w.org\/{rel}","templated":true}]}}