{"id":139148,"date":"2026-09-05T16:59:35","date_gmt":"2026-09-05T20:59:35","guid":{"rendered":"https:\/\/lasprimeras.com.do\/?p=139148"},"modified":"2026-09-05T16:59:40","modified_gmt":"2026-09-05T20:59:40","slug":"gobierno-inicia-construccion-de-14-5-kilometros-de-verja-fronteriza-en-jimani","status":"publish","type":"post","link":"https:\/\/lasprimeras.com.do\/index.php\/2026\/09\/05\/gobierno-inicia-construccion-de-14-5-kilometros-de-verja-fronteriza-en-jimani\/","title":{"rendered":"Gobierno inicia construcci\u00f3n de 14.5 kil\u00f3metros de verja fronteriza en Jiman\u00ed"},"content":{"rendered":"\n<p class=\"wp-block-paragraph\">Santo Domingo.\u2013 El Gobierno inici\u00f3 la construcci\u00f3n de 14.5 kil\u00f3metros de la segunda etapa de la verja perimetral fronteriza en Jiman\u00ed, provincia Independencia, una obra que busca reforzar el control territorial y la seguridad en la frontera con Hait\u00ed.<\/p>\n\n\n\n<p class=\"wp-block-paragraph\">Los trabajos son ejecutados a trav\u00e9s del Ministerio de Defensa (MIDE) y fueron encabezados por el ministro de Defensa, teniente general Carlos Antonio Fern\u00e1ndez Onofre, acompa\u00f1ado por el comandante general del Ej\u00e9rcito de Rep\u00fablica Dominicana (ERD), mayor general Jimmy Arias Grull\u00f3n, la gobernadora provincial, Mercedes Novas, y otras autoridades civiles y militares.<\/p>\n\n\n\n<p class=\"wp-block-paragraph\">El nuevo tramo tendr\u00e1 caracter\u00edsticas similares a las estructuras ya construidas e incluir\u00e1 seis torres de vigilancia, 35 alcantarillas y una altura de 13 pies. Tambi\u00e9n contar\u00e1 con calles de patrullaje de siete metros de ancho, distribuidas a ambos lados de la verja.<\/p>\n","protected":false},"excerpt":{"rendered":"<p>Santo Domingo.\u2013 El Gobierno inici\u00f3 la construcci\u00f3n de 14.5 kil\u00f3metros de la segunda etapa de la verja perimetral fronteriza en Jiman\u00ed, provincia Independencia, una obra que busca reforzar el control&hellip;<\/p>\n","protected":false},"author":3,"featured_media":139149,"comment_status":"open","ping_status":"open","sticky":false,"template":"","format":"standard","meta":{"content-type":"","_jetpack_newsletter_access":"","_jetpack_dont_email_post_to_subs":false,"_jetpack_newsletter_tier_id":0,"_jetpack_memberships_contains_paywalled_content":false,"_jetpack_feature_clip_id":0,"_jetpack_memberships_contains_paid_content":false,"footnotes":"","jetpack_post_was_ever_published":false},"categories":[35],"tags":[638,74,171,447,10797,76],"class_list":["post-139148","post","type-post","status-publish","format-standard","has-post-thumbnail","hentry","category-nacionales","tag-erd","tag-frontera","tag-gobierno","tag-mide","tag-ministerio-de-defensa","tag-seguridad"],"jetpack-related-posts":[{"id":94301,"url":"https:\/\/lasprimeras.com.do\/index.php\/2025\/02\/27\/abinader-destaca-avance-en-la-construccion-de-la-verja-perimetral-y-la-seguridad-fronteriza\/","url_meta":{"origin":139148,"position":0},"title":"Abinader destaca avance en la construcci\u00f3n de la verja perimetral y la seguridad fronteriza","author":"Nelson Feliz","date":"27 de febrero de 2025","format":false,"excerpt":"Modernizaci\u00f3n de Fuerzas Armadas y fortalecimiento de seguridad fronteriza por Abinader. En su discurso de rendici\u00f3n de cuentas pronunciado este jueves ante la Asamblea Nacional, el presidente Luis Abinader destac\u00f3 que la construcci\u00f3n de la verja perimetral en la frontera dominicana con Hait\u00ed ha avanzado en un 90 %, con\u2026","rel":"","context":"En \u00abNACIONALES\u00bb","block_context":{"text":"NACIONALES","link":"https:\/\/lasprimeras.com.do\/index.php\/category\/nacionales\/"},"img":{"alt_text":"","src":"https:\/\/i0.wp.com\/lasprimeras.com.do\/wp-content\/uploads\/2025\/02\/muro.jpg?resize=350%2C200&ssl=1","width":350,"height":200,"srcset":"https:\/\/i0.wp.com\/lasprimeras.com.do\/wp-content\/uploads\/2025\/02\/muro.jpg?resize=350%2C200&ssl=1 1x, https:\/\/i0.wp.com\/lasprimeras.com.do\/wp-content\/uploads\/2025\/02\/muro.jpg?resize=525%2C300&ssl=1 1.5x, https:\/\/i0.wp.com\/lasprimeras.com.do\/wp-content\/uploads\/2025\/02\/muro.jpg?resize=700%2C400&ssl=1 2x"},"classes":[]},{"id":77956,"url":"https:\/\/lasprimeras.com.do\/index.php\/2024\/02\/27\/abinader-anuncia-estan-practicamente-concluidas-las-cuatro-fases-de-la-verja-fronteriza-con-haiti\/","url_meta":{"origin":139148,"position":1},"title":"Abinader anuncia est\u00e1n pr\u00e1cticamente concluidas las cuatro fases de la verja fronteriza con Hait\u00ed","author":"Nelson Feliz","date":"27 de febrero de 2024","format":false,"excerpt":"El mandatario dijo que entregar\u00e1 la verja en Dajab\u00f3n, Jiman\u00ed, y Pedernales en las pr\u00f3ximas semanas. En su discurso de rendici\u00f3n de cuentas, el presidente Luis Abinader inform\u00f3 este martes que ya est\u00e1n pr\u00e1cticamente terminadas las cuatro fases de la verja fronteriza con Hait\u00ed. El mandatario manifest\u00f3 que ya se\u2026","rel":"","context":"En \u00abECONOM\u00cdA\u00bb","block_context":{"text":"ECONOM\u00cdA","link":"https:\/\/lasprimeras.com.do\/index.php\/category\/economia\/"},"img":{"alt_text":"verja fronteriza","src":"https:\/\/i0.wp.com\/lasprimeras.com.do\/wp-content\/uploads\/2024\/02\/verja-fronteriza.jpg?resize=350%2C200&ssl=1","width":350,"height":200,"srcset":"https:\/\/i0.wp.com\/lasprimeras.com.do\/wp-content\/uploads\/2024\/02\/verja-fronteriza.jpg?resize=350%2C200&ssl=1 1x, https:\/\/i0.wp.com\/lasprimeras.com.do\/wp-content\/uploads\/2024\/02\/verja-fronteriza.jpg?resize=525%2C300&ssl=1 1.5x, https:\/\/i0.wp.com\/lasprimeras.com.do\/wp-content\/uploads\/2024\/02\/verja-fronteriza.jpg?resize=700%2C400&ssl=1 2x"},"classes":[]},{"id":89301,"url":"https:\/\/lasprimeras.com.do\/index.php\/2024\/09\/21\/ministro-de-defensa-recorre-frontera-sur-rd-haiti\/","url_meta":{"origin":139148,"position":2},"title":"Ministro de defensa recorre frontera Sur RD-Hait\u00ed","author":"Nelson Feliz","date":"21 de septiembre de 2024","format":false,"excerpt":"Por Martin Restituyo El ministro de Defensa, teniente general Carlos Antonio Fern\u00e1ndez Onofre, realiz\u00f3 un recorrido de supervisi\u00f3n por la parte sur de la frontera dom\u00ednico-haitiana. Fern\u00e1ndez Onofre verific\u00f3 los avances en la construcci\u00f3n de la verja perimetral inteligente y constatar la operatividad de los miembros de las Fuerzas Armadas\u2026","rel":"","context":"En \u00abMILITARES\u00bb","block_context":{"text":"MILITARES","link":"https:\/\/lasprimeras.com.do\/index.php\/category\/militares\/"},"img":{"alt_text":"Carlos Antonio Fern\u00e1ndez Onofre","src":"https:\/\/i0.wp.com\/lasprimeras.com.do\/wp-content\/uploads\/2024\/09\/Carlos-Antonio-Fernandez-Onofre-1.jpg?resize=350%2C200&ssl=1","width":350,"height":200,"srcset":"https:\/\/i0.wp.com\/lasprimeras.com.do\/wp-content\/uploads\/2024\/09\/Carlos-Antonio-Fernandez-Onofre-1.jpg?resize=350%2C200&ssl=1 1x, https:\/\/i0.wp.com\/lasprimeras.com.do\/wp-content\/uploads\/2024\/09\/Carlos-Antonio-Fernandez-Onofre-1.jpg?resize=525%2C300&ssl=1 1.5x"},"classes":[]},{"id":77951,"url":"https:\/\/lasprimeras.com.do\/index.php\/2024\/02\/27\/verja-fronteriza-esta-practicamente-terminada-segun-abinader\/","url_meta":{"origin":139148,"position":3},"title":"Verja fronteriza est\u00e1 &#8220;pr\u00e1cticamente terminada&#8221;, seg\u00fan Abinader","author":"BIMARY DE JES\u00daS Matos","date":"27 de febrero de 2024","format":false,"excerpt":"Santo Domingo.- El presidente Luis Abinader afirm\u00f3 que el muro divisorio entre la Rep\u00fablica Dominicana y Hait\u00ed es una de las obras m\u00e1s importantes y que cambiar\u00e1 para siempre a la naci\u00f3n. Seg\u00fan el mandatario en las provincias fronterizas con el territorio haitiano se ha reducido en m\u00e1s de un\u2026","rel":"","context":"En \u00abPORTADA\u00bb","block_context":{"text":"PORTADA","link":"https:\/\/lasprimeras.com.do\/index.php\/category\/portada\/"},"img":{"alt_text":"","src":"https:\/\/i0.wp.com\/lasprimeras.com.do\/wp-content\/uploads\/2024\/02\/6437de0b5716f.jpeg?resize=350%2C200&ssl=1","width":350,"height":200,"srcset":"https:\/\/i0.wp.com\/lasprimeras.com.do\/wp-content\/uploads\/2024\/02\/6437de0b5716f.jpeg?resize=350%2C200&ssl=1 1x, https:\/\/i0.wp.com\/lasprimeras.com.do\/wp-content\/uploads\/2024\/02\/6437de0b5716f.jpeg?resize=525%2C300&ssl=1 1.5x, https:\/\/i0.wp.com\/lasprimeras.com.do\/wp-content\/uploads\/2024\/02\/6437de0b5716f.jpeg?resize=700%2C400&ssl=1 2x"},"classes":[]},{"id":101478,"url":"https:\/\/lasprimeras.com.do\/index.php\/2025\/06\/20\/gobierno-da-primer-palazo-para-iniciar-segunda-fase-de-la-verja-perimetral-fronteriza-en-dajabon\/","url_meta":{"origin":139148,"position":4},"title":"Gobierno da primer palazo para iniciar segunda fase de la verja perimetral fronteriza en Dajab\u00f3n","author":"Nelson Feliz","date":"20 de junio de 2025","format":false,"excerpt":"Los ministro de la Presidencia y de Defensa, Jos\u00e9 Ignacio Paliza y teniente general Carlos Antonio Fern\u00e1ndez Onofre, encabezaron el acto simb\u00f3lico del primer palazo que marca el inicio de la construcci\u00f3n de la segunda fase de la verja perimetral fronteriza inteligente, como parte del plan estrat\u00e9gico del Gobierno dominicano\u2026","rel":"","context":"En \u00abNACIONALES\u00bb","block_context":{"text":"NACIONALES","link":"https:\/\/lasprimeras.com.do\/index.php\/category\/nacionales\/"},"img":{"alt_text":"","src":"https:\/\/i0.wp.com\/lasprimeras.com.do\/wp-content\/uploads\/2025\/06\/gob.jpg?resize=350%2C200&ssl=1","width":350,"height":200,"srcset":"https:\/\/i0.wp.com\/lasprimeras.com.do\/wp-content\/uploads\/2025\/06\/gob.jpg?resize=350%2C200&ssl=1 1x, https:\/\/i0.wp.com\/lasprimeras.com.do\/wp-content\/uploads\/2025\/06\/gob.jpg?resize=525%2C300&ssl=1 1.5x, https:\/\/i0.wp.com\/lasprimeras.com.do\/wp-content\/uploads\/2025\/06\/gob.jpg?resize=700%2C400&ssl=1 2x"},"classes":[]},{"id":111640,"url":"https:\/\/lasprimeras.com.do\/index.php\/2025\/10\/12\/ministro-de-defensa-y-los-directivos-de-codevi-supervisan-avances-de-la-verja-perimetral-fronteriza-en-dajabon\/","url_meta":{"origin":139148,"position":5},"title":"Ministro de Defensa y los directivos de CODEVI supervisan avances de la verja perimetral fronteriza en Dajab\u00f3n","author":"Nelson Feliz","date":"12 de octubre de 2025","format":false,"excerpt":"El ministro de Defensa, teniente general Carlos Antonio Fern\u00e1ndez Onofre, realiz\u00f3 este domingo una visita de trabajo a la zona fronteriza de Dajab\u00f3n, donde encabez\u00f3 una reuni\u00f3n de alto nivel con los directivos del Parque Industrial CODEVI, con el prop\u00f3sito de constatar la situaci\u00f3n actual y las medidas adoptadas tras\u2026","rel":"","context":"En \u00abMILITARES\u00bb","block_context":{"text":"MILITARES","link":"https:\/\/lasprimeras.com.do\/index.php\/category\/militares\/"},"img":{"alt_text":"","src":"https:\/\/i0.wp.com\/lasprimeras.com.do\/wp-content\/uploads\/2025\/10\/mide.jpg?resize=350%2C200&ssl=1","width":350,"height":200,"srcset":"https:\/\/i0.wp.com\/lasprimeras.com.do\/wp-content\/uploads\/2025\/10\/mide.jpg?resize=350%2C200&ssl=1 1x, https:\/\/i0.wp.com\/lasprimeras.com.do\/wp-content\/uploads\/2025\/10\/mide.jpg?resize=525%2C300&ssl=1 1.5x, https:\/\/i0.wp.com\/lasprimeras.com.do\/wp-content\/uploads\/2025\/10\/mide.jpg?resize=700%2C400&ssl=1 2x"},"classes":[]}],"jetpack_sharing_enabled":true,"jetpack_featured_media_url":"https:\/\/lasprimeras.com.do\/wp-content\/uploads\/2026\/09\/WhatsApp-Image-2026-09-05-at-1.35.04-PM.avif","_links":{"self":[{"href":"https:\/\/lasprimeras.com.do\/index.php\/wp-json\/wp\/v2\/posts\/139148","targetHints":{"allow":["GET"]}}],"collection":[{"href":"https:\/\/lasprimeras.com.do\/index.php\/wp-json\/wp\/v2\/posts"}],"about":[{"href":"https:\/\/lasprimeras.com.do\/index.php\/wp-json\/wp\/v2\/types\/post"}],"author":[{"embeddable":true,"href":"https:\/\/lasprimeras.com.do\/index.php\/wp-json\/wp\/v2\/users\/3"}],"replies":[{"embeddable":true,"href":"https:\/\/lasprimeras.com.do\/index.php\/wp-json\/wp\/v2\/comments?post=139148"}],"version-history":[{"count":1,"href":"https:\/\/lasprimeras.com.do\/index.php\/wp-json\/wp\/v2\/posts\/139148\/revisions"}],"predecessor-version":[{"id":139150,"href":"https:\/\/lasprimeras.com.do\/index.php\/wp-json\/wp\/v2\/posts\/139148\/revisions\/139150"}],"wp:featuredmedia":[{"embeddable":true,"href":"https:\/\/lasprimeras.com.do\/index.php\/wp-json\/wp\/v2\/media\/139149"}],"wp:attachment":[{"href":"https:\/\/lasprimeras.com.do\/index.php\/wp-json\/wp\/v2\/media?parent=139148"}],"wp:term":[{"taxonomy":"category","embeddable":true,"href":"https:\/\/lasprimeras.com.do\/index.php\/wp-json\/wp\/v2\/categories?post=139148"},{"taxonomy":"post_tag","embeddable":true,"href":"https:\/\/lasprimeras.com.do\/index.php\/wp-json\/wp\/v2\/tags?post=139148"}],"curies":[{"name":"wp","href":"https:\/\/api.w.org\/{rel}","templated":true}]}}